{"id":778,"date":"2013-07-18T15:52:17","date_gmt":"2013-07-18T15:52:17","guid":{"rendered":"http:\/\/blogs.hoy.es\/moterosdehoy\/?p=778"},"modified":"2013-07-18T15:52:17","modified_gmt":"2013-07-18T15:52:17","slug":"concentraciones-y-quedadas-moteras-en-agosto-2013","status":"publish","type":"post","link":"https:\/\/blogs.hoy.es\/moterosdehoy\/2013\/07\/18\/concentraciones-y-quedadas-moteras-en-agosto-2013\/","title":{"rendered":"Concentraciones y quedadas moteras en AGOSTO 2013"},"content":{"rendered":"<p style=\"text-align: justify;\">\u00a0 \u00a0Estamos en pleno verano, que caaaalor, por lo que adem\u00e1s de refrescarnos y protegernos con cremas o cazadoras, hay que pensar en la moto que tambi\u00e9n sufre, por lo que debemos estar pendientes del nivel de l\u00edquido refrigerante sea el correcto y que el <a title=\"\u00bfQu\u00e9 es?\" href=\"http:\/\/es.wikipedia.org\/wiki\/Electroventilador\" target=\"_blank\" rel=\"external nofollow\">electroventilador<\/a> funciona, de ese modo evitaras quedarte tirado.<\/p>\n<p style=\"text-align: justify;\"><a href=\"\/moterosdehoy\/wp-content\/uploads\/sites\/45\/2013\/07\/Chica-con-moto-10.jpg\"><img loading=\"lazy\" class=\"alignleft size-medium wp-image-779\" title=\"Chica con moto 10\" src=\"\/moterosdehoy\/wp-content\/uploads\/sites\/45\/2013\/07\/Chica-con-moto-10.jpg\" alt=\"\" width=\"210\" height=\"300\" srcset=\"https:\/\/static-blogs.hoy.es\/wp-content\/uploads\/sites\/45\/2013\/07\/Chica-con-moto-10.jpg 280w, https:\/\/static-blogs.hoy.es\/wp-content\/uploads\/sites\/45\/2013\/07\/Chica-con-moto-10-210x300.jpg 210w\" sizes=\"(max-width: 210px) 100vw, 210px\" \/><\/a>\u00a0 \u00a0Tras esos peque\u00f1os pero \u00fatiles consejos os dejo las principales concentraciones y quedadas moteras para\u00a0<strong>agosto<\/strong>. Como de costumbre est\u00e1n separadas primero las de dentro de\u00a0<a title=\"Extremadura en Wikipedia\" href=\"http:\/\/es.wikipedia.org\/wiki\/Extremadura\" target=\"_blank\" rel=\"external nofollow\">Extremadura<\/a>, luego las del resto de\u00a0<a title=\"Espa\u00f1a en Wikipedia\" href=\"http:\/\/es.wikipedia.org\/wiki\/Espa%C3%B1a\" target=\"_blank\" rel=\"external nofollow\">Espa\u00f1a<\/a>\u00a0y para finalizar las de fuera.<\/p>\n<p style=\"text-align: justify;\">.<\/p>\n<p>\u00a0 \u00a0 Relaci\u00f3n de concentraciones y quedadas moteras a lo largo de <strong>agosto <\/strong>2013 dentro de\u00a0<strong>Extremadura<\/strong>:<\/p>\n<p>Del <strong>9 al 11<\/strong> &#8211; <a title=\"Moteros de Almaraz\" href=\"https:\/\/blogs.hoy.es\/moterosdehoy\/2013\/07\/29\/v-concentracion-moto-turismo-en-almaraz\/\" target=\"_blank\">V Concentraci\u00f3n moto turismo<\/a> Moteros de Almaraz, en Almaraz (<strong>C\u00e1ceres<\/strong>).<\/p>\n<p>D\u00eda <strong>31<\/strong> &#8211; <a title=\"V Concentraci\u00f3n en Lob\u00f3n\" href=\"https:\/\/blogs.hoy.es\/moterosdehoy\/2013\/08\/02\/v-concentracion-de-motos-y-coches-clasicos-de-lobon\/\" target=\"_blank\">V Concentraci\u00f3n de motos y coches cl\u00e1sicos de Lob\u00f3n<\/a>, en Lob\u00f3n (<strong>Badajoz<\/strong>)<\/p>\n<p>.<\/p>\n<p>Concentraciones y quedadas moteras a lo largo de <strong>agosto <\/strong>2013\u00a0<strong>fuera de Extremadura<\/strong>:<\/p>\n<p>D\u00edas <strong>3 y 4<\/strong> &#8211; <a title=\"Motorabonorock\" href=\"http:\/\/motorabanorock.wix.com\/2013\" target=\"_blank\" rel=\"external nofollow\">Motorabanorock 2013<\/a>, en R\u00e1bano (<strong>Valladolid<\/strong>)<\/p>\n<p>D\u00eda <strong>4<\/strong> &#8211; <a title=\"VII Motoalmuerzo en Tobarra\" href=\"http:\/\/www.tumotoweb.com\/destacada.php?id=2670\" target=\"_blank\" rel=\"external nofollow\">VII Motoalmuerzo Villa de Tobarra<\/a>, en Tobarra (<strong>Albacete<\/strong>)<\/p>\n<p>Del <strong>9 al 11<\/strong>\u00a0&#8211;\u00a0<a title=\"Concentraci\u00f3n pe\u00f1a motera Valleros\" href=\"http:\/\/www.tumotoweb.com\/destacada.php?id=2650\" target=\"_blank\" rel=\"external nofollow\">Concentraci\u00f3n Pe\u00f1a Motera Valleros<\/a>, en Tavernes de la Valldigna (<strong>Valencia<\/strong>)<\/p>\n<p>D\u00edas <strong>17 y 18<\/strong> &#8211; <a title=\"VI Concentraci\u00f3n motera Piratas del Adra\" href=\"http:\/\/www.tumotoweb.com\/destacada.php?id=2683\" target=\"_blank\" rel=\"external nofollow\">VI Concentraci\u00f3n motera Piratas del Adra<\/a>, en Adra (<strong>Almeria<\/strong>)<\/p>\n<p>Del <strong>23 al 25<\/strong> &#8211; <a title=\"VIII Concentraci\u00f3n Megas Guipuzkoa\" href=\"http:\/\/www.tumotoweb.com\/calendario.php?id=16&#038;mes=8&#038;anio=2013#event_2645\" target=\"_blank\" rel=\"external nofollow\">VIII Concentraci\u00f3n Megas Guipuzkoa<\/a>, en Ir\u00fan (<strong>Guipuzcoa<\/strong>)<\/p>\n<p>Del <strong>23 al 26<\/strong> &#8211; <a title=\"Moto Weekend\" href=\"http:\/\/www.voydeconcentracion.com\/2012\/07\/i-concentracion-yamaha-motoweekend.html\" target=\"_blank\" rel=\"external nofollow\">Moto Weekend en Torre del Mar<\/a>, en Velez (<strong>M\u00e1laga<\/strong>)<\/p>\n<p>Del <strong>30\/08 al 01\/09<\/strong> &#8211; <a title=\"XVI Concentraci\u00f3n Coyotes\" href=\"http:\/\/www.tumotoweb.com\/calendario.php?id=1&#038;mes=8&#038;anio=2013#event_2668\" target=\"_blank\" rel=\"external nofollow\">XVI Concentraci\u00f3n Coyotes<\/a>, en Marbella (<strong>M\u00e1laga<\/strong>)<\/p>\n<p>Del <strong>30\/08 al 01\/09<\/strong> &#8211; <a title=\"VII concentraci\u00f3n Intercacia\" href=\"http:\/\/www.tumotoweb.com\/destacada.php?id=2681\" target=\"_blank\" rel=\"external nofollow\">VII Concentraci\u00f3n motera Intercacia<\/a>, en Villalpando (<strong>Zamora<\/strong>)<\/p>\n<p>.<\/p>\n<p>Concentraciones y quedadas moteras a lo largo de <strong>agosto <\/strong>2013\u00a0<strong>fuera de Espa\u00f1a<\/strong>:<\/p>\n<p>D\u00eda <strong>01<\/strong> &#8211; <a title=\"II Raduno Estivo Serale\" href=\"https:\/\/www.facebook.com\/events\/160148034173593\/permalink\/160148037506926\/\" target=\"_blank\" rel=\"external nofollow\">II Raduno Estivo Serale di Flero<\/a>, en Villa Grassero &#8211; Flero (<strong>Italia<\/strong>)<\/p>\n<p>Del <strong>05 al 08<\/strong> &#8211; <a title=\"Annual Sturgis\" href=\"http:\/\/www.motoclubmotrix.org\/foro\/viewtopic.php?t=452&#038;p=20973#p20973\" target=\"_blank\" rel=\"external nofollow\">Annual Sturgis Motorcycle Rally<\/a>, en Sturgis (<strong>EEUU<\/strong>)<\/p>\n<p>Del <strong>10 al 11<\/strong> &#8211; <a title=\"V Week-end bikers\" href=\"http:\/\/www.motoclubmotrix.org\/foro\/viewtopic.php?t=1491&#038;p=22410#p22410\" target=\"_blank\" rel=\"external nofollow\">V Week-end bikers country et rock<\/a>, en La Salvetat Peyral\u00e9s (<strong>Francia<\/strong>)<\/p>\n<p>Del <strong>15 al 18<\/strong> &#8211;\u00a0<a title=\"XX Concentra\u00e7ao mototur\u00edstica\" href=\"http:\/\/www.motoclubmotrix.org\/foro\/viewtopic.php?t=826&#038;p=22694#p22694\" target=\"_blank\" rel=\"external nofollow\">XX Concentra\u00e7ao mototur\u00edstica G\u00f3is<\/a>, en G\u00f3is (<strong>Portugal<\/strong>)<\/p>\n<p>Del <strong>21 al 24<\/strong> &#8211;\u00a0<a title=\"XXXII F.I.M. Motocamp\" href=\"http:\/\/www.motoclubmotrix.org\/foro\/viewtopic.php?t=387&#038;p=21965#p21965\" target=\"_blank\" rel=\"external nofollow\">XXXII F.I.M Motocamp<\/a>, en Bredebro (<strong>Dinamarca<\/strong>)<\/p>\n<p>Del <strong>23 al 25<\/strong> &#8211; <a title=\"IX Motoraduno della Porchetta\" href=\"http:\/\/www.motoclubmotrix.org\/foro\/viewtopic.php?t=3283&#038;p=22454#p22454\" target=\"_blank\" rel=\"external nofollow\">IX Motoraduno della Porchetta<\/a>, en San Romano de Garfagnana (<strong>Italia<\/strong>)<\/p>\n<p>.<\/p>\n<p>Ir\u00e9 poniendo m\u00e1s y sus enlaces a medida que se aproximen y me vaya enterando de m\u00e1s informaci\u00f3n, aprovechar las vacaciones estivales y a disfrutar de grandes rutas.<\/p>\n<p>Espero que disfrut\u00e9is de muchas de ellas e igual nos vemos por ah\u00ed.<\/p>\n<p><strong><a title=\"Enlace al facebook de Moteros de Hoy\" href=\"https:\/\/www.facebook.com\/moteroshoy?ref=hl\" target=\"_blank\" rel=\"external nofollow\">Saludos y r\u00e1fagas<\/a>.<\/strong><\/p>\n<!-- AddThis Advanced Settings generic via filter on the_content --><!-- AddThis Share Buttons generic via filter on the_content -->","protected":false},"excerpt":{"rendered":"<p>\u00a0 \u00a0Estamos en pleno verano, que caaaalor, por lo que adem\u00e1s de refrescarnos y protegernos con cremas o cazadoras, hay que pensar en la moto que tambi\u00e9n sufre, por lo que debemos estar pendientes del nivel de l\u00edquido refrigerante sea el correcto y que el electroventilador funciona, de ese modo evitaras quedarte tirado. \u00a0 \u00a0Tras [&hellip;]<!-- AddThis Advanced Settings generic via filter on get_the_excerpt --><!-- AddThis Share Buttons generic via filter on get_the_excerpt --><\/p>\n","protected":false},"author":49,"featured_media":0,"comment_status":"open","ping_status":"closed","sticky":false,"template":"","format":"standard","meta":[],"categories":[5,13],"tags":[254,622,629,639,641,827],"_links":{"self":[{"href":"https:\/\/blogs.hoy.es\/moterosdehoy\/wp-json\/wp\/v2\/posts\/778"}],"collection":[{"href":"https:\/\/blogs.hoy.es\/moterosdehoy\/wp-json\/wp\/v2\/posts"}],"about":[{"href":"https:\/\/blogs.hoy.es\/moterosdehoy\/wp-json\/wp\/v2\/types\/post"}],"author":[{"embeddable":true,"href":"https:\/\/blogs.hoy.es\/moterosdehoy\/wp-json\/wp\/v2\/users\/49"}],"replies":[{"embeddable":true,"href":"https:\/\/blogs.hoy.es\/moterosdehoy\/wp-json\/wp\/v2\/comments?post=778"}],"version-history":[{"count":0,"href":"https:\/\/blogs.hoy.es\/moterosdehoy\/wp-json\/wp\/v2\/posts\/778\/revisions"}],"wp:attachment":[{"href":"https:\/\/blogs.hoy.es\/moterosdehoy\/wp-json\/wp\/v2\/media?parent=778"}],"wp:term":[{"taxonomy":"category","embeddable":true,"href":"https:\/\/blogs.hoy.es\/moterosdehoy\/wp-json\/wp\/v2\/categories?post=778"},{"taxonomy":"post_tag","embeddable":true,"href":"https:\/\/blogs.hoy.es\/moterosdehoy\/wp-json\/wp\/v2\/tags?post=778"}],"curies":[{"name":"wp","href":"https:\/\/api.w.org\/{rel}","templated":true}]}}