{"id":781,"date":"2013-07-21T11:19:50","date_gmt":"2013-07-21T11:19:50","guid":{"rendered":"http:\/\/blogs.hoy.es\/moterosdehoy\/?p=781"},"modified":"2013-07-21T11:19:50","modified_gmt":"2013-07-21T11:19:50","slug":"badajoz-cuida-las-motos","status":"publish","type":"post","link":"https:\/\/blogs.hoy.es\/moterosdehoy\/2013\/07\/21\/badajoz-cuida-las-motos\/","title":{"rendered":"Badajoz cuida las motos"},"content":{"rendered":"<p style=\"text-align: justify;\">\u00a0 \u00a0Son muchas las ciudades que quieren comprometerse a reducir el tr\u00e1fico dentro de ellas. Se consigue menos poluci\u00f3n, se evitan los atascos, eso hace que hayan menos accidentes y que quien est\u00e9 obligado a recorrer la ciudad pueda llegar sin problemas a su lugar de destino, adem\u00e1s de con buena cara, en lugar de haber tenido que discutir o tener algunas palabras no cari\u00f1osas con otros usuarios.<\/p>\n<p style=\"text-align: justify;\">\u00a0 \u00a0Para ello se ponen grandes rotondas en lugares donde hab\u00edan cruces problem\u00e1ticos con tr\u00e1fico denso, se realizan carriles bici para que la gente se conciencie en su uso, incluso se ponen puestos de bicicletas de alquiler que las puedes coger y dejar en otro punto, y como no, que mejor manera para reducir el tr\u00e1fico y los veh\u00edculos de cuatro ruedas por el centro de la ciudad donde no hay aparcamiento, que fomentar el uso de las motocicletas.<\/p>\n<p style=\"text-align: justify;\">\u00a0 \u00a0Las motocicletas son, o al menos deber\u00edan ser, las reinas de la ciudad, incluyendo a sus hermanos peque\u00f1os los ciclomotores. Descongestionan tanto los carriles por los que circulan como los lugares donde deben de aparcar. En ese sentido la ciudad de Badajoz se ha comprometido con las motos y ha puesto muchos puntos de estacionamiento de ellas, aunque est\u00e1 claro que no vendr\u00edan mal m\u00e1s de ellos, o aumentar el tama\u00f1o de algunos. Por poner un ejemplo en los que siempre est\u00e1n llenos, tenemos el que se encuentra en la Plaza de Espa\u00f1a, el de la Avd. Santa Marina junto al Corte Ingl\u00e9s o el de la Avd. Juan Carlos I, junto a Diputaci\u00f3n.<\/p>\n<p style=\"text-align: justify;\"><a href=\"\/moterosdehoy\/wp-content\/uploads\/sites\/45\/2013\/07\/Paso-de-peatones-con-estacionamiento-para-motos.jpg\"><img loading=\"lazy\" class=\"alignright size-medium wp-image-782\" title=\"Paso de peatones con estacionamiento para motos\" src=\"\/moterosdehoy\/wp-content\/uploads\/sites\/45\/2013\/07\/Paso-de-peatones-con-estacionamiento-para-motos.jpg\" alt=\"\" width=\"300\" height=\"188\" srcset=\"https:\/\/static-blogs.hoy.es\/wp-content\/uploads\/sites\/45\/2013\/07\/Paso-de-peatones-con-estacionamiento-para-motos.jpg 2130w, https:\/\/static-blogs.hoy.es\/wp-content\/uploads\/sites\/45\/2013\/07\/Paso-de-peatones-con-estacionamiento-para-motos-300x189.jpg 300w, https:\/\/static-blogs.hoy.es\/wp-content\/uploads\/sites\/45\/2013\/07\/Paso-de-peatones-con-estacionamiento-para-motos-768x483.jpg 768w, https:\/\/static-blogs.hoy.es\/wp-content\/uploads\/sites\/45\/2013\/07\/Paso-de-peatones-con-estacionamiento-para-motos-1024x644.jpg 1024w\" sizes=\"(max-width: 300px) 100vw, 300px\" \/><\/a>\u00a0 \u00a0Pero no es solo poner un estacionamiento junto a alg\u00fan lugar donde atrae mucha gente, bien por trabajo u ocio, \u00faltimamente en Badajoz estamos presenciando como se ha dado un paso m\u00e1s en la seguridad. Es el caso de situar aparcamientos para motocicletas y ciclomotores delante de los pasos de peatones. De ese modo se permite mayor visibilidad entre los peatones y los conductores que utilizan la calzada. Son muchos los casos en los que un veh\u00edculo de grandes dimensiones estaciona justo al lado de un paso de peatones impidiendo la visibilidad, tanto de los peatones hacia los veh\u00edculos que circulen, como al contrario. Incluso en algunos pasos est\u00e1n situando unas barandas que obliga al peat\u00f3n a entrar en el paso por el lado m\u00e1s alejado al sentido de la circulaci\u00f3n. Dando mayor espacio de reacci\u00f3n a veh\u00edculos o incluso al peat\u00f3n si se ve obligado a parar, para evitar ser atropellado.<\/p>\n<p style=\"text-align: justify;\"><a href=\"\/moterosdehoy\/wp-content\/uploads\/sites\/45\/2013\/07\/Carril-Bus-Taxi-y-motos.jpg\"><img loading=\"lazy\" class=\"alignleft size-medium wp-image-783\" title=\"Carril Bus, Taxi y motos\" src=\"\/moterosdehoy\/wp-content\/uploads\/sites\/45\/2013\/07\/Carril-Bus-Taxi-y-motos.jpg\" alt=\"\" width=\"224\" height=\"300\" srcset=\"https:\/\/static-blogs.hoy.es\/wp-content\/uploads\/sites\/45\/2013\/07\/Carril-Bus-Taxi-y-motos.jpg 1355w, https:\/\/static-blogs.hoy.es\/wp-content\/uploads\/sites\/45\/2013\/07\/Carril-Bus-Taxi-y-motos-225x300.jpg 225w, https:\/\/static-blogs.hoy.es\/wp-content\/uploads\/sites\/45\/2013\/07\/Carril-Bus-Taxi-y-motos-768x1024.jpg 768w\" sizes=\"(max-width: 224px) 100vw, 224px\" \/><\/a>\u00a0 \u00a0Del mismo modo el <a title=\"Ayuntamiento de Badajoz\" href=\"http:\/\/www.aytobadajoz.es\/es\/ayto\/portada\" target=\"_blank\" rel=\"external nofollow\">Ayuntamiento de la ciudad<\/a> ha pensado en la fragilidad de los motoristas y les permite su circulaci\u00f3n dentro de carriles reservados. Es el caso de los carriles Bus, Taxi y motos.<\/p>\n<p style=\"text-align: justify;\"><a href=\"\/moterosdehoy\/wp-content\/uploads\/sites\/45\/2013\/07\/Carril-moto.jpg\"><img loading=\"lazy\" class=\"alignright size-thumbnail wp-image-784\" title=\"Carril moto\" src=\"\/moterosdehoy\/wp-content\/uploads\/sites\/45\/2013\/07\/Carril-moto.jpg\" alt=\"\" width=\"150\" height=\"150\" \/><\/a>\u00a0 \u00a0 El carril se encuentra separado del resto de carriles por unos separadores de goma con catadi\u00f3ptricos, que permite el paso sobre ellos pero delimita el carril, adem\u00e1s de pintar sobre el carril los veh\u00edculos que tienen permitido su tr\u00e1nsito sobre \u00e9l.<\/p>\n<p style=\"text-align: justify;\">\u00a0 \u00a0Con \u00e9stos carriles adem\u00e1s de agilizar el tr\u00e1nsito de autobuses urbanos, taxis y motocicletas, se impide la parada o estacionamiento de veh\u00edculos para gestiones en general, lo que al final resta un carril de circulaci\u00f3n.<\/p>\n<p style=\"text-align: justify;\">\u00a0 \u00a0Pero a\u00fan hay m\u00e1s, tambi\u00e9n ha pensado en los sem\u00e1foros, y aunque no hay ninguna norma escrita por ahora en la que las motocicletas y ciclomotores puedan adelantar al resto de veh\u00edculos en las colas de los sem\u00e1foros, dichos veh\u00edculos por su reducida configuraci\u00f3n suelen aventurarse y situarse en los primeros puestos. He comentado que no hay nada escrito al respecto por ahora, pues est\u00e1 en tramite la aprobaci\u00f3n en el <a title=\"Enlace al R.G.C.\" href=\"http:\/\/www.dgt.es\/portal\/es\/normas_legislacion\/reglamento_trafico\/\" target=\"_blank\" rel=\"external nofollow\">Reglamento General de Circulaci\u00f3n<\/a>.<\/p>\n<p style=\"text-align: justify;\"><a href=\"\/moterosdehoy\/wp-content\/uploads\/sites\/45\/2013\/07\/Chica-en-moto-ante-linea-de-sem\u00e1foro.jpg\"><img loading=\"lazy\" class=\"alignright size-medium wp-image-785\" title=\"Chica en moto ante linea de sem\u00e1foro\" src=\"\/moterosdehoy\/wp-content\/uploads\/sites\/45\/2013\/07\/Chica-en-moto-ante-linea-de-sem\u00e1foro.jpg\" alt=\"\" width=\"300\" height=\"225\" srcset=\"https:\/\/static-blogs.hoy.es\/wp-content\/uploads\/sites\/45\/2013\/07\/Chica-en-moto-ante-linea-de-sem\u00e1foro.jpg 1793w, https:\/\/static-blogs.hoy.es\/wp-content\/uploads\/sites\/45\/2013\/07\/Chica-en-moto-ante-linea-de-sem\u00e1foro-300x225.jpg 300w, https:\/\/static-blogs.hoy.es\/wp-content\/uploads\/sites\/45\/2013\/07\/Chica-en-moto-ante-linea-de-sem\u00e1foro-768x576.jpg 768w, https:\/\/static-blogs.hoy.es\/wp-content\/uploads\/sites\/45\/2013\/07\/Chica-en-moto-ante-linea-de-sem\u00e1foro-1024x768.jpg 1024w\" sizes=\"(max-width: 300px) 100vw, 300px\" \/><\/a>\u00a0 \u00a0 Para ello, tras la l\u00ednea horizontal de parada de los sem\u00e1foros se est\u00e1 pintando un motociclista, con otra l\u00ednea horizontal tras el mismo, la idea es dejar los tres o cuatro primeros metros ante el sem\u00e1foro para que lo puedan ocupar dichos veh\u00edculos, as\u00ed tras sortear al resto de veh\u00edculos tener espacio delante para poder situarte. Es el caso que se puede apreciar en la fotograf\u00eda de la derecha, donde una chica se encuentra con su motocicleta.<\/p>\n<p style=\"text-align: justify;\">\u00a0 \u00a0 Adem\u00e1s en los carriles donde la circulaci\u00f3n es algo m\u00e1s r\u00e1pida han puesto una capa de alquitr\u00e1n con mayor adherencia, para as\u00ed evitar que se pueda derrapar y perder el control, como es el caso de la BA-20, cruzando <a title=\"Badajoz en Wikipedia\" href=\"http:\/\/es.wikipedia.org\/wiki\/Badajoz\" target=\"_blank\" rel=\"external nofollow\">Badajoz<\/a>.<\/p>\n<p style=\"text-align: justify;\">\u00a0 \u00a0 Por supuesto sin olvidar esas temidas se\u00f1ales horizontales, que todo motero que se precie sabe que las bandas blancas, sobre todo pasos de peatones por ser m\u00e1s anchas, son muy deslizantes. Por tal motivo el Ayto. de Badajoz ha ordenado que dichas pinturas se encuentren con unos surcos para as\u00ed evitar el deslizamiento sobre ellas.<\/p>\n<p style=\"text-align: justify;\">\u00a0 \u00a0Esperemos que contin\u00faen con ese gran esfuerzo que est\u00e1n realizando y los moteros nos sigamos sintiendo seguros dentro de la ciudad.<\/p>\n<p style=\"text-align: justify;\">\u00a0 \u00a0<strong><a title=\"Enlace al facebook de Moteros de Hoy\" href=\"https:\/\/www.facebook.com\/moteroshoy?ref=hl\" target=\"_blank\" rel=\"external nofollow\">Saludo y r\u00e1fagas<\/a><\/strong>.<\/p>\n<p style=\"text-align: justify;\">\n<!-- AddThis Advanced Settings generic via filter on the_content --><!-- AddThis Share Buttons generic via filter on the_content -->","protected":false},"excerpt":{"rendered":"<p>\u00a0 \u00a0Son muchas las ciudades que quieren comprometerse a reducir el tr\u00e1fico dentro de ellas. Se consigue menos poluci\u00f3n, se evitan los atascos, eso hace que hayan menos accidentes y que quien est\u00e9 obligado a recorrer la ciudad pueda llegar sin problemas a su lugar de destino, adem\u00e1s de con buena cara, en lugar de [&hellip;]<!-- AddThis Advanced Settings generic via filter on get_the_excerpt --><!-- AddThis Share Buttons generic via filter on get_the_excerpt --><\/p>\n","protected":false},"author":49,"featured_media":0,"comment_status":"open","ping_status":"closed","sticky":false,"template":"","format":"standard","meta":[],"categories":[9,13],"tags":[88,91,622,629,639,641,691],"_links":{"self":[{"href":"https:\/\/blogs.hoy.es\/moterosdehoy\/wp-json\/wp\/v2\/posts\/781"}],"collection":[{"href":"https:\/\/blogs.hoy.es\/moterosdehoy\/wp-json\/wp\/v2\/posts"}],"about":[{"href":"https:\/\/blogs.hoy.es\/moterosdehoy\/wp-json\/wp\/v2\/types\/post"}],"author":[{"embeddable":true,"href":"https:\/\/blogs.hoy.es\/moterosdehoy\/wp-json\/wp\/v2\/users\/49"}],"replies":[{"embeddable":true,"href":"https:\/\/blogs.hoy.es\/moterosdehoy\/wp-json\/wp\/v2\/comments?post=781"}],"version-history":[{"count":0,"href":"https:\/\/blogs.hoy.es\/moterosdehoy\/wp-json\/wp\/v2\/posts\/781\/revisions"}],"wp:attachment":[{"href":"https:\/\/blogs.hoy.es\/moterosdehoy\/wp-json\/wp\/v2\/media?parent=781"}],"wp:term":[{"taxonomy":"category","embeddable":true,"href":"https:\/\/blogs.hoy.es\/moterosdehoy\/wp-json\/wp\/v2\/categories?post=781"},{"taxonomy":"post_tag","embeddable":true,"href":"https:\/\/blogs.hoy.es\/moterosdehoy\/wp-json\/wp\/v2\/tags?post=781"}],"curies":[{"name":"wp","href":"https:\/\/api.w.org\/{rel}","templated":true}]}}