{"id":787,"date":"2013-07-29T13:42:24","date_gmt":"2013-07-29T13:42:24","guid":{"rendered":"http:\/\/blogs.hoy.es\/moterosdehoy\/?p=787"},"modified":"2013-07-29T13:42:24","modified_gmt":"2013-07-29T13:42:24","slug":"v-concentracion-moto-turismo-en-almaraz","status":"publish","type":"post","link":"https:\/\/blogs.hoy.es\/moterosdehoy\/2013\/07\/29\/v-concentracion-moto-turismo-en-almaraz\/","title":{"rendered":"V Concentraci\u00f3n Moto Turismo en Almaraz"},"content":{"rendered":"<p style=\"text-align: justify;\">\u00a0 \u00a0Por quinta vez consecutiva y creciendo tanto en colaboradores, y seguro que tambi\u00e9n en afluencia de personal, se celebrar\u00e1 entre los <strong>d\u00edas 9, 10 y 11 de agosto<\/strong> de 2013, la <strong>V Concentraci\u00f3n Moto Turismo<\/strong>, de la mano del MotoClub\u00a0<strong>&#8220;Moteros de Almaraz&#8221;<\/strong>, en <strong><a title=\"Almaraz en Wikipedia\" href=\"http:\/\/es.wikipedia.org\/wiki\/Almaraz\" target=\"_blank\" rel=\"external nofollow\">Almaraz<\/a><\/strong>.<\/p>\n<p style=\"text-align: justify;\">\u00a0 \u00a0 Si quieres ver <strong>im\u00e1genes<\/strong> de como est\u00e1 transcurriendo haz <a title=\"Im\u00e1genes de la concentraci\u00f3n\" href=\"http:\/\/www.hoy.es\/multimedia\/fotos\/regional\/20130811\/concentracion-motera-almaraz-306557027817-mm.html\" target=\"_blank\" rel=\"external nofollow\"><strong>clic aqu\u00ed<\/strong>.<\/a><\/p>\n<div id=\"attachment_788\" style=\"width: 224px\" class=\"wp-caption alignleft\"><a href=\"\/moterosdehoy\/wp-content\/uploads\/sites\/45\/2013\/07\/Cartel-moteros-Almaraz.jpg\"><img aria-describedby=\"caption-attachment-788\" loading=\"lazy\" class=\"size-medium wp-image-788\" title=\"Cartel moteros Almaraz\" src=\"\/moterosdehoy\/wp-content\/uploads\/sites\/45\/2013\/07\/Cartel-moteros-Almaraz.jpg\" alt=\"\" width=\"214\" height=\"300\" srcset=\"https:\/\/static-blogs.hoy.es\/wp-content\/uploads\/sites\/45\/2013\/07\/Cartel-moteros-Almaraz.jpg 996w, https:\/\/static-blogs.hoy.es\/wp-content\/uploads\/sites\/45\/2013\/07\/Cartel-moteros-Almaraz-214x300.jpg 214w, https:\/\/static-blogs.hoy.es\/wp-content\/uploads\/sites\/45\/2013\/07\/Cartel-moteros-Almaraz-768x1075.jpg 768w, https:\/\/static-blogs.hoy.es\/wp-content\/uploads\/sites\/45\/2013\/07\/Cartel-moteros-Almaraz-732x1024.jpg 732w\" sizes=\"(max-width: 214px) 100vw, 214px\" \/><\/a><p id=\"caption-attachment-788\" class=\"wp-caption-text\">Cartel del evento<\/p><\/div>\n<p style=\"text-align: justify;\">\u00a0 \u00a0Es una concentraci\u00f3n en la que suele haber un concierto como plato fuerte, el a\u00f1o pasado estuvo <a title=\"P\u00e1gina oficial de Melendi\" href=\"http:\/\/www.guerrerosmelendi.com\/\" target=\"_blank\" rel=\"external nofollow\">Melendi<\/a>, teniendo lugar en la noche del s\u00e1bado y este a\u00f1o cuentan con <strong><a title=\"P\u00e1gina de Efecto Pasillo\" href=\"http:\/\/www.efectopasillo.com\/\" target=\"_blank\" rel=\"external nofollow\">Efecto Pasillo<\/a><\/strong>, adelantando el concierto a la noche del viernes, m\u00e1s que nada para hacer que el personal acuda desde el principio de la concentraci\u00f3n y a la vez intentar realizar la <strong>&#8220;Ruta de las Antorchas&#8221;<\/strong> por la localidad a la media noche entre el s\u00e1bado y el domingo.<\/p>\n<p style=\"text-align: justify;\">\u00a0 \u00a0Para los que decidan acudir, decir que el precio de la <strong>inscripci\u00f3n es de 35\u20ac<\/strong>, incluyendo el concierto y recinto para hacer acampada. Adem\u00e1s los ba\u00f1os que ponen a disposici\u00f3n de los que acampen, son de las instalaciones del polideportivo de un colegio, por lo que adem\u00e1s de limpios son espaciosos. Para los que no puedan acudir todo el fin de semana hay una inscripci\u00f3n en torno a los <strong>15\u20ac solo para el domingo<\/strong>.<\/p>\n<p style=\"text-align: justify;\">\u00a0 \u00a0Hay que decir que quienes han ido hablan muy bien de la concentraci\u00f3n y si les es posible repiten, lo que es el mejor cartel de presentaci\u00f3n que pueden tener. Tambi\u00e9n comentan que a la hora de los sorteos hay muuuchos regalos.<\/p>\n<p style=\"text-align: justify;\">\u00a0 \u00a0La programaci\u00f3n que tienen prevista es la siguiente:<\/p>\n<p style=\"text-align: justify;\"><strong><span style=\"text-decoration: underline;\">VIERNES d\u00eda 9:<\/span><\/strong><\/p>\n<ul>\n<li>17:00 horas, apertura de inscripciones y acampada.<\/li>\n<li>Sobre las 23:30 h. <strong>Concierto<\/strong> de &#8220;Efecto Pasillo&#8221;<\/li>\n<li>A continuaci\u00f3n, <strong>discoteca<\/strong> y <strong>juegos moteros<\/strong>, donde ya comenzar\u00e1n los <strong>regalos<\/strong>.<\/li>\n<li>Para finalizar la noche DJ&#8217;S GUS &#038; ALFONSO MART\u00cdN\u00a0<!--more--><\/li>\n<\/ul>\n<p style=\"text-align: justify;\"><strong><span style=\"text-decoration: underline;\">S\u00c1BADO d\u00eda 10:<\/span><\/strong><\/p>\n<ul>\n<li>11:00 h. apertura de inscripciones.<\/li>\n<li>Sobre 11:30\/12:00 h. <strong>ruta bar\u00edtima<\/strong> por la localidad (con tres tickets de consumici\u00f3n)<\/li>\n<li>Sobre 13:30\/14:00 h. espect\u00e1culos <strong>Trial Shows<\/strong>.<\/li>\n<li>Al finalizar comida en la carpa de la concentraci\u00f3n.<\/li>\n<li>Por la tarde de nuevo espect\u00e1culos <strong>Trial Shows<\/strong>.<\/li>\n<li>Cena en carpa de la concentraci\u00f3n.<\/li>\n<li>A las 00:00 h. Ruta de las Antorchas por la localidad, con premio a la moto m\u00e1s luminosa.<\/li>\n<li>Stunt Choppershows (Harley Davidson)<\/li>\n<li><strong>Discoteca<\/strong>, con <strong>juegos moteros y regalos<\/strong>, donde tambi\u00e9n habr\u00e1 <strong>gogo&#8217;s<\/strong> y <strong>strepteasse<\/strong>.<\/li>\n<li>DJ&#8217;S GUS &#038; ALFONSO MART\u00cdN<\/li>\n<\/ul>\n<p style=\"text-align: justify;\"><span style=\"text-decoration: underline;\"><strong>DOMINGO d\u00eda 11:<\/strong><\/span><\/p>\n<ul>\n<li>Entre las 09:00 y las 10:30 h. <strong>Desayuno y apertura de inscripciones<\/strong> para los que vayan a pasar el domingo.<\/li>\n<li>Sobre las 11:00 h. <strong>ruta tur\u00edstica por la zona<\/strong>, para regresar a las ca\u00f1as a la carpa de la concentraci\u00f3n.<\/li>\n<li>Sobre las 14:30 h.<strong> comida clausura<\/strong>, con trofeos y regalos para los asistentes.<\/li>\n<\/ul>\n<p style=\"text-align: justify;\">\u00a0 \u00a0 Con las inscripci\u00f3n del fin de semana te har\u00e1n entrega de una bolsa en la que podr\u00e1s encontrar una camiseta y algunos regalillos, adem\u00e1s de la revista formula moto y tickets de consuminiones. En las bolsas de inscripci\u00f3n del domingo es posible que no hayan camisetas para todos, pues es de esperar que se agoten. Y pensando en aguantar todo el fin de semana y pueda descansar un poquito el personal, los eventos nocturnos tendr\u00e1n a las 5:30 h. horario de cierre.<\/p>\n<p style=\"text-align: justify;\">\u00a0 \u00a0Aprovechando que Almar\u00e1z es una localidad cacere\u00f1a sita a mitad de camino entre Badajoz y Madrid, Clubs como el <strong><a title=\"Vulcan Owners Club Spain\" href=\"http:\/\/www.vocs.org\/\" target=\"_blank\" rel=\"external nofollow\">V.O.C.S.<\/a><\/strong>\u00a0(Vulcan Owners Club Spain) se han puesto de acuerdo para encontrarse en el evento y as\u00ed tener un encuentro entre los dem\u00e1s hermanos moteros. Al final se llevaron el premio al grupo m\u00e1s numeroso person\u00e1ndose Vulcaneros de distintos puntos de la provincia de Badajoz, Madrid y Salamanca.<\/p>\n<p style=\"text-align: justify;\">\u00a0 \u00a0Por contar un toque negativo, decir que en la noche del viernes al s\u00e1bado unos amigos de lo ajeno robaron de dentro del recinto una motocicleta de todo terreno que se encontraba expuesta para ser sorteada el domingo. Lo que ha obligado a la organizaci\u00f3n a desembolsar la parte correspondiente para poder tener otra moto para sortearla. Pero eso no ha conseguido estropear la concentraci\u00f3n y su buen ambiente entre amigos moteros.<\/p>\n<p style=\"text-align: justify;\"><strong>\u00a0 \u00a0<a title=\"Enlace al facebook de Moteros de Hoy\" href=\"https:\/\/www.facebook.com\/moteroshoy?ref=hl\" target=\"_blank\" rel=\"external nofollow\">Saludos y r\u00e1fagas<\/a>.<\/strong><\/p>\n<p style=\"text-align: justify;\">\n<!-- AddThis Advanced Settings generic via filter on the_content --><!-- AddThis Share Buttons generic via filter on the_content -->","protected":false},"excerpt":{"rendered":"<p>\u00a0 \u00a0Por quinta vez consecutiva y creciendo tanto en colaboradores, y seguro que tambi\u00e9n en afluencia de personal, se celebrar\u00e1 entre los d\u00edas 9, 10 y 11 de agosto de 2013, la V Concentraci\u00f3n Moto Turismo, de la mano del MotoClub\u00a0&#8220;Moteros de Almaraz&#8221;, en Almaraz. \u00a0 \u00a0 Si quieres ver im\u00e1genes de como est\u00e1 transcurriendo [&hellip;]<!-- AddThis Advanced Settings generic via filter on get_the_excerpt --><!-- AddThis Share Buttons generic via filter on get_the_excerpt --><\/p>\n","protected":false},"author":49,"featured_media":0,"comment_status":"open","ping_status":"closed","sticky":false,"template":"","format":"standard","meta":[],"categories":[13],"tags":[622,624,629,639,641,965,966],"_links":{"self":[{"href":"https:\/\/blogs.hoy.es\/moterosdehoy\/wp-json\/wp\/v2\/posts\/787"}],"collection":[{"href":"https:\/\/blogs.hoy.es\/moterosdehoy\/wp-json\/wp\/v2\/posts"}],"about":[{"href":"https:\/\/blogs.hoy.es\/moterosdehoy\/wp-json\/wp\/v2\/types\/post"}],"author":[{"embeddable":true,"href":"https:\/\/blogs.hoy.es\/moterosdehoy\/wp-json\/wp\/v2\/users\/49"}],"replies":[{"embeddable":true,"href":"https:\/\/blogs.hoy.es\/moterosdehoy\/wp-json\/wp\/v2\/comments?post=787"}],"version-history":[{"count":0,"href":"https:\/\/blogs.hoy.es\/moterosdehoy\/wp-json\/wp\/v2\/posts\/787\/revisions"}],"wp:attachment":[{"href":"https:\/\/blogs.hoy.es\/moterosdehoy\/wp-json\/wp\/v2\/media?parent=787"}],"wp:term":[{"taxonomy":"category","embeddable":true,"href":"https:\/\/blogs.hoy.es\/moterosdehoy\/wp-json\/wp\/v2\/categories?post=787"},{"taxonomy":"post_tag","embeddable":true,"href":"https:\/\/blogs.hoy.es\/moterosdehoy\/wp-json\/wp\/v2\/tags?post=787"}],"curies":[{"name":"wp","href":"https:\/\/api.w.org\/{rel}","templated":true}]}}