{"id":79,"date":"2012-06-07T11:18:07","date_gmt":"2012-06-07T11:18:07","guid":{"rendered":"http:\/\/blogs.hoy.es\/moterosdehoy\/?p=79"},"modified":"2012-06-07T11:18:07","modified_gmt":"2012-06-07T11:18:07","slug":"2012-06-10-ii-moto-almuerzo-en-urda-toledo","status":"publish","type":"post","link":"https:\/\/blogs.hoy.es\/moterosdehoy\/2012\/06\/07\/2012-06-10-ii-moto-almuerzo-en-urda-toledo\/","title":{"rendered":"El 10 de junio, II Moto Almuerzo en Urda (Toledo)"},"content":{"rendered":"<p style=\"text-align: justify;\">Como dije en la explicaci\u00f3n del blog, nuestras motos extreme\u00f1as tambi\u00e9n pueden salir de la regi\u00f3n y voy a comenzar con \u00e9sta <strong>quedada motera en <a href=\"http:\/\/es.wikipedia.org\/wiki\/Urda\" target=\"_blank\" rel=\"external nofollow\">URDA<\/a><\/strong>,\u00a0la organiza la pe\u00f1a motera <a href=\"http:\/\/www.facebook.com\/profile.php?id=100003526592599\" target=\"_blank\" rel=\"external nofollow\">PASAOS DE G\u00dcELTAS<\/a> e <a href=\"http:\/\/www.facebook.com\/icaropub.urda\" target=\"_blank\" rel=\"external nofollow\">\u00cfCARO pub<\/a>, con la colaboraci\u00f3n del Restaurante ESTEBAN (Urda) y Bar EL PATIO (Consuegra).<\/p>\n<p><img loading=\"lazy\" class=\"alignright size-full wp-image-80\" title=\"Mapa localizaci\u00f3n Urda\" src=\"\/moterosdehoy\/wp-content\/uploads\/sites\/45\/2012\/06\/Mapa-localizaci\u00f3n-Urda.jpg\" alt=\"\" width=\"286\" height=\"272\" \/><\/p>\n<div style=\"text-align: justify;\">A\u00a0las<strong> 9.00h<\/strong> dar\u00e1n comienzo las<strong> inscripciones en <a href=\"http:\/\/11870.com\/pro\/restaurante-esteban-urda\" target=\"_blank\" rel=\"external nofollow\">Rte ESTEBAN<\/a><\/strong>, que ser\u00e1n <strong>7 euritos<\/strong>, donde se dar\u00e1 seguidamente el ALMUERZO.<\/div>\n<p style=\"text-align: justify;\"><strong>A las 11.00h ruta<\/strong>, para dar una VUELTA por URDA congiendo la carretera <strong>direcci\u00f3n <a href=\"http:\/\/es.wikipedia.org\/wiki\/Consuegra\" target=\"_blank\" rel=\"external nofollow\">CONSUEGRA<\/a>.\u00a0Subida a LOS MOLINOS DE VIENTO Y CASTILLO<\/strong> de esta localidad donde el Bar EL PATIO ofrecer\u00e1 un TAPA para continuar con la marcha.<\/p>\n<p style=\"text-align: justify;\">Ya en URDA, \u00cdCAROpub (Plaza San Gin\u00e9s) dar\u00e1 la COMIDA y ofrecer\u00e1 durante la sobremesa <strong>SORTEOS<\/strong> (comida para dos en Rte Esteban a elegir cualquier amediod\u00eda del mes de Junio&#8230;Camisetas y regalos), adem\u00e1s habr\u00e1n <strong>JUEGOS de ANIMACI\u00d3N, MAG\u00cdA Y M\u00daSICA<\/strong> para todos los que deseen disfrutarlo.<\/p>\n<p style=\"text-align: justify;\">Aqu\u00ed os dejo un mapa para los que no sab\u00e9is donde se encuentra URDA, y esperamos que dado que es el <strong>D\u00eda nacional de la moto<\/strong>, tengan mucha afluencia de pe\u00f1a.<\/p>\n<p style=\"text-align: justify;\"><strong>\u00a0 \u00a0Saludos y r\u00e1fagas.<\/strong><\/p>\n<p style=\"text-align: justify;\">\n<!-- AddThis Advanced Settings generic via filter on the_content --><!-- AddThis Share Buttons generic via filter on the_content -->","protected":false},"excerpt":{"rendered":"<p>Como dije en la explicaci\u00f3n del blog, nuestras motos extreme\u00f1as tambi\u00e9n pueden salir de la regi\u00f3n y voy a comenzar con \u00e9sta quedada motera en URDA,\u00a0la organiza la pe\u00f1a motera PASAOS DE G\u00dcELTAS e \u00cfCARO pub, con la colaboraci\u00f3n del Restaurante ESTEBAN (Urda) y Bar EL PATIO (Consuegra). A\u00a0las 9.00h dar\u00e1n comienzo las inscripciones en [&hellip;]<!-- AddThis Advanced Settings generic via filter on get_the_excerpt --><!-- AddThis Share Buttons generic via filter on get_the_excerpt --><\/p>\n","protected":false},"author":49,"featured_media":0,"comment_status":"open","ping_status":"closed","sticky":false,"template":"","format":"standard","meta":[],"categories":[13],"tags":[194,227,618,622,639],"_links":{"self":[{"href":"https:\/\/blogs.hoy.es\/moterosdehoy\/wp-json\/wp\/v2\/posts\/79"}],"collection":[{"href":"https:\/\/blogs.hoy.es\/moterosdehoy\/wp-json\/wp\/v2\/posts"}],"about":[{"href":"https:\/\/blogs.hoy.es\/moterosdehoy\/wp-json\/wp\/v2\/types\/post"}],"author":[{"embeddable":true,"href":"https:\/\/blogs.hoy.es\/moterosdehoy\/wp-json\/wp\/v2\/users\/49"}],"replies":[{"embeddable":true,"href":"https:\/\/blogs.hoy.es\/moterosdehoy\/wp-json\/wp\/v2\/comments?post=79"}],"version-history":[{"count":0,"href":"https:\/\/blogs.hoy.es\/moterosdehoy\/wp-json\/wp\/v2\/posts\/79\/revisions"}],"wp:attachment":[{"href":"https:\/\/blogs.hoy.es\/moterosdehoy\/wp-json\/wp\/v2\/media?parent=79"}],"wp:term":[{"taxonomy":"category","embeddable":true,"href":"https:\/\/blogs.hoy.es\/moterosdehoy\/wp-json\/wp\/v2\/categories?post=79"},{"taxonomy":"post_tag","embeddable":true,"href":"https:\/\/blogs.hoy.es\/moterosdehoy\/wp-json\/wp\/v2\/tags?post=79"}],"curies":[{"name":"wp","href":"https:\/\/api.w.org\/{rel}","templated":true}]}}