{"id":791,"date":"2013-08-02T17:17:16","date_gmt":"2013-08-02T17:17:16","guid":{"rendered":"http:\/\/blogs.hoy.es\/moterosdehoy\/?p=791"},"modified":"2013-08-02T17:17:16","modified_gmt":"2013-08-02T17:17:16","slug":"v-concentracion-de-motos-y-coches-clasicos-de-lobon","status":"publish","type":"post","link":"https:\/\/blogs.hoy.es\/moterosdehoy\/2013\/08\/02\/v-concentracion-de-motos-y-coches-clasicos-de-lobon\/","title":{"rendered":"V Concentraci\u00f3n de motos y coches cl\u00e1sicos de Lob\u00f3n"},"content":{"rendered":"<p style=\"text-align: justify;\">\u00a0 \u00a0El pr\u00f3ximo <strong>31 de agosto 2013<\/strong>, tendr\u00e1 lugar ya por quinta ocasi\u00f3n una concentraci\u00f3n de motos y coches cl\u00e1sicos en la <strong>Ciudad de <a title=\"P\u00e1gina oficial de Lob\u00f3n\" href=\"http:\/\/www.lobon.es\/\" target=\"_blank\" rel=\"external nofollow\">Lob\u00f3n<\/a><\/strong> (Badajoz).<\/p>\n<div id=\"attachment_792\" style=\"width: 214px\" class=\"wp-caption alignleft\"><a href=\"\/moterosdehoy\/wp-content\/uploads\/sites\/45\/2013\/08\/CARTEL-DE-MOTOS-CLASICAS.jpg\"><img aria-describedby=\"caption-attachment-792\" loading=\"lazy\" class=\"size-medium wp-image-792\" title=\"CARTEL DE MOTOS CLASICAS\" src=\"\/moterosdehoy\/wp-content\/uploads\/sites\/45\/2013\/08\/CARTEL-DE-MOTOS-CLASICAS.jpg\" alt=\"\" width=\"204\" height=\"300\" srcset=\"https:\/\/static-blogs.hoy.es\/wp-content\/uploads\/sites\/45\/2013\/08\/CARTEL-DE-MOTOS-CLASICAS.jpg 1093w, https:\/\/static-blogs.hoy.es\/wp-content\/uploads\/sites\/45\/2013\/08\/CARTEL-DE-MOTOS-CLASICAS-204x300.jpg 204w, https:\/\/static-blogs.hoy.es\/wp-content\/uploads\/sites\/45\/2013\/08\/CARTEL-DE-MOTOS-CLASICAS-768x1128.jpg 768w, https:\/\/static-blogs.hoy.es\/wp-content\/uploads\/sites\/45\/2013\/08\/CARTEL-DE-MOTOS-CLASICAS-697x1024.jpg 697w\" sizes=\"(max-width: 204px) 100vw, 204px\" \/><\/a><p id=\"caption-attachment-792\" class=\"wp-caption-text\">Cartel del evento<\/p><\/div>\n<p style=\"text-align: justify;\">\u00a0 \u00a0Como en ediciones anteriores el buen transcurso del evento est\u00e1 asegurado, pues la organizaci\u00f3n es directamente a trav\u00e9s del propio Ayuntamiento de la localidad, como otra actividad m\u00e1s dentro de las fiestas de la localidad.<\/p>\n<p style=\"text-align: justify;\">\u00a0 \u00a0En la edici\u00f3n del a\u00f1o pasado se inscribieron 30 motos y 40 coches, todos ellos cl\u00e1sicos.<\/p>\n<p style=\"text-align: justify;\">\u00a0\u00a0El coche cl\u00e1sico ganador fue un SAAB modelo 96 color verde, del a\u00f1o 1963, en concreto est\u00e1 dotado de un motor de gasolina con 1.100 c.c., tiene 4 plazas y una tara de 800 kilos. Pero su due\u00f1o como \u00e9l indica, ya cuando lo compr\u00f3 y se moceaba con \u00e9l atra\u00eda las miradas. Lo que sit\u00faa el list\u00f3n en un nivel muy alto.<\/p>\n<p style=\"text-align: justify;\">\u00a0 \u00a0Esperemos que \u00e9ste a\u00f1o lleguen m\u00e1s adeptos y nos permita deleitar la mirada, pues la mayor\u00eda de esas joyas parecen reci\u00e9n salidas de f\u00e1brica.<\/p>\n<p style=\"text-align: justify;\">\u00a0 \u00a0<strong>Para ver fotos de como transcurri\u00f3 <a title=\"Fotos de la V Concentraci\u00f3n\" href=\"http:\/\/www.hoy.es\/multimedia\/fotos\/regional\/20130831\/concentracion-motos-coches-clasicos-3061189343977-mm.html\" target=\"_blank\" rel=\"external nofollow\">haz clic aqu\u00ed<\/a>.<\/strong><\/p>\n<p style=\"text-align: justify;\">\u00a0 \u00a0Si quieres ver fotos de la edici\u00f3n del a\u00f1o pasado <a title=\"Fotos de la edici\u00f3n anterior\" href=\"https:\/\/blogs.hoy.es\/moterosdehoy\/2012\/08\/26\/fotos-iv-concentracion-de-motos-y-coches-clasicos-ciudad-de-lobon\/\" target=\"_blank\">haz clic aqu\u00ed<\/a>.<\/p>\n<p style=\"text-align: justify;\">\u00a0 \u00a0Ir desempolvando y puliendo vuestras m\u00e1quinas, el a\u00f1o pasado hubo un premio para la moto cl\u00e1sica mejor conservada.<\/p>\n<p style=\"text-align: justify;\"><strong>\u00a0 \u00a0<a title=\"Enlace al facebook de Moteros de Hoy\" href=\"https:\/\/www.facebook.com\/moteroshoy?ref=hl\" target=\"_blank\" rel=\"external nofollow\">Saludos y r\u00e1fagas<\/a>.<\/strong><\/p>\n<!-- AddThis Advanced Settings generic via filter on the_content --><!-- AddThis Share Buttons generic via filter on the_content -->","protected":false},"excerpt":{"rendered":"<p>\u00a0 \u00a0El pr\u00f3ximo 31 de agosto 2013, tendr\u00e1 lugar ya por quinta ocasi\u00f3n una concentraci\u00f3n de motos y coches cl\u00e1sicos en la Ciudad de Lob\u00f3n (Badajoz). \u00a0 \u00a0Como en ediciones anteriores el buen transcurso del evento est\u00e1 asegurado, pues la organizaci\u00f3n es directamente a trav\u00e9s del propio Ayuntamiento de la localidad, como otra actividad m\u00e1s [&hellip;]<!-- AddThis Advanced Settings generic via filter on get_the_excerpt --><!-- AddThis Share Buttons generic via filter on get_the_excerpt --><\/p>\n","protected":false},"author":49,"featured_media":0,"comment_status":"open","ping_status":"closed","sticky":false,"template":"","format":"standard","meta":[],"categories":[13],"tags":[622,639,963,964],"_links":{"self":[{"href":"https:\/\/blogs.hoy.es\/moterosdehoy\/wp-json\/wp\/v2\/posts\/791"}],"collection":[{"href":"https:\/\/blogs.hoy.es\/moterosdehoy\/wp-json\/wp\/v2\/posts"}],"about":[{"href":"https:\/\/blogs.hoy.es\/moterosdehoy\/wp-json\/wp\/v2\/types\/post"}],"author":[{"embeddable":true,"href":"https:\/\/blogs.hoy.es\/moterosdehoy\/wp-json\/wp\/v2\/users\/49"}],"replies":[{"embeddable":true,"href":"https:\/\/blogs.hoy.es\/moterosdehoy\/wp-json\/wp\/v2\/comments?post=791"}],"version-history":[{"count":0,"href":"https:\/\/blogs.hoy.es\/moterosdehoy\/wp-json\/wp\/v2\/posts\/791\/revisions"}],"wp:attachment":[{"href":"https:\/\/blogs.hoy.es\/moterosdehoy\/wp-json\/wp\/v2\/media?parent=791"}],"wp:term":[{"taxonomy":"category","embeddable":true,"href":"https:\/\/blogs.hoy.es\/moterosdehoy\/wp-json\/wp\/v2\/categories?post=791"},{"taxonomy":"post_tag","embeddable":true,"href":"https:\/\/blogs.hoy.es\/moterosdehoy\/wp-json\/wp\/v2\/tags?post=791"}],"curies":[{"name":"wp","href":"https:\/\/api.w.org\/{rel}","templated":true}]}}