{"id":793,"date":"2013-08-15T19:41:27","date_gmt":"2013-08-15T19:41:27","guid":{"rendered":"http:\/\/blogs.hoy.es\/moterosdehoy\/?p=793"},"modified":"2013-08-15T19:41:27","modified_gmt":"2013-08-15T19:41:27","slug":"ruta-curvas-entre-paises","status":"publish","type":"post","link":"https:\/\/blogs.hoy.es\/moterosdehoy\/2013\/08\/15\/ruta-curvas-entre-paises\/","title":{"rendered":"Ruta curvas entre paises"},"content":{"rendered":"<p style=\"text-align: justify;\">\u00a0 \u00a0En <a title=\"Extremadura en Wikipedia\" href=\"http:\/\/es.wikipedia.org\/wiki\/Extremadura\" target=\"_blank\" rel=\"external nofollow\">Extremadura<\/a> tenemos mucha variedad de zonas, desde las grandes llanuras con grandes rectas, como es el caso de la recta pr\u00f3xima a <a title=\"Llerena en Wikipedia\" href=\"http:\/\/es.wikipedia.org\/wiki\/Llerena\" target=\"_blank\" rel=\"external nofollow\">Llerena<\/a> por la la N-432, hasta zonas con tantas curvas que te har\u00e1n perder su cuenta, como es el caso de la carretera EX-315 (Olivenza-Cheles), sin dejar atr\u00e1s esas zonas monta\u00f1osas del norte de <a title=\"C\u00e1ceres en Wikipedia\" href=\"http:\/\/es.wikipedia.org\/wiki\/C%C3%A1ceres\" target=\"_blank\" rel=\"external nofollow\">C\u00e1ceres<\/a>.<\/p>\n<div id=\"attachment_794\" style=\"width: 254px\" class=\"wp-caption alignright\"><a href=\"\/moterosdehoy\/wp-content\/uploads\/sites\/45\/2013\/08\/Ruta-curvas-entre-paises.jpg\"><img aria-describedby=\"caption-attachment-794\" loading=\"lazy\" class=\"size-medium wp-image-794\" title=\"Ruta curvas entre paises\" src=\"\/moterosdehoy\/wp-content\/uploads\/sites\/45\/2013\/08\/Ruta-curvas-entre-paises.jpg\" alt=\"\" width=\"244\" height=\"300\" srcset=\"https:\/\/static-blogs.hoy.es\/wp-content\/uploads\/sites\/45\/2013\/08\/Ruta-curvas-entre-paises.jpg 450w, https:\/\/static-blogs.hoy.es\/wp-content\/uploads\/sites\/45\/2013\/08\/Ruta-curvas-entre-paises-244x300.jpg 244w\" sizes=\"(max-width: 244px) 100vw, 244px\" \/><\/a><p id=\"caption-attachment-794\" class=\"wp-caption-text\">Mapa de la ruta<\/p><\/div>\n<p style=\"text-align: justify;\">\u00a0 En \u00e9sta ocasi\u00f3n os voy a proponer una ruta, que a parte de su inter\u00e9s por sus zonas sinuosas ver\u00e1s unos paisajes maravillosos, tanto en <a title=\"Espa\u00f1a en Wikipedia\" href=\"http:\/\/es.wikipedia.org\/wiki\/Espa%C3%B1a\" target=\"_blank\" rel=\"external nofollow\">Espa\u00f1a<\/a> como en <a title=\"Portugal en Wikipedia\" href=\"http:\/\/es.wikipedia.org\/wiki\/Portugal\" target=\"_blank\" rel=\"external nofollow\">Portugal<\/a>, pero adem\u00e1s si aprovechas que estamos a mediados de agosto, \u00e9ste fin de semana est\u00e1 el\u00a0<strong><a title=\"Festival Medieval de Alburquerque\" href=\"http:\/\/www.medievaldealburquerque.com\/\" target=\"_blank\" rel=\"external nofollow\">Festival Medieval de Alburquerque<\/a><\/strong>, donde sus calles est\u00e1n engalanadas con estandartes y dem\u00e1s ornamentos medievales, y en la localidad de <a title=\"Campo Maior en Wikipedia\" href=\"http:\/\/es.wikipedia.org\/wiki\/Campo_Maior\" target=\"_blank\" rel=\"external nofollow\">Campo Maior<\/a> est\u00e1 la <strong><a title=\"Im\u00e1genes de la Fiesta de las Flores en Campo Maior\" href=\"https:\/\/www.google.es\/search?q=campo+mayor+fiestas&#038;tbm=isch&#038;tbo=u&#038;source=univ&#038;sa=X&#038;ei=UxwNUvCPMoXC7AbrqYGIAQ&#038;ved=0CC8QsAQ&#038;biw=1280&#038;bih=699\" target=\"_blank\" rel=\"external nofollow\">Fiesta de las Flores<\/a><\/strong>, donde sus calles est\u00e1n adornadas con infinitas flores de papel que los propios aldeanos han preparado.<\/p>\n<p style=\"text-align: justify;\">\u00a0 Personalmente realic\u00e9 la ruta partiendo y regresando a Badajoz, pero cada cual puede adaptarla como mejor le venga con la idea de ir a <a title=\"Alburquerque en Wikipedia\" href=\"http:\/\/es.wikipedia.org\/wiki\/Albuquerque\" target=\"_blank\" rel=\"external nofollow\">Alburqueque<\/a>, pasar por San Vicente de Alc\u00e1ntara, La Codosera y tras salir unos kil\u00f3metros direcci\u00f3n Alburquerque coger hacia Campo Maior.<\/p>\n<p style=\"text-align: justify;\">\u00a0 \u00a0La ruta en cuesti\u00f3n tiene un recorrido de 148 kil\u00f3metros y una duraci\u00f3n de dos horas y cuarenta minutos. El asfalto se encuentra en buen estado, salvo algunas peque\u00f1as ondulaciones en la zona entre La Codosera y Campo Maior. Siendo una ruta que no presenta gran dificultad.<\/p>\n<p style=\"text-align: justify;\">\u00a0 \u00a0El comenzar la ruta en Badajoz permite que se vayan calentando los neum\u00e1ticos, pues tendremos m\u00e1s de treinta kil\u00f3metros hasta que lleguemos a las primeras curvas interesantes, el puerto de los conejeros, con una altitud media de 434 metros. Desde all\u00ed ya podemos avistar el Castillo de Luna, coronando la localidad de Alburquerque.\u00a0<!--more--><\/p>\n<div id=\"attachment_795\" style=\"width: 310px\" class=\"wp-caption alignleft\"><a href=\"\/moterosdehoy\/wp-content\/uploads\/sites\/45\/2013\/08\/Alburquerque-en-su-Festival-Medieval.jpg\"><img aria-describedby=\"caption-attachment-795\" loading=\"lazy\" class=\"size-medium wp-image-795\" title=\"Alburquerque en su Festival Medieval\" src=\"\/moterosdehoy\/wp-content\/uploads\/sites\/45\/2013\/08\/Alburquerque-en-su-Festival-Medieval.jpg\" alt=\"\" width=\"300\" height=\"225\" srcset=\"https:\/\/static-blogs.hoy.es\/wp-content\/uploads\/sites\/45\/2013\/08\/Alburquerque-en-su-Festival-Medieval.jpg 1688w, https:\/\/static-blogs.hoy.es\/wp-content\/uploads\/sites\/45\/2013\/08\/Alburquerque-en-su-Festival-Medieval-300x225.jpg 300w, https:\/\/static-blogs.hoy.es\/wp-content\/uploads\/sites\/45\/2013\/08\/Alburquerque-en-su-Festival-Medieval-768x576.jpg 768w, https:\/\/static-blogs.hoy.es\/wp-content\/uploads\/sites\/45\/2013\/08\/Alburquerque-en-su-Festival-Medieval-1024x769.jpg 1024w\" sizes=\"(max-width: 300px) 100vw, 300px\" \/><\/a><p id=\"caption-attachment-795\" class=\"wp-caption-text\">Plaza de Espa\u00f1a (Alburquerque)<\/p><\/div>\n<p style=\"text-align: justify;\">\u00a0 \u00a0Alburqueque como he indicado est\u00e1 en pleno Festival Medieval, con sus calles llenas de estandartes y un mont\u00f3n de actividades para hacer que sus visitantes se vayan con buen sabor de boca. Particularmente recomiendo parar a desayunar en la Plaza de Espa\u00f1a, donde hay varios bares con terraza en la misma plaza para descansar un poco y charlar sobre la ruta. El que m\u00e1s me gusta el Mes\u00f3n la Plaza y si vas por la tarde no olvides de visitar la Hermita de la plaza, reconvertida en un restaurante.<\/p>\n<p style=\"text-align: justify;\">\u00a0 \u00a0Continuando con la ruta hacia <a title=\"San Vicente de Alc\u00e1ntara en Wikipedia\" href=\"http:\/\/es.wikipedia.org\/wiki\/San_Vicente_de_Alc%C3%A1ntara\" target=\"_blank\" rel=\"external nofollow\">San Vicente de Alc\u00e1ntara<\/a>, disfrutar\u00e1s de amplias curvas en la Sierra de San Pedro, donde ver\u00e1s muchos postes de tendido el\u00e9ctrico utilizados como nidos de cig\u00fce\u00f1as y paisajes interminables con grandes rocas que te hacen olvidar del estr\u00e9s cotidiano.<\/p>\n<p style=\"text-align: justify;\">\u00a0 \u00a0Una vez en San Vicente contin\u00faa hacia <a title=\"La Codosera en Wikipedia\" href=\"http:\/\/es.wikipedia.org\/wiki\/La_Codosera\" target=\"_blank\" rel=\"external nofollow\">La Codosera<\/a>, seguir\u00e1s viendo paisajes maravillosos donde en ocasiones parece que se corta la carretera para dar a un gran precipicio, pero seg\u00fan te vas acercando observar\u00e1s sin problema que llegas a una amplia curva, donde puedes tumbar la moto sin esfuerzo.<\/p>\n<p style=\"text-align: justify;\">\u00a0 \u00a0Al salir de La Codosera contin\u00faa direcci\u00f3n Alburqueque, para unos kil\u00f3metros despu\u00e9s coger el desv\u00edo a la derecha sentido Campo Maior. En ese tramo ver\u00e1s grandes llanuras a modo de dehesas con ganado vacuno y si ese tramo de la carretera te parece estrecho espera a entrar en Portugal. All\u00ed recorrer\u00e1s unos kil\u00f3metros por una calzada que no llega a medir ni cuatro metros de anchura, por lo que ves tranquilo, adem\u00e1s pasar\u00e1s un paso estrecho sobre un arroyo y posteriormente junto a granjas con caballos.<\/p>\n<div class=\"mceTemp\" style=\"text-align: justify;\">\n<div id=\"attachment_799\" style=\"width: 310px\" class=\"wp-caption alignleft\"><a href=\"\/moterosdehoy\/wp-content\/uploads\/sites\/45\/2013\/08\/Campo-Maior-con-la-Fiesta-de-las-Flores.jpg\"><img aria-describedby=\"caption-attachment-799\" loading=\"lazy\" class=\"size-medium wp-image-799\" title=\"Campo Maior con la Fiesta de las Flores\" src=\"\/moterosdehoy\/wp-content\/uploads\/sites\/45\/2013\/08\/Campo-Maior-con-la-Fiesta-de-las-Flores.jpg\" alt=\"\" width=\"300\" height=\"224\" srcset=\"https:\/\/static-blogs.hoy.es\/wp-content\/uploads\/sites\/45\/2013\/08\/Campo-Maior-con-la-Fiesta-de-las-Flores.jpg 1675w, https:\/\/static-blogs.hoy.es\/wp-content\/uploads\/sites\/45\/2013\/08\/Campo-Maior-con-la-Fiesta-de-las-Flores-300x225.jpg 300w, https:\/\/static-blogs.hoy.es\/wp-content\/uploads\/sites\/45\/2013\/08\/Campo-Maior-con-la-Fiesta-de-las-Flores-768x576.jpg 768w, https:\/\/static-blogs.hoy.es\/wp-content\/uploads\/sites\/45\/2013\/08\/Campo-Maior-con-la-Fiesta-de-las-Flores-1024x768.jpg 1024w\" sizes=\"(max-width: 300px) 100vw, 300px\" \/><\/a><p id=\"caption-attachment-799\" class=\"wp-caption-text\">Campo Maior con su Fiesta de las Flores<\/p><\/div>\n<p><span style=\"text-align: justify;\">\u00a0 \u00a0 Ya estamos en <\/span><a style=\"text-align: justify;\" title=\"Campo Maior en Wikipedia\" href=\"http:\/\/es.wikipedia.org\/wiki\/Campo_Maior\" target=\"_blank\" rel=\"external nofollow\">Campo Maior<\/a><span style=\"text-align: justify;\">, pasar\u00e1s por unas cuantas calles de adoquines as\u00ed que tranquilo, ve despacio y observa las casas a modo de chalets independientes, donde algunos de ellos de seguro que atraer\u00e1n tu mirada. Continuando pasar\u00e1s junto a la Plaza, te recomiendo parar all\u00ed y aprovechar el bar kiosko con terraza, disfruta de una <\/span><a title=\"Super Bock en Wikipedia\" href=\"http:\/\/es.wikipedia.org\/wiki\/Super_Bock\" target=\"_blank\" rel=\"external nofollow\">Super Bock<\/a>\u00a0<span style=\"text-align: justify;\">bien fresquita y si vas \u00e9ste fin de semana podr\u00e1s hacer unas fotos m\u00e1s que coloridas entre todas esas calles adornadas con flores.<\/span><\/p>\n<\/div>\n<div id=\"attachment_797\" style=\"width: 235px\" class=\"wp-caption alignright\"><a href=\"\/moterosdehoy\/wp-content\/uploads\/sites\/45\/2013\/08\/Tony-M\u00e1rquez-en-Campo-Maior.jpg\"><img aria-describedby=\"caption-attachment-797\" loading=\"lazy\" class=\"size-medium wp-image-797\" title=\"Tony M\u00e1rquez en Campo Maior\" src=\"\/moterosdehoy\/wp-content\/uploads\/sites\/45\/2013\/08\/Tony-M\u00e1rquez-en-Campo-Maior.jpg\" alt=\"\" width=\"225\" height=\"300\" srcset=\"https:\/\/static-blogs.hoy.es\/wp-content\/uploads\/sites\/45\/2013\/08\/Tony-M\u00e1rquez-en-Campo-Maior.jpg 1161w, https:\/\/static-blogs.hoy.es\/wp-content\/uploads\/sites\/45\/2013\/08\/Tony-M\u00e1rquez-en-Campo-Maior-225x300.jpg 225w, https:\/\/static-blogs.hoy.es\/wp-content\/uploads\/sites\/45\/2013\/08\/Tony-M\u00e1rquez-en-Campo-Maior-768x1024.jpg 768w\" sizes=\"(max-width: 225px) 100vw, 225px\" \/><\/a><p id=\"caption-attachment-797\" class=\"wp-caption-text\">Tony M\u00e1rquez en Campo Maior<\/p><\/div>\n<p style=\"text-align: justify;\">\u00a0 \u00a0De all\u00ed hacia <a title=\"Badajoz en Wikipedia\" href=\"http:\/\/es.wikipedia.org\/wiki\/Badajoz\" target=\"_blank\" rel=\"external nofollow\">Badajoz<\/a> para terminar la ruta o volver a Espa\u00f1a y continuar a tu localidad, coge direcci\u00f3n Badajoz por el Retiro. El Retiro es el nombre de la antigua aduana que exist\u00eda entre Espa\u00f1a y Portugal, al pasar por ella no ver\u00e1s a la polic\u00eda pero si sus antiguas instalaciones.<\/p>\n<p style=\"text-align: justify;\">\u00a0 \u00a0<strong>Espero que disfrutes de la ruta y si es posible la realices entre los d\u00edas 15 y 19 de agosto<\/strong>, para poder deleitarte de una o ambas fiestas.<\/p>\n<p style=\"text-align: justify;\">\u00a0 \u00a0<strong><a title=\"Enlace al facebook de Moteros de Hoy\" href=\"https:\/\/www.facebook.com\/moteroshoy?ref=hl\" target=\"_blank\" rel=\"external nofollow\">Saludos y r\u00e1fagas.<\/a><\/strong><\/p>\n<!-- AddThis Advanced Settings generic via filter on the_content --><!-- AddThis Share Buttons generic via filter on the_content -->","protected":false},"excerpt":{"rendered":"<p>\u00a0 \u00a0En Extremadura tenemos mucha variedad de zonas, desde las grandes llanuras con grandes rectas, como es el caso de la recta pr\u00f3xima a Llerena por la la N-432, hasta zonas con tantas curvas que te har\u00e1n perder su cuenta, como es el caso de la carretera EX-315 (Olivenza-Cheles), sin dejar atr\u00e1s esas zonas monta\u00f1osas [&hellip;]<!-- AddThis Advanced Settings generic via filter on get_the_excerpt --><!-- AddThis Share Buttons generic via filter on get_the_excerpt --><\/p>\n","protected":false},"author":49,"featured_media":0,"comment_status":"open","ping_status":"closed","sticky":false,"template":"","format":"standard","meta":[],"categories":[11],"tags":[402,405,622,629,639,641,877],"_links":{"self":[{"href":"https:\/\/blogs.hoy.es\/moterosdehoy\/wp-json\/wp\/v2\/posts\/793"}],"collection":[{"href":"https:\/\/blogs.hoy.es\/moterosdehoy\/wp-json\/wp\/v2\/posts"}],"about":[{"href":"https:\/\/blogs.hoy.es\/moterosdehoy\/wp-json\/wp\/v2\/types\/post"}],"author":[{"embeddable":true,"href":"https:\/\/blogs.hoy.es\/moterosdehoy\/wp-json\/wp\/v2\/users\/49"}],"replies":[{"embeddable":true,"href":"https:\/\/blogs.hoy.es\/moterosdehoy\/wp-json\/wp\/v2\/comments?post=793"}],"version-history":[{"count":0,"href":"https:\/\/blogs.hoy.es\/moterosdehoy\/wp-json\/wp\/v2\/posts\/793\/revisions"}],"wp:attachment":[{"href":"https:\/\/blogs.hoy.es\/moterosdehoy\/wp-json\/wp\/v2\/media?parent=793"}],"wp:term":[{"taxonomy":"category","embeddable":true,"href":"https:\/\/blogs.hoy.es\/moterosdehoy\/wp-json\/wp\/v2\/categories?post=793"},{"taxonomy":"post_tag","embeddable":true,"href":"https:\/\/blogs.hoy.es\/moterosdehoy\/wp-json\/wp\/v2\/tags?post=793"}],"curies":[{"name":"wp","href":"https:\/\/api.w.org\/{rel}","templated":true}]}}