{"id":800,"date":"2013-08-21T18:26:41","date_gmt":"2013-08-21T18:26:41","guid":{"rendered":"http:\/\/blogs.hoy.es\/moterosdehoy\/?p=800"},"modified":"2013-08-21T18:26:41","modified_gmt":"2013-08-21T18:26:41","slug":"xi-concentracion-motera-en-coria","status":"publish","type":"post","link":"https:\/\/blogs.hoy.es\/moterosdehoy\/2013\/08\/21\/xi-concentracion-motera-en-coria\/","title":{"rendered":"XI Concentraci\u00f3n motera en Coria"},"content":{"rendered":"<p style=\"text-align: justify;\">\u00a0 Por und\u00e9cima ocasi\u00f3n la <strong><a title=\"Enlace al blog de la Pe\u00f1a Motera Esperando\" href=\"http:\/\/pmesperando.blogspot.com.es\/\" target=\"_blank\" rel=\"external nofollow\">Pe\u00f1a Motera Esperando<\/a><\/strong> nos ha preparado una concentraci\u00f3n motera en su localidad &#8220;<a title=\"Coria en Wikipedia\" href=\"http:\/\/es.wikipedia.org\/wiki\/Coria\" target=\"_blank\" rel=\"external nofollow\">Coria<\/a>&#8220;, teniendo lugar <strong>entre los d\u00edas 6 y 8 de septiembre<\/strong> de 2013.<\/p>\n<div class=\"mceTemp\" style=\"text-align: justify;\">\n<dl id=\"attachment_801\" class=\"wp-caption alignleft\" style=\"width: 223px;\">\n<dt class=\"wp-caption-dt\"><a href=\"\/moterosdehoy\/wp-content\/uploads\/sites\/45\/2013\/08\/XI-Concentraci\u00f3n-motera-Coria.jpg\"><img loading=\"lazy\" class=\"size-medium wp-image-801\" title=\"XI Concentraci\u00f3n motera Coria\" src=\"\/moterosdehoy\/wp-content\/uploads\/sites\/45\/2013\/08\/XI-Concentraci\u00f3n-motera-Coria.jpg\" alt=\"\" width=\"213\" height=\"300\" srcset=\"https:\/\/static-blogs.hoy.es\/wp-content\/uploads\/sites\/45\/2013\/08\/XI-Concentraci\u00f3n-motera-Coria.jpg 683w, https:\/\/static-blogs.hoy.es\/wp-content\/uploads\/sites\/45\/2013\/08\/XI-Concentraci\u00f3n-motera-Coria-213x300.jpg 213w\" sizes=\"(max-width: 213px) 100vw, 213px\" \/><\/a><\/dt>\n<dd class=\"wp-caption-dd\">Cartel del evento<\/dd>\n<\/dl>\n<\/div>\n<p style=\"text-align: justify;\">\u00a0 Para los que hab\u00e9is acudido en ediciones anteriores, tener en cuenta que la concentraci\u00f3n ha cambiado de zona. Ser\u00e1 en la Plaza del Norte (zona del mercadillo). Desde la organizaci\u00f3n se han comprometido a se\u00f1alizar la entrada con carteles, por lo que no habr\u00e1 p\u00e9rdida.<\/p>\n<p style=\"text-align: justify;\">\u00a0 En \u00e9sta ocasi\u00f3n la inscripci\u00f3n tendr\u00e1 un coste de 30\u20ac (no socios) y 20\u20ac (socios), para todo el fin de semana, donde podr\u00e1s disfrutar de la siguiente programaci\u00f3n:<\/p>\n<h3>VIERNES, 6 DE SEPTIEMBRE<\/h3>\n<ul>\n<li><span style=\"font-size: 1.17em;\">19:00 h, apertura de inscripciones en &#8220;Plaza del Norte&#8221;<\/span><\/li>\n<li><strong>Ca\u00f1a de bienvenida<\/strong>, ofrecida por\u00a0Hoteleros Plaza del Norte.<\/li>\n<li><span style=\"font-size: 1.17em;\">21:30 h, cena libre. Sugerimos Mes\u00f3n &#8221; Las Tejas&#8221;<\/span><\/li>\n<li>22:00 h, DJ Jes\u00fas (Plaza del Norte)<\/li>\n<li><span style=\"font-size: 1.17em;\">23:00 h, <strong>concierto<\/strong> de Diana Martin (Plaza del Norte)<\/span><\/li>\n<li>00:30 h, actuaci\u00f3n del grupo Wawankoo (Plaza del Norte)<\/li>\n<\/ul>\n<p>&nbsp;<\/p>\n<p>&nbsp;<\/p>\n<h3>SABADO, 7 DE SEPTIEMBRE<\/h3>\n<ul>\n<li>10:00 h, reapertura de inscripciones (Plaza del Norte)<\/li>\n<li>11:30 h, <strong>ruta motera<\/strong> a Alag\u00f3n (Bar &#8220;El Hogar&#8221;), regreso a Coria y parada en Bar &#8220;Candilejas&#8221;<\/li>\n<li>14:00 h, <strong>comida<\/strong> en Plaza del Norte, por gentileza de Hosteleros Plaza del Norte.<\/li>\n<li>17:00 h, reapertura de inscripciones.<\/li>\n<li>18:00 h, <strong>espect\u00e1culo<\/strong> Trial Indoor amenizada por Nachette.<\/li>\n<li>20:00 h, <strong>ruta bar\u00edtima<\/strong> por la ciudad con paradas en Restaurante &#8220;Los Kekes&#8221; y Pub &#8220;La Cueva&#8221;<\/li>\n<li>21:30 h, <strong>cena<\/strong> en Restaurante Montesol.<\/li>\n<li>22:00 h, <strong>concierto<\/strong> del grupo local (Cerco) en Plaza del Norte.<\/li>\n<li>00:00 h, <strong>concierto<\/strong> AmigOz (ex-componentes del grupo Mago de Oz) en Plaza del Norte<\/li>\n<\/ul>\n<h3>DOMINGO, 8 DE SEPTIEMBRE<\/h3>\n<ul>\n<li>9:30 h, reapertura de inscripciones.<\/li>\n<li>Desayuno en Plaza del Norte.<\/li>\n<li>11:00 h, <strong>ruta tur\u00edstica<\/strong> de Coria a Villasbuenas de Gata, con parada en el Bar &#8220;Avenida&#8221;, para continuar a Moraleja, con nueva parada en Bar &#8220;La Pizarra&#8221;, regresando a la ruta para finalizar en Coria<\/li>\n<li>14:00 h: <strong>comida<\/strong> en Restaurante Montesol.<\/li>\n<\/ul>\n<p>Durante la concentraci\u00f3n habr\u00e1n <strong>sorteos<\/strong>, entre los que habr\u00e1n SIETE CASCOS.<\/p>\n<p>Aprovecha esta oportunidad para conocer Coria y sus alrededores.<\/p>\n<p><strong><a title=\"Enlace al facebook de Moteros de Hoy\" href=\"https:\/\/www.facebook.com\/moteroshoy?ref=hl\" target=\"_blank\" rel=\"external nofollow\">Saludos y r\u00e1fagas<\/a><\/strong>.<\/p>\n<!-- AddThis Advanced Settings generic via filter on the_content --><!-- AddThis Share Buttons generic via filter on the_content -->","protected":false},"excerpt":{"rendered":"<p>\u00a0 Por und\u00e9cima ocasi\u00f3n la Pe\u00f1a Motera Esperando nos ha preparado una concentraci\u00f3n motera en su localidad &#8220;Coria&#8220;, teniendo lugar entre los d\u00edas 6 y 8 de septiembre de 2013. Cartel del evento \u00a0 Para los que hab\u00e9is acudido en ediciones anteriores, tener en cuenta que la concentraci\u00f3n ha cambiado de zona. Ser\u00e1 en la [&hellip;]<!-- AddThis Advanced Settings generic via filter on get_the_excerpt --><!-- AddThis Share Buttons generic via filter on get_the_excerpt --><\/p>\n","protected":false},"author":49,"featured_media":0,"comment_status":"open","ping_status":"closed","sticky":false,"template":"","format":"standard","meta":[],"categories":[13],"tags":[622,624,629,639,641,763,1026],"_links":{"self":[{"href":"https:\/\/blogs.hoy.es\/moterosdehoy\/wp-json\/wp\/v2\/posts\/800"}],"collection":[{"href":"https:\/\/blogs.hoy.es\/moterosdehoy\/wp-json\/wp\/v2\/posts"}],"about":[{"href":"https:\/\/blogs.hoy.es\/moterosdehoy\/wp-json\/wp\/v2\/types\/post"}],"author":[{"embeddable":true,"href":"https:\/\/blogs.hoy.es\/moterosdehoy\/wp-json\/wp\/v2\/users\/49"}],"replies":[{"embeddable":true,"href":"https:\/\/blogs.hoy.es\/moterosdehoy\/wp-json\/wp\/v2\/comments?post=800"}],"version-history":[{"count":0,"href":"https:\/\/blogs.hoy.es\/moterosdehoy\/wp-json\/wp\/v2\/posts\/800\/revisions"}],"wp:attachment":[{"href":"https:\/\/blogs.hoy.es\/moterosdehoy\/wp-json\/wp\/v2\/media?parent=800"}],"wp:term":[{"taxonomy":"category","embeddable":true,"href":"https:\/\/blogs.hoy.es\/moterosdehoy\/wp-json\/wp\/v2\/categories?post=800"},{"taxonomy":"post_tag","embeddable":true,"href":"https:\/\/blogs.hoy.es\/moterosdehoy\/wp-json\/wp\/v2\/tags?post=800"}],"curies":[{"name":"wp","href":"https:\/\/api.w.org\/{rel}","templated":true}]}}