{"id":802,"date":"2013-08-22T05:27:08","date_gmt":"2013-08-22T05:27:08","guid":{"rendered":"http:\/\/blogs.hoy.es\/moterosdehoy\/?p=802"},"modified":"2013-08-22T05:27:08","modified_gmt":"2013-08-22T05:27:08","slug":"concentraciones-moteras-septiembre-2013","status":"publish","type":"post","link":"https:\/\/blogs.hoy.es\/moterosdehoy\/2013\/08\/22\/concentraciones-moteras-septiembre-2013\/","title":{"rendered":"Concentraciones moteras SEPTIEMBRE 2013"},"content":{"rendered":"<p style=\"text-align: justify;\">\u00a0 Septiembre como a\u00f1os atr\u00e1s es un mes cargado de concentraciones, va finalizando el verano y son muchas las Pe\u00f1as y MotoClubs que quieren despedirlo.<\/p>\n<p style=\"text-align: justify;\"><a href=\"\/moterosdehoy\/wp-content\/uploads\/sites\/45\/2013\/08\/Chica-sobre-moto.jpg\"><img loading=\"lazy\" class=\"alignleft size-medium wp-image-803\" title=\"Chica sobre moto\" src=\"\/moterosdehoy\/wp-content\/uploads\/sites\/45\/2013\/08\/Chica-sobre-moto.jpg\" alt=\"\" width=\"300\" height=\"207\" srcset=\"https:\/\/static-blogs.hoy.es\/wp-content\/uploads\/sites\/45\/2013\/08\/Chica-sobre-moto.jpg 400w, https:\/\/static-blogs.hoy.es\/wp-content\/uploads\/sites\/45\/2013\/08\/Chica-sobre-moto-300x207.jpg 300w\" sizes=\"(max-width: 300px) 100vw, 300px\" \/><\/a>\u00a0 Por el momento dentro de Extremadura hay varias concentraciones importantes, entre ellas la de C\u00e1ceres de la mano de los Buitres Leonaos, la cual recomiendo, y un fin de semana despu\u00e9s la del grupo Moto&#038;Vida en la Escuela de Tr\u00e1fico de M\u00e9rida, en la que realizan cursos de conducci\u00f3n donde puedes conocer mejor tu moto.<\/p>\n<p style=\"text-align: justify;\">\u00a0Aqu\u00ed os dejo las principales concentraciones y quedadas moteras. Como de costumbre est\u00e1n separadas primero las de dentro de Extremadura, luego las del resto de Espa\u00f1a y para finalizar las de fuera.<\/p>\n<h3>\u00a0Relaci\u00f3n de concentraciones y quedadas moteras a lo largo de\u00a0<strong>septiembre<\/strong>\u00a02013 dentro de\u00a0<strong>Extremadura<\/strong>:<\/h3>\n<p>Del\u00a0<strong>6 al 8<\/strong>\u00a0\u2013\u00a0<a title=\"XI Concentraci\u00f3n motera en Coria\" href=\"https:\/\/blogs.hoy.es\/moterosdehoy\/2013\/08\/21\/xi-concentracion-motera-en-coria\/\" target=\"_blank\">XI Concentraci\u00f3n motera \u201cPe\u00f1a Motera Esperando\u201d<\/a>, en Coria (<strong>C\u00e1ceres<\/strong>)<\/p>\n<p>D\u00eda <strong>7<\/strong> &#8211; <a title=\"II Aniversario Hollister\" href=\"https:\/\/blogs.hoy.es\/moterosdehoy\/2013\/08\/23\/ii-aniversario-hollister-custom-club-badajoz\/\" target=\"_blank\">II Aniversario Hollister 3.24 Custom Club<\/a>, en <strong>Badajoz<\/strong><\/p>\n<p>D\u00edas\u00a0<strong>7 y 8<\/strong>\u00a0\u2013 <a title=\"II Convivencia motera Varavera\" href=\"https:\/\/blogs.hoy.es\/moterosdehoy\/2013\/08\/29\/ii-convivencia-varadero-custratur\/\" target=\"_blank\">II Convivencia\u00a0Varadero-Custratur\u00a0VARAVERA 2013<\/a>, en Talayuela (<strong>C\u00e1ceres<\/strong>)<\/p>\n<p>D\u00eda\u00a0<strong>8<\/strong>\u00a0\u2013 Ruta Monfrag\u00fce-Los llanos, de\u00a0<a title=\"Blog de Support 17 Madrid\" href=\"http:\/\/pawneesmcmadrid.blogspot.com.es\/2013\/04\/ruta-support-17-extremadura.html\" target=\"_blank\" rel=\"external nofollow\">Support 17 Madrid<\/a>, en Plasencia (<strong>C\u00e1ceres<\/strong>)<\/p>\n<p>Del\u00a0<strong>20 al 22<\/strong>\u00a0\u2013\u00a0<a title=\"Concentraci\u00f3n motera Buitres Leonaos\" href=\"https:\/\/blogs.hoy.es\/moterosdehoy\/2013\/08\/28\/la-concentracion-de-caceres\/\" target=\"_blank\">VII Concentraci\u00f3n Internacional Buitres Leonaos<\/a>, en\u00a0<strong>C\u00e1ceres &#8211; &#8211; &#8211; <span style=\"color: #ff0000;\">RECOMENDADA<\/span><\/strong><\/p>\n<p>D\u00edas\u00a0<strong>28 y 29<\/strong>\u00a0\u2013 <a title=\"IV Encuentro\" href=\"https:\/\/blogs.hoy.es\/moterosdehoy\/2013\/09\/18\/iv-encuentro-moteros-motoristas\/\" target=\"_blank\">IV Encuentro\u00a0Moteros &#038; Motoristas<\/a>, en M\u00e9rida (<strong>Badajoz<\/strong>)<\/p>\n<p>&nbsp;<\/p>\n<h3><strong>Fuera de Extremadura<\/strong>:<\/h3>\n<p>D\u00eda\u00a0<strong>1<\/strong>\u00a0\u2013\u00a0<a title=\"X Reuni\u00f3n motera\" href=\"http:\/\/www.tumotoweb.com\/destacada.php?id=2687\" target=\"_blank\" rel=\"external nofollow\">X Reuni\u00f3n Motera Villa La Campana<\/a>, en La Campana (<strong>Sevilla<\/strong>)\u00a0<!--more--><\/p>\n<p>D\u00eda\u00a0<strong>1<\/strong>&#8211;\u00a0<a title=\"IV Reuni\u00f3n motera Aguiluchos\" href=\"http:\/\/www.tumotoweb.com\/destacada.php?id=2486\" target=\"_blank\" rel=\"external nofollow\">IV Reuni\u00f3n Motera Aguiluchos<\/a>, en \u00c1lora (<strong>M\u00e1laga<\/strong>)<\/p>\n<p>D\u00eda\u00a0<strong>1<\/strong>\u00a0\u2013\u00a0<a title=\"II Reuni\u00f3n motera\" href=\"http:\/\/www.tumotoweb.com\/destacada.php?id=2591\" target=\"_blank\" rel=\"external nofollow\">II Reuni\u00f3n Motera \u00a1Y me denunciaron!<\/a>, en Villafranca de C\u00f3rdoba (<strong>C\u00f3rdoba<\/strong>)<\/p>\n<p>D\u00eda <strong>1<\/strong> &#8211; <a title=\"IV Matinal Clasic Vespa\" href=\"http:\/\/www.contumoto.com\/verEvento.php?IDEvento=720\" target=\"_blank\" rel=\"external nofollow\">IV Matinal Clasic Vespa La Vall Duixo<\/a>, en la Vall d&#8217;Uix\u00f3 (<strong>Castell\u00f3n<\/strong>)<\/p>\n<p>D\u00eda\u00a0<strong>1<\/strong>\u00a0\u2013\u00a0<a title=\"III Concentraci\u00f3n Internacional Costa Blanca\" href=\"http:\/\/www.costablancabikeshow.es\/\" target=\"_blank\" rel=\"external nofollow\">III Concentraci\u00f3n Internacional Costa Blanca Bike Show<\/a>, en Albir (<strong>Alicante<\/strong>)<\/p>\n<p>Del\u00a0<strong>6 al 8<\/strong>\u00a0\u2013\u00a0<a title=\"XXIX Concentraci\u00f3n Rias Baixas\" href=\"http:\/\/www.mcsanxenxo.com\/\" target=\"_blank\" rel=\"external nofollow\">XXIX Concentraci\u00f3n Mototur\u00edstica internacional \u2013 Rias Baixas<\/a>, en Sanxenxo (<strong>Pontevedra<\/strong>)<\/p>\n<p>Del\u00a0<strong>6 al 8<\/strong>\u00a0\u2013\u00a0<a title=\"VI Cocentraci\u00f3n Motera Picos de Europa\" href=\"http:\/\/www.tumotoweb.com\/destacada.php?id=2693\" target=\"_blank\" rel=\"external nofollow\">VI Concentraci\u00f3n Motera Picos de Europa<\/a>, en Ria\u00f1o (<strong>Le\u00f3n<\/strong>)<\/p>\n<p>D\u00edas\u00a0<strong>7 y 8<\/strong>\u00a0\u2013\u00a0<a title=\"XX Concentraci\u00f3n de motos El Cuervo\" href=\"http:\/\/www.tumotoweb.com\/destacada.php?id=2647\" target=\"_blank\" rel=\"external nofollow\">XX Concentraci\u00f3n de motos El Cuervo<\/a>, en El Cuervo (<strong>Sevilla<\/strong>)<\/p>\n<p>D\u00edas\u00a0<strong>7 y 8<\/strong>\u00a0\u2013\u00a0<a title=\"P\u00e1gina de Motoleiros\" href=\"http:\/\/www.motoleiros.com\/web\/\" target=\"_blank\" rel=\"external nofollow\">VI Encuentro motos cl\u00e1sicas<\/a>, en Oleiros (<strong>La Coru\u00f1a<\/strong>)<\/p>\n<p>D\u00eda\u00a0<strong>8<\/strong>\u00a0\u2013\u00a0<a title=\"XII Reuni\u00f3n Mototur\u00edstica\" href=\"http:\/\/www.tumotoweb.com\/destacada.php?id=2540\" target=\"_blank\" rel=\"external nofollow\">XII Reuni\u00f3n Mototur\u00edstica Villa de Nueva Carteya<\/a>, en Nueva Carteya (<strong>C\u00f3rdoba<\/strong>)<\/p>\n<p>D\u00eda\u00a0<strong>8<\/strong>\u00a0\u2013\u00a0<a title=\"X Concentraci\u00f3n Motera\" href=\"http:\/\/www.tumotoweb.com\/destacada.php?id=2624\" target=\"_blank\" rel=\"external nofollow\">X Concentraci\u00f3n Motera Halcones Axarquia<\/a>, en Algarrobo Costa (<strong>M\u00e1laga<\/strong>)<\/p>\n<p>Del\u00a0<strong>13 al 15<\/strong>\u00a0\u2013\u00a0<a title=\"VII Concentraci\u00f3n Motera Ben\u00e9fica\" href=\"http:\/\/www.tumotoweb.com\/destacada.php?id=2532\" target=\"_blank\" rel=\"external nofollow\">VII Concentraci\u00f3n Motera Ben\u00e9fica<\/a>, en Tarifa (<strong>C\u00e1diz<\/strong>)<\/p>\n<p>D\u00eda\u00a0<strong>15<\/strong>\u00a0\u2013\u00a0<a title=\"XI Motoalmuerzo Ruta 340\" href=\"http:\/\/www.tumotoweb.com\/destacada.php?id=2680\" target=\"_blank\" rel=\"external nofollow\">XI Motoalmuerzo Ruta 340 Motorcycles<\/a>, en Torrox Costa (<strong>M\u00e1laga<\/strong>)<\/p>\n<p>Del\u00a0<strong>20 al 22<\/strong>\u00a0\u2013\u00a0<a title=\"XI Concentraci\u00f3n Motera, To el que quiera\" href=\"http:\/\/www.tumotoweb.com\/calendario.php?id=7&#038;mes=9&#038;anio=2013#event_2694\" target=\"_blank\" rel=\"external nofollow\">XI Concentraci\u00f3n Motera \u201cTo el que quiera\u201d<\/a>, en Chill\u00f3n (<strong>Ciudad Real<\/strong>)<\/p>\n<p>D\u00edas <strong>21 y 22<\/strong> &#8211; <a title=\"XXVIII Concentraci\u00f3n Ciudad del Vino\" href=\"http:\/\/www.tumotoweb.com\/destacada.php?id=2690\" target=\"_blank\" rel=\"external nofollow\">XXVIII Concentraci\u00f3n Motociclista Ciudad del Vino<\/a>, en Montilla (<strong>C\u00f3rdoba<\/strong>)<\/p>\n<p>D\u00eda <strong>22<\/strong> &#8211; <a title=\"VIII Concentraci\u00f3n Telera\" href=\"http:\/\/www.tumotoweb.com\/destacada.php?id=2544\" target=\"_blank\" rel=\"external nofollow\">VIII Concentraci\u00f3n Motera Telera<\/a>, en Alcal\u00e1 de Guadaira (<strong>Sevilla<\/strong>)<\/p>\n<p>&nbsp;<\/p>\n<h3><strong>F<strong>uera de Espa\u00f1a<\/strong><\/strong>:<\/h3>\n<p>Del <strong>30\/08 al 01\/09<\/strong> &#8211; <a title=\"XXI Concentra\u00e7ao Castelo Branco\" href=\"http:\/\/www.motoclubmotrix.org\/foro\/viewtopic.php?t=1671&#038;p=23103#p23103\" target=\"_blank\" rel=\"external nofollow\">XXI Concentra\u00e7ao Castelo Branco<\/a>, en Castelo Branco (<strong>Portugal<\/strong>)<\/p>\n<p>Del\u00a0<strong>6 al 8<\/strong>\u00a0\u2013\u00a0<strong><\/strong><a title=\"XIV Concentra\u00e7ao\" href=\"http:\/\/www.motoclubmotrix.org\/foro\/viewtopic.php?t=867&#038;p=23028#p23028\" target=\"_blank\" rel=\"external nofollow\">XIV Concentra\u00e7ao do moto clube de Mafra<\/a>, en Sobreiro (<strong>Portugal<\/strong>)<\/p>\n<p>D\u00edas\u00a0<strong>7 y 8<\/strong>\u00a0\u2013\u00a0<a title=\"XII Wolves-party\" href=\"http:\/\/www.motoclubmotrix.org\/foro\/viewtopic.php?t=3139&#038;p=22452#p22452\" target=\"_blank\" rel=\"external nofollow\">XII Wolves-party<\/a>, en Blaye (<strong>Francia<\/strong>)<\/p>\n<p>D\u00edas <strong>7 y 8<\/strong> &#8211;\u00a0<a title=\"VI Concentra\u00e7ao\" href=\"http:\/\/www.motoclubmotrix.org\/foro\/viewtopic.php?t=3911&#038;start=9999\" target=\"_blank\" rel=\"external nofollow\">VI Concentra\u00e7\u00e3o Motard Tartarugas<\/a>, en\u00a0M\u00fcllheim (<strong>Suiza<\/strong>)<\/p>\n<p>D\u00eda <strong>14<\/strong> &#8211; <a title=\"Cartel del evento\" href=\"https:\/\/blogs.hoy.es\/moterosdehoy\/2013\/09\/13\/moteros-en-portalegre\/\" target=\"_blank\">XIV Aniversario Grupo Motard Novo Milenio<\/a>, en Portalegre (<strong>Portugal<\/strong>)<\/p>\n<div id=\"attachment_804\" style=\"width: 160px\" class=\"wp-caption alignright\"><a href=\"\/moterosdehoy\/wp-content\/uploads\/sites\/45\/2013\/08\/Motero-en-Puerta-Palma.jpg\"><img aria-describedby=\"caption-attachment-804\" loading=\"lazy\" class=\"size-thumbnail wp-image-804\" title=\"Motero en Puerta Palma\" src=\"\/moterosdehoy\/wp-content\/uploads\/sites\/45\/2013\/08\/Motero-en-Puerta-Palma.jpg\" alt=\"\" width=\"150\" height=\"150\" \/><\/a><p id=\"caption-attachment-804\" class=\"wp-caption-text\">Moteros de Hoy<\/p><\/div>\n<p>&nbsp;<\/p>\n<p>Ir\u00e9 poniendo m\u00e1s y sus enlaces a medida que se aproximen y me vaya enterando.<\/p>\n<p>Espero que disfrut\u00e9is de muchas de ellas e igual nos vemos por ah\u00ed.<\/p>\n<p><strong><a title=\"Enlace al facebook de Moteros de Hoy\" href=\"https:\/\/www.facebook.com\/moteroshoy?ref=hl\" target=\"_blank\" rel=\"external nofollow\">Saludos y r\u00e1fagas<\/a>.<\/strong><\/p>\n<!-- AddThis Advanced Settings generic via filter on the_content --><!-- AddThis Share Buttons generic via filter on the_content -->","protected":false},"excerpt":{"rendered":"<p>\u00a0 Septiembre como a\u00f1os atr\u00e1s es un mes cargado de concentraciones, va finalizando el verano y son muchas las Pe\u00f1as y MotoClubs que quieren despedirlo. \u00a0 Por el momento dentro de Extremadura hay varias concentraciones importantes, entre ellas la de C\u00e1ceres de la mano de los Buitres Leonaos, la cual recomiendo, y un fin de [&hellip;]<!-- AddThis Advanced Settings generic via filter on get_the_excerpt --><!-- AddThis Share Buttons generic via filter on get_the_excerpt --><\/p>\n","protected":false},"author":49,"featured_media":0,"comment_status":"open","ping_status":"closed","sticky":false,"template":"","format":"standard","meta":[],"categories":[13],"tags":[121,242,270,622,629,639,641],"_links":{"self":[{"href":"https:\/\/blogs.hoy.es\/moterosdehoy\/wp-json\/wp\/v2\/posts\/802"}],"collection":[{"href":"https:\/\/blogs.hoy.es\/moterosdehoy\/wp-json\/wp\/v2\/posts"}],"about":[{"href":"https:\/\/blogs.hoy.es\/moterosdehoy\/wp-json\/wp\/v2\/types\/post"}],"author":[{"embeddable":true,"href":"https:\/\/blogs.hoy.es\/moterosdehoy\/wp-json\/wp\/v2\/users\/49"}],"replies":[{"embeddable":true,"href":"https:\/\/blogs.hoy.es\/moterosdehoy\/wp-json\/wp\/v2\/comments?post=802"}],"version-history":[{"count":0,"href":"https:\/\/blogs.hoy.es\/moterosdehoy\/wp-json\/wp\/v2\/posts\/802\/revisions"}],"wp:attachment":[{"href":"https:\/\/blogs.hoy.es\/moterosdehoy\/wp-json\/wp\/v2\/media?parent=802"}],"wp:term":[{"taxonomy":"category","embeddable":true,"href":"https:\/\/blogs.hoy.es\/moterosdehoy\/wp-json\/wp\/v2\/categories?post=802"},{"taxonomy":"post_tag","embeddable":true,"href":"https:\/\/blogs.hoy.es\/moterosdehoy\/wp-json\/wp\/v2\/tags?post=802"}],"curies":[{"name":"wp","href":"https:\/\/api.w.org\/{rel}","templated":true}]}}