{"id":809,"date":"2013-08-28T12:59:04","date_gmt":"2013-08-28T12:59:04","guid":{"rendered":"http:\/\/blogs.hoy.es\/moterosdehoy\/?p=809"},"modified":"2013-08-28T12:59:04","modified_gmt":"2013-08-28T12:59:04","slug":"la-concentracion-de-caceres","status":"publish","type":"post","link":"https:\/\/blogs.hoy.es\/moterosdehoy\/2013\/08\/28\/la-concentracion-de-caceres\/","title":{"rendered":"La concentraci\u00f3n de C\u00e1ceres"},"content":{"rendered":"<p style=\"text-align: justify;\">\u00a0 \u00a0Los d\u00edas <strong>entre el 20 y 22 de septiembre<\/strong> 2013, tendr\u00e1 lugar la <strong>VII Concentraci\u00f3n Internacional Motera &#8220;<a title=\"Enlace al blog de los Buitres\" href=\"http:\/\/www.buitresleonaos.com\/\" target=\"_blank\" rel=\"external nofollow\">BUITRES LEONAOS<\/a>&#8220;<\/strong>.<\/p>\n<p style=\"text-align: justify;\"><span><a href=\"\/moterosdehoy\/wp-content\/uploads\/sites\/45\/2013\/08\/Cartel-Buitres-2013-e1377694249405.jpg\"><img loading=\"lazy\" class=\"alignleft size-medium wp-image-810\" title=\"Cartel Buitres 2013\" src=\"\/moterosdehoy\/wp-content\/uploads\/sites\/45\/2013\/08\/Cartel-Buitres-2013-e1377694249405.jpg\" alt=\"\" width=\"300\" height=\"216\" srcset=\"https:\/\/static-blogs.hoy.es\/wp-content\/uploads\/sites\/45\/2013\/08\/Cartel-Buitres-2013-e1377694249405.jpg 516w, https:\/\/static-blogs.hoy.es\/wp-content\/uploads\/sites\/45\/2013\/08\/Cartel-Buitres-2013-e1377694249405-300x216.jpg 300w\" sizes=\"(max-width: 300px) 100vw, 300px\" \/><\/a>\u00a0 \u00a0Como en ediciones anteriores la asociaci\u00f3n motera denominada Buitres Leonaos es la organizadora del evento que tendr\u00e1 lugar en <\/span><a title=\"C\u00e1ceres en Wikipedia\" href=\"http:\/\/es.wikipedia.org\/wiki\/C%C3%A1ceres\" target=\"_blank\" rel=\"external nofollow\">C\u00e1ceres<\/a><span>, concretamente en el\u00a0<\/span><strong><a href=\"http:\/\/callejero.interbusca.com\/CACERES\/CACERES\/Parkea-parque+el+cuartillo-1.html\" rel=\"external nofollow\" target=\"_blank\">Parque del Cuartillo<\/a><\/strong><span>, y como ellos dicen &#8220;aunque a\u00fan quedan cosas por atar&#8221; ya tienen preparada la zona de acampada en c\u00e9sped, recinto vigilado, rutas por C\u00e1ceres el s\u00e1bado y por los pueblos de los alrededores el domingo.<\/span><\/p>\n<p style=\"text-align: justify;\">\u00a0 \u00a0Los conciertos, ir\u00e1n de la mano de los grupos que van en el cartel: Free Music, Tet\u00e9 y los Ciclones, Marcos Elvis, alg\u00fan grupo m\u00e1s que se una a \u00faltima hora y Dj&#8217;s.<\/p>\n<p style=\"text-align: justify;\">\u00a0 En cuanto a las comidas por parte de la organizaci\u00f3n se dar\u00e1 una sardinada con degustaci\u00f3n de productos de la tierra el s\u00e1bado, cena en plan barbacoa, y desayuno y comida del domingo, la comida del domingo aun no est\u00e1 cerrada, va en funci\u00f3n de la gente que haya para comer, pero todo en el recinto de la concentraci\u00f3n que es un descampado que se acondiciona para el evento.<\/p>\n<p style=\"text-align: justify;\">\u00a0 \u00a0Por supuesto tambi\u00e9n habr\u00e1 tatoos, show er\u00f3tico, mercadillo, servicio de bar 24 horas, regalos y fiesta, muuuucha fiesta, adem\u00e1s de algo de cerveza. Variedad de concursos\u00a0el s\u00e1bado por la tarde, en el que se incluir\u00e1 un concurso de tatoos y tambi\u00e9n un buen n\u00famero de regalos para sortear el domingo.\u00a0<!--more--><\/p>\n<p style=\"text-align: justify;\">\u00a0 \u00a0La concentraci\u00f3n de los Buitres Leonaos ha sido calificada por alguna revista del sector custom como un mini Faro, para que os hag\u00e1is una idea. Si quieres ver <strong>fotos de algunas de sus salidas <a title=\"Enlace a fotos de su blog\" href=\"http:\/\/www.buitresleonaos.com\/index.php?option=com_phocagallery&#038;view=categories&#038;Itemid=6\" target=\"_blank\" rel=\"external nofollow\">clic aqu\u00ed<\/a><\/strong>.<\/p>\n<p style=\"text-align: justify;\">\u00a0 \u00a0 Las inscripciones se abrir\u00e1n el viernes d\u00eda 20 a las 17:00 h, en la zona de la concentraci\u00f3n, con un precio de 18\u20ac para el viernes y s\u00e1bado y 10\u20ac s\u00f3lo domingo, donde te dar\u00e1n una bolsa de bienvenida en la que podr\u00e1s encontrar\u00a0una camiseta conmemorativa, un pin y dem\u00e1s art\u00edculos promocionales, solo pudiendo garantizarlo a los inscritos online, el resto hasta agotar existencias. Al margen de ello, cervezas en ruta, y algo de pinchoteo. As\u00ed que si tienes pensado acudir <strong><a title=\"Inscripciones online a la concentra de los Buitres\" href=\"http:\/\/www.buitresleonaos.com\/index.php?option=com_rsform&#038;formId=3&#038;Itemid=99999\" target=\"_blank\" rel=\"external nofollow\">inscribete online aqu\u00ed<\/a><\/strong>.<\/p>\n<div id=\"attachment_811\" style=\"width: 216px\" class=\"wp-caption alignright\"><a href=\"\/moterosdehoy\/wp-content\/uploads\/sites\/45\/2013\/08\/Cartel-Buitres-20131.jpg\"><img aria-describedby=\"caption-attachment-811\" loading=\"lazy\" class=\"size-medium wp-image-811\" title=\"Cartel Buitres 2013\" src=\"\/moterosdehoy\/wp-content\/uploads\/sites\/45\/2013\/08\/Cartel-Buitres-20131.jpg\" alt=\"\" width=\"206\" height=\"300\" srcset=\"https:\/\/static-blogs.hoy.es\/wp-content\/uploads\/sites\/45\/2013\/08\/Cartel-Buitres-20131.jpg 550w, https:\/\/static-blogs.hoy.es\/wp-content\/uploads\/sites\/45\/2013\/08\/Cartel-Buitres-20131-206x300.jpg 206w\" sizes=\"(max-width: 206px) 100vw, 206px\" \/><\/a><p id=\"caption-attachment-811\" class=\"wp-caption-text\">Cartel del evento<\/p><\/div>\n<p style=\"text-align: justify;\">\u00a0\u00a0El grupo custom \u201cBuitres Leonaos\u201d cuya sede est\u00e1 en Avd. de la Bondad, 18, 10005, C\u00e1ceres, se fund\u00f3 en el a\u00f1o 2002 por cinco aficionados a las motos custom, no sabiendo decir cual de ellos tuvo la idea de formalizarse como asociaci\u00f3n, siendo ahora 25 miembros y saben muy bien que el mundo de las dos ruedas es muy peligroso, habiendo sufrido p\u00e9rdidas de entre sus miembros en la carretera.<\/p>\n<p style=\"text-align: justify;\">\u00a0 \u00a0Adem\u00e1s de organizar rutas y concentraciones, tienen muchas\u00a0<a title=\"Participaci\u00f3n social de los Buitres Leonaos\" href=\"http:\/\/participacion.ayto-caceres.es\/asociacion\/moto-club-buitres-leonaos\" target=\"_blank\" rel=\"external nofollow\">actividades sociales<\/a>. Participan con la Hermandad de Donantes de Sangre y con eventos del Ayuntamiento. En la edici\u00f3n del a\u00f1o pasado, la cual coincidi\u00f3 con su d\u00e9cimo aniversario, ten\u00edan como objetivo llegar a los 500 inscritos y superaron los 700, lo que les qued\u00f3 algo desbordados, pero para \u00e9ste a\u00f1o est\u00e1n haciendo todo lo que est\u00e1 en su mano para <strong>llegar a los 1000 inscritos<\/strong>.<\/p>\n<p style=\"text-align: justify;\">\u00a0 \u00a0Hay que tener en cuenta que en un tiempo de crisis en la que todas las concentraciones pierden adeptos, la de los Buitres sube y sube, quiz\u00e1s sea por lo bien que lo tienen organizado y quien acude vuelve, por el momento puedo decir que si vas, nos veremos por all\u00ed.<\/p>\n<p style=\"text-align: justify;\">\u00a0 \u00a0 Si quieres ver algunas fotos de como transcurri\u00f3 <strong><a title=\"Fotos del evento\" href=\"http:\/\/www.hoy.es\/multimedia\/fotos\/caceres\/20130922\/buitres-leonaos-llenan-caceres-3061946837192-mm.html\" target=\"_blank\" rel=\"external nofollow\">haz clic aqu\u00ed<\/a><\/strong>.<\/p>\n<p style=\"text-align: justify;\"><strong>\u00a0 \u00a0 Y si prefieres aqu\u00ed te dejo un <a title=\"V\u00eddeo de como transcurri\u00f3\" href=\"http:\/\/youtu.be\/8Oz5keFe8Mc\" target=\"_blank\" rel=\"external nofollow\">v\u00eddeo<\/a>.<\/strong><\/p>\n<p style=\"text-align: justify;\">\u00a0 \u00a0<strong><a title=\"Enlace al facebook de Moteros de Hoy\" href=\"https:\/\/www.facebook.com\/moteroshoy?ref=hl\" target=\"_blank\" rel=\"external nofollow\">Saludos y r\u00e1fagas<\/a><\/strong>.<\/p>\n<p>&nbsp;<\/p>\n<!-- AddThis Advanced Settings generic via filter on the_content --><!-- AddThis Share Buttons generic via filter on the_content -->","protected":false},"excerpt":{"rendered":"<p>\u00a0 \u00a0Los d\u00edas entre el 20 y 22 de septiembre 2013, tendr\u00e1 lugar la VII Concentraci\u00f3n Internacional Motera &#8220;BUITRES LEONAOS&#8220;. \u00a0 \u00a0Como en ediciones anteriores la asociaci\u00f3n motera denominada Buitres Leonaos es la organizadora del evento que tendr\u00e1 lugar en C\u00e1ceres, concretamente en el\u00a0Parque del Cuartillo, y como ellos dicen &#8220;aunque a\u00fan quedan cosas por [&hellip;]<!-- AddThis Advanced Settings generic via filter on get_the_excerpt --><!-- AddThis Share Buttons generic via filter on get_the_excerpt --><\/p>\n","protected":false},"author":49,"featured_media":0,"comment_status":"open","ping_status":"closed","sticky":false,"template":"","format":"standard","meta":[],"categories":[13],"tags":[121,622,624,629,639,641],"_links":{"self":[{"href":"https:\/\/blogs.hoy.es\/moterosdehoy\/wp-json\/wp\/v2\/posts\/809"}],"collection":[{"href":"https:\/\/blogs.hoy.es\/moterosdehoy\/wp-json\/wp\/v2\/posts"}],"about":[{"href":"https:\/\/blogs.hoy.es\/moterosdehoy\/wp-json\/wp\/v2\/types\/post"}],"author":[{"embeddable":true,"href":"https:\/\/blogs.hoy.es\/moterosdehoy\/wp-json\/wp\/v2\/users\/49"}],"replies":[{"embeddable":true,"href":"https:\/\/blogs.hoy.es\/moterosdehoy\/wp-json\/wp\/v2\/comments?post=809"}],"version-history":[{"count":0,"href":"https:\/\/blogs.hoy.es\/moterosdehoy\/wp-json\/wp\/v2\/posts\/809\/revisions"}],"wp:attachment":[{"href":"https:\/\/blogs.hoy.es\/moterosdehoy\/wp-json\/wp\/v2\/media?parent=809"}],"wp:term":[{"taxonomy":"category","embeddable":true,"href":"https:\/\/blogs.hoy.es\/moterosdehoy\/wp-json\/wp\/v2\/categories?post=809"},{"taxonomy":"post_tag","embeddable":true,"href":"https:\/\/blogs.hoy.es\/moterosdehoy\/wp-json\/wp\/v2\/tags?post=809"}],"curies":[{"name":"wp","href":"https:\/\/api.w.org\/{rel}","templated":true}]}}