{"id":814,"date":"2013-08-29T19:14:14","date_gmt":"2013-08-29T19:14:14","guid":{"rendered":"http:\/\/blogs.hoy.es\/moterosdehoy\/?p=814"},"modified":"2013-08-29T19:14:14","modified_gmt":"2013-08-29T19:14:14","slug":"ii-convivencia-varadero-custratur","status":"publish","type":"post","link":"https:\/\/blogs.hoy.es\/moterosdehoy\/2013\/08\/29\/ii-convivencia-varadero-custratur\/","title":{"rendered":"II Convivencia Varadero-Custratur"},"content":{"rendered":"<div style=\"text-align: justify;\">\u00a0 \u00a0Los amigos del MotoGroup <strong>CUSTRATUR<\/strong>, tras el \u00e9xito del encuentro realizado el a\u00f1o pasado nos traen una nueva propuesta. En \u00e9sta ocasi\u00f3n para dos d\u00edas y aprovechar una de las rutas para ira a Guadalupe (C\u00e1ceres) el d\u00eda de Extremadura, para as\u00ed celebrar tan magno d\u00eda junto a los dem\u00e1s extreme\u00f1os y que mejor forma que hacerlo con nuestra pasi\u00f3n LAS MOTOS.<\/div>\n<div style=\"text-align: justify;\"><\/div>\n<div style=\"text-align: justify;\">\n<div id=\"attachment_815\" style=\"width: 228px\" class=\"wp-caption alignleft\"><a href=\"\/moterosdehoy\/wp-content\/uploads\/sites\/45\/2013\/08\/Varavera-2013.jpg\"><img aria-describedby=\"caption-attachment-815\" loading=\"lazy\" class=\"size-medium wp-image-815\" title=\"Varavera 2013\" src=\"\/moterosdehoy\/wp-content\/uploads\/sites\/45\/2013\/08\/Varavera-2013.jpg\" alt=\"\" width=\"218\" height=\"300\" srcset=\"https:\/\/static-blogs.hoy.es\/wp-content\/uploads\/sites\/45\/2013\/08\/Varavera-2013.jpg 1090w, https:\/\/static-blogs.hoy.es\/wp-content\/uploads\/sites\/45\/2013\/08\/Varavera-2013-218x300.jpg 218w, https:\/\/static-blogs.hoy.es\/wp-content\/uploads\/sites\/45\/2013\/08\/Varavera-2013-768x1057.jpg 768w, https:\/\/static-blogs.hoy.es\/wp-content\/uploads\/sites\/45\/2013\/08\/Varavera-2013-744x1024.jpg 744w\" sizes=\"(max-width: 218px) 100vw, 218px\" \/><\/a><p id=\"caption-attachment-815\" class=\"wp-caption-text\">Cartel del evento<\/p><\/div>\n<\/div>\n<div style=\"text-align: justify;\">\u00a0 \u00a0 El lugar de encuentro ser\u00e1 en <strong>Talayuela<\/strong> (C\u00e1ceres) y ser\u00e1 durante los d\u00edas <strong>7 y 8 de septiembre<\/strong>.Durante esos d\u00edas est\u00e1 la \u201cEpilada\u201d, pero la raz\u00f3n de poner la Varavera en esas fechas es porque el Domingo es el d\u00eda de Extremadura y la ruta de esa jornada la har\u00e1n a Guadalupe, que se convertir\u00e1 en la capital extreme\u00f1a y es donde est\u00e1 la patrona de la regi\u00f3n.<\/p>\n<p>Han intentado que sea lo m\u00e1s econ\u00f3mico posible, consiguiendo una inscripci\u00f3n de <strong>10 \u20ac por persona<\/strong>\u00a0con los que pagar\u00e1s: la cena, fiesta con DJ y unas migas en la madrugada para reponer fuerzas. Este a\u00f1o al ser cena, en lugar de comida, pondr\u00e1n a nuestra disposici\u00f3n de forma gratuita dentro del propio complejo, un recinto cerrado y vigilado para que podamos acampar (as\u00ed podremos divertirnos sin pensar en que luego tenemos que conducir). Si alguien quiere otra posibilidad de pernoctar desde CUSTRATUR, se ofrecen a buscar buenos precios en los alojamientos cercanos.<\/p>\n<\/div>\n<div style=\"text-align: justify;\"><\/div>\n<div style=\"text-align: justify;\">\u00a0 \u00a0 Los refrigerios que se tomen en las rutas y dem\u00e1s, cada uno se pagar\u00e1 lo suyo, as\u00ed evitamos obligaciones, y el incremento innecesario del coste de las inscripciones.\u00a0 \u00a0<strong>Este a\u00f1o habr\u00e1n dos rutas:<\/strong> El S\u00e1bado la ruta oficial de la II Convivencia Varavera, con un recorrido por la Vera y el Campo Ara\u00f1uelo, y el Domingo ruta libre a Guadalupe.\u00a0<!--more--><\/p>\n<p>En la ruta del S\u00e1bado, como el a\u00f1o pasado, acompa\u00f1ar\u00e1 un\u00a0<span style=\"text-decoration: underline;\">veh\u00edculo de Cruz Roja<\/span>\u00a0(del puesto de Jaraiz de la Vera) y\u00a0<span style=\"text-decoration: underline;\">un furg\u00f3n Taller<\/span>\u00a0(de la tienda-taller de motos Devil\u2019s Extreme de Talayuela), para resolver cualquier incidencia en la ruta.<\/p>\n<p>Para cualquier duda u obtener los datos de la cuenta bancanria donde deb\u00e9is hacer el ingreso, est\u00e1 el correo:\u00a0<strong><a title=\"mailto:varavera2013@gmail.com\">varavera2013@gmail.com<\/a><\/strong><a title=\"mailto:varavera2013@gmail.com\">, lo que ruegan se realice lo antes posible para cerrar plazas.<\/a><\/p>\n<p>El programa previsto es el siguiente:<strong>\u00a0<\/strong><\/p>\n<p><span style=\"text-decoration: underline;\"><strong>S\u00e1bado 7 de Septiembre<\/strong><\/span><\/p>\n<p><span style=\"text-decoration: underline;\"><em>16:30 horas<\/em><\/span><\/p>\n<p>Recepci\u00f3n de los participantes a la Varavera y apertura de la acampada libre en recinto cerrado y vigilado por compa\u00f1eros de CUSTRATUR.<br \/>\nLugar: \u201cComplejo El Refugio\u201d de Talayuela.<\/p>\n<p><em><span style=\"text-decoration: underline;\">17:45 horas<\/span><\/em><\/p>\n<p>Ruta Varavera: Salida de Talayuela hacia la Comarca de la Vera, pasaremos por Jara\u00edz, Cuacos de Yuste, Aldeanueva, Jarandilla, Losar, Garganta de Cuartos (Parada y refrigerio, cada uno se pagar\u00e1 lo suyo), Robledillo y regreso a Talayuela.<\/p>\n<p><a title=\"Mapa de la ruta\" href=\"https:\/\/maps.google.es\/maps?saddr=Talayuela&#038;daddr=Jara%C3%ADz+de+la+Vera+to:Jarandilla+de+la+Vera+to:Garganta+de+Cuartos+to:Robledillo+de+la+Vera+to:Talayuela&#038;hl=es&#038;ie=UTF8&#038;ll=40.061782,-5.662079&#038;spn=0.285359,0.676346&#038;sll=40.061782,-5.671692&#038;sspn=0.285359,0.676346&#038;geocode=FV4sYgIdym-q_ym5SHxittE_DTH6DBga-ymr0g%3BFR6PYgIdHmio_ynntacgwDI-DTEAM6CM_WMEBA%3BFZ9QZAIdoKGp_yk1N-qRzMs_DTECqwr495zCeg%3BFRj9YwIdtwir_ylJ-bFApMg_DTGpuAvt-cGPAQ%3BFQjkYwIdXbmq_ymZ8g8zz8g_DTGDdzoYFdvFdQ%3BFV4sYgIdym-q_ym5SHxittE_DTH6DBga-ymr0g&#038;oq=Talayuela&#038;mra=ls&#038;t=m&#038;z=11\" target=\"_blank\" rel=\"external nofollow\"><strong>Mapa de la ruta<\/strong>, aqu\u00ed<\/a>.<\/p>\n<p><em><span style=\"text-decoration: underline;\">20:15 horas<\/span><\/em><\/p>\n<p>Ruta baritima en Talayuela (Cada uno se pagar\u00e1 lo suyo)<\/p>\n<p><span style=\"text-decoration: underline;\"><em>22:00 horas<br \/>\n<\/em><\/span><br \/>\nCena en El \u201cComplejo El Refugio\u201d de Talayuela: Bola de ensaladilla rusa con entremeses, solomillo, postre, pan, vino y gaseosa (10\u20ac, previa reserva antes del Lunes 2 de Septiembre).<\/p>\n<p><span style=\"text-decoration: underline;\"><em>23:30 horas<\/em><\/span><\/p>\n<p>Baile con DJ, tambi\u00e9n en el mismo complejo El Refugio, con sorteo de regalos.<\/p>\n<\/div>\n<div style=\"text-align: justify;\"><span style=\"text-decoration: underline;\"><em>02:00 horas<\/em><\/span>Migas para reponer fuerzas y a bailar hasta que el cuerpo aguante!!<\/p>\n<p><span style=\"text-decoration: underline;\"><strong>Domingo 8 de Septiembre<\/strong><br \/>\n<\/span><\/p>\n<p><em><span style=\"text-decoration: underline;\">10:00 horas<\/span><\/em><\/p>\n<p>Desayuno: Caf\u00e9, zumo y tostada con mantequilla, mermelada,\u2026 Precio:2\u20ac (Cada uno se pagar\u00e1 lo suyo)<\/p>\n<p><em><span style=\"text-decoration: underline;\">11:00 horas<\/span><\/em><\/p>\n<p>Despedida de la Varavera 2013 y Ruta libre hacia Guadalupe.<\/p>\n<p><a title=\"Mapa de la ruta a Guadalupe\" href=\"https:\/\/maps.google.es\/maps?saddr=Talayuela&#038;daddr=Guadalupe+to:Talayuela&#038;hl=es&#038;ll=39.787434,-5.357208&#038;spn=0.573006,1.352692&#038;sll=39.781423,-5.469634&#038;sspn=1.146105,2.705383&#038;geocode=FV4sYgIdym-q_ym5SHxittE_DTH6DBga-ymr0g%3BFYoEWgIdrrau_ymHVfrioz4VDTFtaMnGRB0IFg%3BFV4sYgIdym-q_ym5SHxittE_DTH6DBga-ymr0g&#038;mra=pr&#038;t=m&#038;z=10\" target=\"_blank\" rel=\"external nofollow\"><strong>Mapa de la ruta<\/strong>, aqu\u00ed.<\/a><\/p>\n<p>Una buena forma de disfrutar del d\u00eda de Extremadura.<\/p>\n<p><strong>\u00a0 <a title=\"Enlace al facebook de Moteros de Hoy\" href=\"https:\/\/www.facebook.com\/moteroshoy?ref=hl\" target=\"_blank\" rel=\"external nofollow\">\u00a0Saludos y r\u00e1fagas<\/a>.<\/strong><\/p>\n<\/div>\n<!-- AddThis Advanced Settings generic via filter on the_content --><!-- AddThis Share Buttons generic via filter on the_content -->","protected":false},"excerpt":{"rendered":"<p>\u00a0 \u00a0Los amigos del MotoGroup CUSTRATUR, tras el \u00e9xito del encuentro realizado el a\u00f1o pasado nos traen una nueva propuesta. En \u00e9sta ocasi\u00f3n para dos d\u00edas y aprovechar una de las rutas para ira a Guadalupe (C\u00e1ceres) el d\u00eda de Extremadura, para as\u00ed celebrar tan magno d\u00eda junto a los dem\u00e1s extreme\u00f1os y que mejor [&hellip;]<!-- AddThis Advanced Settings generic via filter on get_the_excerpt --><!-- AddThis Share Buttons generic via filter on get_the_excerpt --><\/p>\n","protected":false},"author":49,"featured_media":0,"comment_status":"open","ping_status":"closed","sticky":false,"template":"","format":"standard","meta":[],"categories":[13],"tags":[329,334,622,624,629,639,641,983],"_links":{"self":[{"href":"https:\/\/blogs.hoy.es\/moterosdehoy\/wp-json\/wp\/v2\/posts\/814"}],"collection":[{"href":"https:\/\/blogs.hoy.es\/moterosdehoy\/wp-json\/wp\/v2\/posts"}],"about":[{"href":"https:\/\/blogs.hoy.es\/moterosdehoy\/wp-json\/wp\/v2\/types\/post"}],"author":[{"embeddable":true,"href":"https:\/\/blogs.hoy.es\/moterosdehoy\/wp-json\/wp\/v2\/users\/49"}],"replies":[{"embeddable":true,"href":"https:\/\/blogs.hoy.es\/moterosdehoy\/wp-json\/wp\/v2\/comments?post=814"}],"version-history":[{"count":0,"href":"https:\/\/blogs.hoy.es\/moterosdehoy\/wp-json\/wp\/v2\/posts\/814\/revisions"}],"wp:attachment":[{"href":"https:\/\/blogs.hoy.es\/moterosdehoy\/wp-json\/wp\/v2\/media?parent=814"}],"wp:term":[{"taxonomy":"category","embeddable":true,"href":"https:\/\/blogs.hoy.es\/moterosdehoy\/wp-json\/wp\/v2\/categories?post=814"},{"taxonomy":"post_tag","embeddable":true,"href":"https:\/\/blogs.hoy.es\/moterosdehoy\/wp-json\/wp\/v2\/tags?post=814"}],"curies":[{"name":"wp","href":"https:\/\/api.w.org\/{rel}","templated":true}]}}