{"id":821,"date":"2013-09-13T14:40:15","date_gmt":"2013-09-13T14:40:15","guid":{"rendered":"http:\/\/blogs.hoy.es\/moterosdehoy\/?p=821"},"modified":"2013-09-13T14:40:15","modified_gmt":"2013-09-13T14:40:15","slug":"moteros-en-portalegre","status":"publish","type":"post","link":"https:\/\/blogs.hoy.es\/moterosdehoy\/2013\/09\/13\/moteros-en-portalegre\/","title":{"rendered":"Moteros en Portalegre"},"content":{"rendered":"<p style=\"text-align: justify;\">\u00a0 \u00a0Ya he comentado en varias ocasiones que las pe\u00f1as, motoclubs&#8230; no se ponen de acuerdo en colocar sus eventos en el calendario, llegando el caso en que en un mismo fin de semana hay tres o cuatro concentraciones o quedadas moteras, incluso a pocos kil\u00f3metros entre ellas y llegan fines de semana en los que no hay ninguna.<\/p>\n<div id=\"attachment_822\" style=\"width: 222px\" class=\"wp-caption alignleft\"><a href=\"\/moterosdehoy\/wp-content\/uploads\/sites\/45\/2013\/09\/Portalegre.jpg\"><img aria-describedby=\"caption-attachment-822\" loading=\"lazy\" class=\"size-medium wp-image-822\" title=\"Portalegre\" src=\"\/moterosdehoy\/wp-content\/uploads\/sites\/45\/2013\/09\/Portalegre.jpg\" alt=\"\" width=\"212\" height=\"300\" srcset=\"https:\/\/static-blogs.hoy.es\/wp-content\/uploads\/sites\/45\/2013\/09\/Portalegre.jpg 679w, https:\/\/static-blogs.hoy.es\/wp-content\/uploads\/sites\/45\/2013\/09\/Portalegre-212x300.jpg 212w\" sizes=\"(max-width: 212px) 100vw, 212px\" \/><\/a><p id=\"caption-attachment-822\" class=\"wp-caption-text\">Cartel del evento<\/p><\/div>\n<p style=\"text-align: justify;\">\u00a0 Aqu\u00ed \u00e9sta el ejemplo, \u00e9ste fin de semana 14 y 15 de septiembre no hay ninguna por Extremadura, y sin embargo hay moteros que lo tienen disponible y les gustar\u00eda salir a rodar y coincidir con alguna concentraci\u00f3n donde contactar con m\u00e1s colegas moteros.<\/p>\n<p style=\"text-align: justify;\">\u00a0 \u00a0Pero no os preocup\u00e9is, no hay que olvidar a nuestros vecinos portugueses y concretamente \u00e9ste fin de semana en <a title=\"Portalegre en wikipedia\" href=\"http:\/\/es.wikipedia.org\/wiki\/Portalegre_(Portugal)\" target=\"_blank\" rel=\"external nofollow\">Portalegre<\/a> el d\u00eda <strong>14 de septiembre<\/strong> hay una buena concentraci\u00f3n motera. Digo buena porque solo entre los socios del motogroup hay m\u00e1s de setenta y entre sus afines hay m\u00e1s de 150 por lo que de seguro habr\u00e1n muchos moteros.<\/p>\n<p style=\"text-align: justify;\">\u00a0 \u00a0 Se trata del <strong>14\u00ba aniversario del motogroup Novo Milenio, <\/strong>teniendo lugar en el kart\u00f3dromo de Portalegre y con las siguientes actividades:<\/p>\n<div>10:00h. Comienzo de la 15\u00aa D\u00e1diva de Sangue<br \/>\n11:00h. Primera prueba de resistencia motorizada nacionales 50cc<br \/>\n14:00h. <strong>Almuerzo convivencia<\/strong><br \/>\n16:00h. Entrega de los premios y recuerdos a los motoclubs presentes<br \/>\n17:00h. Se cortar\u00e1 un pastel y se cantar\u00e1 &#8220;parab\u00e9ns&#8221; (cumplea\u00f1os feliz)<br \/>\n18:00h. Freestyle con el piloto F\u00e1bio Silva<\/p>\n<div id=\"attachment_823\" style=\"width: 242px\" class=\"wp-caption alignright\"><a href=\"\/moterosdehoy\/wp-content\/uploads\/sites\/45\/2013\/09\/Porgalegre_.jpg\"><img aria-describedby=\"caption-attachment-823\" loading=\"lazy\" class=\"size-full wp-image-823\" title=\"Porgalegre_\" src=\"\/moterosdehoy\/wp-content\/uploads\/sites\/45\/2013\/09\/Porgalegre_.jpg\" alt=\"\" width=\"232\" height=\"200\" \/><\/a><p id=\"caption-attachment-823\" class=\"wp-caption-text\">Portalegre (Portugal)<\/p><\/div>\n<p>19:00h. &#8220;<strong>Porco no Espeto<\/strong>&#8221;<\/p>\n<div class=\"mceTemp\"><\/div>\n<\/div>\n<div>22h. Conciertos con los grupos Spinning Sparks y Stay this Way (tributos a varios grupos).\u00a0Y despu\u00e9s DJ SANDMAN.<\/div>\n<div><\/div>\n<div style=\"text-align: justify;\">\u00a0 \u00a0 Todo ello por <strong>10\u20ac de inscripci\u00f3n<\/strong> y tener en cuenta que estos horarios son los espa\u00f1oles, si quer\u00e9is ver los horarios portugueses son los del cartel del evento.<\/div>\n<div style=\"text-align: justify;\"><\/div>\n<div style=\"text-align: justify;\">\u00a0 \u00a0Adem\u00e1s tendr\u00e1n durante todo el d\u00eda animaci\u00f3n y deportes de riesgo.<\/div>\n<p style=\"text-align: justify;\">\u00a0 \u00a0<strong><a title=\"Enlace al facebook de Moteros de Hoy\" href=\"https:\/\/www.facebook.com\/moteroshoy?ref=hl\" target=\"_blank\" rel=\"external nofollow\">Saludos y r\u00e1fagas<\/a><\/strong>.<\/p>\n<!-- AddThis Advanced Settings generic via filter on the_content --><!-- AddThis Share Buttons generic via filter on the_content -->","protected":false},"excerpt":{"rendered":"<p>\u00a0 \u00a0Ya he comentado en varias ocasiones que las pe\u00f1as, motoclubs&#8230; no se ponen de acuerdo en colocar sus eventos en el calendario, llegando el caso en que en un mismo fin de semana hay tres o cuatro concentraciones o quedadas moteras, incluso a pocos kil\u00f3metros entre ellas y llegan fines de semana en los [&hellip;]<!-- AddThis Advanced Settings generic via filter on get_the_excerpt --><!-- AddThis Share Buttons generic via filter on get_the_excerpt --><\/p>\n","protected":false},"author":49,"featured_media":0,"comment_status":"open","ping_status":"closed","sticky":false,"template":"","format":"standard","meta":[],"categories":[13],"tags":[622,629,639,641,662,791],"_links":{"self":[{"href":"https:\/\/blogs.hoy.es\/moterosdehoy\/wp-json\/wp\/v2\/posts\/821"}],"collection":[{"href":"https:\/\/blogs.hoy.es\/moterosdehoy\/wp-json\/wp\/v2\/posts"}],"about":[{"href":"https:\/\/blogs.hoy.es\/moterosdehoy\/wp-json\/wp\/v2\/types\/post"}],"author":[{"embeddable":true,"href":"https:\/\/blogs.hoy.es\/moterosdehoy\/wp-json\/wp\/v2\/users\/49"}],"replies":[{"embeddable":true,"href":"https:\/\/blogs.hoy.es\/moterosdehoy\/wp-json\/wp\/v2\/comments?post=821"}],"version-history":[{"count":0,"href":"https:\/\/blogs.hoy.es\/moterosdehoy\/wp-json\/wp\/v2\/posts\/821\/revisions"}],"wp:attachment":[{"href":"https:\/\/blogs.hoy.es\/moterosdehoy\/wp-json\/wp\/v2\/media?parent=821"}],"wp:term":[{"taxonomy":"category","embeddable":true,"href":"https:\/\/blogs.hoy.es\/moterosdehoy\/wp-json\/wp\/v2\/categories?post=821"},{"taxonomy":"post_tag","embeddable":true,"href":"https:\/\/blogs.hoy.es\/moterosdehoy\/wp-json\/wp\/v2\/tags?post=821"}],"curies":[{"name":"wp","href":"https:\/\/api.w.org\/{rel}","templated":true}]}}