{"id":828,"date":"2013-09-18T20:43:51","date_gmt":"2013-09-18T20:43:51","guid":{"rendered":"http:\/\/blogs.hoy.es\/moterosdehoy\/?p=828"},"modified":"2013-09-18T20:43:51","modified_gmt":"2013-09-18T20:43:51","slug":"iv-encuentro-moteros-motoristas","status":"publish","type":"post","link":"https:\/\/blogs.hoy.es\/moterosdehoy\/2013\/09\/18\/iv-encuentro-moteros-motoristas\/","title":{"rendered":"IV Encuentro Moteros &#038; Motoristas"},"content":{"rendered":"<p style=\"text-align: justify;\">\u00a0 \u00a0 Los pr\u00f3ximos d\u00edas <strong>28 y 29 de septiembre<\/strong> 2013, la Asociaci\u00f3n Moto y Vida celebrar\u00e1 en <a title=\"M\u00e9rida en Wikipedia\" href=\"http:\/\/es.wikipedia.org\/wiki\/M%C3%A9rida_(Espa%C3%B1a)\" target=\"_blank\" rel=\"external nofollow\">M\u00e9rida<\/a> el <strong>IV Encuentro Moteros &#038; Motoristas, <\/strong>concretamente dentro de la Escuela de Tr\u00e1fico de la Guardia Civil.\u00a0Para esta edici\u00f3n, pretenden darle un sentido solidario al evento y al mismo tiempo, ofrecer novedades que lo hagan m\u00e1s atractivo para los asistentes, dado que a\u00f1os atr\u00e1s no consegu\u00edan que muchos de los asistentes se fuesen con buen sabor de boca.<\/p>\n<div id=\"attachment_829\" style=\"width: 222px\" class=\"wp-caption alignleft\"><a href=\"\/moterosdehoy\/wp-content\/uploads\/sites\/45\/2013\/09\/cartel-web-IV-Encuentro.-2.jpg\"><img aria-describedby=\"caption-attachment-829\" loading=\"lazy\" class=\"size-medium wp-image-829\" title=\"cartel web IV Encuentro. (2)\" src=\"\/moterosdehoy\/wp-content\/uploads\/sites\/45\/2013\/09\/cartel-web-IV-Encuentro.-2.jpg\" alt=\"\" width=\"212\" height=\"300\" srcset=\"https:\/\/static-blogs.hoy.es\/wp-content\/uploads\/sites\/45\/2013\/09\/cartel-web-IV-Encuentro.-2.jpg 877w, https:\/\/static-blogs.hoy.es\/wp-content\/uploads\/sites\/45\/2013\/09\/cartel-web-IV-Encuentro.-2-212x300.jpg 212w, https:\/\/static-blogs.hoy.es\/wp-content\/uploads\/sites\/45\/2013\/09\/cartel-web-IV-Encuentro.-2-768x1086.jpg 768w, https:\/\/static-blogs.hoy.es\/wp-content\/uploads\/sites\/45\/2013\/09\/cartel-web-IV-Encuentro.-2-724x1024.jpg 724w\" sizes=\"(max-width: 212px) 100vw, 212px\" \/><\/a><p id=\"caption-attachment-829\" class=\"wp-caption-text\">Cartel del evento<\/p><\/div>\n<p style=\"text-align: justify;\">\u00a0 \u00a0Para comenzar \u00e9ste a\u00f1o han vuelto a caer en un error, el cierre de inscripciones con mucha antelaci\u00f3n, con lo que muchos aficionados se han podido quedar fuera. De todos modos hay que decir que \u00e9ste a\u00f1o est\u00e1 mucho mejor organizado y para los que no podamos asistir aqu\u00ed pongo lo que har\u00e1n para que nos quedemos con los dientes largos.<\/p>\n<p style=\"text-align: justify;\">\u00a0 \u00a0Durante la noche del <strong>S\u00e1bado d\u00eda 28<\/strong>, tras la cena concertada en el marco de convivencia del encuentro, tendr\u00e1 lugar una gala ben\u00e9fica en el Hotel Las Lomas de M\u00e9rida. El objetivo es<br \/>\ncelebrar una fiesta para recaudar fondos en beneficio de una ONG, a\u00fan por determinar.<\/p>\n<p style=\"text-align: justify;\">\u00a0 \u00a0Desde la organizaci\u00f3n invitan a todo aquel que quiera a asistir a dicha gala, en la que habr\u00e1 m\u00fasica, subasta y sorteo de regalos cedidos por empresas colaboradoras.<\/p>\n<p style=\"text-align: justify;\">\u00a0 \u00a0Durante la gala se contar\u00e1 con la presencia del <strong>piloto extreme\u00f1o <a title=\"Enlace a la p\u00e1gina del equipo de Santi\" href=\"http:\/\/www.extremadurajuniorteam.com\/\" target=\"_blank\" rel=\"external nofollow\">Santi Barrag\u00e1n<\/a><\/strong>, quien ha donado un casco firmado que entregar\u00e1 personalmente a la persona premiada. Tambi\u00e9n estar\u00e1 Nico Jim\u00e9nez, el maestro cortador de jam\u00f3n qui\u00e9n amenizar\u00e1 la velada con una exhibici\u00f3n de corte de jam\u00f3n.<\/p>\n<p style=\"text-align: justify;\">\u00a0 \u00a0El<strong> domingo d\u00eda 29<\/strong>, convocar\u00e1n a <!--more-->todos los moteros para <!--more-->organizar una caravana solidaria en la que, de forma simb\u00f3lica, ir\u00e1n marchando para entregar los alimentos donados. La comida recogida ir\u00e1 destinada al centro de acogida Padre San Crist\u00f3bal de Caritas, en la localidad de M\u00e9rida.<\/p>\n<p style=\"text-align: justify;\">\u00a0 \u00a0Con estas acciones, as\u00ed como las charlas sobre seguridad vial y donaci\u00f3n de sangre, entre otras, pretenden completar el car\u00e1cter de buen ambiente, afici\u00f3n, solidaridad y concienciaci\u00f3n del que hacen gala estas jornadas de convivencia entre amantes de la motocicleta.<\/p>\n<p style=\"text-align: center;\" align=\"center\"><strong>PROGRAMA DE ACTIVIDADES<\/strong><\/p>\n<p style=\"text-align: center;\" align=\"center\">.<\/p>\n<p style=\"text-align: center;\" align=\"center\"><strong><em>VIERNES<\/em><\/strong><\/p>\n<table class=\"aligncenter\" width=\"615\" border=\"0\" cellspacing=\"0\" cellpadding=\"0\">\n<tbody>\n<tr>\n<td nowrap=\"nowrap\" width=\"96\">\n<p align=\"center\"><strong>Horario<\/strong><\/p>\n<\/td>\n<td nowrap=\"nowrap\" width=\"161\">\n<p align=\"center\"><strong>Acto<\/strong><\/p>\n<\/td>\n<td colspan=\"2\" nowrap=\"nowrap\" width=\"132\">\n<p align=\"center\"><strong>Lugar<\/strong><\/p>\n<\/td>\n<td nowrap=\"nowrap\" width=\"227\">\n<p align=\"center\"><strong>Observaciones<\/strong><\/p>\n<\/td>\n<\/tr>\n<tr>\n<td nowrap=\"nowrap\" width=\"96\">\n<p align=\"left\">19:00 a 21:30<\/p>\n<\/td>\n<td nowrap=\"nowrap\" width=\"161\">\n<p align=\"left\">Recepci\u00f3n y Bienvenida.<\/p>\n<\/td>\n<td colspan=\"2\" nowrap=\"nowrap\" width=\"132\">\n<p align=\"left\">Hotel Las Lomas<\/p>\n<\/td>\n<td nowrap=\"nowrap\" width=\"227\">\n<p align=\"left\">Entrega de acreditaciones<\/p>\n<\/td>\n<\/tr>\n<tr>\n<td nowrap=\"nowrap\" width=\"96\">\n<p align=\"left\">21:30 a 00:00<\/p>\n<\/td>\n<td nowrap=\"nowrap\" width=\"161\">\n<p align=\"left\">Relaciones p\u00fablicas.<\/p>\n<\/td>\n<td colspan=\"2\" nowrap=\"nowrap\" width=\"132\">\n<p align=\"left\">Proserpina<\/p>\n<\/td>\n<td nowrap=\"nowrap\" width=\"227\">\n<p align=\"left\">Tomar algo para conocernos<\/p>\n<\/td>\n<\/tr>\n<tr>\n<td nowrap=\"nowrap\" width=\"96\">\u00a0.<\/td>\n<td nowrap=\"nowrap\" width=\"161\"><\/td>\n<td colspan=\"2\" nowrap=\"nowrap\" width=\"132\"><\/td>\n<td nowrap=\"nowrap\" width=\"227\"><\/td>\n<\/tr>\n<tr>\n<td colspan=\"5\" nowrap=\"nowrap\" width=\"615\">\n<p align=\"center\"><strong><em>S\u00c1BADO<\/em><\/strong><\/p>\n<\/td>\n<\/tr>\n<tr>\n<td nowrap=\"nowrap\" width=\"96\">\n<p align=\"center\"><strong>Horario<\/strong><\/p>\n<\/td>\n<td colspan=\"2\" nowrap=\"nowrap\" width=\"170\">\n<p align=\"center\"><strong>Acto<\/strong><\/p>\n<\/td>\n<td nowrap=\"nowrap\" width=\"123\">\n<p align=\"center\"><strong>Lugar<\/strong><\/p>\n<\/td>\n<td nowrap=\"nowrap\" width=\"227\">\n<p align=\"center\"><strong>Observaciones<\/strong><\/p>\n<\/td>\n<\/tr>\n<tr>\n<td nowrap=\"nowrap\" width=\"96\">\n<p align=\"left\">08:30 a 10:30<\/p>\n<\/td>\n<td colspan=\"2\" nowrap=\"nowrap\" width=\"170\">\n<p align=\"left\">Recepci\u00f3n y Bienvenida.<\/p>\n<\/td>\n<td nowrap=\"nowrap\" width=\"123\">\n<p align=\"left\">Escuela de Tr\u00e1fico<\/p>\n<\/td>\n<td nowrap=\"nowrap\" width=\"227\">\n<p align=\"left\">Entrega de acreditaciones<\/p>\n<\/td>\n<\/tr>\n<tr>\n<td nowrap=\"nowrap\" width=\"96\">\n<p align=\"left\">09:00 a 13:45<\/p>\n<\/td>\n<td colspan=\"2\" nowrap=\"nowrap\" width=\"170\">\n<p align=\"left\">1\u00aa Fase Curso Conducci\u00f3n.<\/p>\n<\/td>\n<td nowrap=\"nowrap\" width=\"123\">\n<p align=\"left\">Pista Escuela<\/p>\n<\/td>\n<td nowrap=\"nowrap\" width=\"227\">\n<p align=\"left\">Clases te\u00f3rico-pr\u00e1cticas<\/p>\n<\/td>\n<\/tr>\n<tr>\n<td nowrap=\"nowrap\" width=\"96\">\n<p align=\"left\">09:30 a 10:30<\/p>\n<\/td>\n<td colspan=\"2\" nowrap=\"nowrap\" width=\"170\">\n<p align=\"left\">Conferencia \u00a0Conducci\u00f3n Segura.<\/p>\n<\/td>\n<td nowrap=\"nowrap\" width=\"123\">\n<p align=\"left\">Sal\u00f3n de actos<\/p>\n<\/td>\n<td nowrap=\"nowrap\" width=\"227\">\n<p align=\"left\">\n<\/td>\n<\/tr>\n<tr>\n<td nowrap=\"nowrap\" width=\"96\">\n<p align=\"left\">10:30 a 11:00<\/p>\n<\/td>\n<td colspan=\"2\" nowrap=\"nowrap\" width=\"170\">\n<p align=\"left\">Descanso.<\/p>\n<\/td>\n<td nowrap=\"nowrap\" width=\"123\">\n<p align=\"left\">Cafeter\u00eda<\/p>\n<\/td>\n<td nowrap=\"nowrap\" width=\"227\">\n<p align=\"left\">Exposici\u00f3n de fotos y material m\u00f3vil<\/p>\n<\/td>\n<\/tr>\n<tr>\n<td nowrap=\"nowrap\" width=\"96\">\n<p align=\"left\">11:00 a 12:00<\/p>\n<\/td>\n<td colspan=\"2\" nowrap=\"nowrap\" width=\"170\">\n<p align=\"left\">Clase sobre la Actuaci\u00f3n en\u00a0 accidentes de tr\u00e1fico.<\/p>\n<\/td>\n<td nowrap=\"nowrap\" width=\"123\">\n<p align=\"left\">Sal\u00f3n de actos<\/p>\n<\/td>\n<td nowrap=\"nowrap\" width=\"227\">\n<p align=\"left\">\u00a0Te\u00f3rico-pr\u00e1cticas<\/p>\n<\/td>\n<\/tr>\n<tr>\n<td nowrap=\"nowrap\" width=\"96\">\n<p align=\"left\">12:00 a 13:45<\/p>\n<\/td>\n<td colspan=\"2\" nowrap=\"nowrap\" width=\"170\">\n<p align=\"left\">Visita guiada\u00a0 y exposiciones.<\/p>\n<\/td>\n<td nowrap=\"nowrap\" width=\"123\">\n<p align=\"left\">Escuela de Tr\u00e1fico<\/p>\n<\/td>\n<td nowrap=\"nowrap\" width=\"227\">\n<p align=\"left\">Exposici\u00f3n de fotos Agrupaci\u00f3n y material m\u00f3vil docente.<\/p>\n<\/td>\n<\/tr>\n<tr>\n<td nowrap=\"nowrap\" width=\"96\">\n<p align=\"left\">13:45 a 14:00<\/p>\n<\/td>\n<td colspan=\"2\" nowrap=\"nowrap\" width=\"170\">\n<p align=\"left\">Ruta por las pistas.<\/p>\n<\/td>\n<td nowrap=\"nowrap\" width=\"123\">\n<p align=\"left\">Escuela de Tr\u00e1fico<\/p>\n<\/td>\n<td nowrap=\"nowrap\" width=\"227\">\n<p align=\"left\">Reorganizaci\u00f3n para ir a comer<\/p>\n<\/td>\n<\/tr>\n<tr>\n<td nowrap=\"nowrap\" width=\"96\">\n<p align=\"left\">14:00 a 16:00<\/p>\n<\/td>\n<td colspan=\"2\" nowrap=\"nowrap\" width=\"170\">\n<p align=\"left\">Comida concertada.<\/p>\n<\/td>\n<td nowrap=\"nowrap\" width=\"123\">\n<p align=\"left\">\n<\/td>\n<td nowrap=\"nowrap\" width=\"227\">\n<p align=\"left\">\n<\/td>\n<\/tr>\n<tr>\n<td nowrap=\"nowrap\" width=\"96\">\n<p align=\"left\">16:00 a 19:45<\/p>\n<\/td>\n<td colspan=\"2\" nowrap=\"nowrap\" width=\"170\">\n<p align=\"left\">2\u00aa Fase Curso Conducci\u00f3n.<\/p>\n<\/td>\n<td nowrap=\"nowrap\" width=\"123\">\n<p align=\"left\">Pista Escuela<\/p>\n<\/td>\n<td nowrap=\"nowrap\" width=\"227\">\n<p align=\"left\">Clases te\u00f3rico-pr\u00e1cticas<\/p>\n<\/td>\n<\/tr>\n<tr>\n<td nowrap=\"nowrap\" width=\"96\">\n<p align=\"left\">16:00 a 18:00<\/p>\n<\/td>\n<td colspan=\"2\" nowrap=\"nowrap\" width=\"170\">\n<p align=\"left\">Tiempo libre y descanso.<\/p>\n<\/td>\n<td nowrap=\"nowrap\" width=\"123\">\n<p align=\"left\">Ciudad\/Hotel<\/p>\n<\/td>\n<td nowrap=\"nowrap\" width=\"227\">\n<p align=\"left\">\n<\/td>\n<\/tr>\n<tr>\n<td nowrap=\"nowrap\" width=\"96\">\n<p align=\"left\">18:00 a 20:30<\/p>\n<\/td>\n<td colspan=\"2\" nowrap=\"nowrap\" width=\"170\">\n<p align=\"left\">Visita Monumental \u00a0y Museo Arte Romano.<\/p>\n<\/td>\n<td nowrap=\"nowrap\" width=\"123\">\n<p align=\"left\">M\u00e9rida<\/p>\n<\/td>\n<td nowrap=\"nowrap\" width=\"227\">\n<p align=\"left\">Visita y paseo en tren tur\u00edstico.<\/p>\n<\/td>\n<\/tr>\n<tr>\n<td nowrap=\"nowrap\" width=\"96\">\n<p align=\"left\">20:30 a 21:30<\/p>\n<\/td>\n<td colspan=\"2\" nowrap=\"nowrap\" width=\"170\">\n<p align=\"left\">Tiempo libre.<\/p>\n<\/td>\n<td nowrap=\"nowrap\" width=\"123\">\n<p align=\"left\">Ciudad\/Hotel<\/p>\n<\/td>\n<td nowrap=\"nowrap\" width=\"227\"><\/td>\n<\/tr>\n<tr>\n<td nowrap=\"nowrap\" width=\"96\">\n<p align=\"left\">21:30 a 23:30<\/p>\n<\/td>\n<td colspan=\"2\" nowrap=\"nowrap\" width=\"170\">\n<p align=\"left\">Cena concertada.<\/p>\n<\/td>\n<td nowrap=\"nowrap\" width=\"123\">\n<p align=\"left\">Hotel Las Lomas<\/p>\n<\/td>\n<td nowrap=\"nowrap\" width=\"227\">\n<p align=\"left\">\n<\/td>\n<\/tr>\n<tr>\n<td nowrap=\"nowrap\" width=\"96\">\n<p align=\"left\">23:30 a 03:00<\/p>\n<\/td>\n<td colspan=\"2\" nowrap=\"nowrap\" width=\"170\">\n<p align=\"left\">Gala ben\u00e9fica.<\/p>\n<\/td>\n<td nowrap=\"nowrap\" width=\"123\">\n<p align=\"left\">Hotel Las Lomas<\/p>\n<\/td>\n<td nowrap=\"nowrap\" width=\"227\">\n<p align=\"left\">Subasta, sorteos y baile para todos<\/p>\n<\/td>\n<\/tr>\n<tr>\n<td nowrap=\"nowrap\" width=\"96\">\u00a0.<\/td>\n<td colspan=\"2\" nowrap=\"nowrap\" width=\"170\"><\/td>\n<td nowrap=\"nowrap\" width=\"123\"><\/td>\n<td nowrap=\"nowrap\" width=\"227\"><\/td>\n<\/tr>\n<tr>\n<td colspan=\"5\" nowrap=\"nowrap\" width=\"615\">\n<p align=\"center\"><strong><em>DOMINGO<\/em><\/strong><\/p>\n<\/td>\n<\/tr>\n<tr>\n<td nowrap=\"nowrap\" width=\"96\">\n<p align=\"center\"><strong>Horario<\/strong><\/p>\n<\/td>\n<td nowrap=\"nowrap\" width=\"161\">\n<p align=\"center\"><strong>Acto<\/strong><\/p>\n<\/td>\n<td colspan=\"2\" nowrap=\"nowrap\" width=\"132\">\n<p align=\"center\"><strong>Lugar<\/strong><\/p>\n<\/td>\n<td nowrap=\"nowrap\" width=\"227\">\n<p align=\"center\"><strong>Observaciones<\/strong><\/p>\n<\/td>\n<\/tr>\n<tr>\n<td nowrap=\"nowrap\" width=\"96\">\n<p align=\"left\">09:30 a 10:30<\/p>\n<\/td>\n<td nowrap=\"nowrap\" width=\"161\">\n<p align=\"left\">Recepci\u00f3n y Bienvenida.<\/p>\n<\/td>\n<td colspan=\"2\" nowrap=\"nowrap\" width=\"132\">\n<p align=\"left\">Escuela de Tr\u00e1fico<\/p>\n<\/td>\n<td nowrap=\"nowrap\" width=\"227\">\n<p align=\"left\">Entrega de acreditaciones<\/p>\n<\/td>\n<\/tr>\n<tr>\n<td nowrap=\"nowrap\" width=\"96\">\n<p align=\"left\">09:30 a 12:00<\/p>\n<\/td>\n<td nowrap=\"nowrap\" width=\"161\">\n<p align=\"left\">Exposici\u00f3n de fotos y videos, y material m\u00f3vil.<\/p>\n<\/td>\n<td colspan=\"2\" nowrap=\"nowrap\" width=\"132\">\n<p align=\"left\">Hall, Sal\u00f3n de actos y patio<\/p>\n<\/td>\n<td nowrap=\"nowrap\" width=\"227\">\n<p align=\"left\">Exposici\u00f3n de fotos y proyecci\u00f3n de pel\u00edcula de la Agrupaci\u00f3n<\/p>\n<\/td>\n<\/tr>\n<tr>\n<td nowrap=\"nowrap\" width=\"96\">\n<p align=\"left\">09:30 a 10:30<\/p>\n<\/td>\n<td nowrap=\"nowrap\" width=\"161\">\n<p align=\"left\">Demostraci\u00f3n ABS.<\/p>\n<\/td>\n<td colspan=\"2\" nowrap=\"nowrap\" width=\"132\">\n<p align=\"left\">Pista Escuela<\/p>\n<\/td>\n<td nowrap=\"nowrap\" width=\"227\">\n<p align=\"left\">Moto con patines, ABS on\/off<\/p>\n<\/td>\n<\/tr>\n<tr>\n<td nowrap=\"nowrap\" width=\"96\">\n<p align=\"left\">10:30 a 11:00<\/p>\n<\/td>\n<td nowrap=\"nowrap\" width=\"161\">\n<p align=\"left\">Descanso.<\/p>\n<\/td>\n<td colspan=\"2\" nowrap=\"nowrap\" width=\"132\">\n<p align=\"left\">Cafeter\u00eda<\/p>\n<\/td>\n<td nowrap=\"nowrap\" width=\"227\">\n<p align=\"left\">Posibilidad de ver Exposiciones<\/p>\n<\/td>\n<\/tr>\n<tr>\n<td nowrap=\"nowrap\" width=\"96\">\n<p align=\"left\">11:00 a 11:30<\/p>\n<\/td>\n<td nowrap=\"nowrap\" width=\"161\">\n<p align=\"left\">Charla Solidaria.<\/p>\n<\/td>\n<td colspan=\"2\" nowrap=\"nowrap\" width=\"132\">\n<p align=\"left\">Sal\u00f3n de actos<\/p>\n<\/td>\n<td nowrap=\"nowrap\" width=\"227\">\n<p align=\"left\">Sensibilizaci\u00f3n con las donaciones de sangre<\/p>\n<\/td>\n<\/tr>\n<tr>\n<td nowrap=\"nowrap\" width=\"96\">\n<p align=\"left\">11:30 a 12:30<\/p>\n<\/td>\n<td nowrap=\"nowrap\" width=\"161\">\n<p align=\"left\">Conferencia de una v\u00edctima de accidente.<\/p>\n<\/td>\n<td colspan=\"2\" nowrap=\"nowrap\" width=\"132\">\n<p align=\"left\">Sal\u00f3n de actos<\/p>\n<\/td>\n<td nowrap=\"nowrap\" width=\"227\">\n<p align=\"left\">Concienciaci\u00f3n sobre las consecuencias<\/p>\n<\/td>\n<\/tr>\n<tr>\n<td nowrap=\"nowrap\" width=\"96\">\n<p align=\"left\">12:30 a 13:30<\/p>\n<\/td>\n<td nowrap=\"nowrap\" width=\"161\">\n<p align=\"left\">Caravana solidaria.<\/p>\n<\/td>\n<td colspan=\"2\" nowrap=\"nowrap\" width=\"132\">\n<p align=\"left\">Pl. Espa\u00f1a<\/p>\n<\/td>\n<td nowrap=\"nowrap\" width=\"227\">\n<p align=\"left\">Donaci\u00f3n de alimentos a una ONG<\/p>\n<\/td>\n<\/tr>\n<tr>\n<td nowrap=\"nowrap\" width=\"96\">\n<p align=\"left\">13:30 a 15:30<\/p>\n<\/td>\n<td nowrap=\"nowrap\" width=\"161\">\n<p align=\"left\">Comida y Despedida.<\/p>\n<\/td>\n<td colspan=\"2\" nowrap=\"nowrap\" width=\"132\">\n<p align=\"left\">M\u00e9rida<\/p>\n<\/td>\n<td nowrap=\"nowrap\" width=\"227\">\n<p align=\"left\">Entrega de trofeos y premios<\/p>\n<\/td>\n<\/tr>\n<tr>\n<td width=\"96\">\u00a0.<\/td>\n<td width=\"161\"><\/td>\n<td width=\"9\"><\/td>\n<td width=\"123\"><\/td>\n<td width=\"227\"><\/td>\n<\/tr>\n<\/tbody>\n<\/table>\n<p><strong>\u00a0 <a title=\"Enlace al facebook de Moteros de Hoy\" href=\"https:\/\/www.facebook.com\/moteroshoy?ref=hl\" target=\"_blank\" rel=\"external nofollow\">Saludos y r\u00e1fagas<\/a>.<\/strong><\/p>\n<!-- AddThis Advanced Settings generic via filter on the_content --><!-- AddThis Share Buttons generic via filter on the_content -->","protected":false},"excerpt":{"rendered":"<p>\u00a0 \u00a0 Los pr\u00f3ximos d\u00edas 28 y 29 de septiembre 2013, la Asociaci\u00f3n Moto y Vida celebrar\u00e1 en M\u00e9rida el IV Encuentro Moteros &#038; Motoristas, concretamente dentro de la Escuela de Tr\u00e1fico de la Guardia Civil.\u00a0Para esta edici\u00f3n, pretenden darle un sentido solidario al evento y al mismo tiempo, ofrecer novedades que lo hagan m\u00e1s [&hellip;]<!-- AddThis Advanced Settings generic via filter on get_the_excerpt --><!-- AddThis Share Buttons generic via filter on get_the_excerpt --><\/p>\n","protected":false},"author":49,"featured_media":0,"comment_status":"open","ping_status":"closed","sticky":false,"template":"","format":"standard","meta":[],"categories":[13],"tags":[375,517,622,629,632,639],"_links":{"self":[{"href":"https:\/\/blogs.hoy.es\/moterosdehoy\/wp-json\/wp\/v2\/posts\/828"}],"collection":[{"href":"https:\/\/blogs.hoy.es\/moterosdehoy\/wp-json\/wp\/v2\/posts"}],"about":[{"href":"https:\/\/blogs.hoy.es\/moterosdehoy\/wp-json\/wp\/v2\/types\/post"}],"author":[{"embeddable":true,"href":"https:\/\/blogs.hoy.es\/moterosdehoy\/wp-json\/wp\/v2\/users\/49"}],"replies":[{"embeddable":true,"href":"https:\/\/blogs.hoy.es\/moterosdehoy\/wp-json\/wp\/v2\/comments?post=828"}],"version-history":[{"count":0,"href":"https:\/\/blogs.hoy.es\/moterosdehoy\/wp-json\/wp\/v2\/posts\/828\/revisions"}],"wp:attachment":[{"href":"https:\/\/blogs.hoy.es\/moterosdehoy\/wp-json\/wp\/v2\/media?parent=828"}],"wp:term":[{"taxonomy":"category","embeddable":true,"href":"https:\/\/blogs.hoy.es\/moterosdehoy\/wp-json\/wp\/v2\/categories?post=828"},{"taxonomy":"post_tag","embeddable":true,"href":"https:\/\/blogs.hoy.es\/moterosdehoy\/wp-json\/wp\/v2\/tags?post=828"}],"curies":[{"name":"wp","href":"https:\/\/api.w.org\/{rel}","templated":true}]}}