{"id":831,"date":"2013-09-24T19:04:22","date_gmt":"2013-09-24T19:04:22","guid":{"rendered":"http:\/\/blogs.hoy.es\/moterosdehoy\/?p=831"},"modified":"2013-09-24T19:04:22","modified_gmt":"2013-09-24T19:04:22","slug":"motos-nuevas-con-fallos","status":"publish","type":"post","link":"https:\/\/blogs.hoy.es\/moterosdehoy\/2013\/09\/24\/motos-nuevas-con-fallos\/","title":{"rendered":"Motos nuevas con fallos"},"content":{"rendered":"<p style=\"text-align: justify;\"><a href=\"\/moterosdehoy\/wp-content\/uploads\/sites\/45\/2013\/09\/Motos-con-fallos.jpg\"><img loading=\"lazy\" class=\"alignright size-medium wp-image-833\" title=\"Motos con fallos\" src=\"\/moterosdehoy\/wp-content\/uploads\/sites\/45\/2013\/09\/Motos-con-fallos.jpg\" alt=\"\" width=\"300\" height=\"212\" srcset=\"https:\/\/static-blogs.hoy.es\/wp-content\/uploads\/sites\/45\/2013\/09\/Motos-con-fallos.jpg 646w, https:\/\/static-blogs.hoy.es\/wp-content\/uploads\/sites\/45\/2013\/09\/Motos-con-fallos-300x212.jpg 300w\" sizes=\"(max-width: 300px) 100vw, 300px\" \/><\/a>\u00a0 \u00a0En \u00e9sta ocasi\u00f3n os traigo 8 motos nuevas con fallos que pueden provocarte un accidente.<\/p>\n<p style=\"text-align: justify;\">\u00a0 \u00a0Todo lo que se fabrica puede tener alg\u00fan fallo y es evidente que al fabricarse en grandes cadenas de montaje, esos fallos no son de un \u00fanico producto, sino de todo el producto de la producci\u00f3n, hasta que dan con el fallo y lo solventan. Por suerte el Instituto Nacional de Consumo, ofrece un listado de alertas denominado &#8220;Naturaleza del riesgo: accidente de tr\u00e1fico&#8221; para poner en aviso a sus compradores. Y a pesar de que las propias marcas se ponen en contacto con sus propietarios, aqu\u00ed te paso unos cuantos modelos, pues son de \u00faltima hornada y adem\u00e1s tienen mucha aceptaci\u00f3n en nuestro pa\u00eds, adem\u00e1s puede darse el caso de que el veh\u00edculo haya cambiado de propietario y no le lleguen esas preciadas notificaciones.<\/p>\n<p>Estos han sido los \u00faltimos modelos del mercado que han notificado fallos.<\/p>\n<p style=\"text-align: justify;\"><strong><\/strong><strong>\u00a0 \u00a0BMW F 700 GS y F 800 GS\u00a0<!--more--><\/strong><\/p>\n<div id=\"attachment_832\" style=\"width: 310px\" class=\"wp-caption alignleft\"><a href=\"\/moterosdehoy\/wp-content\/uploads\/sites\/45\/2013\/09\/1_f700gs_red_apple-1.jpg\"><img aria-describedby=\"caption-attachment-832\" loading=\"lazy\" class=\"size-medium wp-image-832\" title=\"1_f700gs_red_apple (1)\" src=\"\/moterosdehoy\/wp-content\/uploads\/sites\/45\/2013\/09\/1_f700gs_red_apple-1.jpg\" alt=\"\" width=\"300\" height=\"204\" srcset=\"https:\/\/static-blogs.hoy.es\/wp-content\/uploads\/sites\/45\/2013\/09\/1_f700gs_red_apple-1.jpg 690w, https:\/\/static-blogs.hoy.es\/wp-content\/uploads\/sites\/45\/2013\/09\/1_f700gs_red_apple-1-300x204.jpg 300w\" sizes=\"(max-width: 300px) 100vw, 300px\" \/><\/a><p id=\"caption-attachment-832\" class=\"wp-caption-text\">BMW F 700 GS<\/p><\/div>\n<p style=\"text-align: justify;\">\u00a0 \u00a0La serie trail de media cilindrada de\u00a0BMW<a href=\"http:\/\/www.formulamoto.es\/bmw\/\" target=\"_blank\" rel=\"external nofollow\">\u00a0<\/a>con motor de dos cilindros en l\u00ednea ha sido todo un \u00e9xito de ventas desde su lanzamiento en 2008. A pesar de compartir cilindrada, las denominaciones de ambas versiones F GS son diferentes. La\u00a0<a title=\"Im\u00e1genes de la BMW F 700 GS\" href=\"https:\/\/www.google.es\/search?q=F+700+GS&#038;tbm=isch&#038;tbo=u&#038;source=univ&#038;sa=X&#038;ei=XNtBUoHxBYif7Ab664CgDA&#038;ved=0CDQQsAQ&#038;biw=1280&#038;bih=656&#038;dpr=1\" target=\"_blank\" rel=\"external nofollow\">F 700 GS<\/a>\u00a0parte como modelo est\u00e1ndar, m\u00e1s adecuado para uso urbano con una menor altura de asiento y dirigida espec\u00edficamente para el asfalto con llantas de aleaci\u00f3n y rueda delantera de 19&#8243;. Por su lado, la\u00a0<a title=\"Im\u00e1genes de la BMW F 800 GS\" href=\"https:\/\/www.google.es\/search?q=F+800+GS&#038;tbm=isch&#038;tbo=u&#038;source=univ&#038;sa=X&#038;ei=19tBUvWAD4qA7QbW3oCgBA&#038;ved=0CDQQsAQ&#038;biw=1280&#038;bih=656&#038;dpr=1\" target=\"_blank\" rel=\"external nofollow\">F 800 GS<\/a>\u00a0se desmarca con un acento m\u00e1s off road derivado de\u00a0la referencia <a title=\"Im\u00e1genes de la BMW R 1200 GS\" href=\"https:\/\/www.google.es\/search?q=R+1200+GS&#038;tbm=isch&#038;tbo=u&#038;source=univ&#038;sa=X&#038;ei=-ttBUq7EMPDb7Aauj4GwAQ&#038;ved=0CDQQsAQ&#038;biw=1280&#038;bih=656&#038;dpr=1\" target=\"_blank\" rel=\"external nofollow\">R 1200 GS<\/a>, con llanta anterior de 21&#8243;, ruedas de radios, horquilla invertida y motor con m\u00e1s potencia.<\/p>\n<p style=\"text-align: justify;\"><strong>\u00a0 \u00a0 PROBLEMA DETECTADO<\/strong><\/p>\n<p style=\"text-align: justify;\">\u00a0 \u00a0La fijaci\u00f3n del interruptor del caballete lateral es insuficiente. En \u00a0casos aislados, se puede aflojar el interruptor y resultar da\u00f1ado, provocando paradas de motor o la posibilidad de circulaci\u00f3n con el caballete lateral desplegado.<\/p>\n<p style=\"text-align: justify;\"><strong>\u00a0 \u00a0SOLUCI\u00d3N<\/strong><\/p>\n<p style=\"text-align: justify;\">\u00a0 BMW Motorrad Espa\u00f1a ha comunicado a las autoridades de consumo de Madrid el problema de la motocicleta y las medidas que voluntariamente ha adoptado, consistentes en realizar la limpieza minuciosa de las roscas en el chasis y en la base del caballete, as\u00ed como la sustituci\u00f3n de ambos tornillos de fijaci\u00f3n. La empresa ha llevado a cabo la comunicaci\u00f3n personalizada por carta a los propietarios de los veh\u00edculos afectados.<\/p>\n<p style=\"text-align: justify;\"><strong>\u00a0 \u00a0KAWASAKI NINJA 300\/Z 800 (versiones ABS)<\/strong><\/p>\n<div id=\"attachment_834\" style=\"width: 310px\" class=\"wp-caption alignleft\"><a href=\"\/moterosdehoy\/wp-content\/uploads\/sites\/45\/2013\/09\/kawasaki-ninja-300-2013_01.jpg\"><img aria-describedby=\"caption-attachment-834\" loading=\"lazy\" class=\"size-medium wp-image-834\" title=\"kawasaki-ninja-300-2013_01\" src=\"\/moterosdehoy\/wp-content\/uploads\/sites\/45\/2013\/09\/kawasaki-ninja-300-2013_01.jpg\" alt=\"\" width=\"300\" height=\"225\" srcset=\"https:\/\/static-blogs.hoy.es\/wp-content\/uploads\/sites\/45\/2013\/09\/kawasaki-ninja-300-2013_01.jpg 1024w, https:\/\/static-blogs.hoy.es\/wp-content\/uploads\/sites\/45\/2013\/09\/kawasaki-ninja-300-2013_01-300x225.jpg 300w, https:\/\/static-blogs.hoy.es\/wp-content\/uploads\/sites\/45\/2013\/09\/kawasaki-ninja-300-2013_01-768x577.jpg 768w\" sizes=\"(max-width: 300px) 100vw, 300px\" \/><\/a><p id=\"caption-attachment-834\" class=\"wp-caption-text\">Kawasaki Ninja 300<\/p><\/div>\n<p style=\"text-align: justify;\">\u00a0 Tanto la deportiva\u00a0<a title=\"Im\u00e1genes de la Kawasaki Ninja 300\" href=\"https:\/\/www.google.es\/search?q=Ninja+300&#038;um=1&#038;ie=UTF-8&#038;hl=es&#038;tbm=isch&#038;source=og&#038;sa=N&#038;tab=wi&#038;ei=Tt9BUuuoN6Le7AbkqIGoBQ\" target=\"_blank\" rel=\"external nofollow\">Ninja 300<\/a>\u00a0como la naked\u00a0<a href=\"http:\/\/www.formulamoto.es\/kawasaki\/2012\/12\/03\/presentacion-oficial-kawasaki-z800\/5738.html\" target=\"_blank\" rel=\"external nofollow\">Z 800<\/a>\u00a0son dos de los \u00faltimos modelos en llegar al cat\u00e1logo actual\u00a0<a href=\"http:\/\/www.formulamoto.es\/kawasaki\/\" target=\"_blank\" rel=\"external nofollow\">Kawasaki<\/a>. En el primer caso se trata de una perfecta moto de iniciaci\u00f3n para los poseedores del\u00a0carn\u00e9 A2\u00a0que se decantan por una moto de esp\u00edritu racing. Como curiosidad, en mercado como el australiano, es el modelo l\u00edder de ventas. Por otro lado, la naked\u00a0<strong>Z 800<\/strong>\u00a0es una de las sensaciones de la temporada 2013. Divida en una versi\u00f3n\u00a0<strong>Z 800<\/strong>\u00a0e limitada a 95 CV para poder inscribirse en el radio de acci\u00f3n del\u00a0carn\u00e9 A2\u00a0y una versi\u00f3n &#8220;full power&#8221;\u00a0<strong>Z 800<\/strong>, recoge el testigo de la legendaria\u00a0<strong>Z 750\u00a0<\/strong>y se alza con el liderato en las cifras de ventas de esta temporada en el mercado nacional.<\/p>\n<p style=\"text-align: justify;\"><strong>\u00a0 \u00a0PROBLEMA DETECTADO<\/strong><\/p>\n<p style=\"text-align: justify;\">\u00a0 La unidad hidr\u00e1ulica puede haber sido contaminada con part\u00edculas de aluminio durante su fabricaci\u00f3n. Si estas part\u00edculas quedan atrapadas en las v\u00e1lvulas internas de entrada\u00a0y\/o salida de la unidad hidr\u00e1ulica, el sistema ABS puede no funcionar correctamente permitiendo el bloqueo de las ruedas durante una frenada brusca.<\/p>\n<p style=\"text-align: justify;\"><strong>\u00a0 \u00a0SOLUCI\u00d3N<\/strong><\/p>\n<p style=\"text-align: justify;\">\u00a0 \u00a0Kawasaki Espa\u00f1a ha comunicado a las autoridades de consumo de Catalu\u00f1a el problema del veh\u00edculo y las medidas que voluntariamente ha adoptado, consistentes en iniciar una campa\u00f1a de reparaci\u00f3n para sustituir la unidad hidr\u00e1ulica en las unidades afectadas. Se ha enviado una carta de notificaci\u00f3n a todos los propietarios registrados en garant\u00eda de las unidades susceptibles de presentar el problema.<\/p>\n<p style=\"text-align: justify;\"><strong>\u00a0 \u00a0TRIUMPH DAYTONA 675\/R Y STREET TRIPLE\/R<\/strong><\/p>\n<div id=\"attachment_835\" style=\"width: 249px\" class=\"wp-caption alignleft\"><a href=\"\/moterosdehoy\/wp-content\/uploads\/sites\/45\/2013\/09\/images-1.jpg\"><img aria-describedby=\"caption-attachment-835\" loading=\"lazy\" class=\"size-full wp-image-835\" title=\"images (1)\" src=\"\/moterosdehoy\/wp-content\/uploads\/sites\/45\/2013\/09\/images-1.jpg\" alt=\"\" width=\"239\" height=\"211\" \/><\/a><p id=\"caption-attachment-835\" class=\"wp-caption-text\">Triumph Street Triple<\/p><\/div>\n<p style=\"text-align: justify;\">\u00a0 La serie de modelos con motor de tres cilindros y 675 cc ha sido el pilar sobre el que se ha fundamentado el resurgir definitivo de la firma brit\u00e1nica en nuestro pa\u00eds. En concreto, la naked\u00a0<a title=\"Im\u00e1genes de la Triumph Street Triple\" href=\"https:\/\/www.google.es\/search?q=Street+Triple&#038;tbm=isch&#038;tbo=u&#038;source=univ&#038;sa=X&#038;ei=EOBBUtWVJ8yM7AaMioHYCw&#038;ved=0CFgQsAQ&#038;biw=1280&#038;bih=656&#038;dpr=1\" target=\"_blank\" rel=\"external nofollow\">Street Triple<\/a>\u00a0ha sido toda una referencia en este segmento, dominado hist\u00f3ricamente por modelos japoneses. Triumph fue pionera con su\u00a0Street Triple\u00a0tanto en la presentaci\u00f3n de un modelo de tres cilindros (alternativa a la que recientemente se ha incorporado\u00a0Yamaha con su MT-09) como en la adecuaci\u00f3n de un modelo de corte sport a las necesidades del carn\u00e9 A2, creando la versi\u00f3n Street Triple est\u00e1ndar limitada a 95 CV y dejando como versi\u00f3n libre la edici\u00f3n\u00a0Street Triple R,\u00a0una pol\u00edtica que le ha ofrecido excelentes resultados y que ahora ha sido seguida por modelos de gran \u00e9xito como la\u00a0Kawasaki Z 800. Por su parte, la\u00a0Daytona 675\u00a0ha marcado un nuevo camino en el sector de las motos supersport con su propulsor tricil\u00edndrico, una senda que ahora ha sido seguida por\u00a0MV Agusta.<\/p>\n<p style=\"text-align: justify;\"><strong>\u00a0 \u00a0PROBLEMA DETECTADO<\/strong><\/p>\n<p style=\"text-align: justify;\">\u00a0 Se ha comprobado que es necesaria una gu\u00eda de cable para sujetar los cables del \u00a0acelerador en la zona del cabezal.<\/p>\n<p style=\"text-align: justify;\"><strong>\u00a0 SOLUCI\u00d3N<\/strong><\/p>\n<p style=\"text-align: justify;\">\u00a0 Triumph Espa\u00f1a ha comunicado a las autoridades de consumo de Madrid el problema de la motocicleta y las medidas que voluntariamente ha adoptado, consistentes en enviar una carta a los propietarios de las unidades afectadas que constan en la base de datos central del fabricante, instando a la revisi\u00f3n urgente, sin coste, en alg\u00fan Servicio Oficial Triumph.<\/p>\n<p style=\"text-align: justify;\">\u00a0 \u00a0Si quieres ver <a title=\"M\u00e1s modelos con fallos\" href=\"http:\/\/www.formulamoto.es\/reportajes\/2013\/07\/24\/moto-lista-negra-2013\/7280.html\" target=\"_blank\" rel=\"external nofollow\">m\u00e1s listas de modelos con fallos<\/a>\u00a0clic aqu\u00ed.<\/p>\n<p style=\"text-align: justify;\"><strong>\u00a0 <a title=\"Enlace al facebook de Moteros de Hoy\" href=\"https:\/\/www.facebook.com\/moteroshoy?ref=hl\" target=\"_blank\" rel=\"external nofollow\">Saludos y r\u00e1fagas<\/a>.<\/strong><\/p>\n<!-- AddThis Advanced Settings generic via filter on the_content --><!-- AddThis Share Buttons generic via filter on the_content -->","protected":false},"excerpt":{"rendered":"<p>\u00a0 \u00a0En \u00e9sta ocasi\u00f3n os traigo 8 motos nuevas con fallos que pueden provocarte un accidente. \u00a0 \u00a0Todo lo que se fabrica puede tener alg\u00fan fallo y es evidente que al fabricarse en grandes cadenas de montaje, esos fallos no son de un \u00fanico producto, sino de todo el producto de la producci\u00f3n, hasta que [&hellip;]<!-- AddThis Advanced Settings generic via filter on get_the_excerpt --><!-- AddThis Share Buttons generic via filter on get_the_excerpt --><\/p>\n","protected":false},"author":49,"featured_media":0,"comment_status":"open","ping_status":"closed","sticky":false,"template":"","format":"standard","meta":[],"categories":[9,12,13],"tags":[20,622,629,639,641,686,687],"_links":{"self":[{"href":"https:\/\/blogs.hoy.es\/moterosdehoy\/wp-json\/wp\/v2\/posts\/831"}],"collection":[{"href":"https:\/\/blogs.hoy.es\/moterosdehoy\/wp-json\/wp\/v2\/posts"}],"about":[{"href":"https:\/\/blogs.hoy.es\/moterosdehoy\/wp-json\/wp\/v2\/types\/post"}],"author":[{"embeddable":true,"href":"https:\/\/blogs.hoy.es\/moterosdehoy\/wp-json\/wp\/v2\/users\/49"}],"replies":[{"embeddable":true,"href":"https:\/\/blogs.hoy.es\/moterosdehoy\/wp-json\/wp\/v2\/comments?post=831"}],"version-history":[{"count":0,"href":"https:\/\/blogs.hoy.es\/moterosdehoy\/wp-json\/wp\/v2\/posts\/831\/revisions"}],"wp:attachment":[{"href":"https:\/\/blogs.hoy.es\/moterosdehoy\/wp-json\/wp\/v2\/media?parent=831"}],"wp:term":[{"taxonomy":"category","embeddable":true,"href":"https:\/\/blogs.hoy.es\/moterosdehoy\/wp-json\/wp\/v2\/categories?post=831"},{"taxonomy":"post_tag","embeddable":true,"href":"https:\/\/blogs.hoy.es\/moterosdehoy\/wp-json\/wp\/v2\/tags?post=831"}],"curies":[{"name":"wp","href":"https:\/\/api.w.org\/{rel}","templated":true}]}}