{"id":836,"date":"2013-10-02T05:29:20","date_gmt":"2013-10-02T05:29:20","guid":{"rendered":"http:\/\/blogs.hoy.es\/moterosdehoy\/?p=836"},"modified":"2013-10-02T05:29:20","modified_gmt":"2013-10-02T05:29:20","slug":"ii-salon-motor-bike-badajoz","status":"publish","type":"post","link":"https:\/\/blogs.hoy.es\/moterosdehoy\/2013\/10\/02\/ii-salon-motor-bike-badajoz\/","title":{"rendered":"Las \u00faltimas novedades de motos en  el II Sal\u00f3n Motor &#038; Bike"},"content":{"rendered":"<p style=\"text-align: justify;\">\u00a0 Tras la gran acogida que tuvo el evento en su primera edici\u00f3n, este a\u00f1o se est\u00e1 trabajando para que no solo sea un \u00e9xito, sino que se convierta en una Feria referente.<\/p>\n<div id=\"attachment_838\" style=\"width: 178px\" class=\"wp-caption alignright\"><a href=\"\/moterosdehoy\/wp-content\/uploads\/sites\/45\/2013\/10\/Imagen_Salon_Motor__Bike_Large.jpg\"><img aria-describedby=\"caption-attachment-838\" loading=\"lazy\" class=\"size-medium wp-image-838\" title=\"Imagen_Salon_Motor__Bike_Large\" src=\"\/moterosdehoy\/wp-content\/uploads\/sites\/45\/2013\/10\/Imagen_Salon_Motor__Bike_Large.jpg\" alt=\"\" width=\"168\" height=\"300\" \/><\/a><p id=\"caption-attachment-838\" class=\"wp-caption-text\">Cartel del evento<\/p><\/div>\n<p style=\"text-align: justify;\">\u00a0 \u00a0Ya de momento una de las m\u00e1s importantes del sector de cuantas se celebran en nuestro pa\u00eds y en la cual podr\u00e1n verse representadas a las mejores marcas y empresas relacionadas con el\u00a0mundo de las dos ruedas, tanto de motos como de bicicletas.<\/p>\n<div class=\"mceTemp\" style=\"text-align: justify;\">\n<dl id=\"attachment_837\" class=\"wp-caption alignleft\" style=\"width: 263px;\">\n<dt class=\"wp-caption-dt\"><a href=\"\/moterosdehoy\/wp-content\/uploads\/sites\/45\/2013\/10\/fachada_nuevas_instalacione.jpg\"><img loading=\"lazy\" class=\"size-full wp-image-837\" title=\"fachada_nuevas_instalacione\" src=\"\/moterosdehoy\/wp-content\/uploads\/sites\/45\/2013\/10\/fachada_nuevas_instalacione.jpg\" alt=\"\" width=\"253\" height=\"190\" \/><\/a><\/dt>\n<dd class=\"wp-caption-dd\">Entrada de IFEBA<\/dd>\n<\/dl>\n<\/div>\n<p style=\"text-align: justify;\">\u00a0 De nuevo\u00a0tendr\u00e1 lugar en la ciudad de Badajoz, en las instalaciones de <strong><a title=\"IFEBA en la web\" href=\"http:\/\/www.feriabadajoz.net\/\" target=\"_blank\" rel=\"external nofollow\">IFEBA<\/a><\/strong>, del <strong>4 al 6 de octubre de 2013.<\/strong><\/p>\n<p style=\"text-align: justify;\">\u00a0En ella nos mostrar\u00e1n las \u00faltimas novedades e innovaciones del mundo de la moto y la bicicleta en sus diferentes vertientes.<\/p>\n<p style=\"text-align: justify;\">\u00a0Para esta segunda edici\u00f3n presenta un importante crecimiento, de ah\u00ed que se haya convertido en una cita casi inexcusable tanto para aficionados, como para profesionales del sector, por las novedades que podr\u00e1n observar, \u00faltimas tendencias relacionadas con ambos sectores y como no, los contactos que podr\u00e1n conseguir.<\/p>\n<p style=\"text-align: justify;\">\u00a0 \u00a0Adem\u00e1s el programa de actividades es muy variado, incluyendo carreras de radio control, ruta motera, clinic de veh\u00edculos y de nutrici\u00f3n&#8230; adem\u00e1s de un amplio espacio para prueba de material expuesto.<\/p>\n<p style=\"text-align: justify;\">\u00a0 \u00a0Para acceder al ferial est\u00e1n las entradas normales de visita y aparte el MotoClub Laguna Seca, ha preparado para el domingo d\u00eda 6 una entrada en la que por 15\u20ac incluye tanto la visita como una comida, que ser\u00e1 servida tras la ruta. Todo ello comenzar\u00e1 a las 9:00 horas del domingo.<\/p>\n<p style=\"text-align: justify;\"><strong>\u00a0 \u00a0<a title=\"Enlace al facebook de Moteros de Hoy\" href=\"https:\/\/www.facebook.com\/moteroshoy?ref=hl\" target=\"_blank\" rel=\"external nofollow\">Saludos y r\u00e1fagas<\/a>.<\/strong><\/p>\n<!-- AddThis Advanced Settings generic via filter on the_content --><!-- AddThis Share Buttons generic via filter on the_content -->","protected":false},"excerpt":{"rendered":"<p>\u00a0 Tras la gran acogida que tuvo el evento en su primera edici\u00f3n, este a\u00f1o se est\u00e1 trabajando para que no solo sea un \u00e9xito, sino que se convierta en una Feria referente. \u00a0 \u00a0Ya de momento una de las m\u00e1s importantes del sector de cuantas se celebran en nuestro pa\u00eds y en la cual [&hellip;]<!-- AddThis Advanced Settings generic via filter on get_the_excerpt --><!-- AddThis Share Buttons generic via filter on get_the_excerpt --><\/p>\n","protected":false},"author":49,"featured_media":0,"comment_status":"open","ping_status":"closed","sticky":false,"template":"","format":"standard","meta":[],"categories":[13],"tags":[87,477,498,622,629,639,641],"_links":{"self":[{"href":"https:\/\/blogs.hoy.es\/moterosdehoy\/wp-json\/wp\/v2\/posts\/836"}],"collection":[{"href":"https:\/\/blogs.hoy.es\/moterosdehoy\/wp-json\/wp\/v2\/posts"}],"about":[{"href":"https:\/\/blogs.hoy.es\/moterosdehoy\/wp-json\/wp\/v2\/types\/post"}],"author":[{"embeddable":true,"href":"https:\/\/blogs.hoy.es\/moterosdehoy\/wp-json\/wp\/v2\/users\/49"}],"replies":[{"embeddable":true,"href":"https:\/\/blogs.hoy.es\/moterosdehoy\/wp-json\/wp\/v2\/comments?post=836"}],"version-history":[{"count":0,"href":"https:\/\/blogs.hoy.es\/moterosdehoy\/wp-json\/wp\/v2\/posts\/836\/revisions"}],"wp:attachment":[{"href":"https:\/\/blogs.hoy.es\/moterosdehoy\/wp-json\/wp\/v2\/media?parent=836"}],"wp:term":[{"taxonomy":"category","embeddable":true,"href":"https:\/\/blogs.hoy.es\/moterosdehoy\/wp-json\/wp\/v2\/categories?post=836"},{"taxonomy":"post_tag","embeddable":true,"href":"https:\/\/blogs.hoy.es\/moterosdehoy\/wp-json\/wp\/v2\/tags?post=836"}],"curies":[{"name":"wp","href":"https:\/\/api.w.org\/{rel}","templated":true}]}}