{"id":840,"date":"2013-10-08T05:49:53","date_gmt":"2013-10-08T05:49:53","guid":{"rendered":"http:\/\/blogs.hoy.es\/moterosdehoy\/?p=840"},"modified":"2013-10-08T05:49:53","modified_gmt":"2013-10-08T05:49:53","slug":"fallos-detectados-honda-sh-125i-y-sh150i","status":"publish","type":"post","link":"https:\/\/blogs.hoy.es\/moterosdehoy\/2013\/10\/08\/fallos-detectados-honda-sh-125i-y-sh150i\/","title":{"rendered":"Fallos detectados: Honda SH 125i y SH150i"},"content":{"rendered":"<p style=\"text-align: justify;\">\u00a0 \u00a0La Generalitat de Catalu\u00f1a con fecha 17\/09\/2013 y a trav\u00e9s del <a title=\"Instituto Nacional de Consumo\" href=\"http:\/\/www.consumo-inc.gob.es\/home.htm\" target=\"_blank\" rel=\"external nofollow\">Instituto Nacional de Consumo<\/a>, ha dado la alerta de un fallo en una motocicleta de nueva producci\u00f3n. En \u00e9ste caso el producto ha sido notificado a trav\u00e9s de la Red de Alerta, con el n\u00famero: CCAA-360\/2013.<\/p>\n<div class=\"mceTemp\" style=\"text-align: justify;\">\n<dl id=\"attachment_841\" class=\"wp-caption alignleft\" style=\"width: 310px;\">\n<dt class=\"wp-caption-dt\"><a href=\"\/moterosdehoy\/wp-content\/uploads\/sites\/45\/2013\/10\/honda-sh-125i-150i.jpg\"><img loading=\"lazy\" class=\"size-medium wp-image-841\" title=\"honda-sh-125i-150i\" src=\"\/moterosdehoy\/wp-content\/uploads\/sites\/45\/2013\/10\/honda-sh-125i-150i.jpg\" alt=\"\" width=\"300\" height=\"242\" srcset=\"https:\/\/static-blogs.hoy.es\/wp-content\/uploads\/sites\/45\/2013\/10\/honda-sh-125i-150i.jpg 430w, https:\/\/static-blogs.hoy.es\/wp-content\/uploads\/sites\/45\/2013\/10\/honda-sh-125i-150i-300x242.jpg 300w\" sizes=\"(max-width: 300px) 100vw, 300px\" \/><\/a><\/dt>\n<dd class=\"wp-caption-dd\">Honda SH125i y SH150i<\/dd>\n<\/dl>\n<\/div>\n<p style=\"text-align: justify;\">\u00a0 En concreto se trata de la <strong>motocicleta <a title=\"Web de Honda\" href=\"http:\/\/www.honda-montesa.es\/\" target=\"_blank\" rel=\"external nofollow\">HONDA<\/a>, en sus modelos\u00a0<a title=\"Im\u00e1genes de dichos modelos\" href=\"https:\/\/www.google.es\/search?q=SH125i+y+SH150i&#038;es_sm=93&#038;tbm=isch&#038;tbo=u&#038;source=univ&#038;sa=X&#038;ei=vZpTUtbRDvON0wXqtoDgBQ&#038;ved=0CEAQsAQ&#038;biw=1280&#038;bih=656&#038;dpr=1\" target=\"_blank\" rel=\"external nofollow\">SH125i y SH150i<\/a>, <\/strong>aqu\u00ed puedes ver sus <a title=\"ficha t\u00e9cnica de la Honda SH125i\" href=\"http:\/\/www.honda-montesa.es\/motos\/modelo.php?m=SHMode&#038;especificaciones=si\" target=\"_blank\" rel=\"external nofollow\">fichas t\u00e9cnicas<\/a>.<\/p>\n<h2 style=\"text-align: justify;\">Naturaleza del riesgo:<\/h2>\n<p style=\"text-align: justify;\">\u00a0\u00a0El soporte de resina que hay dentro de la bomba de inyecci\u00f3n de combustible, se deforma reduciendo la distancia con el rotor, provocando el fallo de la bomba de combustible.<\/p>\n<p style=\"text-align: justify;\">\u00a0 \u00a0Si la bomba de combustible falla, puede producir que el motor no arranque o que se pare durante la conducci\u00f3n, sin que se pueda volver a arrancar.<\/p>\n<p style=\"text-align: justify;\">\u00a0Los usuarios advierten\u00a0que repentinamente el motor deja de funcionar y no pueden arrancarlo. El riesgo m\u00e1s grave es que el motor pierda potencia progresivamente hasta llegar a pararse. Las ruedas no quedan bloqueadas y el sistema de frenado permanece inalterado.<\/p>\n<h2 style=\"text-align: justify;\">Medidas adoptadas por el \u00f3rgano notificador:<\/h2>\n<p style=\"text-align: justify;\">\u00a0 \u00a0La empresa MONTESA HONDA, ha\u00a0comunicado a las autoridades de consumo de Catalu\u00f1a el problema del veh\u00edculo y las medidas que voluntariamente ha adoptado, consistentes en emitir un comunicado a toda la red de concesionarios y talleres autorizados explicando la causa del problema y el m\u00e9todo de reparaci\u00f3n. Contactar\u00e1 por correo certificado con todos los propietarios de veh\u00edculos afectados.<\/p>\n<p style=\"text-align: justify;\"><strong>\u00a0 \u00a0<a title=\"Enlace al facebook de Moteros de Hoy\" href=\"https:\/\/www.facebook.com\/moteroshoy?ref=hl\" target=\"_blank\" rel=\"external nofollow\">Saludos y r\u00e1fagas<\/a>.<\/strong><\/p>\n<!-- AddThis Advanced Settings generic via filter on the_content --><!-- AddThis Share Buttons generic via filter on the_content -->","protected":false},"excerpt":{"rendered":"<p>\u00a0 \u00a0La Generalitat de Catalu\u00f1a con fecha 17\/09\/2013 y a trav\u00e9s del Instituto Nacional de Consumo, ha dado la alerta de un fallo en una motocicleta de nueva producci\u00f3n. En \u00e9ste caso el producto ha sido notificado a trav\u00e9s de la Red de Alerta, con el n\u00famero: CCAA-360\/2013. Honda SH125i y SH150i \u00a0 En concreto [&hellip;]<!-- AddThis Advanced Settings generic via filter on get_the_excerpt --><!-- AddThis Share Buttons generic via filter on get_the_excerpt --><\/p>\n","protected":false},"author":49,"featured_media":0,"comment_status":"open","ping_status":"closed","sticky":false,"template":"","format":"standard","meta":[],"categories":[12,13],"tags":[386,387,467,468,622,629,639,641,667],"_links":{"self":[{"href":"https:\/\/blogs.hoy.es\/moterosdehoy\/wp-json\/wp\/v2\/posts\/840"}],"collection":[{"href":"https:\/\/blogs.hoy.es\/moterosdehoy\/wp-json\/wp\/v2\/posts"}],"about":[{"href":"https:\/\/blogs.hoy.es\/moterosdehoy\/wp-json\/wp\/v2\/types\/post"}],"author":[{"embeddable":true,"href":"https:\/\/blogs.hoy.es\/moterosdehoy\/wp-json\/wp\/v2\/users\/49"}],"replies":[{"embeddable":true,"href":"https:\/\/blogs.hoy.es\/moterosdehoy\/wp-json\/wp\/v2\/comments?post=840"}],"version-history":[{"count":0,"href":"https:\/\/blogs.hoy.es\/moterosdehoy\/wp-json\/wp\/v2\/posts\/840\/revisions"}],"wp:attachment":[{"href":"https:\/\/blogs.hoy.es\/moterosdehoy\/wp-json\/wp\/v2\/media?parent=840"}],"wp:term":[{"taxonomy":"category","embeddable":true,"href":"https:\/\/blogs.hoy.es\/moterosdehoy\/wp-json\/wp\/v2\/categories?post=840"},{"taxonomy":"post_tag","embeddable":true,"href":"https:\/\/blogs.hoy.es\/moterosdehoy\/wp-json\/wp\/v2\/tags?post=840"}],"curies":[{"name":"wp","href":"https:\/\/api.w.org\/{rel}","templated":true}]}}