{"id":843,"date":"2013-10-08T10:48:13","date_gmt":"2013-10-08T10:48:13","guid":{"rendered":"http:\/\/blogs.hoy.es\/moterosdehoy\/?p=843"},"modified":"2013-10-08T10:48:13","modified_gmt":"2013-10-08T10:48:13","slug":"i-kedada-motera-los-rosales","status":"publish","type":"post","link":"https:\/\/blogs.hoy.es\/moterosdehoy\/2013\/10\/08\/i-kedada-motera-los-rosales\/","title":{"rendered":"I kedada Motera Los Rosales"},"content":{"rendered":"<p style=\"text-align: justify;\">El pr\u00f3ximo<strong> 19 de octubre 2013<\/strong>, desde el Bar Restaurante &#8220;Los Rosales&#8221;, en <strong><a title=\"Coria en Wikipedia\" href=\"http:\/\/es.wikipedia.org\/wiki\/Coria\" target=\"_blank\" rel=\"external nofollow\">C\u00f3ria <\/a>(C\u00e1ceres)<\/strong>, nos propone una <strong>KEDADA MOTERA.<\/strong><\/p>\n<div class=\"mceTemp\" style=\"text-align: justify;\">\n<dl id=\"attachment_844\" class=\"wp-caption alignleft\" style=\"width: 310px;\">\n<dt class=\"wp-caption-dt\"><a href=\"\/moterosdehoy\/wp-content\/uploads\/sites\/45\/2013\/10\/Cartel-evento-Los-Rosales.jpg\"><img loading=\"lazy\" class=\"size-medium wp-image-844\" title=\"Cartel evento Los Rosales\" src=\"\/moterosdehoy\/wp-content\/uploads\/sites\/45\/2013\/10\/Cartel-evento-Los-Rosales.jpg\" alt=\"\" width=\"300\" height=\"214\" srcset=\"https:\/\/static-blogs.hoy.es\/wp-content\/uploads\/sites\/45\/2013\/10\/Cartel-evento-Los-Rosales.jpg 960w, https:\/\/static-blogs.hoy.es\/wp-content\/uploads\/sites\/45\/2013\/10\/Cartel-evento-Los-Rosales-300x214.jpg 300w, https:\/\/static-blogs.hoy.es\/wp-content\/uploads\/sites\/45\/2013\/10\/Cartel-evento-Los-Rosales-768x548.jpg 768w\" sizes=\"(max-width: 300px) 100vw, 300px\" \/><\/a><\/dt>\n<dd class=\"wp-caption-dd\">Cartel del evento<\/dd>\n<\/dl>\n<\/div>\n<p style=\"text-align: justify;\">Como ellos dicen, estar\u00e1n preparados para pasar un buen s\u00e1bado de oto\u00f1o. Dando la bienvenida a todos los asistentes e invitando a una comida de fraternidad donde encontrar de nuevo a todos los amantes de las motos , disfrutar con amigos de otras rutas, de otros almuerzos, de otras concentraciones,&#8230;&#8230;&#8230; y de buena m\u00fasica Rock.<\/p>\n<p style=\"text-align: justify;\">TODO ESO SER\u00c1 <strong>GRATIS<\/strong>, LA BEBIDA POR CUENTA DE CADA UNO.<\/p>\n<p style=\"text-align: justify;\">Adem\u00e1s tendr\u00e1n preparada una nave para aquellos que acudan de lejos y deseen pernoctar, as\u00ed que no hace falta tienda, con un saco ser\u00e1 suficiente.<\/p>\n<p style=\"text-align: justify;\">Para los que quieran acudir, desde la organizaci\u00f3n piden que se les pueda dar aviso, para calcular a la hora de la comida, para ello facilitan dos tel\u00e9fonos que aparecen en el cartel del evento.<\/p>\n<p style=\"text-align: justify;\"><strong><a title=\"Enlace al facebook de Moteros de HOY\" href=\"https:\/\/www.facebook.com\/moteroshoy?ref=hl\" target=\"_blank\" rel=\"external nofollow\">Saludos y r\u00e1fagas<\/a><\/strong>.<\/p>\n<!-- AddThis Advanced Settings generic via filter on the_content --><!-- AddThis Share Buttons generic via filter on the_content -->","protected":false},"excerpt":{"rendered":"<p>El pr\u00f3ximo 19 de octubre 2013, desde el Bar Restaurante &#8220;Los Rosales&#8221;, en C\u00f3ria (C\u00e1ceres), nos propone una KEDADA MOTERA. Cartel del evento Como ellos dicen, estar\u00e1n preparados para pasar un buen s\u00e1bado de oto\u00f1o. Dando la bienvenida a todos los asistentes e invitando a una comida de fraternidad donde encontrar de nuevo a todos [&hellip;]<!-- AddThis Advanced Settings generic via filter on get_the_excerpt --><!-- AddThis Share Buttons generic via filter on get_the_excerpt --><\/p>\n","protected":false},"author":49,"featured_media":0,"comment_status":"open","ping_status":"closed","sticky":false,"template":"","format":"standard","meta":[],"categories":[13],"tags":[472,548,622,639],"_links":{"self":[{"href":"https:\/\/blogs.hoy.es\/moterosdehoy\/wp-json\/wp\/v2\/posts\/843"}],"collection":[{"href":"https:\/\/blogs.hoy.es\/moterosdehoy\/wp-json\/wp\/v2\/posts"}],"about":[{"href":"https:\/\/blogs.hoy.es\/moterosdehoy\/wp-json\/wp\/v2\/types\/post"}],"author":[{"embeddable":true,"href":"https:\/\/blogs.hoy.es\/moterosdehoy\/wp-json\/wp\/v2\/users\/49"}],"replies":[{"embeddable":true,"href":"https:\/\/blogs.hoy.es\/moterosdehoy\/wp-json\/wp\/v2\/comments?post=843"}],"version-history":[{"count":0,"href":"https:\/\/blogs.hoy.es\/moterosdehoy\/wp-json\/wp\/v2\/posts\/843\/revisions"}],"wp:attachment":[{"href":"https:\/\/blogs.hoy.es\/moterosdehoy\/wp-json\/wp\/v2\/media?parent=843"}],"wp:term":[{"taxonomy":"category","embeddable":true,"href":"https:\/\/blogs.hoy.es\/moterosdehoy\/wp-json\/wp\/v2\/categories?post=843"},{"taxonomy":"post_tag","embeddable":true,"href":"https:\/\/blogs.hoy.es\/moterosdehoy\/wp-json\/wp\/v2\/tags?post=843"}],"curies":[{"name":"wp","href":"https:\/\/api.w.org\/{rel}","templated":true}]}}