{"id":851,"date":"2013-10-18T09:05:39","date_gmt":"2013-10-18T09:05:39","guid":{"rendered":"http:\/\/blogs.hoy.es\/moterosdehoy\/?p=851"},"modified":"2013-10-18T09:05:39","modified_gmt":"2013-10-18T09:05:39","slug":"curso-de-conduccion-segura-de-motocicletas","status":"publish","type":"post","link":"https:\/\/blogs.hoy.es\/moterosdehoy\/2013\/10\/18\/curso-de-conduccion-segura-de-motocicletas\/","title":{"rendered":"Curso de conducci\u00f3n segura de motocicletas"},"content":{"rendered":"<div style=\"text-align: justify;\">\u00a0 \u00a0Son muchos los Club Moteros que luchan y abogan por la seguridad, unos creando plataformas reivindicativas como &#8220;guardarrailes asesinos&#8221;, otras que luchan por la seguridad en general, como la <a title=\"Web de la PMSV\" href=\"http:\/\/www.pmsv.org\/\" target=\"_blank\" rel=\"external nofollow\">Plataforma Motera para la Seguridad Vial<\/a> PMSV&#8230;<\/div>\n<div><\/div>\n<div style=\"text-align: justify;\">\n<div id=\"attachment_853\" style=\"width: 221px\" class=\"wp-caption alignleft\"><a href=\"\/moterosdehoy\/wp-content\/uploads\/sites\/45\/2013\/10\/Cartel-Curso-Conducci\u00f3n_001.jpg\"><img aria-describedby=\"caption-attachment-853\" loading=\"lazy\" class=\"size-medium wp-image-853\" title=\"Cartel Curso Conducci\u00f3n_001\" src=\"\/moterosdehoy\/wp-content\/uploads\/sites\/45\/2013\/10\/Cartel-Curso-Conducci\u00f3n_001.jpg\" alt=\"\" width=\"211\" height=\"300\" srcset=\"https:\/\/static-blogs.hoy.es\/wp-content\/uploads\/sites\/45\/2013\/10\/Cartel-Curso-Conducci\u00f3n_001.jpg 595w, https:\/\/static-blogs.hoy.es\/wp-content\/uploads\/sites\/45\/2013\/10\/Cartel-Curso-Conducci\u00f3n_001-212x300.jpg 212w\" sizes=\"(max-width: 211px) 100vw, 211px\" \/><\/a><p id=\"caption-attachment-853\" class=\"wp-caption-text\">Cartel del Curso de Conducci\u00f3n<\/p><\/div>\n<\/div>\n<div style=\"text-align: justify;\">\u00a0 \u00a0En \u00e9sta ocasi\u00f3n os doy a conocer un curso de conducci\u00f3n segura de motocicleta. El curso lo organiza la <a title=\"Web de la asociaci\u00f3n\" href=\"https:\/\/sites.google.com\/site\/asociacionmotoyvida\/\" target=\"_blank\">Asociaci\u00f3n Moto y Vida<\/a>, cuya sede se encuentra en <a title=\"M\u00e9rida en Wikipedia\" href=\"http:\/\/es.wikipedia.org\/wiki\/M%C3%A9rida_(Espa%C3%B1a)\" target=\"_blank\" rel=\"external nofollow\">M\u00e9rida<\/a>, el cual est\u00e1 haciendo un gran esfuerzo en ofreceros un curso de calidad, a un precio competitivo, porque\u00a0quieren que el curso de conducci\u00f3n sea accesible al mayor n\u00famero de aficionados que quieran mejorar su t\u00e9cnica de conducci\u00f3n. De ese modo, su correcta formaci\u00f3n redundar\u00e1 en una conducci\u00f3n m\u00e1s segura y por ende en la seguridad vial y en la reducci\u00f3n de la accidentabilidad\u00a0de nuestro colectivo.<\/div>\n<div style=\"text-align: justify;\"><\/div>\n<div style=\"text-align: justify;\">\u00a0 El curso tendr\u00e1 lugar el pr\u00f3ximo <strong>d\u00eda 26 de octubre<\/strong> en el <strong>circuito de <a title=\"Circuito de Karting\" href=\"http:\/\/www.kartingtalavera.es\/web\/jupgrade\/\" target=\"_blank\" rel=\"external nofollow\">karting de Talavera la Real<\/a> (Badajoz).\u00a0<\/strong><\/div>\n<div style=\"text-align: justify;\"><\/div>\n<div style=\"text-align: justify;\">\u00a0 Estar\u00e1 compuesto por un curso de conducci\u00f3n segura de motocicletas de 8 horas, con comida en el mismo circuito, que se encuentra incluida en el precio. Adem\u00e1s si acudes acompa\u00f1ado, podr\u00e1n disfrutar de una estupenda vista panor\u00e1mica del circuito desde la terraza de la cafeter\u00eda, adem\u00e1s de comer con los del curso, pudiendo alquilar a un precio ventajoso un kart, para disfrutar dando unas vueltas\u00a0por el circuito durante los\u00a0periodos de teor\u00eda en el aula.<\/div>\n<div style=\"text-align: justify;\"><\/div>\n<div style=\"text-align: justify;\">\u00a0 \u00a0Todo ello por un precio de <strong>65 \u20ac para los no socios<\/strong> y 40 \u20ac para los socios. Llevando<strong> incluido Seguro de Accidente<\/strong> por la compa\u00f1\u00eda Mapfre, <strong>comida<\/strong> en el mismo circuito y\u00a0<strong>Diploma<\/strong> homologado por el protocolo GT52.<\/div>\n<div style=\"text-align: justify;\"><\/div>\n<div style=\"text-align: justify;\">\u00a0 Si quieres inscribirte puedes hacerlo en la web de la asociaci\u00f3n\u00a0<a href=\"http:\/\/www.motoyvida.es\/\" target=\"_blank\" rel=\"external nofollow\">www.motoyvida.es<\/a>, rellenando el formulario de preinscripci\u00f3n y envi\u00e1ndoles la copia del justificante de ingreso por email a:\u00a0<a href=\"mailto:asociacionmotoyvida@gmail.com\" target=\"_blank\">asociacionmotoyvida@gmail.com<\/a>.<\/div>\n<div style=\"text-align: justify;\"><\/div>\n<div style=\"text-align: justify;\"><strong>\u00a0 \u00a0<a title=\"Enlace al facebook de Moteros de HOY\" href=\"https:\/\/www.facebook.com\/moteroshoy?ref=hl\" target=\"_blank\" rel=\"external nofollow\">Saludos y r\u00e1fagas<\/a>.<\/strong><\/div>\n<!-- AddThis Advanced Settings generic via filter on the_content --><!-- AddThis Share Buttons generic via filter on the_content -->","protected":false},"excerpt":{"rendered":"<p>\u00a0 \u00a0Son muchos los Club Moteros que luchan y abogan por la seguridad, unos creando plataformas reivindicativas como &#8220;guardarrailes asesinos&#8221;, otras que luchan por la seguridad en general, como la Plataforma Motera para la Seguridad Vial PMSV&#8230; \u00a0 \u00a0En \u00e9sta ocasi\u00f3n os doy a conocer un curso de conducci\u00f3n segura de motocicleta. El curso lo [&hellip;]<!-- AddThis Advanced Settings generic via filter on get_the_excerpt --><!-- AddThis Share Buttons generic via filter on get_the_excerpt --><\/p>\n","protected":false},"author":49,"featured_media":0,"comment_status":"open","ping_status":"closed","sticky":false,"template":"","format":"standard","meta":[],"categories":[12,13],"tags":[78,166,324,622,624,629,639,641],"_links":{"self":[{"href":"https:\/\/blogs.hoy.es\/moterosdehoy\/wp-json\/wp\/v2\/posts\/851"}],"collection":[{"href":"https:\/\/blogs.hoy.es\/moterosdehoy\/wp-json\/wp\/v2\/posts"}],"about":[{"href":"https:\/\/blogs.hoy.es\/moterosdehoy\/wp-json\/wp\/v2\/types\/post"}],"author":[{"embeddable":true,"href":"https:\/\/blogs.hoy.es\/moterosdehoy\/wp-json\/wp\/v2\/users\/49"}],"replies":[{"embeddable":true,"href":"https:\/\/blogs.hoy.es\/moterosdehoy\/wp-json\/wp\/v2\/comments?post=851"}],"version-history":[{"count":0,"href":"https:\/\/blogs.hoy.es\/moterosdehoy\/wp-json\/wp\/v2\/posts\/851\/revisions"}],"wp:attachment":[{"href":"https:\/\/blogs.hoy.es\/moterosdehoy\/wp-json\/wp\/v2\/media?parent=851"}],"wp:term":[{"taxonomy":"category","embeddable":true,"href":"https:\/\/blogs.hoy.es\/moterosdehoy\/wp-json\/wp\/v2\/categories?post=851"},{"taxonomy":"post_tag","embeddable":true,"href":"https:\/\/blogs.hoy.es\/moterosdehoy\/wp-json\/wp\/v2\/tags?post=851"}],"curies":[{"name":"wp","href":"https:\/\/api.w.org\/{rel}","templated":true}]}}