{"id":864,"date":"2013-11-05T19:29:28","date_gmt":"2013-11-05T19:29:28","guid":{"rendered":"http:\/\/blogs.hoy.es\/moterosdehoy\/?p=864"},"modified":"2013-11-05T19:29:28","modified_gmt":"2013-11-05T19:29:28","slug":"concentraciones-moteras-noviembre-2013","status":"publish","type":"post","link":"https:\/\/blogs.hoy.es\/moterosdehoy\/2013\/11\/05\/concentraciones-moteras-noviembre-2013\/","title":{"rendered":"Concentraciones moteras NOVIEMBRE 2013"},"content":{"rendered":"<p style=\"text-align: justify;\">\u00a0 \u00a0Ya tenemos el fr\u00edo, la lluvia y pronto las primeras heladas o nevadas, pero nuestras m\u00e1quinas estar\u00e1n deseosas de salir a dar alguna que otra vuelta.<\/p>\n<div class=\"mceTemp\" style=\"text-align: justify;\"><a href=\"\/moterosdehoy\/wp-content\/uploads\/sites\/45\/2013\/11\/Chica-con-moto-11.jpg\"><img loading=\"lazy\" class=\"alignleft size-medium wp-image-866\" title=\"Chica con moto 11\" src=\"\/moterosdehoy\/wp-content\/uploads\/sites\/45\/2013\/11\/Chica-con-moto-11.jpg\" alt=\"\" width=\"199\" height=\"300\" srcset=\"https:\/\/static-blogs.hoy.es\/wp-content\/uploads\/sites\/45\/2013\/11\/Chica-con-moto-11.jpg 299w, https:\/\/static-blogs.hoy.es\/wp-content\/uploads\/sites\/45\/2013\/11\/Chica-con-moto-11-199x300.jpg 199w\" sizes=\"(max-width: 199px) 100vw, 199px\" \/><\/a>\u00a0 \u00a0Para ello un par de recomendaciones, con respecto a nosotros abr\u00edgate bien, no hace falta llevar muchas prendas, pues con eso lo \u00fanico que consigues es entorpecer los movimientos. Lo ideal es llevar prendas preparadas, que nos sirvan de aislante del fr\u00edo, viento o lluvia y a la vez sean c\u00f3modas. Por otro lado y mirando a la moto, no pienses &#8220;como voy a hacer pocos kil\u00f3metros no hace falta mantenimiento&#8221;, revisa las ruedas, sobre todo el dibujo para cuando ruedes con agua y recuerda que si lleva l\u00edquido refrigerante le debes de poner alg\u00fan anticongelante, sobre todos en zonas muy fr\u00edas, evitar\u00e1s da\u00f1ar el motor.<\/div>\n<p style=\"text-align: justify;\">\u00a0 \u00a0Aqu\u00ed os dejo un mes m\u00e1s un listado de concentraciones y quedadas moteras, como de costumbre primero pongo las de Extremadura, luego el resto del pa\u00eds y luego las de fuera.<\/p>\n<h2>Concentraciones y quedadas en Extremadura:<\/h2>\n<p>D\u00eda\u00a0<strong>10<\/strong>\u00a0&#8211; <a title=\"III Kedada motera en Navalvillar de Pela\" href=\"http:\/\/www.tumotoweb.com\/calendario.php?id=11&#038;mes=11&#038;anio=2013#anclamapa\" target=\"_blank\" rel=\"external nofollow\">III Kedada motera<\/a>, en Navalvillar de Pela (<strong>Badajoz<\/strong>)<\/p>\n<p>D\u00eda <strong>17<\/strong> &#8211; <a title=\"La Ruta del Lobo\" href=\"https:\/\/blogs.hoy.es\/moterosdehoy\/2013\/10\/30\/la-ruta-del-lobo\/\" target=\"_blank\">La Ruta del Lobo<\/a>, en Plasencia (<strong>C\u00e1ceres<\/strong>)<\/p>\n<p>D\u00eda <strong>17<\/strong> &#8211; <a title=\"Kdd Oto\u00f1o M\u00e1gico en moto\" href=\"http:\/\/ibikespain.lptravel.es\/index.php\/es\/mnu-eventos-es\/item\/124-kdd-otono-magico-en-moto\" target=\"_blank\" rel=\"external nofollow\">Kdd Oto\u00f1o M\u00e1gico en moto<\/a>, en Plasencia (<strong>C\u00e1ceres<\/strong>)<\/p>\n<p>.<\/p>\n<h2>\u00a0 \u00a0Concentraciones y quedadas moteras en el resto de Espa\u00f1a:<\/h2>\n<p>Del <strong>8 al 10<\/strong> &#8211; <a title=\"XVII Concentraci\u00f3n Motera Cachonera\" href=\"http:\/\/www.tumotoweb.com\/destacada.php?id=2738\" target=\"_blank\" rel=\"external nofollow\">XVII Concentraci\u00f3n Motera Cachonera<\/a>, en Calaroza (<strong>Huelva<\/strong>)<\/p>\n<p>D\u00edas <strong>9 y 10<\/strong> &#8211; <a title=\"IX Fiesta noche de Halloween\" href=\"http:\/\/www.tumotoweb.com\/destacada.php?id=2743\" target=\"_blank\" rel=\"external nofollow\">IX Fiesta noche de Halloween<\/a>, en Lloret de Mar (<strong>Gerona<\/strong>)<\/p>\n<p>Del <strong>9 al 11<\/strong> &#8211; <a title=\"VI Aniversario\" href=\"http:\/\/www.tumotoweb.com\/calendario.php?id=2&#038;mes=11&#038;anio=2013#event_2806\" target=\"_blank\" rel=\"external nofollow\">VI Fiesta Aniversario y presentaci\u00f3n Kosacos MC<\/a>, en <strong>Zaragoza<\/strong><\/p>\n<p>D\u00eda <strong>10<\/strong> &#8211; <a title=\"V Oto\u00f1al Amigos de la Carretera\" href=\"http:\/\/motock.com\/es\/blog\/concentraciones\/item\/463-concentraci%C3%B3n-motera-en-%C3%A1vila.html\" target=\"_blank\" rel=\"external nofollow\">V Oto\u00f1al Amigos de la Carretera<\/a>, en Hoyocasero (<strong>\u00c1vila<\/strong>)<\/p>\n<p>D\u00eda <strong>10<\/strong> &#8211; <a title=\"VII Aniversario Ruta 340\" href=\"http:\/\/www.tumotoweb.com\/destacada.php?id=2744\" target=\"_blank\" rel=\"external nofollow\">VII Aniversario Ruta 340 Motorcycles<\/a>, en Torrox Costa (<strong>M\u00e1laga<\/strong>)<\/p>\n<p>D\u00edas <strong>16 y 17<\/strong> &#8211; <a title=\"XXX Concentraci\u00f3n Motorista\" href=\"http:\/\/www.tumotoweb.com\/destacada.php?id=2799\" target=\"_blank\" rel=\"external nofollow\">XXX Concentraci\u00f3n Motorista Ribera D&#8217;Ebre<\/a>, en Vinebre (<strong>Tarragona<\/strong>)<\/p>\n<p>D\u00edas <strong>16 y 17<\/strong> &#8211; <a title=\"XXVI Ruta del Chocolate\" href=\"http:\/\/www.tumotoweb.com\/destacada.php?id=2801\" target=\"_blank\" rel=\"external nofollow\">XXVI Ruta del Chocolate<\/a>, en Vila Joiosa (<strong>Alicante<\/strong>)<\/p>\n<p>D\u00edas <strong>16 y 17<\/strong> &#8211; <a title=\"Rally motero Samhain\" href=\"http:\/\/www.tumotoweb.com\/destacada.php?id=2800\" target=\"_blank\" rel=\"external nofollow\">Rally Motero Samhain 2013<\/a>, en Granollers (<strong>Barcelona<\/strong>)<\/p>\n<p>D\u00eda <strong>17<\/strong> &#8211; <a title=\"VI Trobada\" href=\"http:\/\/www.tumotoweb.com\/destacada.php?id=2812\" target=\"_blank\" rel=\"external nofollow\">VI Trobada Canovelles<\/a>, en Canovelles (<strong>Barcelona<\/strong>)<\/p>\n<p>Del <strong>22 al 24<\/strong>\u00a0&#8211; <a title=\"Enlace al foro del V.O.C.S.\" href=\"http:\/\/www.vocs.org\/\" target=\"_blank\" rel=\"external nofollow\">IX Invernal del <strong>V.O.C.S.<\/strong><\/a>, en Lloret de Mar (<strong>Gerona<\/strong>) &#8211; &#8211; &#8211; Para <strong><span style=\"color: #ff0000;\">VULCAN<\/span><\/strong><\/p>\n<p>&#8211;<\/p>\n<h2>\u00a0\u00a0\u00a0 Concentraciones y quedadas moteras fuera de Espa\u00f1a:<\/h2>\n<p>Del\u00a0<strong>8 al 10<\/strong>\u00a0\u2013\u00a0<a title=\"Enlace a la concentraci\u00f3n\" href=\"http:\/\/www.motoclubmotrix.org\/foro\/viewtopic.php?t=3528&#038;p=23698#p23698\" target=\"_blank\" rel=\"external nofollow\">XVI Concentra\u00e7\u00e3o motard Tubar\u00f5es<\/a>, en Cartaxo (<strong>Portugal<\/strong>)<\/p>\n<p>Del <strong>15 al 17<\/strong> &#8211;\u00a0<a title=\"XVI Concentra\u00e7ao\" href=\"http:\/\/www.motoclubmotrix.org\/foro\/viewtopic.php?t=1684&#038;p=23651#p23651\" target=\"_blank\" rel=\"external nofollow\">XVI Cocentra\u00e7\u00e3o Motard S Martinho<\/a>, en Pe\u00f1afiel (<strong>Portugal<\/strong>)<\/p>\n<p>&#8211;<\/p>\n<p>Ir\u00e9 agregando m\u00e1s a medida que me vaya enterando.<\/p>\n<p><strong><a title=\"Enlace al facebook de Moteros de Hoy\" href=\"https:\/\/www.facebook.com\/moteroshoy?ref=hl\" target=\"_blank\" rel=\"external nofollow\">Saludos y r\u00e1fagas<\/a><\/strong>.<\/p>\n<!-- AddThis Advanced Settings generic via filter on the_content --><!-- AddThis Share Buttons generic via filter on the_content -->","protected":false},"excerpt":{"rendered":"<p>\u00a0 \u00a0Ya tenemos el fr\u00edo, la lluvia y pronto las primeras heladas o nevadas, pero nuestras m\u00e1quinas estar\u00e1n deseosas de salir a dar alguna que otra vuelta. \u00a0 \u00a0Para ello un par de recomendaciones, con respecto a nosotros abr\u00edgate bien, no hace falta llevar muchas prendas, pues con eso lo \u00fanico que consigues es entorpecer [&hellip;]<!-- AddThis Advanced Settings generic via filter on get_the_excerpt --><!-- AddThis Share Buttons generic via filter on get_the_excerpt --><\/p>\n","protected":false},"author":49,"featured_media":0,"comment_status":"open","ping_status":"closed","sticky":false,"template":"","format":"standard","meta":[],"categories":[5,13],"tags":[277,622,639],"_links":{"self":[{"href":"https:\/\/blogs.hoy.es\/moterosdehoy\/wp-json\/wp\/v2\/posts\/864"}],"collection":[{"href":"https:\/\/blogs.hoy.es\/moterosdehoy\/wp-json\/wp\/v2\/posts"}],"about":[{"href":"https:\/\/blogs.hoy.es\/moterosdehoy\/wp-json\/wp\/v2\/types\/post"}],"author":[{"embeddable":true,"href":"https:\/\/blogs.hoy.es\/moterosdehoy\/wp-json\/wp\/v2\/users\/49"}],"replies":[{"embeddable":true,"href":"https:\/\/blogs.hoy.es\/moterosdehoy\/wp-json\/wp\/v2\/comments?post=864"}],"version-history":[{"count":0,"href":"https:\/\/blogs.hoy.es\/moterosdehoy\/wp-json\/wp\/v2\/posts\/864\/revisions"}],"wp:attachment":[{"href":"https:\/\/blogs.hoy.es\/moterosdehoy\/wp-json\/wp\/v2\/media?parent=864"}],"wp:term":[{"taxonomy":"category","embeddable":true,"href":"https:\/\/blogs.hoy.es\/moterosdehoy\/wp-json\/wp\/v2\/categories?post=864"},{"taxonomy":"post_tag","embeddable":true,"href":"https:\/\/blogs.hoy.es\/moterosdehoy\/wp-json\/wp\/v2\/tags?post=864"}],"curies":[{"name":"wp","href":"https:\/\/api.w.org\/{rel}","templated":true}]}}