{"id":87,"date":"2012-06-08T14:04:51","date_gmt":"2012-06-08T14:04:51","guid":{"rendered":"http:\/\/blogs.hoy.es\/moterosdehoy\/?p=87"},"modified":"2012-06-08T14:04:51","modified_gmt":"2012-06-08T14:04:51","slug":"concentraciones-y-quedadas-moteras-en-junio-2012","status":"publish","type":"post","link":"https:\/\/blogs.hoy.es\/moterosdehoy\/2012\/06\/08\/concentraciones-y-quedadas-moteras-en-junio-2012\/","title":{"rendered":"Concentraciones y quedadas moteras en junio 2012"},"content":{"rendered":"<p>Relaci\u00f3n de concentraciones y quedadas moteras a lo largo de <strong>junio<\/strong> 2012 dentro de <strong>Extremadura<\/strong>:<\/p>\n<p>D\u00edas<strong> 1, 2 y 3<\/strong> junio &#8211; <a href=\"https:\/\/blogs.hoy.es\/moterosdehoy\/2012\/06\/01\/concentracion-motera-en-calamonte\/\">VIII Concentraci\u00f3n motera ciudad de <strong>Calamonte<\/strong><\/a><strong> (Badajoz)<a href=\"\/moterosdehoy\/wp-content\/uploads\/sites\/45\/2012\/06\/chicas-en-moto-en-verano.jpg\"><img loading=\"lazy\" class=\"alignright size-medium wp-image-104\" src=\"\/moterosdehoy\/wp-content\/uploads\/sites\/45\/2012\/06\/chicas-en-moto-en-verano.jpg\" alt=\"\" width=\"300\" height=\"225\" srcset=\"https:\/\/static-blogs.hoy.es\/wp-content\/uploads\/sites\/45\/2012\/06\/chicas-en-moto-en-verano.jpg 500w, https:\/\/static-blogs.hoy.es\/wp-content\/uploads\/sites\/45\/2012\/06\/chicas-en-moto-en-verano-300x225.jpg 300w\" sizes=\"(max-width: 300px) 100vw, 300px\" \/><\/a><\/strong><\/p>\n<p>D\u00eda<strong> 3<\/strong> de junio &#8211; <a href=\"https:\/\/blogs.hoy.es\/moterosdehoy\/2012\/05\/29\/reunion-motera-en-monterrubio-de-la-serena\/\">III Reuni\u00f3n motera en <strong>Monterrubio de la Serena<\/strong><\/a><strong> (Badajoz)<\/strong><\/p>\n<p>D\u00eda<strong> 9<\/strong> de junio &#8211; Fiesta motera<a href=\"https:\/\/blogs.hoy.es\/moterosdehoy\/2012\/06\/06\/76\/\">\u00a0III aniversario de <strong>Harley Extremadura<\/strong><\/a><\/p>\n<p>D\u00eda <strong>10<\/strong> de junio &#8211; <a href=\"https:\/\/blogs.hoy.es\/moterosdehoy\/2012\/06\/06\/2012-06-10-dia-nacional-de-la-moto\/\">D\u00eda nacional de la moto<\/a>, kedada en <strong>Plaza Alta de Badajoz<\/strong>.<\/p>\n<p>D\u00edas <strong>15, 16 y 17<\/strong> &#8211;\u00a0<a href=\"https:\/\/blogs.hoy.es\/moterosdehoy\/2012\/06\/12\/iii-concentracion-motera-ciudad-de-plasencia\/\">III Concentraci\u00f3n motera ciudad de<\/a><strong><a href=\"https:\/\/blogs.hoy.es\/moterosdehoy\/2012\/06\/12\/iii-concentracion-motera-ciudad-de-plasencia\/\">\u00a0Plasencia<\/a>\u00a0(C\u00e1ceres)<\/strong><\/p>\n<p>D\u00edas <strong>16 y 17<\/strong> de junio &#8211; <a href=\"https:\/\/blogs.hoy.es\/moterosdehoy\/2012\/06\/04\/2012-06-16-ii-kedada-en-san-pedro-de-merida-badajoz\/\">II kedada en <strong>San Pedro de M\u00e9rida<\/strong><\/a><strong> (Badajoz)<\/strong><\/p>\n<p>D\u00eda <strong>17<\/strong> de junio &#8211; <a href=\"https:\/\/blogs.hoy.es\/moterosdehoy\/2012\/06\/11\/moto-arroz-con-pollo-coria-2012-17-junio\/\" target=\"_blank\">MOTO-ARROZ con pollo en <\/a><strong><a href=\"https:\/\/blogs.hoy.es\/moterosdehoy\/2012\/06\/11\/moto-arroz-con-pollo-coria-2012-17-junio\/\" target=\"_blank\">Coria<\/a> (C\u00e1ceres)<\/strong><\/p>\n<p>D\u00eda <strong>17<\/strong> de junio &#8211; <a href=\"https:\/\/blogs.hoy.es\/moterosdehoy\/2012\/06\/13\/alvarado\/\">III Convivencia motera en <\/a><strong><a href=\"https:\/\/blogs.hoy.es\/moterosdehoy\/2012\/06\/13\/alvarado\/\">Alvarado<\/a> (Badajoz)<\/strong><\/p>\n<p>D\u00eda <strong>17<\/strong> de junio &#8211; <a href=\"https:\/\/blogs.hoy.es\/moterosdehoy\/2012\/06\/15\/reunion-motera-en-villafranco-del-guadiana-17-de-junio\/\">Reuni\u00f3n motera en <\/a><strong><a href=\"https:\/\/blogs.hoy.es\/moterosdehoy\/2012\/06\/15\/reunion-motera-en-villafranco-del-guadiana-17-de-junio\/\">Villafranco del Guadiana<\/a> (Badajoz)<\/strong><\/p>\n<p>D\u00eda <strong>30<\/strong> de junio &#8211; <a href=\"https:\/\/blogs.hoy.es\/moterosdehoy\/2012\/06\/26\/reunion-motera-en-puebla-del-maestre-badajoz\/\">Reuni\u00f3n motera en <\/a><strong><a href=\"https:\/\/blogs.hoy.es\/moterosdehoy\/2012\/06\/26\/reunion-motera-en-puebla-del-maestre-badajoz\/\">Puebla del Maestre<\/a> (Badajoz)<\/strong><\/p>\n<p>&nbsp;<\/p>\n<p>Concentraciones y quedadas moteras a lo largo de <strong>junio<\/strong> 2012 <strong>fuera de Extremadura<\/strong>:<\/p>\n<p>D\u00eda <strong>10<\/strong> de junio &#8211; <a href=\"https:\/\/blogs.hoy.es\/moterosdehoy\/2012\/06\/07\/2012-06-10-ii-moto-almuerzo-en-urda-toledo\/\">II moto almuerzo en <strong>Urda<\/strong><\/a><strong> (Toledo)<!--more--><\/strong><\/p>\n<p>D\u00edas <strong>14, 15, 16 y 17<\/strong> de junio &#8211; <a href=\"https:\/\/blogs.hoy.es\/moterosdehoy\/2012\/06\/14\/21%C2%BA-edicion-del-european-harley-owners-group-rally-en-cascais-portugal\/\">21\u00ba European Harley Owners Group Rally en <\/a><strong><a href=\"https:\/\/blogs.hoy.es\/moterosdehoy\/2012\/06\/14\/21%C2%BA-edicion-del-european-harley-owners-group-rally-en-cascais-portugal\/\">Cascais<\/a> (Portugal)<\/strong><\/p>\n<p>D\u00edas<strong> 15, 16 y 17<\/strong> de junio &#8211; <a href=\"https:\/\/blogs.hoy.es\/moterosdehoy\/2012\/06\/08\/vi-concentracion-motera-en-sonseca-toledo\/\">VI Concentraci\u00f3n motera <\/a><strong><a href=\"https:\/\/blogs.hoy.es\/moterosdehoy\/2012\/06\/08\/vi-concentracion-motera-en-sonseca-toledo\/\">Sonseca<\/a> (Toledo)<\/strong><\/p>\n<p>D\u00edas <strong>15, 16 y 17<\/strong> de junio &#8211; <a href=\"https:\/\/blogs.hoy.es\/moterosdehoy\/2012\/06\/11\/v-concentracion-motera-en-huescar-granada\/\" target=\"_blank\">V Concentraci\u00f3n motera en <\/a><strong><a href=\"https:\/\/blogs.hoy.es\/moterosdehoy\/2012\/06\/11\/v-concentracion-motera-en-huescar-granada\/\" target=\"_blank\">Hu\u00e9scar<\/a> (Granada)<\/strong><\/p>\n<p>D\u00edas <strong>15, 16 y 17<\/strong> de junio &#8211; <a href=\"https:\/\/blogs.hoy.es\/moterosdehoy\/2012\/06\/12\/xvi-concentracion-mototuristica-ciudad-de-lepe\/\">XVI Concentraci\u00f3n mototur\u00edstica Ciudad de <strong>Lepe<\/strong><\/a><strong> (Huelva) &#8211; Recomendada si te gusta la playa y m\u00e1s a\u00fan acampar junto a la playa.<\/strong><\/p>\n<p>D\u00eda <strong>17<\/strong> de junio &#8211; <a href=\"https:\/\/blogs.hoy.es\/moterosdehoy\/2012\/06\/15\/gran-fiesta-inauguracion-moto-club-mil-kilometros\/\">Gran fiesta inauguraci\u00f3n &#8220;moto club mil kil\u00f3metros&#8221; en <\/a><strong><a href=\"https:\/\/blogs.hoy.es\/moterosdehoy\/2012\/06\/15\/gran-fiesta-inauguracion-moto-club-mil-kilometros\/\">San Fernando<\/a> (C\u00e1diz)<\/strong><\/p>\n<p>D\u00edas <strong>22, 23 y 24<\/strong> de junio &#8211; <a href=\"https:\/\/blogs.hoy.es\/moterosdehoy\/2012\/06\/22\/ii-concentracion-motera-albero-sevilla\/\">II Concentraci\u00f3n motera <\/a><strong><a href=\"https:\/\/blogs.hoy.es\/moterosdehoy\/2012\/06\/22\/ii-concentracion-motera-albero-sevilla\/\">Albero<\/a> (Sevilla)<\/strong><\/p>\n<p>D\u00edas <strong>23 y 24<\/strong> de junio &#8211; <a href=\"https:\/\/blogs.hoy.es\/moterosdehoy\/2012\/06\/17\/viii-concentracion-motera-villa-de-malagon-23-y-24-junio-2012\/\">VIII Concentraci\u00f3n motera villa de <\/a><strong><a href=\"https:\/\/blogs.hoy.es\/moterosdehoy\/2012\/06\/17\/viii-concentracion-motera-villa-de-malagon-23-y-24-junio-2012\/\">Malag\u00f3n<\/a> (Ciudad Real)<\/strong><\/p>\n<p>D\u00eda <strong>24<\/strong> de junio &#8211; <a href=\"https:\/\/blogs.hoy.es\/moterosdehoy\/2012\/06\/18\/iv-ruta-motera-covachuelas-24-junio\/\">IV Ruta motera Covachuelas, Toledo<\/a>.<strong> Toledo<\/strong><\/p>\n<p>D\u00eda <strong>24<\/strong> de junio &#8211; <a href=\"https:\/\/blogs.hoy.es\/moterosdehoy\/2012\/06\/22\/1%C2%AA-ruta-concurso-de-la-tortilla-madrid\/\">I Ruta concurso de tortilla<\/a> <strong>Madrid<\/strong><\/p>\n<p>D\u00eda <strong>30<\/strong> de junio &#8211; <a href=\"https:\/\/blogs.hoy.es\/moterosdehoy\/2012\/06\/29\/banderas-por-cudeca-en-torremolinos\/\">Banderas por Cudeca<\/a> en <strong>Torremolinos (M\u00e1laga)<\/strong><\/p>\n<p>D\u00edas<strong> 30<\/strong> de junio y <strong>1<\/strong> de julio &#8211; <a href=\"https:\/\/blogs.hoy.es\/moterosdehoy\/2012\/06\/30\/concentracion-motera-en-fuengirola-40-aniversario\/\">Concentraci\u00f3n motera en <\/a><strong><a href=\"https:\/\/blogs.hoy.es\/moterosdehoy\/2012\/06\/30\/concentracion-motera-en-fuengirola-40-aniversario\/\">Fuengirola<\/a> (M\u00e1laga)<\/strong> y fiesta de cumplea\u00f1os &#8220;40 aniversario&#8221;<\/p>\n<p><strong>\u00a0 \u00a0Saludos y r\u00e1fagas.<\/strong><\/p>\n<p>&nbsp;<\/p>\n<p>&nbsp;<\/p>\n<p>&nbsp;<\/p>\n<p>&nbsp;<\/p>\n<p>&nbsp;<\/p>\n<!-- AddThis Advanced Settings generic via filter on the_content --><!-- AddThis Share Buttons generic via filter on the_content -->","protected":false},"excerpt":{"rendered":"<p>Relaci\u00f3n de concentraciones y quedadas moteras a lo largo de junio 2012 dentro de Extremadura: D\u00edas 1, 2 y 3 junio &#8211; VIII Concentraci\u00f3n motera ciudad de Calamonte (Badajoz) D\u00eda 3 de junio &#8211; III Reuni\u00f3n motera en Monterrubio de la Serena (Badajoz) D\u00eda 9 de junio &#8211; Fiesta motera\u00a0III aniversario de Harley Extremadura D\u00eda [&hellip;]<!-- AddThis Advanced Settings generic via filter on get_the_excerpt --><!-- AddThis Share Buttons generic via filter on get_the_excerpt --><\/p>\n","protected":false},"author":49,"featured_media":0,"comment_status":"open","ping_status":"closed","sticky":false,"template":"","format":"standard","meta":[],"categories":[5,13],"tags":[258,271,535,622,629,639],"_links":{"self":[{"href":"https:\/\/blogs.hoy.es\/moterosdehoy\/wp-json\/wp\/v2\/posts\/87"}],"collection":[{"href":"https:\/\/blogs.hoy.es\/moterosdehoy\/wp-json\/wp\/v2\/posts"}],"about":[{"href":"https:\/\/blogs.hoy.es\/moterosdehoy\/wp-json\/wp\/v2\/types\/post"}],"author":[{"embeddable":true,"href":"https:\/\/blogs.hoy.es\/moterosdehoy\/wp-json\/wp\/v2\/users\/49"}],"replies":[{"embeddable":true,"href":"https:\/\/blogs.hoy.es\/moterosdehoy\/wp-json\/wp\/v2\/comments?post=87"}],"version-history":[{"count":0,"href":"https:\/\/blogs.hoy.es\/moterosdehoy\/wp-json\/wp\/v2\/posts\/87\/revisions"}],"wp:attachment":[{"href":"https:\/\/blogs.hoy.es\/moterosdehoy\/wp-json\/wp\/v2\/media?parent=87"}],"wp:term":[{"taxonomy":"category","embeddable":true,"href":"https:\/\/blogs.hoy.es\/moterosdehoy\/wp-json\/wp\/v2\/categories?post=87"},{"taxonomy":"post_tag","embeddable":true,"href":"https:\/\/blogs.hoy.es\/moterosdehoy\/wp-json\/wp\/v2\/tags?post=87"}],"curies":[{"name":"wp","href":"https:\/\/api.w.org\/{rel}","templated":true}]}}