{"id":88,"date":"2012-06-08T16:56:30","date_gmt":"2012-06-08T16:56:30","guid":{"rendered":"http:\/\/blogs.hoy.es\/moterosdehoy\/?p=88"},"modified":"2012-06-08T16:56:30","modified_gmt":"2012-06-08T16:56:30","slug":"vi-concentracion-motera-en-sonseca-toledo","status":"publish","type":"post","link":"https:\/\/blogs.hoy.es\/moterosdehoy\/2012\/06\/08\/vi-concentracion-motera-en-sonseca-toledo\/","title":{"rendered":"VI Concentraci\u00f3n motera en Sonseca (Toledo)"},"content":{"rendered":"<p style=\"text-align: justify;\">Ya es la sexta vez que el <strong><a href=\"http:\/\/www.motoclubsonseca.com\/\" target=\"_blank\" rel=\"external nofollow\">motoclub route sonsk n-401<\/a><\/strong> organiza su concentraci\u00f3n y como ellos dicen cada a\u00f1o con m\u00e1s ilusi\u00f3n y con ganaas de volver a ver a los colegas moteros y pasar un fin de semana inolvidable.<\/p>\n<p style=\"text-align: justify;\">La concentraci\u00f3n comienza el viernes d\u00eda 15 de junio 2012 con el siguiente programa:<\/p>\n<p style=\"text-align: justify;\">VIERNES 15 JUNIO:<a href=\"\/moterosdehoy\/wp-content\/uploads\/sites\/45\/2012\/06\/2012-06-15-Concentraci\u00f3n-Sonseca-Toledo.jpg\"><img loading=\"lazy\" class=\"alignright size-medium wp-image-89\" title=\"Concentraci\u00f3n motera en Sonseca (Toledo)\" src=\"\/moterosdehoy\/wp-content\/uploads\/sites\/45\/2012\/06\/2012-06-15-Concentraci\u00f3n-Sonseca-Toledo.jpg\" alt=\"\" width=\"210\" height=\"300\" srcset=\"https:\/\/static-blogs.hoy.es\/wp-content\/uploads\/sites\/45\/2012\/06\/2012-06-15-Concentraci\u00f3n-Sonseca-Toledo.jpg 500w, https:\/\/static-blogs.hoy.es\/wp-content\/uploads\/sites\/45\/2012\/06\/2012-06-15-Concentraci\u00f3n-Sonseca-Toledo-210x300.jpg 210w\" sizes=\"(max-width: 210px) 100vw, 210px\" \/><\/a><\/p>\n<p>20:00H.: Apertura inscriciones.<br \/>\n23:00H.: <strong>Actuaci\u00f3n musical<\/strong> a cargo de DJ`S.<\/p>\n<p>SABADO 16 JUNIO:<\/p>\n<p>09:00H.: Desayuno inscritos.<br \/>\n10:00H.: Apertura de inscripciones.<br \/>\n11:00H.: <strong>Ruta\u00a0tur\u00edstica\u00a0a Toledo<\/strong>, para verlo desde un mirador, pues es imposible acceder dentro del casco viejo tantas motos como se han presentado en a\u00f1os anteriores. Pero no os preocup\u00e9is las vistas desde all\u00ed son espectaculares.<br \/>\n14:00H.: Comida inscritos.<br \/>\n16:30H.: Juegos y actividades.<br \/>\n18:30H.: Ruta baritima.<br \/>\n21:00H.: Expectacular exsibicion de Freestyle.<br \/>\n22:30H.: Lectura de manifiesto y desfile de antorchas.<br \/>\n23:00H.: Cena inscritos.<br \/>\n00:30H.: concierto CALIBRE 82 y DJ`S hasta que el cuerpo aguante&#8230;\u00a0<!--more--><\/p>\n<p style=\"text-align: justify;\">DOMINGO 17 JUNIO:<\/p>\n<p style=\"text-align: justify;\">09:00H.: Desayuno inscritos.<br \/>\n10:30H.: <strong>Ruta y visita Castillo Orgaz,<\/strong>\u00a0donde podremos entrar y ver su interior totalmente habilitado para vivir.<br \/>\n13:00H.: Carreras MotoGp con sorteos y regalos.<br \/>\n15:00H.: Comida inscritos.<br \/>\n16:30H.: Traca final y despedida.<\/p>\n<p style=\"text-align: justify;\">Como es normal habr\u00e1 gente que pueda acudir desde el viernes y otros se vayan incorporando poco a poco, pues hay precios para todos desde los 30\u20ac para todo el fin de semana hasta 15 si solo puedes acudir el domingo, os detallo lo que entran con los precios:<\/p>\n<p><strong>30\u20ac<\/strong>: Incluye: Bolsa inscritos con camiseta, pin, etc&#8230;<br \/>\nPincho bienvenida.<br \/>\nDesayuno, comida y cena del sabado.<br \/>\nDesayuno y comida el domingo.<br \/>\nRefresco ruta sabado por la ma\u00f1ana.<br \/>\nConsumiciones ruta baritima.<br \/>\nEntrada al Freestyle.<br \/>\nEntrada castillo Orgaz ruta Domingo.<\/p>\n<p><strong>25\u20ac Preinscripcion<\/strong>: Incluye: Bolsa inscritos con camiseta, pin, etc&#8230;<br \/>\nPincho bienvenida.<br \/>\nDesayuno, comida y cena del sabado.<br \/>\nDesayuno y comida el domingo.<br \/>\nRefresco ruta sabado por la ma\u00f1ana.<br \/>\nConsumiciones ruta baritima.<br \/>\nEntrada al Freestyle.<br \/>\nEntrada castillo Orgaz ruta Domingo.<\/p>\n<p><strong>20\u20ac<\/strong> inscripcion reducida:Incluye: Bolsa inscritos con camiseta, pin&#8230;<br \/>\nPincho bienvenida.<br \/>\nDesayuno, sabado, desyuno domingo y<br \/>\nuna solo comida.<br \/>\nRefresco ruta sabado por la ma\u00f1ana.<br \/>\nConsumiciones ruta baritima.<br \/>\nEntrada al Freestyle.<br \/>\nEntrada castillo Orgaz ruta Domingo.<\/p>\n<p><strong>15\u20ac Domingo<\/strong>:Incluye todo lo referente al domingo.<\/p>\n<p>Est\u00e1 claro que ser\u00e1 un fin de semana inolvidable.<\/p>\n<p style=\"text-align: justify;\"><strong>\u00a0 \u00a0Saludos y r\u00e1fagas.<\/strong><\/p>\n<!-- AddThis Advanced Settings generic via filter on the_content --><!-- AddThis Share Buttons generic via filter on the_content -->","protected":false},"excerpt":{"rendered":"<p>Ya es la sexta vez que el motoclub route sonsk n-401 organiza su concentraci\u00f3n y como ellos dicen cada a\u00f1o con m\u00e1s ilusi\u00f3n y con ganaas de volver a ver a los colegas moteros y pasar un fin de semana inolvidable. La concentraci\u00f3n comienza el viernes d\u00eda 15 de junio 2012 con el siguiente programa: [&hellip;]<!-- AddThis Advanced Settings generic via filter on get_the_excerpt --><!-- AddThis Share Buttons generic via filter on get_the_excerpt --><\/p>\n","protected":false},"author":49,"featured_media":0,"comment_status":"open","ping_status":"closed","sticky":false,"template":"","format":"standard","meta":[],"categories":[13],"tags":[194,227,258,271,622,639,714],"_links":{"self":[{"href":"https:\/\/blogs.hoy.es\/moterosdehoy\/wp-json\/wp\/v2\/posts\/88"}],"collection":[{"href":"https:\/\/blogs.hoy.es\/moterosdehoy\/wp-json\/wp\/v2\/posts"}],"about":[{"href":"https:\/\/blogs.hoy.es\/moterosdehoy\/wp-json\/wp\/v2\/types\/post"}],"author":[{"embeddable":true,"href":"https:\/\/blogs.hoy.es\/moterosdehoy\/wp-json\/wp\/v2\/users\/49"}],"replies":[{"embeddable":true,"href":"https:\/\/blogs.hoy.es\/moterosdehoy\/wp-json\/wp\/v2\/comments?post=88"}],"version-history":[{"count":0,"href":"https:\/\/blogs.hoy.es\/moterosdehoy\/wp-json\/wp\/v2\/posts\/88\/revisions"}],"wp:attachment":[{"href":"https:\/\/blogs.hoy.es\/moterosdehoy\/wp-json\/wp\/v2\/media?parent=88"}],"wp:term":[{"taxonomy":"category","embeddable":true,"href":"https:\/\/blogs.hoy.es\/moterosdehoy\/wp-json\/wp\/v2\/categories?post=88"},{"taxonomy":"post_tag","embeddable":true,"href":"https:\/\/blogs.hoy.es\/moterosdehoy\/wp-json\/wp\/v2\/tags?post=88"}],"curies":[{"name":"wp","href":"https:\/\/api.w.org\/{rel}","templated":true}]}}