{"id":881,"date":"2013-11-27T10:55:05","date_gmt":"2013-11-27T10:55:05","guid":{"rendered":"http:\/\/blogs.hoy.es\/moterosdehoy\/?p=881"},"modified":"2013-11-27T10:55:05","modified_gmt":"2013-11-27T10:55:05","slug":"concentraciones-moteras-diciembre-2013","status":"publish","type":"post","link":"https:\/\/blogs.hoy.es\/moterosdehoy\/2013\/11\/27\/concentraciones-moteras-diciembre-2013\/","title":{"rendered":"Concentraciones moteras DICIEMBRE 2013"},"content":{"rendered":"<p>Llegan fresquitas las concentraciones de diciembre. Ante todo cuidado con las horas sin luz solar, por posibles heladas, y por supuesto mucha precauci\u00f3n en zonas de monta\u00f1a o nevadas. \u00c9ste mes hay muchas concentraciones solidarias, as\u00ed que saca ese car\u00e1cter y \u00fanete a alguna de ellas.<\/p>\n<div style=\"text-align: justify;\">\n<div id=\"attachment_882\" style=\"width: 310px\" class=\"wp-caption alignleft\"><a href=\"\/moterosdehoy\/wp-content\/uploads\/sites\/45\/2013\/11\/Chica-en-moto-nevando1.jpg\"><img aria-describedby=\"caption-attachment-882\" loading=\"lazy\" class=\"size-medium wp-image-882\" title=\"Chica en moto nevando\" src=\"\/moterosdehoy\/wp-content\/uploads\/sites\/45\/2013\/11\/Chica-en-moto-nevando1.jpg\" alt=\"\" width=\"300\" height=\"225\" srcset=\"https:\/\/static-blogs.hoy.es\/wp-content\/uploads\/sites\/45\/2013\/11\/Chica-en-moto-nevando1.jpg 800w, https:\/\/static-blogs.hoy.es\/wp-content\/uploads\/sites\/45\/2013\/11\/Chica-en-moto-nevando1-300x225.jpg 300w, https:\/\/static-blogs.hoy.es\/wp-content\/uploads\/sites\/45\/2013\/11\/Chica-en-moto-nevando1-768x576.jpg 768w\" sizes=\"(max-width: 300px) 100vw, 300px\" \/><\/a><p id=\"caption-attachment-882\" class=\"wp-caption-text\">Chica en moto bajo la nieve<\/p><\/div>\n<p>Para ello un par de recomendaciones, con respecto a nosotros abr\u00edgate bien, no hace falta llevar muchas prendas, pues con eso lo \u00fanico que consigues es entorpecer los movimientos. Lo ideal es llevar prendas preparadas, que nos sirvan de aislante del fr\u00edo, viento o lluvia y a la vez sean c\u00f3modas. Por otro lado y mirando a la moto, no pienses &#8220;como voy a hacer pocos kil\u00f3metros no hace falta mantenimiento&#8221;, revisa las ruedas, sobre todo el dibujo para cuando ruedes con agua y recuerda que si lleva l\u00edquido refrigerante le debes de poner alg\u00fan anticongelante, sobre todos en zonas muy fr\u00edas, evitar\u00e1s da\u00f1ar el motor.<\/p>\n<\/div>\n<p style=\"text-align: justify;\">\u00a0 \u00a0Aqu\u00ed os dejo un mes m\u00e1s un listado de concentraciones y quedadas moteras, como de costumbre primero pongo las de Extremadura, luego el resto del pa\u00eds y luego las de fuera.<\/p>\n<h2>Concentraciones y quedadas en Extremadura:<\/h2>\n<p>D\u00eda\u00a0<strong>1<\/strong>\u00a0&#8211; <a title=\"II Encuentro Motero Solidario Ciudad de Badajoz\" href=\"https:\/\/blogs.hoy.es\/moterosdehoy\/2013\/11\/27\/ii-encuentro-motero-solidario-ciudad-de-badajoz-2\/\" target=\"_blank\">II Encuentro Motero Solidario Ciudad de Badajoz<\/a>,\u00a0(<strong>Badajoz<\/strong>)<\/p>\n<p>D\u00edas <strong>7 y 8<\/strong> &#8211; <a title=\"Campa\u00f1a solidaria en Jara\u00edz\" href=\"https:\/\/blogs.hoy.es\/moterosdehoy\/2013\/12\/07\/campana-solidaria-en-jaraiz-de-la-vera\/\" target=\"_blank\">Ferias de San Andr\u00e9s<\/a>\u00a0con campa\u00f1a solidaria, en Jara\u00edz de la Vera (<strong>C\u00e1ceres<\/strong>)<\/p>\n<p>D\u00eda <strong>15<\/strong> &#8211; <a title=\"Primer encuentro motero-solidario\" href=\"https:\/\/blogs.hoy.es\/moterosdehoy\/2013\/12\/06\/encuentro-motero-solidario-en-villafranca\/\" target=\"_blank\">Encuentro motero solidario, en Villafranca de los Barros<\/a> (<strong>Badajoz<\/strong>)<\/p>\n<p>.<\/p>\n<h2>\u00a0 \u00a0Concentraciones y quedadas moteras en el resto de Espa\u00f1a:<\/h2>\n<p>D\u00eda<strong>\u00a01<\/strong>\u00a0&#8211; <a title=\"VII Recogida de juguetes\" href=\"http:\/\/www.tumotoweb.com\/destacada.php?id=2823\" target=\"_blank\" rel=\"external nofollow\">VII Recogida de juguetes<\/a>, en <strong>C\u00e1diz<\/strong><\/p>\n<p>D\u00eda\u00a0<strong>1<\/strong>\u00a0&#8211; <a title=\"La Sonrisa de un ni\u00f1o\" href=\"http:\/\/www.tumotoweb.com\/destacada.php?id=2827\" target=\"_blank\" rel=\"external nofollow\">La Sonrisa de un ni\u00f1o<\/a>, en <strong>Sevilla\u00a0<\/strong><\/p>\n<p><strong><!--more--><\/strong><\/p>\n<p>Del\u00a0<strong>4 al 8<\/strong>\u00a0&#8211;\u00a0<a title=\"Valencia Custom Fest\" href=\"http:\/\/customfest.com\/\" target=\"_blank\" rel=\"external nofollow\">Valencia Custom Fest<\/a>, en\u00a0<strong>Valencia<\/strong><\/p>\n<p>Del\u00a0<strong>6 al 8<\/strong>\u00a0&#8211;\u00a0<a title=\"XXI Concentraci\u00f3n Novelda Ruge\" href=\"http:\/\/www.tumotoweb.com\/destacada.php?id=2808\" rel=\"external nofollow\" target=\"_blank\">XXI Concentraci\u00f3n Novelda Ruge<\/a>, en Novelda (<strong>Alicante<\/strong>)<\/p>\n<p>D\u00eda\u00a0<strong>7<\/strong>\u00a0&#8211;\u00a0<a title=\"XXIV Memorial Motorocio\" href=\"http:\/\/motorociomemorial.blogspot.com.es\/p\/blog-page.html\" target=\"_blank\" rel=\"external nofollow\">XXIV Memorial Motorocio<\/a>, en Almonte (<strong>Huelva<\/strong>)<\/p>\n<p>D\u00eda <strong>8<\/strong> &#8211; <a title=\"Ruta solidaria Crisismas 2013\" href=\"http:\/\/www.tumotoweb.com\/destacada.php?id=2829\" target=\"_blank\" rel=\"external nofollow\">Ruta solidaria Crisismas<\/a>, en Orihuela Costa (<strong>Alicante<\/strong>)<\/p>\n<p>D\u00eda <strong>14<\/strong> &#8211; <a title=\"Desaf\u00edo minero en moto\" href=\"http:\/\/www.tumotoweb.com\/destacada.php?id=2811\" target=\"_blank\" rel=\"external nofollow\">Desaf\u00edo minero en moto<\/a>, en Concud (<strong>Teruel<\/strong>)<\/p>\n<p>D\u00eda <strong>14<\/strong> &#8211; <a title=\"Custom Christmas\" href=\"http:\/\/www.tumotoweb.com\/destacada.php?id=2830\" target=\"_blank\" rel=\"external nofollow\">Custom Christmas<\/a>, en <strong>Barcelona<\/strong><\/p>\n<p>D\u00eda <strong>15<\/strong> &#8211; <a title=\"El Gordo viene en moto\" href=\"http:\/\/www.tumotoweb.com\/destacada.php?id=2831\" target=\"_blank\" rel=\"external nofollow\">El Gordo viene en moto<\/a>, en el Puerto de Santa Mar\u00eda (<strong>C\u00e1diz<\/strong>)<\/p>\n<p>D\u00eda <strong>15<\/strong> &#8211; <a title=\"Toy Run\" href=\"http:\/\/www.tumotoweb.com\/destacada.php?id=2836\" target=\"_blank\" rel=\"external nofollow\">Toy Run<\/a>, en <strong>Alicante<\/strong><\/p>\n<p>D\u00eda <strong>21<\/strong> &#8211; <a title=\"Matinal Solidaria Recogida de Juguetes\" href=\"http:\/\/www.tumotoweb.com\/destacada.php?id=2825\" target=\"_blank\" rel=\"external nofollow\">Matinal Solidaria Recogida de Jueguetes<\/a>, en Ronda (<strong>M\u00e1laga<\/strong>)<\/p>\n<p>D\u00eda <strong>21<\/strong> &#8211; <a title=\"Papanoelada\" href=\"http:\/\/www.tumotoweb.com\/destacada.php?id=2832\" target=\"_blank\" rel=\"external nofollow\">Papanoelada<\/a>, en Vigo (<strong>Pontevedra<\/strong>)<\/p>\n<p>D\u00eda <strong>21<\/strong> &#8211; <a title=\"V Jornada motera solidaria Fojeteiros\" href=\"http:\/\/www.tumotoweb.com\/destacada.php?id=2833\" target=\"_blank\" rel=\"external nofollow\">V Jornada Motera Solidaria Fojeteiros<\/a>, en Nar\u00f3n (<strong>A Coru\u00f1a<\/strong>)<\/p>\n<p>D\u00edas <strong>21 y 22<\/strong> &#8211; <a title=\"II Toy Run\" href=\"http:\/\/www.tumotoweb.com\/destacada.php?id=2834\" target=\"_blank\" rel=\"external nofollow\">II Toy Run<\/a>, en Marcilla de Campos (<strong>Palencia<\/strong>)<\/p>\n<p>D\u00edas <strong>21 y 22<\/strong> &#8211; <a title=\"XXXX Reuni\u00f3n Invernal Arguis\" href=\"http:\/\/www.tumotoweb.com\/destacada.php?id=2809\" target=\"_blank\" rel=\"external nofollow\">XXXX Reuni\u00f3n Invernal Arguis<\/a> (<strong>Huesca<\/strong>) &#8211; &#8211; &#8211; <strong>La m\u00e1s antigua de Espa\u00f1a<\/strong><\/p>\n<p>D\u00eda <strong>29<\/strong> &#8211; <a title=\"II Vuelta Moto-Tur\u00edstica al Mar Menor\" href=\"http:\/\/www.tumotoweb.com\/destacada.php?id=2835\" target=\"_blank\" rel=\"external nofollow\">II Vuelta Moto-Tur\u00edstica al Mar Menor<\/a>, en San Pedro del Pinatar (<strong>Murcia<\/strong>)<\/p>\n<p>D\u00edas <strong>31 y 1 de enero<\/strong> &#8211; <a title=\"XXII Fiesta Motonochevieja\" href=\"http:\/\/www.tumotoweb.com\/destacada.php?id=2813\" target=\"_blank\" rel=\"external nofollow\">XXII Fiesta Motonochevieja<\/a>, en Anz\u00e1nigo (<strong>Huesca<\/strong>)<\/p>\n<p>&#8211;<\/p>\n<h2>\u00a0\u00a0\u00a0 Concentraciones y quedadas moteras fuera de Espa\u00f1a:<\/h2>\n<p>Del\u00a0<strong>6 al 8<\/strong>\u00a0\u2013\u00a0<a title=\"Rassemblement\" href=\"http:\/\/www.motoclubmotrix.org\/foro\/viewtopic.php?t=3882&#038;start=9999\" target=\"_blank\" rel=\"external nofollow\">Rassemblement International Motocycliste Authentic<\/a>, en P natutal volcanes D\u00b4Auvergne\u00a0(<strong>Francia<\/strong>)<\/p>\n<p>Del\u00a0<strong>7 al 8<\/strong>\u00a0&#8211;\u00a0<a title=\"Concentration\" href=\"http:\/\/www.motoclubmotrix.org\/foro\/viewtopic.php?t=1652&#038;p=22836#p22836\" target=\"_blank\" rel=\"external nofollow\">Concentration motocycliste hivernale internacionale Les Millevaches 2013<\/a>, en Millevaches\u00a0(<strong>Francia<\/strong>)<\/p>\n<p>D\u00eda <strong>14<\/strong> &#8211; Desfile de Pais Natais Motard&#8217;s, en Portalegre (<strong>Portugal<\/strong>)<\/p>\n<p>&#8211;<\/p>\n<p>Ir\u00e9 agregando m\u00e1s a medida que me vaya enterando.<\/p>\n<p><strong><a title=\"Enlace al facebook de Moteros de Hoy\" href=\"https:\/\/www.facebook.com\/moteroshoy?ref=hl\" target=\"_blank\" rel=\"external nofollow\">Saludos y r\u00e1fagas<\/a><\/strong>.<\/p>\n<!-- AddThis Advanced Settings generic via filter on the_content --><!-- AddThis Share Buttons generic via filter on the_content -->","protected":false},"excerpt":{"rendered":"<p>Llegan fresquitas las concentraciones de diciembre. Ante todo cuidado con las horas sin luz solar, por posibles heladas, y por supuesto mucha precauci\u00f3n en zonas de monta\u00f1a o nevadas. \u00c9ste mes hay muchas concentraciones solidarias, as\u00ed que saca ese car\u00e1cter y \u00fanete a alguna de ellas. Para ello un par de recomendaciones, con respecto a [&hellip;]<!-- AddThis Advanced Settings generic via filter on get_the_excerpt --><!-- AddThis Share Buttons generic via filter on get_the_excerpt --><\/p>\n","protected":false},"author":49,"featured_media":0,"comment_status":"open","ping_status":"closed","sticky":false,"template":"","format":"standard","meta":[],"categories":[5],"tags":[263,622,629],"_links":{"self":[{"href":"https:\/\/blogs.hoy.es\/moterosdehoy\/wp-json\/wp\/v2\/posts\/881"}],"collection":[{"href":"https:\/\/blogs.hoy.es\/moterosdehoy\/wp-json\/wp\/v2\/posts"}],"about":[{"href":"https:\/\/blogs.hoy.es\/moterosdehoy\/wp-json\/wp\/v2\/types\/post"}],"author":[{"embeddable":true,"href":"https:\/\/blogs.hoy.es\/moterosdehoy\/wp-json\/wp\/v2\/users\/49"}],"replies":[{"embeddable":true,"href":"https:\/\/blogs.hoy.es\/moterosdehoy\/wp-json\/wp\/v2\/comments?post=881"}],"version-history":[{"count":0,"href":"https:\/\/blogs.hoy.es\/moterosdehoy\/wp-json\/wp\/v2\/posts\/881\/revisions"}],"wp:attachment":[{"href":"https:\/\/blogs.hoy.es\/moterosdehoy\/wp-json\/wp\/v2\/media?parent=881"}],"wp:term":[{"taxonomy":"category","embeddable":true,"href":"https:\/\/blogs.hoy.es\/moterosdehoy\/wp-json\/wp\/v2\/categories?post=881"},{"taxonomy":"post_tag","embeddable":true,"href":"https:\/\/blogs.hoy.es\/moterosdehoy\/wp-json\/wp\/v2\/tags?post=881"}],"curies":[{"name":"wp","href":"https:\/\/api.w.org\/{rel}","templated":true}]}}