{"id":893,"date":"2013-12-07T09:42:37","date_gmt":"2013-12-07T09:42:37","guid":{"rendered":"http:\/\/blogs.hoy.es\/moterosdehoy\/?p=893"},"modified":"2013-12-07T09:42:37","modified_gmt":"2013-12-07T09:42:37","slug":"campana-solidaria-en-jaraiz-de-la-vera","status":"publish","type":"post","link":"https:\/\/blogs.hoy.es\/moterosdehoy\/2013\/12\/07\/campana-solidaria-en-jaraiz-de-la-vera\/","title":{"rendered":"Campa\u00f1a solidaria en Jaraiz de la Vera"},"content":{"rendered":"<p style=\"text-align: justify;\">\u00a0 Dando continuidad a las actividades solidarias que desde el colectivo motero se est\u00e1n realizando antes de finalizar el a\u00f1o, el motoclub <a title=\"P\u00e1gina de CUSTRATUR\" href=\"http:\/\/custratur.blogspot.com.es\/\" target=\"_blank\" rel=\"external nofollow\">CUSTRATUR<\/a>, realizar\u00e1 una <strong>recogida de alimentos y juguetes en Jaraiz de la Vera<\/strong> los d\u00edas <strong>7 y 8 de diciembre<\/strong>.<\/p>\n<div id=\"attachment_894\" style=\"width: 310px\" class=\"wp-caption alignleft\"><a href=\"\/moterosdehoy\/wp-content\/uploads\/sites\/45\/2013\/12\/Cartel-Jaraiz-2013.jpg\"><img aria-describedby=\"caption-attachment-894\" loading=\"lazy\" class=\"size-medium wp-image-894\" title=\"Cartel Jaraiz 2013\" src=\"\/moterosdehoy\/wp-content\/uploads\/sites\/45\/2013\/12\/Cartel-Jaraiz-2013.jpg\" alt=\"\" width=\"300\" height=\"294\" srcset=\"https:\/\/static-blogs.hoy.es\/wp-content\/uploads\/sites\/45\/2013\/12\/Cartel-Jaraiz-2013.jpg 1044w, https:\/\/static-blogs.hoy.es\/wp-content\/uploads\/sites\/45\/2013\/12\/Cartel-Jaraiz-2013-300x295.jpg 300w, https:\/\/static-blogs.hoy.es\/wp-content\/uploads\/sites\/45\/2013\/12\/Cartel-Jaraiz-2013-768x755.jpg 768w, https:\/\/static-blogs.hoy.es\/wp-content\/uploads\/sites\/45\/2013\/12\/Cartel-Jaraiz-2013-1024x1006.jpg 1024w\" sizes=\"(max-width: 300px) 100vw, 300px\" \/><\/a><p id=\"caption-attachment-894\" class=\"wp-caption-text\">Cartel del evento<\/p><\/div>\n<p style=\"text-align: justify;\">\u00a0 <span style=\"text-decoration: underline;\">Dentro del programa tenemos:<\/span><\/p>\n<p><strong>SABADO DIA 7:<\/strong><\/p>\n<p>Mesas de recogida de alimentos y juguetes, disponibles en los autoservicios El Arbol y D\u00eda, de Jara\u00edz de la Vera.<\/p>\n<p>Dichas mesas ser\u00e1n atendidas por voluntarios de Cruz Roja y Moteros, <strong>desde las\u00a010:30 horas, hasta las 14:00 h<\/strong>.<\/p>\n<p><strong>DOMINGO DIA 8:<\/strong><\/p>\n<p>Celebraci\u00f3n de las Ferias de San Andr\u00e9s.<\/p>\n<p>Desde las 10:30 h, en la calle peatonal se recibir\u00e1 a todos los moteros, para compartir juntos la jornada solidaria, donde acompa\u00f1aran los amigos del Club Vespas de la Vera, con una elegante animaci\u00f3n de motos cl\u00e1sicas.<\/p>\n<p>A continuaci\u00f3n, se partir\u00e1 hacia la Plaza Mayor, donde se har\u00e1n entrega de los alimentos y juguetes.<\/p>\n<p>Para cerrar las jornadas solidarias habr\u00e1 una degustaci\u00f3n de migas para todos, por lo que ya sabes, a Jara\u00edz.<\/p>\n<p><strong><a title=\"Enlace al facebook de Moteros de Hoy\" href=\"https:\/\/www.facebook.com\/moteroshoy?ref=hl\" target=\"_blank\" rel=\"external nofollow\">Saludos y r\u00e1fagas<\/a>.<\/strong><\/p>\n<!-- AddThis Advanced Settings generic via filter on the_content --><!-- AddThis Share Buttons generic via filter on the_content -->","protected":false},"excerpt":{"rendered":"<p>\u00a0 Dando continuidad a las actividades solidarias que desde el colectivo motero se est\u00e1n realizando antes de finalizar el a\u00f1o, el motoclub CUSTRATUR, realizar\u00e1 una recogida de alimentos y juguetes en Jaraiz de la Vera los d\u00edas 7 y 8 de diciembre. \u00a0 Dentro del programa tenemos: SABADO DIA 7: Mesas de recogida de alimentos [&hellip;]<!-- AddThis Advanced Settings generic via filter on get_the_excerpt --><!-- AddThis Share Buttons generic via filter on get_the_excerpt --><\/p>\n","protected":false},"author":49,"featured_media":0,"comment_status":"open","ping_status":"closed","sticky":false,"template":"","format":"standard","meta":[],"categories":[13],"tags":[329,525,621,622,636],"_links":{"self":[{"href":"https:\/\/blogs.hoy.es\/moterosdehoy\/wp-json\/wp\/v2\/posts\/893"}],"collection":[{"href":"https:\/\/blogs.hoy.es\/moterosdehoy\/wp-json\/wp\/v2\/posts"}],"about":[{"href":"https:\/\/blogs.hoy.es\/moterosdehoy\/wp-json\/wp\/v2\/types\/post"}],"author":[{"embeddable":true,"href":"https:\/\/blogs.hoy.es\/moterosdehoy\/wp-json\/wp\/v2\/users\/49"}],"replies":[{"embeddable":true,"href":"https:\/\/blogs.hoy.es\/moterosdehoy\/wp-json\/wp\/v2\/comments?post=893"}],"version-history":[{"count":0,"href":"https:\/\/blogs.hoy.es\/moterosdehoy\/wp-json\/wp\/v2\/posts\/893\/revisions"}],"wp:attachment":[{"href":"https:\/\/blogs.hoy.es\/moterosdehoy\/wp-json\/wp\/v2\/media?parent=893"}],"wp:term":[{"taxonomy":"category","embeddable":true,"href":"https:\/\/blogs.hoy.es\/moterosdehoy\/wp-json\/wp\/v2\/categories?post=893"},{"taxonomy":"post_tag","embeddable":true,"href":"https:\/\/blogs.hoy.es\/moterosdehoy\/wp-json\/wp\/v2\/tags?post=893"}],"curies":[{"name":"wp","href":"https:\/\/api.w.org\/{rel}","templated":true}]}}