{"id":896,"date":"2013-12-09T23:09:48","date_gmt":"2013-12-09T23:09:48","guid":{"rendered":"http:\/\/blogs.hoy.es\/moterosdehoy\/?p=896"},"modified":"2013-12-09T23:09:48","modified_gmt":"2013-12-09T23:09:48","slug":"navidad-en-moto","status":"publish","type":"post","link":"https:\/\/blogs.hoy.es\/moterosdehoy\/2013\/12\/09\/navidad-en-moto\/","title":{"rendered":"Navidad en moto"},"content":{"rendered":"<p style=\"text-align: justify;\">\u00a0 Estamos llegando a final de a\u00f1o y son muchas las ciudades que ya tienen sus adornos navide\u00f1os por las calles. Es el caso de Badajoz, mi ciudad, la cual os detallo y recomiendo de visitar.<\/p>\n<div class=\"mceTemp\" style=\"text-align: justify;\">\n<div id=\"attachment_898\" style=\"width: 222px\" class=\"wp-caption alignleft\"><a href=\"\/moterosdehoy\/wp-content\/uploads\/sites\/45\/2013\/12\/\u00c1rbol-navide\u00f1o-en-Plaza-de-Espa\u00f1a1.jpg\"><img aria-describedby=\"caption-attachment-898\" loading=\"lazy\" class=\"size-medium wp-image-898\" title=\"\u00c1rbol navide\u00f1o en Plaza de Espa\u00f1a\" src=\"\/moterosdehoy\/wp-content\/uploads\/sites\/45\/2013\/12\/\u00c1rbol-navide\u00f1o-en-Plaza-de-Espa\u00f1a1.jpg\" alt=\"\" width=\"212\" height=\"300\" srcset=\"https:\/\/static-blogs.hoy.es\/wp-content\/uploads\/sites\/45\/2013\/12\/\u00c1rbol-navide\u00f1o-en-Plaza-de-Espa\u00f1a1.jpg 448w, https:\/\/static-blogs.hoy.es\/wp-content\/uploads\/sites\/45\/2013\/12\/\u00c1rbol-navide\u00f1o-en-Plaza-de-Espa\u00f1a1-213x300.jpg 213w\" sizes=\"(max-width: 212px) 100vw, 212px\" \/><\/a><p id=\"caption-attachment-898\" class=\"wp-caption-text\">\u00c1rbol navide\u00f1o en Plaza de Espa\u00f1a (Badajoz)<\/p><\/div>\n<p><span style=\"text-align: justify;\">\u00a0 Las calles est\u00e1n engalanadas con luces. La Plaza de Espa\u00f1a est\u00e1 muy bonita y junto a la torre de la Catedral se encuentra un \u00e1rbol artificial navide\u00f1o, desde donde puedes apreciar la fachada del Ayuntamiento.<\/span><\/p>\n<\/div>\n<p style=\"text-align: justify;\">\u00a0 En la Plaza Alta hay espect\u00e1culos de luces y m\u00fasica, que lo repiten a ciertas horas a lo largo del d\u00eda. Adem\u00e1s est\u00e1 cercano el Museo Luis de Morales donde podr\u00e1s ver el Bel\u00e9n Monumental y\u00a0<a title=\"Dioramas Badajoz 2013\" href=\"http:\/\/www.badajozonline.tv\/2013\/12\/05\/la-exposicion-de-dioramas-y-belen-monumental-inaugura-su-duodecima-edicion\/\" target=\"_blank\" rel=\"external nofollow\">23 dioramas<\/a>, de ellos\u00a013 elaborados por la asociaci\u00f3n de belenistas de Badajoz y 10 llegados de Jerez de la Frontera (C\u00e1diz).<\/p>\n<p style=\"text-align: justify;\">\u00a0 \u00a0En la Plaza de San Francisco las luces navide\u00f1as llaman la atenci\u00f3n, pues en lugar de ser verticales, est\u00e1n de modo horizontal. All\u00ed encontrar\u00e1s un mercadillo navide\u00f1o y por supuesto un puesto de casta\u00f1as asadas, y otro de churros. En ese punto tienes cerca el Teatro L\u00f3pez de Ayala, que como viene siendo frecuente est\u00e1 muy bien adornado luminosamente.<\/p>\n<p style=\"text-align: justify;\">\u00a0 \u00a0Recomiendo el hacer una ruta por vuestras ciudades en moto, primero podr\u00e1s aparcar f\u00e1cilmente cerca de donde quieras hacer alguna fotograf\u00eda, y por supuesto podr\u00e1s sentir el ambiente navide\u00f1o. Esos aromas a casta\u00f1as asadas, cuando pases cerca de un puesto que las venda, o simplemente poder pasar bajo el alumbrado navide\u00f1o y mirar hacia arriba. Eso si, te recomiendo que te abrigues.<\/p>\n<p style=\"text-align: justify;\">\u00a0 \u00a0Os dejo un <a title=\"V\u00eddeo de Felicitaci\u00f3n Navide\u00f1o\" href=\"http:\/\/www.youtube.com\/watch?v=4oVxhAsn3rE\" target=\"_blank\" rel=\"external nofollow\"><strong>v\u00eddeo<\/strong> de felicitaci\u00f3n de navidad<\/a>, de una ruta que hemos realizado por la ciudad.<\/p>\n<p style=\"text-align: justify;\">\u00a0<strong> Felices fiestas y pr\u00f3spero a\u00f1o 2014. <a title=\"Enlace al facebook de Moteros de Hoy\" href=\"https:\/\/www.facebook.com\/moteroshoy?ref=hl\" target=\"_blank\" rel=\"external nofollow\">Saludos y r\u00e1fagas<\/a>.<\/strong><\/p>\n<!-- AddThis Advanced Settings generic via filter on the_content --><!-- AddThis Share Buttons generic via filter on the_content -->","protected":false},"excerpt":{"rendered":"<p>\u00a0 Estamos llegando a final de a\u00f1o y son muchas las ciudades que ya tienen sus adornos navide\u00f1os por las calles. Es el caso de Badajoz, mi ciudad, la cual os detallo y recomiendo de visitar. \u00a0 Las calles est\u00e1n engalanadas con luces. La Plaza de Espa\u00f1a est\u00e1 muy bonita y junto a la torre [&hellip;]<!-- AddThis Advanced Settings generic via filter on get_the_excerpt --><!-- AddThis Share Buttons generic via filter on get_the_excerpt --><\/p>\n","protected":false},"author":49,"featured_media":0,"comment_status":"open","ping_status":"closed","sticky":false,"template":"","format":"standard","meta":[],"categories":[13],"tags":[398,399,622,624,629,736,737,802,980,1019],"_links":{"self":[{"href":"https:\/\/blogs.hoy.es\/moterosdehoy\/wp-json\/wp\/v2\/posts\/896"}],"collection":[{"href":"https:\/\/blogs.hoy.es\/moterosdehoy\/wp-json\/wp\/v2\/posts"}],"about":[{"href":"https:\/\/blogs.hoy.es\/moterosdehoy\/wp-json\/wp\/v2\/types\/post"}],"author":[{"embeddable":true,"href":"https:\/\/blogs.hoy.es\/moterosdehoy\/wp-json\/wp\/v2\/users\/49"}],"replies":[{"embeddable":true,"href":"https:\/\/blogs.hoy.es\/moterosdehoy\/wp-json\/wp\/v2\/comments?post=896"}],"version-history":[{"count":0,"href":"https:\/\/blogs.hoy.es\/moterosdehoy\/wp-json\/wp\/v2\/posts\/896\/revisions"}],"wp:attachment":[{"href":"https:\/\/blogs.hoy.es\/moterosdehoy\/wp-json\/wp\/v2\/media?parent=896"}],"wp:term":[{"taxonomy":"category","embeddable":true,"href":"https:\/\/blogs.hoy.es\/moterosdehoy\/wp-json\/wp\/v2\/categories?post=896"},{"taxonomy":"post_tag","embeddable":true,"href":"https:\/\/blogs.hoy.es\/moterosdehoy\/wp-json\/wp\/v2\/tags?post=896"}],"curies":[{"name":"wp","href":"https:\/\/api.w.org\/{rel}","templated":true}]}}