{"id":904,"date":"2013-12-17T07:17:40","date_gmt":"2013-12-17T07:17:40","guid":{"rendered":"http:\/\/blogs.hoy.es\/moterosdehoy\/?p=904"},"modified":"2013-12-17T07:17:40","modified_gmt":"2013-12-17T07:17:40","slug":"ii-dia-solidario-de-la-guardia-municipal-de-badajoz","status":"publish","type":"post","link":"https:\/\/blogs.hoy.es\/moterosdehoy\/2013\/12\/17\/ii-dia-solidario-de-la-guardia-municipal-de-badajoz\/","title":{"rendered":"II D\u00eda Solidario de la Guardia Municipal de Badajoz"},"content":{"rendered":"<p style=\"text-align: justify;\">\u00a0 El pr\u00f3ximo <strong>domingo 22 de diciembre<\/strong> tendr\u00e1n lugar conjuntamente, el segundo d\u00eda solidario de la Guardia Municipal de <a title=\"Badajoz en Wikipedia\" href=\"http:\/\/es.wikipedia.org\/wiki\/Badajoz\" target=\"_blank\" rel=\"external nofollow\">Badajoz<\/a> y la sexta concentraci\u00f3n de veh\u00edculos cl\u00e1sicos.<\/p>\n<div class=\"mceTemp\" style=\"text-align: justify;\">\n<div id=\"attachment_909\" style=\"width: 235px\" class=\"wp-caption alignleft\"><a href=\"\/moterosdehoy\/wp-content\/uploads\/sites\/45\/2013\/12\/Antonio-M\u00e1rquez.jpg\"><img aria-describedby=\"caption-attachment-909\" loading=\"lazy\" class=\"size-medium wp-image-909\" title=\"Antonio M\u00e1rquez\" src=\"\/moterosdehoy\/wp-content\/uploads\/sites\/45\/2013\/12\/Antonio-M\u00e1rquez.jpg\" alt=\"\" width=\"225\" height=\"300\" srcset=\"https:\/\/static-blogs.hoy.es\/wp-content\/uploads\/sites\/45\/2013\/12\/Antonio-M\u00e1rquez.jpg 1224w, https:\/\/static-blogs.hoy.es\/wp-content\/uploads\/sites\/45\/2013\/12\/Antonio-M\u00e1rquez-225x300.jpg 225w, https:\/\/static-blogs.hoy.es\/wp-content\/uploads\/sites\/45\/2013\/12\/Antonio-M\u00e1rquez-768x1024.jpg 768w\" sizes=\"(max-width: 225px) 100vw, 225px\" \/><\/a><p id=\"caption-attachment-909\" class=\"wp-caption-text\">Polic\u00eda Local y Antonio M\u00e1rquez<\/p><\/div>\n<p>A pesar de encontrarse bajo el t\u00edtulo de <strong>II D\u00eda Solidario de la Guardia Municipal de Badajoz<\/strong>, el encuentro viene de muy atr\u00e1s, concretamente data de 1958, cuando se celebr\u00f3 por primera vez con\u00a0la entrega del aguinaldo por parte de los ciudadanos de Badajoz a los guardias municipales.<\/p>\n<\/div>\n<div id=\"attachment_906\" style=\"width: 310px\" class=\"wp-caption alignright\"><a href=\"\/moterosdehoy\/wp-content\/uploads\/sites\/45\/2013\/12\/Polic\u00eda-Municipal-solidaria.jpg\"><img aria-describedby=\"caption-attachment-906\" loading=\"lazy\" class=\"size-medium wp-image-906\" title=\"Polic\u00eda Municipal solidaria\" src=\"\/moterosdehoy\/wp-content\/uploads\/sites\/45\/2013\/12\/Polic\u00eda-Municipal-solidaria.jpg\" alt=\"\" width=\"300\" height=\"171\" srcset=\"https:\/\/static-blogs.hoy.es\/wp-content\/uploads\/sites\/45\/2013\/12\/Polic\u00eda-Municipal-solidaria.jpg 576w, https:\/\/static-blogs.hoy.es\/wp-content\/uploads\/sites\/45\/2013\/12\/Polic\u00eda-Municipal-solidaria-300x172.jpg 300w\" sizes=\"(max-width: 300px) 100vw, 300px\" \/><\/a><p id=\"caption-attachment-906\" class=\"wp-caption-text\">Antigua Guardia Municipal - 1958<\/p><\/div>\n<p style=\"text-align: justify;\">\u00a0 Actualmente y desde la edici\u00f3n del a\u00f1o pasado en la que cogi\u00f3 el nombre de D\u00eda Solidario de la Guardia Municipal de <a title=\"Turismo en Badajoz\" href=\"http:\/\/www.turismobadajoz.es\/\" target=\"_blank\" rel=\"external nofollow\">Badajoz<\/a>, es al contrario, el Cuerpo de la Polic\u00eda Local de Badajoz realiza una campa\u00f1a solidaria de recogida de alimentos, art\u00edculos de primera necesidad y donativos a beneficio de los pacenses que son socorridos diariamente por los Comedores Sociales de Virgen de la Acogida y San Vicente de Pa\u00fal.<\/p>\n<p style=\"text-align: justify;\">\u00a0 Para celebrar el D\u00eda Solidario de un modo llamativo, tendr\u00e1 lugar conjuntamente a la <strong>VI Concentraci\u00f3n de veh\u00edculos cl\u00e1sicos ciudad de Badajoz<\/strong>. <!--more-->Donde hay una limitaci\u00f3n de participaci\u00f3n a un m\u00e1ximo de 150 turismos y 100 motocicletas o ciclomotores, por motivos de organizaci\u00f3n. Entre los veh\u00edculos ir\u00e1 una Bultaco Mercurio del 73, que form\u00f3 parte del parque movil del Excmo Ayuntamiento.<\/p>\n<p style=\"text-align: justify;\">\u00a0 Con motivo de ambos eventos se realizar\u00e1 un concurso de fotograf\u00eda en el que habr\u00e1n tres premios, con 150\u20ac, 100\u20ac y 50\u20ac, adem\u00e1s de placas, como premios para los tres primeros.<\/p>\n<p style=\"text-align: justify;\"><a href=\"\/moterosdehoy\/wp-content\/uploads\/sites\/45\/2013\/12\/II-D\u00eda-Solidario-Badajoz.jpg\"><img loading=\"lazy\" class=\"alignleft size-medium wp-image-907\" title=\"II D\u00eda Solidario Badajoz\" src=\"\/moterosdehoy\/wp-content\/uploads\/sites\/45\/2013\/12\/II-D\u00eda-Solidario-Badajoz.jpg\" alt=\"\" width=\"300\" height=\"160\" srcset=\"https:\/\/static-blogs.hoy.es\/wp-content\/uploads\/sites\/45\/2013\/12\/II-D\u00eda-Solidario-Badajoz.jpg 720w, https:\/\/static-blogs.hoy.es\/wp-content\/uploads\/sites\/45\/2013\/12\/II-D\u00eda-Solidario-Badajoz-300x160.jpg 300w\" sizes=\"(max-width: 300px) 100vw, 300px\" \/><\/a>\u00a0 Dicho evento tendr\u00e1 una inscripci\u00f3n de 8\u20ac por veh\u00edculo y 2\u20ac por conductor u ocupante.<\/p>\n<p style=\"text-align: justify;\">\u00a0 El encuentro tendr\u00e1 el siguiente <strong>PROGRAMA<\/strong>:<\/p>\n<ul>\n<li>09:30 h. Concentraci\u00f3n en la zona de estacionamientos de <a title=\"elfaro en la web\" href=\"http:\/\/www.ccelfaro.com\/W\/do\/centre\/accueil\" target=\"_blank\" rel=\"external nofollow\">elfaro<\/a>. <strong>Desayuno<\/strong>.<\/li>\n<li>11:00 h. <strong>Salida<\/strong> hacia Puerta de Palmas y Avd. Entrepuentes.<\/li>\n<li>13:30 h. Salida hacia Plaza de San Jos\u00e9 y Plaza Alta. <strong>Exposici\u00f3n y comida<\/strong>.<\/li>\n<li>17:00 h. <strong>Finalizaci\u00f3n<\/strong> de la exposici\u00f3n y concentraci\u00f3n de veh\u00edculos.<\/li>\n<\/ul>\n<p style=\"text-align: justify;\">\u00a0 Si tienes un veh\u00edculo cl\u00e1sico y quieres participar recuerda que debes inscribirte. <a title=\"Acceso al evento D\u00eda del Guardia en facebook\" href=\"https:\/\/www.facebook.com\/DiaDelGuardia\" target=\"_blank\" rel=\"external nofollow\">Para m\u00e1s informaci\u00f3n clic aqu\u00ed<\/a>.<\/p>\n<p style=\"text-align: justify;\"><strong>\u00a0 <a title=\"Enlace al facebook de Moteros de Hoy\" href=\"https:\/\/www.facebook.com\/moteroshoy?ref=hl\" target=\"_blank\" rel=\"external nofollow\">Saludos y r\u00e1fagas<\/a>.<\/strong><\/p>\n<!-- AddThis Advanced Settings generic via filter on the_content --><!-- AddThis Share Buttons generic via filter on the_content -->","protected":false},"excerpt":{"rendered":"<p>\u00a0 El pr\u00f3ximo domingo 22 de diciembre tendr\u00e1n lugar conjuntamente, el segundo d\u00eda solidario de la Guardia Municipal de Badajoz y la sexta concentraci\u00f3n de veh\u00edculos cl\u00e1sicos. A pesar de encontrarse bajo el t\u00edtulo de II D\u00eda Solidario de la Guardia Municipal de Badajoz, el encuentro viene de muy atr\u00e1s, concretamente data de 1958, cuando [&hellip;]<!-- AddThis Advanced Settings generic via filter on get_the_excerpt --><!-- AddThis Share Buttons generic via filter on get_the_excerpt --><\/p>\n","protected":false},"author":49,"featured_media":0,"comment_status":"open","ping_status":"closed","sticky":false,"template":"","format":"standard","meta":[],"categories":[13],"tags":[69,181,321,447,481,622,1006],"_links":{"self":[{"href":"https:\/\/blogs.hoy.es\/moterosdehoy\/wp-json\/wp\/v2\/posts\/904"}],"collection":[{"href":"https:\/\/blogs.hoy.es\/moterosdehoy\/wp-json\/wp\/v2\/posts"}],"about":[{"href":"https:\/\/blogs.hoy.es\/moterosdehoy\/wp-json\/wp\/v2\/types\/post"}],"author":[{"embeddable":true,"href":"https:\/\/blogs.hoy.es\/moterosdehoy\/wp-json\/wp\/v2\/users\/49"}],"replies":[{"embeddable":true,"href":"https:\/\/blogs.hoy.es\/moterosdehoy\/wp-json\/wp\/v2\/comments?post=904"}],"version-history":[{"count":0,"href":"https:\/\/blogs.hoy.es\/moterosdehoy\/wp-json\/wp\/v2\/posts\/904\/revisions"}],"wp:attachment":[{"href":"https:\/\/blogs.hoy.es\/moterosdehoy\/wp-json\/wp\/v2\/media?parent=904"}],"wp:term":[{"taxonomy":"category","embeddable":true,"href":"https:\/\/blogs.hoy.es\/moterosdehoy\/wp-json\/wp\/v2\/categories?post=904"},{"taxonomy":"post_tag","embeddable":true,"href":"https:\/\/blogs.hoy.es\/moterosdehoy\/wp-json\/wp\/v2\/tags?post=904"}],"curies":[{"name":"wp","href":"https:\/\/api.w.org\/{rel}","templated":true}]}}