{"id":94,"date":"2012-06-11T22:47:18","date_gmt":"2012-06-11T22:47:18","guid":{"rendered":"http:\/\/blogs.hoy.es\/moterosdehoy\/?p=94"},"modified":"2012-06-11T22:47:18","modified_gmt":"2012-06-11T22:47:18","slug":"v-concentracion-motera-en-huescar-granada","status":"publish","type":"post","link":"https:\/\/blogs.hoy.es\/moterosdehoy\/2012\/06\/11\/v-concentracion-motera-en-huescar-granada\/","title":{"rendered":"V Concentraci\u00f3n motera en Hu\u00e9scar (Granada)"},"content":{"rendered":"<p style=\"text-align: justify;\">La <strong>pe\u00f1a motera <a href=\"http:\/\/www.facebook.com\/BujiasCustomClub\" target=\"_blank\" rel=\"external nofollow\">Buj\u00edas Custom Club<\/a><\/strong>, nos quiere reunir los <strong>d\u00edas 15, 16 y 17 de junio 2012<\/strong>. y para ello tienen preparado un hueco en el <strong>paraje natural de Fuencaliente<\/strong>.<\/p>\n<p style=\"text-align: justify;\"><a href=\"\/moterosdehoy\/wp-content\/uploads\/sites\/45\/2012\/06\/17-de-junio-2012_.jpg\"><img loading=\"lazy\" class=\"alignright size-medium wp-image-95\" title=\"V concentraci\u00f3n en Hu\u00e9car (Granada)\" src=\"\/moterosdehoy\/wp-content\/uploads\/sites\/45\/2012\/06\/17-de-junio-2012_.jpg\" alt=\"\" width=\"300\" height=\"185\" srcset=\"https:\/\/static-blogs.hoy.es\/wp-content\/uploads\/sites\/45\/2012\/06\/17-de-junio-2012_.jpg 853w, https:\/\/static-blogs.hoy.es\/wp-content\/uploads\/sites\/45\/2012\/06\/17-de-junio-2012_-300x185.jpg 300w, https:\/\/static-blogs.hoy.es\/wp-content\/uploads\/sites\/45\/2012\/06\/17-de-junio-2012_-768x474.jpg 768w\" sizes=\"(max-width: 300px) 100vw, 300px\" \/><\/a>Este a\u00f1o a pesar de la crisis se mantienen en la misma l\u00ednea y dependiendo del d\u00eda en que te inscribas as\u00ed ser\u00e1n los precios:<\/p>\n<ul>\n<li><strong>30\u20ac<\/strong> para el viernes, s\u00e1bado y domingo.<\/li>\n<li><strong>25\u20ac<\/strong> para el s\u00e1bado y domingo.<\/li>\n<li><strong>10\u20ac<\/strong> solo para el domingo.<\/li>\n<\/ul>\n<p style=\"text-align: justify;\">Habr\u00e1 <strong>bolsa regalo para los primeros 500 inscritos<\/strong>, as\u00ed que no lo dejes para \u00faltima hora.<\/p>\n<p style=\"text-align: justify;\">Con la inscripci\u00f3n de los 30 euritos entra el acceso a la zona de acampada, rutas tur\u00edsticas y conciertos, adem\u00e1s del desayuno, comida y cena del s\u00e1bado, desayuno y comida del domingo y tikets para sorteos.<\/p>\n<p style=\"text-align: justify;\"><strong>\u00a0 \u00a0Saludos y r\u00e1fagas.<\/strong><\/p>\n<p style=\"text-align: justify;\">\n<!-- AddThis Advanced Settings generic via filter on the_content --><!-- AddThis Share Buttons generic via filter on the_content -->","protected":false},"excerpt":{"rendered":"<p>La pe\u00f1a motera Buj\u00edas Custom Club, nos quiere reunir los d\u00edas 15, 16 y 17 de junio 2012. y para ello tienen preparado un hueco en el paraje natural de Fuencaliente. Este a\u00f1o a pesar de la crisis se mantienen en la misma l\u00ednea y dependiendo del d\u00eda en que te inscribas as\u00ed ser\u00e1n los [&hellip;]<!-- AddThis Advanced Settings generic via filter on get_the_excerpt --><!-- AddThis Share Buttons generic via filter on get_the_excerpt --><\/p>\n","protected":false},"author":49,"featured_media":0,"comment_status":"open","ping_status":"closed","sticky":false,"template":"","format":"standard","meta":[],"categories":[13],"tags":[227,258,436,622,639],"_links":{"self":[{"href":"https:\/\/blogs.hoy.es\/moterosdehoy\/wp-json\/wp\/v2\/posts\/94"}],"collection":[{"href":"https:\/\/blogs.hoy.es\/moterosdehoy\/wp-json\/wp\/v2\/posts"}],"about":[{"href":"https:\/\/blogs.hoy.es\/moterosdehoy\/wp-json\/wp\/v2\/types\/post"}],"author":[{"embeddable":true,"href":"https:\/\/blogs.hoy.es\/moterosdehoy\/wp-json\/wp\/v2\/users\/49"}],"replies":[{"embeddable":true,"href":"https:\/\/blogs.hoy.es\/moterosdehoy\/wp-json\/wp\/v2\/comments?post=94"}],"version-history":[{"count":0,"href":"https:\/\/blogs.hoy.es\/moterosdehoy\/wp-json\/wp\/v2\/posts\/94\/revisions"}],"wp:attachment":[{"href":"https:\/\/blogs.hoy.es\/moterosdehoy\/wp-json\/wp\/v2\/media?parent=94"}],"wp:term":[{"taxonomy":"category","embeddable":true,"href":"https:\/\/blogs.hoy.es\/moterosdehoy\/wp-json\/wp\/v2\/categories?post=94"},{"taxonomy":"post_tag","embeddable":true,"href":"https:\/\/blogs.hoy.es\/moterosdehoy\/wp-json\/wp\/v2\/tags?post=94"}],"curies":[{"name":"wp","href":"https:\/\/api.w.org\/{rel}","templated":true}]}}