{"id":943,"date":"2013-12-26T19:20:31","date_gmt":"2013-12-26T19:20:31","guid":{"rendered":"http:\/\/blogs.hoy.es\/moterosdehoy\/?p=943"},"modified":"2013-12-26T19:20:31","modified_gmt":"2013-12-26T19:20:31","slug":"ruta-del-lince","status":"publish","type":"post","link":"https:\/\/blogs.hoy.es\/moterosdehoy\/2013\/12\/26\/ruta-del-lince\/","title":{"rendered":"Ruta del Lince"},"content":{"rendered":"<p style=\"text-align: justify;\">\u00a0 \u00a0Comenzamos el 2014 y como no van llegando las concentraciones y quedadas moteras.<\/p>\n<p style=\"text-align: justify;\">\u00a0 Para iniciar bien el a\u00f1o tenemos como de costumbre dos macroconcentraciones, ambas en enero y dentro de la provincia de Valladolid:\u00a0<strong><a title=\"Ping\u00fcinos 2014\" href=\"http:\/\/62.193.193.75\/principal2012\/principal.htm\" target=\"_blank\" rel=\"external nofollow\">Ping\u00fcinos<\/a> del 9 al 12 y <a title=\"Motauros 2014\" href=\"http:\/\/motauros.es\/\" target=\"_blank\" rel=\"external nofollow\">Motauros<\/a> del 16 al 19<\/strong>.<\/p>\n<p style=\"text-align: justify;\">\u00a0 Ambas concentraciones son muy importantes por el n\u00famero de aficionados que atraen.<\/p>\n<p style=\"text-align: justify;\">\u00a0 <strong>Ping\u00fcinos<\/strong> en su 33\u00aa edici\u00f3n es un referente internacional, pero lamentablemente se est\u00e1 convirtiendo en algo muy comercial, que por suerte contin\u00faa su apogeo porque los moteros queremos volver a vernos con los colegas de otros puntos y coincidimos en dicho lugar. Siendo una gran romer\u00eda motera, pues la concentraci\u00f3n se establece en un pinar.<\/p>\n<p style=\"text-align: justify;\">\u00a0 <strong>Motauros<\/strong> con su 14\u00aa edici\u00f3n a pesar de la crisis contin\u00faa creciendo y poco a poco haciendo sombra a Ping\u00fcinos, de la que parti\u00f3 en su momento. \u00c9sta tiene un caracter algo m\u00e1s custom, aunque tambi\u00e9n hay de todo y se encuentra pegada a la localidad de Tordesillas, quiz\u00e1s por ello tenga mayor atractivo.<\/p>\n<p style=\"text-align: justify;\">\u00a0 Pero no todos tenemos la posibilidad de hacer grandes rutas, bien sea por la famosa crisis o bien por falta de disponer de un fin de semana largo libre, y es por ello que en dichas fechas se contin\u00faan estableciendo concentraciones, quedadas o rutas en otras zonas. Es el caso de Extremadura, donde disponemos de la Ruta del Lince.<\/p>\n<div class=\"mceTemp\" style=\"text-align: justify;\">\n<dl id=\"attachment_944\" class=\"wp-caption alignleft\" style=\"width: 222px;\">\n<dt class=\"wp-caption-dt\"><a href=\"\/moterosdehoy\/wp-content\/uploads\/sites\/45\/2013\/12\/Ruta-del-Lince.jpg\"><img loading=\"lazy\" class=\"size-medium wp-image-944\" title=\"Ruta del Lince\" src=\"\/moterosdehoy\/wp-content\/uploads\/sites\/45\/2013\/12\/Ruta-del-Lince.jpg\" alt=\"\" width=\"212\" height=\"300\" srcset=\"https:\/\/static-blogs.hoy.es\/wp-content\/uploads\/sites\/45\/2013\/12\/Ruta-del-Lince.jpg 679w, https:\/\/static-blogs.hoy.es\/wp-content\/uploads\/sites\/45\/2013\/12\/Ruta-del-Lince-212x300.jpg 212w\" sizes=\"(max-width: 212px) 100vw, 212px\" \/><\/a><\/dt>\n<dd class=\"wp-caption-dd\">Cartel de la Ruta<\/dd>\n<\/dl>\n<\/div>\n<p style=\"text-align: justify;\">\u00a0 En <a title=\"Plasencia en Wikipedia\" href=\"http:\/\/es.wikipedia.org\/wiki\/Plasencia\" target=\"_blank\" rel=\"external nofollow\">Plasencia<\/a> tenemos a un grupo motero el Support 17 Madrid en Extremadura, que no para de poner a nuestra disposici\u00f3n rutas por su comarca. A parte de ser una buena forma de darla a conocer, aprovechan para hacer rutas con alg\u00fan motivo y as\u00ed es La Ruta del Lince.<\/p>\n<p style=\"text-align: justify;\">\u00a0 Para dicha ruta se reunir\u00e1n en el Bar \u00d3scar, de Plasencia, desde donde partir\u00e1n a las 11:00 horas del d\u00eda 19 de enero, pasando por las poblaciones de Montehermoso, Villanueva de la Sierra y Zarza de Granadilla, para finalizar de nuevo en Plasencia, recorriendo unos 113 kil\u00f3metros, tras los que habr\u00e1 cocido gratis para los asistentes.<\/p>\n<p style=\"text-align: justify;\">\u00a0 Hay que decir que el <a title=\"Support 17 Madrid\" href=\"http:\/\/pawneesmcmadrid.blogspot.com.es\/2013\/04\/ruta-support-17-extremadura.html\" target=\"_blank\" rel=\"external nofollow\">Support 17 Madrid<\/a> en Extremadura, es un Club Custom, para que nadie se sienta inc\u00f3modo.<\/p>\n<p style=\"text-align: justify;\">\u00a0 La idea de la ruta es rodar por esas zonas donde hace un tiempo campaban los <strong><a title=\"Lince en Wikipedia\" href=\"http:\/\/es.wikipedia.org\/wiki\/Lynx_(animal)\" target=\"_blank\" rel=\"external nofollow\">Linces<\/a><\/strong> y que hoy d\u00eda es el animal felino con mayor amenaza de extinci\u00f3n.<\/p>\n<p style=\"text-align: justify;\">\u00a0 <a title=\"Moteros de Hoy en facebook\" href=\"https:\/\/www.facebook.com\/moteroshoy?ref=hl\" target=\"_blank\" rel=\"external nofollow\">Saludos y r\u00e1fagas<\/a>.<\/p>\n<!-- AddThis Advanced Settings generic via filter on the_content --><!-- AddThis Share Buttons generic via filter on the_content -->","protected":false},"excerpt":{"rendered":"<p>\u00a0 \u00a0Comenzamos el 2014 y como no van llegando las concentraciones y quedadas moteras. \u00a0 Para iniciar bien el a\u00f1o tenemos como de costumbre dos macroconcentraciones, ambas en enero y dentro de la provincia de Valladolid:\u00a0Ping\u00fcinos del 9 al 12 y Motauros del 16 al 19. \u00a0 Ambas concentraciones son muy importantes por el n\u00famero [&hellip;]<!-- AddThis Advanced Settings generic via filter on get_the_excerpt --><!-- AddThis Share Buttons generic via filter on get_the_excerpt --><\/p>\n","protected":false},"author":49,"featured_media":0,"comment_status":"open","ping_status":"closed","sticky":false,"template":"","format":"standard","meta":[],"categories":[13],"tags":[604,622,782,861,915],"_links":{"self":[{"href":"https:\/\/blogs.hoy.es\/moterosdehoy\/wp-json\/wp\/v2\/posts\/943"}],"collection":[{"href":"https:\/\/blogs.hoy.es\/moterosdehoy\/wp-json\/wp\/v2\/posts"}],"about":[{"href":"https:\/\/blogs.hoy.es\/moterosdehoy\/wp-json\/wp\/v2\/types\/post"}],"author":[{"embeddable":true,"href":"https:\/\/blogs.hoy.es\/moterosdehoy\/wp-json\/wp\/v2\/users\/49"}],"replies":[{"embeddable":true,"href":"https:\/\/blogs.hoy.es\/moterosdehoy\/wp-json\/wp\/v2\/comments?post=943"}],"version-history":[{"count":0,"href":"https:\/\/blogs.hoy.es\/moterosdehoy\/wp-json\/wp\/v2\/posts\/943\/revisions"}],"wp:attachment":[{"href":"https:\/\/blogs.hoy.es\/moterosdehoy\/wp-json\/wp\/v2\/media?parent=943"}],"wp:term":[{"taxonomy":"category","embeddable":true,"href":"https:\/\/blogs.hoy.es\/moterosdehoy\/wp-json\/wp\/v2\/categories?post=943"},{"taxonomy":"post_tag","embeddable":true,"href":"https:\/\/blogs.hoy.es\/moterosdehoy\/wp-json\/wp\/v2\/tags?post=943"}],"curies":[{"name":"wp","href":"https:\/\/api.w.org\/{rel}","templated":true}]}}