{"id":951,"date":"2014-01-13T18:30:14","date_gmt":"2014-01-13T18:30:14","guid":{"rendered":"http:\/\/blogs.hoy.es\/moterosdehoy\/?p=951"},"modified":"2014-01-13T18:30:14","modified_gmt":"2014-01-13T18:30:14","slug":"pinguinos-2014-sera-el-ultimo","status":"publish","type":"post","link":"https:\/\/blogs.hoy.es\/moterosdehoy\/2014\/01\/13\/pinguinos-2014-sera-el-ultimo\/","title":{"rendered":"Ping\u00fcinos 2014 \u00bfser\u00e1 el \u00faltimo?"},"content":{"rendered":"<p style=\"text-align: justify;\">\u00a0 Ya ha finalizado <strong>Ping\u00fcinos 2014<\/strong>, como viene siendo costumbre \u00e9sta <strong>33\u00aa edici\u00f3n<\/strong> fue todo un \u00e9xito.<\/p>\n<div id=\"attachment_952\" style=\"width: 310px\" class=\"wp-caption alignleft\"><a href=\"\/moterosdehoy\/wp-content\/uploads\/sites\/45\/2014\/01\/Ping\u00fcinos-2014.jpg\"><img aria-describedby=\"caption-attachment-952\" loading=\"lazy\" class=\"size-medium wp-image-952\" title=\"Ping\u00fcinos 2014\" src=\"\/moterosdehoy\/wp-content\/uploads\/sites\/45\/2014\/01\/Ping\u00fcinos-2014.jpg\" alt=\"\" width=\"300\" height=\"168\" srcset=\"https:\/\/static-blogs.hoy.es\/wp-content\/uploads\/sites\/45\/2014\/01\/Ping\u00fcinos-2014.jpg 644w, https:\/\/static-blogs.hoy.es\/wp-content\/uploads\/sites\/45\/2014\/01\/Ping\u00fcinos-2014-300x169.jpg 300w\" sizes=\"(max-width: 300px) 100vw, 300px\" \/><\/a><p id=\"caption-attachment-952\" class=\"wp-caption-text\">Ping\u00fcinos 2014<\/p><\/div>\n<p style=\"text-align: justify;\">\u00a0 Ha tenido lugar en el fin de semana del 10 al 12 de enero, lo que aprovechando la continuaci\u00f3n del puente de Reyes y la buena temperatura han podido hacer posible que casi se batiera el r\u00e9cord de inscripciones situado en el 2008 en 29.812, tambi\u00e9n con el record de temperaturas bajas, llegando a 15 grados bajo cero.<\/p>\n<p style=\"text-align: justify;\"><strong>\u00a0 Nada menos que 27.456 inscritos<\/strong> y seg\u00fan el <a title=\"Organizador de Ping\u00fcinos\" href=\"http:\/\/www.lapinguinos.com\/\" target=\"_blank\" rel=\"external nofollow\">Club Turismoto<\/a>, organizador del evento, cerca de 36.000 participantes, ya siendo moteros o no.<\/p>\n<p style=\"text-align: justify;\">\u00a0 Los platos fuertes de la concentraci\u00f3n por supuesto adem\u00e1s de las fiestas,\u00a0actividades, rutas, espect\u00e1culos y shows a cargo de \u201cstunts\u201d por <a title=\"Emilio Zamora\" href=\"http:\/\/www.emiliozamora.com\/\" target=\"_blank\" rel=\"external nofollow\">Emilio Zamora<\/a>, se situaron como en otros a\u00f1os en el s\u00e1bado por la ma\u00f1ana. Con el desfile de banderas y el s\u00e1bado por la noche con el desfile de antorchas, sin olvidar por\u00a0supuesto las actividades ben\u00e9ficas como la venta del cup\u00f3n de la ONCE, la operaci\u00f3n Kilo de Alimentos y la campa\u00f1a solidaria con el Hospital Nacional de <a title=\"Hospital Nacional de Parapl\u00e9jicos de Toledo\" href=\"http:\/\/www.infomedula.org\/index.php?\" target=\"_blank\" rel=\"external nofollow\">Parapl\u00e9jicos de Toledo<\/a>.<\/p>\n<p style=\"text-align: justify;\">\u00a0 El tradicional <strong>desfile de banderas<\/strong> parti\u00f3 de Puente Duero, donde <!--more-->cerca de 20.000 motos, seg\u00fan los organizadores de la concentraci\u00f3n, han ido llegando hasta la Plaza Col\u00f3n y la Acera de Recoletos, en el centro de la capital vallisoletana. En \u00e9sta edici\u00f3n han habido menos banderas que de costumbre, aunque aparecieron de diferentes pa\u00edses, como Estados Unidos, Alemania, Reino Unido, Francia y Espa\u00f1a. De todas las\u00a0comunidades aut\u00f3nomas, y como no, de numerosos clubes moteros, por citar alguno el numeroso y conocido <strong><a title=\"Vulcan Owners Club Spain\" href=\"http:\/\/www.vocs.org\/\" target=\"_blank\" rel=\"external nofollow\">V.O.C.S.<\/a><\/strong> Club de marca de Kawasaki Vulcan, que nuevamente llamaron la atenci\u00f3n por circular en formaci\u00f3n entre el resto de moteros.<\/p>\n<p style=\"text-align: justify;\">\u00a0 En el caso del <strong>desfile de antorchas<\/strong>, como siempre impresionante y muy emotivo, dado que tiene lugar en honor a los ca\u00eddos.<\/p>\n<div id=\"attachment_953\" style=\"width: 310px\" class=\"wp-caption alignright\"><a href=\"\/moterosdehoy\/wp-content\/uploads\/sites\/45\/2014\/01\/Ping\u00fcinos-2014_.jpg\"><img aria-describedby=\"caption-attachment-953\" loading=\"lazy\" class=\"size-medium wp-image-953\" title=\"Ping\u00fcinos 2014_\" src=\"\/moterosdehoy\/wp-content\/uploads\/sites\/45\/2014\/01\/Ping\u00fcinos-2014_.jpg\" alt=\"\" width=\"300\" height=\"200\" srcset=\"https:\/\/static-blogs.hoy.es\/wp-content\/uploads\/sites\/45\/2014\/01\/Ping\u00fcinos-2014_.jpg 640w, https:\/\/static-blogs.hoy.es\/wp-content\/uploads\/sites\/45\/2014\/01\/Ping\u00fcinos-2014_-300x200.jpg 300w\" sizes=\"(max-width: 300px) 100vw, 300px\" \/><\/a><p id=\"caption-attachment-953\" class=\"wp-caption-text\">Acampada de Ping\u00fcinos en Puente Duero 2014<\/p><\/div>\n<p style=\"text-align: justify;\">\u00a0 La tradicional concentraci\u00f3n motera de Ping\u00fcinos, ha vuelto a ubicarse en Puente Duero, aunque a\u00fan est\u00e1 sin confirmar la ubicaci\u00f3n de Ping\u00fcinos 2015.<\/p>\n<p style=\"text-align: justify;\">\u00a0 Este a\u00f1o el <strong>Ping\u00fcino de Oro<\/strong> fue para Maverick Vi\u00f1ales (Campe\u00f3n Mundial de Moto3), el <strong>Ping\u00fcino de Oro a la Leyenda<\/strong> para \u00c1lex Crivill\u00e9, y el galarg\u00f3n <strong>Ping\u00fcino de Oro a la Trayectoria<\/strong> para Carlos Checa, los <strong>Ping\u00fcinos de Honor<\/strong> fueron para el Hospital Nacional de Parapl\u00e9jicos de Toledo, la Unidad de Seguridad Vial de la Comisi\u00f3n Europea y para Gustavo Cuervo. Finalmente, el <strong>Ping\u00fcino del A\u00f1o Motociclismo<\/strong> recay\u00f3 en Antonio Maeso, quien actualmente se contin\u00faa recuperando de las graves lesiones que sufri\u00f3 en TT Isle of The Man.<\/p>\n<p style=\"text-align: justify;\">\u00a0 Como comento en el t\u00edtulo del post, no est\u00e1 clara la 34 edici\u00f3n Ping\u00fcinera. A lo largo de sus 33 ediciones, los Ping\u00fcinos se han concentrado en Herrera, Tordesillas, Boecillo, Simancas y Puente Duero, donde \u00e9sta \u00faltima localidad parece que pasar\u00e1 a engrosar esa historia, pues el pr\u00f3ximo a\u00f1o la concentraci\u00f3n se mudar\u00e1 a otro lugar de la provincia vallisoletana, aunque como en la edici\u00f3n del a\u00f1o pasado el Alcalde de Puente Duero, Javier Le\u00f3n de la Riva, volvi\u00f3 a repetir \u00abOs garantizo que habr\u00e1 Ping\u00fcinos en el 2015\u00bb.<\/p>\n<p style=\"text-align: justify;\">\u00a0 El gran ausente de \u00e9sta 33\u00aa edici\u00f3n &#8220;EL FRIIIIO&#8221;.<\/p>\n<p style=\"text-align: justify;\"><strong>\u00a0 <a title=\"Enlace al Facebook de Moteros de Hoy\" href=\"https:\/\/www.facebook.com\/moteroshoy?ref=hl\" target=\"_blank\" rel=\"external nofollow\">Saludos y r\u00e1fagas<\/a>.<\/strong><\/p>\n<!-- AddThis Advanced Settings generic via filter on the_content --><!-- AddThis Share Buttons generic via filter on the_content -->","protected":false},"excerpt":{"rendered":"<p>\u00a0 Ya ha finalizado Ping\u00fcinos 2014, como viene siendo costumbre \u00e9sta 33\u00aa edici\u00f3n fue todo un \u00e9xito. \u00a0 Ha tenido lugar en el fin de semana del 10 al 12 de enero, lo que aprovechando la continuaci\u00f3n del puente de Reyes y la buena temperatura han podido hacer posible que casi se batiera el r\u00e9cord [&hellip;]<!-- AddThis Advanced Settings generic via filter on get_the_excerpt --><!-- AddThis Share Buttons generic via filter on get_the_excerpt --><\/p>\n","protected":false},"author":49,"featured_media":0,"comment_status":"open","ping_status":"closed","sticky":false,"template":"","format":"standard","meta":[],"categories":[13],"tags":[177,367,622,639,782,979,1018],"_links":{"self":[{"href":"https:\/\/blogs.hoy.es\/moterosdehoy\/wp-json\/wp\/v2\/posts\/951"}],"collection":[{"href":"https:\/\/blogs.hoy.es\/moterosdehoy\/wp-json\/wp\/v2\/posts"}],"about":[{"href":"https:\/\/blogs.hoy.es\/moterosdehoy\/wp-json\/wp\/v2\/types\/post"}],"author":[{"embeddable":true,"href":"https:\/\/blogs.hoy.es\/moterosdehoy\/wp-json\/wp\/v2\/users\/49"}],"replies":[{"embeddable":true,"href":"https:\/\/blogs.hoy.es\/moterosdehoy\/wp-json\/wp\/v2\/comments?post=951"}],"version-history":[{"count":0,"href":"https:\/\/blogs.hoy.es\/moterosdehoy\/wp-json\/wp\/v2\/posts\/951\/revisions"}],"wp:attachment":[{"href":"https:\/\/blogs.hoy.es\/moterosdehoy\/wp-json\/wp\/v2\/media?parent=951"}],"wp:term":[{"taxonomy":"category","embeddable":true,"href":"https:\/\/blogs.hoy.es\/moterosdehoy\/wp-json\/wp\/v2\/categories?post=951"},{"taxonomy":"post_tag","embeddable":true,"href":"https:\/\/blogs.hoy.es\/moterosdehoy\/wp-json\/wp\/v2\/tags?post=951"}],"curies":[{"name":"wp","href":"https:\/\/api.w.org\/{rel}","templated":true}]}}