{"id":955,"date":"2014-01-16T16:36:36","date_gmt":"2014-01-16T16:36:36","guid":{"rendered":"http:\/\/blogs.hoy.es\/moterosdehoy\/?p=955"},"modified":"2014-01-16T16:36:36","modified_gmt":"2014-01-16T16:36:36","slug":"quedada-motera-en-gevora","status":"publish","type":"post","link":"https:\/\/blogs.hoy.es\/moterosdehoy\/2014\/01\/16\/quedada-motera-en-gevora\/","title":{"rendered":"Quedada motera en G\u00e9vora"},"content":{"rendered":"<p style=\"text-align: justify;\">\u00a0 Este a\u00f1o febrero nos trae una quedada motera para comenzar con buen pie el mes. Llega la &#8220;<strong>I Quedada Motera en G\u00e9vora<\/strong>&#8220;.<\/p>\n<div class=\"mceTemp\" style=\"text-align: justify;\">\n<dl id=\"attachment_956\" class=\"wp-caption alignleft\" style=\"width: 310px;\">\n<dt class=\"wp-caption-dt\"><a href=\"\/moterosdehoy\/wp-content\/uploads\/sites\/45\/2014\/01\/Quedada-motera-G\u00e9vora.jpg\"><img loading=\"lazy\" class=\"size-medium wp-image-956\" title=\"Quedada motera G\u00e9vora\" src=\"\/moterosdehoy\/wp-content\/uploads\/sites\/45\/2014\/01\/Quedada-motera-G\u00e9vora.jpg\" alt=\"\" width=\"300\" height=\"226\" srcset=\"https:\/\/static-blogs.hoy.es\/wp-content\/uploads\/sites\/45\/2014\/01\/Quedada-motera-G\u00e9vora.jpg 450w, https:\/\/static-blogs.hoy.es\/wp-content\/uploads\/sites\/45\/2014\/01\/Quedada-motera-G\u00e9vora-300x227.jpg 300w\" sizes=\"(max-width: 300px) 100vw, 300px\" \/><\/a><\/dt>\n<dd class=\"wp-caption-dd\">Cartel del evento<\/dd>\n<\/dl>\n<\/div>\n<p style=\"text-align: justify;\">\u00a0 Dicha quedada la organiza el <strong>Restaurante Velo<\/strong>\u00a0de <a title=\"G\u00e9vora en wikipedia\" href=\"http:\/\/es.wikipedia.org\/wiki\/G%C3%A9vora_(Badajoz)\" target=\"_blank\" rel=\"external nofollow\">G\u00e9vora<\/a>\u00a0(Badajoz), donde ser\u00e1 el punto de encuentro desde las 09:00 de la ma\u00f1ana y donde tras la ruta tendr\u00e1 lugar la continuaci\u00f3n de la quedada.<\/p>\n<p style=\"text-align: justify;\">\u00a0 Dentro del programa nos tienen organizado:<\/p>\n<p style=\"text-align: justify;\">\u00a0 9:00h. Desayuno caf\u00e9 y migas.<\/p>\n<p style=\"text-align: justify;\">\u00a0 Entre las 10 y 10:30h dependiendo de la afluencia de personal, iniciar\u00e1 una ruta hacia La Codosera, pasando por la Ermita de Chandevila, Alburquerque, La Roca de la Sierra y regreso a G\u00e9vora. Durante la ruta habr\u00e1 alguna parada para realizar un refrigerio.<\/p>\n<p style=\"text-align: justify;\">\u00a0 Ya de regreso habr\u00e1 una paellada en el Restaurante Velo, adem\u00e1s de m\u00fasica para amenizar la tarde.<\/p>\n<p style=\"text-align: justify;\">\u00a0 Para optar a todo lo anterior desde la organizaci\u00f3n han preparado unas bolsas, en las que encontraras tickets para el desayuno, la paella y tres consumiciones, adem\u00e1s de tener un regalito. Todo ello por <strong>10\u20ac<\/strong>.<\/p>\n<p style=\"text-align: justify;\">\u00a0 Ya sabes, el d\u00eda uno de febrero a G\u00e9vora.<\/p>\n<p style=\"text-align: justify;\"><strong>\u00a0 <a title=\"Enlace al facebook de Moteros de Hoy\" href=\"https:\/\/www.facebook.com\/moteroshoy?ref=hl\" target=\"_blank\" rel=\"external nofollow\">Saludos y r\u00e1fagas<\/a>.<\/strong><\/p>\n<!-- AddThis Advanced Settings generic via filter on the_content --><!-- AddThis Share Buttons generic via filter on the_content -->","protected":false},"excerpt":{"rendered":"<p>\u00a0 Este a\u00f1o febrero nos trae una quedada motera para comenzar con buen pie el mes. Llega la &#8220;I Quedada Motera en G\u00e9vora&#8220;. Cartel del evento \u00a0 Dicha quedada la organiza el Restaurante Velo\u00a0de G\u00e9vora\u00a0(Badajoz), donde ser\u00e1 el punto de encuentro desde las 09:00 de la ma\u00f1ana y donde tras la ruta tendr\u00e1 lugar la [&hellip;]<!-- AddThis Advanced Settings generic via filter on get_the_excerpt --><!-- AddThis Share Buttons generic via filter on get_the_excerpt --><\/p>\n","protected":false},"author":49,"featured_media":0,"comment_status":"open","ping_status":"closed","sticky":false,"template":"","format":"standard","meta":[],"categories":[13],"tags":[622,624,639,818,838],"_links":{"self":[{"href":"https:\/\/blogs.hoy.es\/moterosdehoy\/wp-json\/wp\/v2\/posts\/955"}],"collection":[{"href":"https:\/\/blogs.hoy.es\/moterosdehoy\/wp-json\/wp\/v2\/posts"}],"about":[{"href":"https:\/\/blogs.hoy.es\/moterosdehoy\/wp-json\/wp\/v2\/types\/post"}],"author":[{"embeddable":true,"href":"https:\/\/blogs.hoy.es\/moterosdehoy\/wp-json\/wp\/v2\/users\/49"}],"replies":[{"embeddable":true,"href":"https:\/\/blogs.hoy.es\/moterosdehoy\/wp-json\/wp\/v2\/comments?post=955"}],"version-history":[{"count":0,"href":"https:\/\/blogs.hoy.es\/moterosdehoy\/wp-json\/wp\/v2\/posts\/955\/revisions"}],"wp:attachment":[{"href":"https:\/\/blogs.hoy.es\/moterosdehoy\/wp-json\/wp\/v2\/media?parent=955"}],"wp:term":[{"taxonomy":"category","embeddable":true,"href":"https:\/\/blogs.hoy.es\/moterosdehoy\/wp-json\/wp\/v2\/categories?post=955"},{"taxonomy":"post_tag","embeddable":true,"href":"https:\/\/blogs.hoy.es\/moterosdehoy\/wp-json\/wp\/v2\/tags?post=955"}],"curies":[{"name":"wp","href":"https:\/\/api.w.org\/{rel}","templated":true}]}}