{"id":958,"date":"2014-01-21T23:25:29","date_gmt":"2014-01-21T23:25:29","guid":{"rendered":"http:\/\/blogs.hoy.es\/moterosdehoy\/?p=958"},"modified":"2014-01-21T23:25:29","modified_gmt":"2014-01-21T23:25:29","slug":"reunion-motera-extremena","status":"publish","type":"post","link":"https:\/\/blogs.hoy.es\/moterosdehoy\/2014\/01\/21\/reunion-motera-extremena\/","title":{"rendered":"Reuni\u00f3n Motera Extreme\u00f1a"},"content":{"rendered":"<p style=\"text-align: justify;\">\u00a0 \u00a0Son muchas las ocasiones en las que se celebran concentraciones o quedadas en varios puntos de <a title=\"Turismo en Extremadura\" href=\"http:\/\/www.turismoextremadura.com\/\" target=\"_blank\" rel=\"external nofollow\">Extremadura<\/a> a la vez, lo cual no est\u00e1 nada mal, pero hay que tratar de que no se pisen unas a otras y hay muchos fines de semana. D\u00e1ndose el caso de haber hasta tres concentraciones en un radio de menos de cincuenta kil\u00f3metros en un mismo d\u00eda y luego hay varias semanas en las que no se programa ninguna.<\/p>\n<p style=\"text-align: justify;\">\u00a0 \u00a0Es cierto que Extremadura es muy extensa y concentraciones del norte, con el sur, o del este con el oeste, no se ver\u00e1n da\u00f1adas, pues el que vaya a ir a Coria por citar una localidad si hay una en Villanueva del Fresno, ni se pensar\u00e1 a cual ir y viceversa.<\/p>\n<div id=\"attachment_959\" style=\"width: 310px\" class=\"wp-caption alignleft\"><a href=\"\/moterosdehoy\/wp-content\/uploads\/sites\/45\/2014\/01\/Harley-M\u00e9rida.jpg\"><img aria-describedby=\"caption-attachment-959\" loading=\"lazy\" class=\"size-medium wp-image-959\" title=\"Harley M\u00e9rida\" src=\"\/moterosdehoy\/wp-content\/uploads\/sites\/45\/2014\/01\/Harley-M\u00e9rida.jpg\" alt=\"\" width=\"300\" height=\"224\" srcset=\"https:\/\/static-blogs.hoy.es\/wp-content\/uploads\/sites\/45\/2014\/01\/Harley-M\u00e9rida.jpg 808w, https:\/\/static-blogs.hoy.es\/wp-content\/uploads\/sites\/45\/2014\/01\/Harley-M\u00e9rida-300x225.jpg 300w, https:\/\/static-blogs.hoy.es\/wp-content\/uploads\/sites\/45\/2014\/01\/Harley-M\u00e9rida-768x575.jpg 768w\" sizes=\"(max-width: 300px) 100vw, 300px\" \/><\/a><p id=\"caption-attachment-959\" class=\"wp-caption-text\">Exteriores Harley Davidson de M\u00e9rida<\/p><\/div>\n<p style=\"text-align: justify;\">\u00a0 \u00a0Para evitar perjudicarse unos a otros y a la vez conocerse y mostrarse unidos, varias pe\u00f1as han organizado una reuni\u00f3n en la que por segunda vez se tratar\u00e1 de organizar las distintas pe\u00f1as, asociaciones y dem\u00e1s grupos moteros de la comunidad.<\/p>\n<p style=\"text-align: justify;\">\u00a0 \u00a0Dicha reuni\u00f3n tendr\u00e1 lugar <strong>a las 11:30h del domingo 26 de enero<\/strong>, <strong>en el concesionario <a title=\"Harley en Extremadura\" href=\"http:\/\/www.harley-davidsonextremadura.com\/\" target=\"_blank\" rel=\"external nofollow\">Harley Davidson de M\u00e9rida<\/a><\/strong>. En la reuni\u00f3n esperan poder contar con un representante de cada grupo motero. Posteriormente y para todos los asistentes que as\u00ed lo deseen habr\u00e1 comida, consistente en un men\u00fa de 8,5\u20ac que para poder acceder a \u00e9l tendr\u00e1s que apuntarte. Si est\u00e1s interesado puedes mandar un comentario a \u00e9ste post o un correo a moterosdehoy@gmail.com<\/p>\n<p style=\"text-align: justify;\">\u00a0 \u00a0Ya sabes, si perteneces a alg\u00fan grupo motero comunicaselo a \u00a0tu Presidente, para que est\u00e9is all\u00ed representados. Moteros de Hoy estar\u00e1 por all\u00ed.<\/p>\n<p style=\"text-align: justify;\"><strong>\u00a0 <a title=\"Enlace al facebook de Moteros de Hoy\" href=\"https:\/\/www.facebook.com\/moteroshoy?ref=hl\" target=\"_blank\" rel=\"external nofollow\">Saludos y r\u00e1fagas<\/a>.<\/strong><\/p>\n<!-- AddThis Advanced Settings generic via filter on the_content --><!-- AddThis Share Buttons generic via filter on the_content -->","protected":false},"excerpt":{"rendered":"<p>\u00a0 \u00a0Son muchas las ocasiones en las que se celebran concentraciones o quedadas en varios puntos de Extremadura a la vez, lo cual no est\u00e1 nada mal, pero hay que tratar de que no se pisen unas a otras y hay muchos fines de semana. D\u00e1ndose el caso de haber hasta tres concentraciones en un [&hellip;]<!-- AddThis Advanced Settings generic via filter on get_the_excerpt --><!-- AddThis Share Buttons generic via filter on get_the_excerpt --><\/p>\n","protected":false},"author":49,"featured_media":0,"comment_status":"open","ping_status":"closed","sticky":false,"template":"","format":"standard","meta":[],"categories":[13],"tags":[456,622,639,770,842],"_links":{"self":[{"href":"https:\/\/blogs.hoy.es\/moterosdehoy\/wp-json\/wp\/v2\/posts\/958"}],"collection":[{"href":"https:\/\/blogs.hoy.es\/moterosdehoy\/wp-json\/wp\/v2\/posts"}],"about":[{"href":"https:\/\/blogs.hoy.es\/moterosdehoy\/wp-json\/wp\/v2\/types\/post"}],"author":[{"embeddable":true,"href":"https:\/\/blogs.hoy.es\/moterosdehoy\/wp-json\/wp\/v2\/users\/49"}],"replies":[{"embeddable":true,"href":"https:\/\/blogs.hoy.es\/moterosdehoy\/wp-json\/wp\/v2\/comments?post=958"}],"version-history":[{"count":0,"href":"https:\/\/blogs.hoy.es\/moterosdehoy\/wp-json\/wp\/v2\/posts\/958\/revisions"}],"wp:attachment":[{"href":"https:\/\/blogs.hoy.es\/moterosdehoy\/wp-json\/wp\/v2\/media?parent=958"}],"wp:term":[{"taxonomy":"category","embeddable":true,"href":"https:\/\/blogs.hoy.es\/moterosdehoy\/wp-json\/wp\/v2\/categories?post=958"},{"taxonomy":"post_tag","embeddable":true,"href":"https:\/\/blogs.hoy.es\/moterosdehoy\/wp-json\/wp\/v2\/tags?post=958"}],"curies":[{"name":"wp","href":"https:\/\/api.w.org\/{rel}","templated":true}]}}