{"id":961,"date":"2014-01-24T16:23:55","date_gmt":"2014-01-24T16:23:55","guid":{"rendered":"http:\/\/blogs.hoy.es\/moterosdehoy\/?p=961"},"modified":"2014-01-24T16:23:55","modified_gmt":"2014-01-24T16:23:55","slug":"9-febrero-ruta-del-lince","status":"publish","type":"post","link":"https:\/\/blogs.hoy.es\/moterosdehoy\/2014\/01\/24\/9-febrero-ruta-del-lince\/","title":{"rendered":"9 febrero Ruta del Lince"},"content":{"rendered":"<p style=\"text-align: justify;\">\u00a0 El pasado 19 de enero se tuvo que posponer la <a title=\"Concentraciones de febrero\" href=\"http:\/\/www.moterosdehoy.es\/2014\/01\/18\/concentraciones-y-kdds-moteras-febrero-2014\/\" target=\"_blank\" rel=\"external nofollow\">RUTA DEL LINCE<\/a> y ya tiene como fecha el 9 de febrero.<\/p>\n<p style=\"text-align: justify;\"><a href=\"\/moterosdehoy\/wp-content\/uploads\/sites\/45\/2014\/01\/Ruta-del-Lince-9-de-Febrero.jpg\"><img loading=\"lazy\" class=\"alignleft size-medium wp-image-962\" title=\"Ruta del Lince 9 de Febrero\" src=\"\/moterosdehoy\/wp-content\/uploads\/sites\/45\/2014\/01\/Ruta-del-Lince-9-de-Febrero.jpg\" alt=\"\" width=\"212\" height=\"300\" srcset=\"https:\/\/static-blogs.hoy.es\/wp-content\/uploads\/sites\/45\/2014\/01\/Ruta-del-Lince-9-de-Febrero.jpg 2480w, https:\/\/static-blogs.hoy.es\/wp-content\/uploads\/sites\/45\/2014\/01\/Ruta-del-Lince-9-de-Febrero-212x300.jpg 212w, https:\/\/static-blogs.hoy.es\/wp-content\/uploads\/sites\/45\/2014\/01\/Ruta-del-Lince-9-de-Febrero-768x1086.jpg 768w, https:\/\/static-blogs.hoy.es\/wp-content\/uploads\/sites\/45\/2014\/01\/Ruta-del-Lince-9-de-Febrero-724x1024.jpg 724w\" sizes=\"(max-width: 212px) 100vw, 212px\" \/><\/a>\u00a0 Para dicha ruta se reunir\u00e1n en el Hostal Real de Plasencia, desde donde partir\u00e1n a las 11:00 horas del d\u00eda 9 de febrero, pasando por las poblaciones de Alag\u00f3n del Rio, Villanueva de la Sierra y Zarza de Granadilla, para finalizar de nuevo en Plasencia, recorriendo unos 113 kil\u00f3metros, tras los que habr\u00e1 cocido gratis para los asistentes en el Bar Cosa Nostra, sito en Avd. del Valle, 8 de Plasencia.<\/p>\n<p style=\"text-align: justify;\">\u00a0 Hay que decir que el\u00a0<a title=\"Support 17 Madrid\" href=\"http:\/\/pawneesmcmadrid.blogspot.com.es\/2013\/04\/ruta-support-17-extremadura.html\" target=\"_blank\" rel=\"external nofollow\">Support 17 Madrid<\/a>\u00a0en Extremadura, es un Club <a title=\"Motocicletas Custom\" href=\"http:\/\/es.wikipedia.org\/wiki\/Motocicleta_custom\" target=\"_blank\" rel=\"external nofollow\">Custom<\/a>, que paso a a paso se va haciendo fuerte y va cogiendo adeptos.<\/p>\n<p style=\"text-align: justify;\">\u00a0La idea de la ruta es rodar por esas zonas donde hace un tiempo campaban los\u00a0<strong><a title=\"Lince en Wikipedia\" href=\"http:\/\/es.wikipedia.org\/wiki\/Lynx_(animal)\" target=\"_blank\" rel=\"external nofollow\">Linces<\/a><\/strong>\u00a0y que hoy d\u00eda es el animal felino con mayor amenaza de extinci\u00f3n.<\/p>\n<p style=\"text-align: justify;\">\u00a0 Adem\u00e1s puedes disfrutar de la ciudad de <a title=\"Plasencia en Wikipedia\" href=\"http:\/\/es.wikipedia.org\/wiki\/Plasencia\" target=\"_blank\" rel=\"external nofollow\">Plasencia<\/a>, la cual tiene mucha historia.\u00a0Fue fundada como ciudad por el rey\u00a0<a title=\"Alfonso VIII de Castilla\" href=\"http:\/\/es.wikipedia.org\/wiki\/Alfonso_VIII_de_Castilla\" target=\"_blank\" rel=\"external nofollow\">Alfonso VIII de Castilla<\/a>\u00a0en 1186. Su establecimiento en el lugar se deb\u00eda a razones de estrategia militar propias de la\u00a0<a title=\"Reconquista\" href=\"http:\/\/es.wikipedia.org\/wiki\/Reconquista\" target=\"_blank\" rel=\"external nofollow\">Reconquista<\/a>, pues a escasos kil\u00f3metros de la ciudad se hallaban las fronteras\u00a0castellanas\u00a0con el\u00a0<a title=\"Reino de Le\u00f3n\" href=\"http:\/\/es.wikipedia.org\/wiki\/Reino_de_Le%C3%B3n\" target=\"_blank\" rel=\"external nofollow\">reino de Le\u00f3n<\/a>\u00a0al oeste y con los\u00a0<a title=\"Al-\u00c1ndalus\" href=\"http:\/\/es.wikipedia.org\/wiki\/Al-%C3%81ndalus\" target=\"_blank\" rel=\"external nofollow\">musulmanes<\/a>\u00a0al sur.<\/p>\n<div>\u00a0 \u00a0<strong><a title=\"Enlace al facebook de Moteros de Hoy\" href=\"https:\/\/www.facebook.com\/moteroshoy?ref=hl\" target=\"_blank\" rel=\"external nofollow\">Saludos y r\u00e1fagas<\/a>.<\/strong><\/div>\n<!-- AddThis Advanced Settings generic via filter on the_content --><!-- AddThis Share Buttons generic via filter on the_content -->","protected":false},"excerpt":{"rendered":"<p>\u00a0 El pasado 19 de enero se tuvo que posponer la RUTA DEL LINCE y ya tiene como fecha el 9 de febrero. \u00a0 Para dicha ruta se reunir\u00e1n en el Hostal Real de Plasencia, desde donde partir\u00e1n a las 11:00 horas del d\u00eda 9 de febrero, pasando por las poblaciones de Alag\u00f3n del Rio, [&hellip;]<!-- AddThis Advanced Settings generic via filter on get_the_excerpt --><!-- AddThis Share Buttons generic via filter on get_the_excerpt --><\/p>\n","protected":false},"author":49,"featured_media":0,"comment_status":"open","ping_status":"closed","sticky":false,"template":"","format":"standard","meta":[],"categories":[13],"tags":[622,625,639,861,914],"_links":{"self":[{"href":"https:\/\/blogs.hoy.es\/moterosdehoy\/wp-json\/wp\/v2\/posts\/961"}],"collection":[{"href":"https:\/\/blogs.hoy.es\/moterosdehoy\/wp-json\/wp\/v2\/posts"}],"about":[{"href":"https:\/\/blogs.hoy.es\/moterosdehoy\/wp-json\/wp\/v2\/types\/post"}],"author":[{"embeddable":true,"href":"https:\/\/blogs.hoy.es\/moterosdehoy\/wp-json\/wp\/v2\/users\/49"}],"replies":[{"embeddable":true,"href":"https:\/\/blogs.hoy.es\/moterosdehoy\/wp-json\/wp\/v2\/comments?post=961"}],"version-history":[{"count":0,"href":"https:\/\/blogs.hoy.es\/moterosdehoy\/wp-json\/wp\/v2\/posts\/961\/revisions"}],"wp:attachment":[{"href":"https:\/\/blogs.hoy.es\/moterosdehoy\/wp-json\/wp\/v2\/media?parent=961"}],"wp:term":[{"taxonomy":"category","embeddable":true,"href":"https:\/\/blogs.hoy.es\/moterosdehoy\/wp-json\/wp\/v2\/categories?post=961"},{"taxonomy":"post_tag","embeddable":true,"href":"https:\/\/blogs.hoy.es\/moterosdehoy\/wp-json\/wp\/v2\/tags?post=961"}],"curies":[{"name":"wp","href":"https:\/\/api.w.org\/{rel}","templated":true}]}}