{"id":971,"date":"2014-01-31T19:57:42","date_gmt":"2014-01-31T19:57:42","guid":{"rendered":"http:\/\/blogs.hoy.es\/moterosdehoy\/?p=971"},"modified":"2014-01-31T19:57:42","modified_gmt":"2014-01-31T19:57:42","slug":"ruta-via-de-la-plata","status":"publish","type":"post","link":"https:\/\/blogs.hoy.es\/moterosdehoy\/2014\/01\/31\/ruta-via-de-la-plata\/","title":{"rendered":"Ruta V\u00eda de la Plata"},"content":{"rendered":"<p style=\"text-align: justify;\">\u00a0 Con la idea de fomentar la V\u00eda de la Plata como una ruta motera, varias instituciones se han puesto en colaboraci\u00f3n para convertir dicha v\u00eda en una ruta en la que los moteros tambi\u00e9n se sientan atra\u00eddos a realizar.<\/p>\n<div id=\"attachment_972\" style=\"width: 310px\" class=\"wp-caption alignleft\"><a href=\"\/moterosdehoy\/wp-content\/uploads\/sites\/45\/2014\/01\/N-630.jpg\"><img aria-describedby=\"caption-attachment-972\" loading=\"lazy\" class=\"size-medium wp-image-972\" title=\"N-630\" src=\"\/moterosdehoy\/wp-content\/uploads\/sites\/45\/2014\/01\/N-630.jpg\" alt=\"\" width=\"300\" height=\"199\" srcset=\"https:\/\/static-blogs.hoy.es\/wp-content\/uploads\/sites\/45\/2014\/01\/N-630.jpg 1021w, https:\/\/static-blogs.hoy.es\/wp-content\/uploads\/sites\/45\/2014\/01\/N-630-300x200.jpg 300w, https:\/\/static-blogs.hoy.es\/wp-content\/uploads\/sites\/45\/2014\/01\/N-630-768x511.jpg 768w\" sizes=\"(max-width: 300px) 100vw, 300px\" \/><\/a><p id=\"caption-attachment-972\" class=\"wp-caption-text\">Motero por la N-630<\/p><\/div>\n<p style=\"text-align: justify;\">\u00a0 La\u00a0<strong><a title=\"Ruta v\u00eda de la plata\" href=\"http:\/\/www.rutadelaplata.com\/es\" target=\"_blank\" rel=\"external nofollow\">Ruta V\u00eda de la Plata<\/a><\/strong>\u00a0en sus inicios era una v\u00eda de comunicaci\u00f3n que un\u00eda las localidades de \u00a0<a title=\"M\u00e9rida (Espa\u00f1a)\" href=\"http:\/\/es.wikipedia.org\/wiki\/M%C3%A9rida_(Espa%C3%B1a)\" rel=\"external nofollow\">M\u00e9rida<\/a>\u00a0y\u00a0<a title=\"Astorga\" href=\"http:\/\/es.wikipedia.org\/wiki\/Astorga\" rel=\"external nofollow\">Astorga<\/a>\u00a0con algo menos de 500 kil\u00f3metros, para incrementarse a poco m\u00e1s de 800 kil\u00f3metros, extendi\u00e9ndose para ello por ambas puntas y llegando a unir las localidades de\u00a0Sevilla y Gij\u00f3n.<\/p>\n<p style=\"text-align: justify;\">\u00a0 Esta \u00faltima conexi\u00f3n le ha afianzado en una ruta tur\u00edstico-cultural, pero a su vez ha generado una fuerte pol\u00e9mica, dado que las evidencias hist\u00f3ricas que conservamos, tanto fuentes literarias como\u00a0arqueol\u00f3gicas, definen su recorrido exclusivamente entre\u00a0<a title=\"Augusta Emerita\" href=\"http:\/\/es.wikipedia.org\/wiki\/Augusta_Emerita\" rel=\"external nofollow\">Augusta Emerita<\/a>\u00a0(<a title=\"M\u00e9rida (Espa\u00f1a)\" href=\"http:\/\/es.wikipedia.org\/wiki\/M%C3%A9rida_(Espa%C3%B1a)\" rel=\"external nofollow\">M\u00e9rida<\/a>) y\u00a0<a title=\"Asturica Augusta\" href=\"http:\/\/es.wikipedia.org\/wiki\/Asturica_Augusta\" rel=\"external nofollow\">Asturica Augusta<\/a>\u00a0(<a title=\"Astorga\" href=\"http:\/\/es.wikipedia.org\/wiki\/Astorga\" rel=\"external nofollow\">Astorga<\/a>).<\/p>\n<p style=\"text-align: justify;\">\u00a0 Entre sus kil\u00f3metros de recorrido hay muy diversos paisajes, pudiendo ascender puertos de monta\u00f1a por carreteras sinuosas, atravesar dehesas y valles\u00a0 hasta llegar al mar, o recorrer kilometros de llanuras con el horizonte como \u00fanico l\u00edmite, que por seguro te har\u00e1 disfrutar de una experiencia inolvidable. Pudiendo realizar el recorrido tanto por la antigua N-630, como por la moderna A-66.\u00a0<a href=\"\/moterosdehoy\/wp-content\/uploads\/sites\/45\/2014\/01\/Ruta-V\u00eda-de-la-Plata.png\"><img loading=\"lazy\" class=\"alignright size-full wp-image-973\" title=\"Ruta V\u00eda de la Plata\" src=\"\/moterosdehoy\/wp-content\/uploads\/sites\/45\/2014\/01\/Ruta-V\u00eda-de-la-Plata.png\" alt=\"\" width=\"218\" height=\"217\" srcset=\"https:\/\/static-blogs.hoy.es\/wp-content\/uploads\/sites\/45\/2014\/01\/Ruta-V\u00eda-de-la-Plata.png 218w, https:\/\/static-blogs.hoy.es\/wp-content\/uploads\/sites\/45\/2014\/01\/Ruta-V\u00eda-de-la-Plata-150x150.png 150w\" sizes=\"(max-width: 218px) 100vw, 218px\" \/><\/a><\/p>\n<div id=\"attachment_692\" style=\"text-align: justify;\">\n<p>\u00a0 Para darle mayor reclamo han creado un documento denominado \u201c<a title=\"Pasaporte v\u00eda de la plata\" href=\"http:\/\/www.rutadelaplata.com\/es\/8472-pasaporte-de-la-ruta\" target=\"_blank\" rel=\"external nofollow\">Pasaporte<\/a>\u201d que se puede ir sellando durante el viaje en las localidades marcadas, permitiendo acceder a descuentos y gratuidades.<\/p>\n<\/div>\n<p style=\"text-align: justify;\">\u00a0 Igualmente han creado la \u201c<a title=\"Tarjeta V\u00eda Card\" href=\"http:\/\/www.rutadelaplata.com\/es\/8473-moto-via-card\" target=\"_blank\" rel=\"external nofollow\">Tarjeta Moto V\u00eda Card<\/a>\u201c, que es una tarjeta que ofrece descuentos a los viajeros que recorran la ruta en moto.<\/p>\n<p style=\"text-align: justify;\">\u00a0 Si quieres disponer del Pasaporte o de la Tarjeta,\u00a0<a title=\"Solicitar el pasaporte v\u00eda de la plata\" href=\"http:\/\/www.rutadelaplata.com\/es\/pasaportes\/new\" target=\"_blank\" rel=\"external nofollow\">haz clic aqu\u00ed<\/a>\u00a0rellena el cuestionario y podr\u00e1s solicitarlo.<\/p>\n<p style=\"text-align: justify;\">\u00a0 Una buena ruta que no podemos dejar pasar.<\/p>\n<p style=\"text-align: justify;\"><strong>\u00a0 <a title=\"Enlace al facebook de Moteros de Hoy\" href=\"https:\/\/www.facebook.com\/moteroshoy\" target=\"_blank\" rel=\"external nofollow\">Saludos y r\u00e1fagas<\/a><\/strong>.<\/p>\n<!-- AddThis Advanced Settings generic via filter on the_content --><!-- AddThis Share Buttons generic via filter on the_content -->","protected":false},"excerpt":{"rendered":"<p>\u00a0 Con la idea de fomentar la V\u00eda de la Plata como una ruta motera, varias instituciones se han puesto en colaboraci\u00f3n para convertir dicha v\u00eda en una ruta en la que los moteros tambi\u00e9n se sientan atra\u00eddos a realizar. \u00a0 La\u00a0Ruta V\u00eda de la Plata\u00a0en sus inicios era una v\u00eda de comunicaci\u00f3n que un\u00eda [&hellip;]<!-- AddThis Advanced Settings generic via filter on get_the_excerpt --><!-- AddThis Share Buttons generic via filter on get_the_excerpt --><\/p>\n","protected":false},"author":49,"featured_media":0,"comment_status":"open","ping_status":"closed","sticky":false,"template":"","format":"standard","meta":[],"categories":[9,11,13],"tags":[622,639,882,921,999],"_links":{"self":[{"href":"https:\/\/blogs.hoy.es\/moterosdehoy\/wp-json\/wp\/v2\/posts\/971"}],"collection":[{"href":"https:\/\/blogs.hoy.es\/moterosdehoy\/wp-json\/wp\/v2\/posts"}],"about":[{"href":"https:\/\/blogs.hoy.es\/moterosdehoy\/wp-json\/wp\/v2\/types\/post"}],"author":[{"embeddable":true,"href":"https:\/\/blogs.hoy.es\/moterosdehoy\/wp-json\/wp\/v2\/users\/49"}],"replies":[{"embeddable":true,"href":"https:\/\/blogs.hoy.es\/moterosdehoy\/wp-json\/wp\/v2\/comments?post=971"}],"version-history":[{"count":0,"href":"https:\/\/blogs.hoy.es\/moterosdehoy\/wp-json\/wp\/v2\/posts\/971\/revisions"}],"wp:attachment":[{"href":"https:\/\/blogs.hoy.es\/moterosdehoy\/wp-json\/wp\/v2\/media?parent=971"}],"wp:term":[{"taxonomy":"category","embeddable":true,"href":"https:\/\/blogs.hoy.es\/moterosdehoy\/wp-json\/wp\/v2\/categories?post=971"},{"taxonomy":"post_tag","embeddable":true,"href":"https:\/\/blogs.hoy.es\/moterosdehoy\/wp-json\/wp\/v2\/tags?post=971"}],"curies":[{"name":"wp","href":"https:\/\/api.w.org\/{rel}","templated":true}]}}