{"id":974,"date":"2014-02-05T10:05:45","date_gmt":"2014-02-05T10:05:45","guid":{"rendered":"http:\/\/blogs.hoy.es\/moterosdehoy\/?p=974"},"modified":"2014-02-05T10:05:45","modified_gmt":"2014-02-05T10:05:45","slug":"ruta-por-badajoz-y-la-raya-sur","status":"publish","type":"post","link":"https:\/\/blogs.hoy.es\/moterosdehoy\/2014\/02\/05\/ruta-por-badajoz-y-la-raya-sur\/","title":{"rendered":"Ruta por Badajoz y la raya sur"},"content":{"rendered":"<p style=\"text-align: justify;\">\u00a0 La ruta propuesta se desgrana desde la ciudad de Badajoz hacia el sur, discurriendo en su mayor parte por tierras oliventinas, la denominada comarca de los llanos. Que como su propio nombre indica presenta relieves suaves que dan su nombre y sobre los que se extiende una densa mancha arbolada en forma de dehesas, teniendo un gran patrimonio natural en las cercan\u00edas de Cheles y la ribera del Alcarrache.<\/p>\n<div id=\"attachment_975\" style=\"width: 310px\" class=\"wp-caption alignleft\"><a href=\"\/moterosdehoy\/wp-content\/uploads\/sites\/45\/2014\/02\/Ruta-Badajo-y-la-raya-sur.jpg\"><img aria-describedby=\"caption-attachment-975\" loading=\"lazy\" class=\"size-medium wp-image-975\" title=\"Ruta Badajo y la raya sur\" src=\"\/moterosdehoy\/wp-content\/uploads\/sites\/45\/2014\/02\/Ruta-Badajo-y-la-raya-sur.jpg\" alt=\"\" width=\"300\" height=\"261\" srcset=\"https:\/\/static-blogs.hoy.es\/wp-content\/uploads\/sites\/45\/2014\/02\/Ruta-Badajo-y-la-raya-sur.jpg 617w, https:\/\/static-blogs.hoy.es\/wp-content\/uploads\/sites\/45\/2014\/02\/Ruta-Badajo-y-la-raya-sur-300x262.jpg 300w\" sizes=\"(max-width: 300px) 100vw, 300px\" \/><\/a><p id=\"caption-attachment-975\" class=\"wp-caption-text\">Mapa de la ruta<\/p><\/div>\n<p style=\"text-align: justify;\">\u00a0 En determinadas \u00e1reas, hay manchas de bosque mediterr\u00e1neo muy bien conservadas, permitiendo a los amantes de la fotograf\u00eda poder disfrutar de la ruta.<\/p>\n<p style=\"text-align: justify;\">\u00a0 Tener en cuenta que la condici\u00f3n de terreno fronterizo, junto a la raya, ha marcado durante siglos las formas de vida de las poblaciones asentadas en las m\u00e1rgenes del curso del Guadiana. Incluso localidades como Olivenza que ahora es espa\u00f1ola, lo fue portuguesa durante algo m\u00e1s de 500 a\u00f1os, atesorando peculiaridades culturales de ambas naciones.<\/p>\n<p style=\"text-align: justify;\">\u00a0 La ruta en si tiene unos 150 km, pero se har\u00e1 larga pues habr\u00e1 numerosos lugares donde parar para disfrutar del paisaje o visitar alg\u00fan monumento o lugar de inter\u00e9s.<\/p>\n<p style=\"text-align: justify;\">\u00a0 Si no conoces Badajoz, puedes visitar muchos lugares de inter\u00e9s, como el Museo de Badajoz o la Catedral, pero si no dispones de tiempo puedes pasar junto a Puerta de Palma, asomarte a la Plaza Alta o a la Calle de la Soledad, donde podr\u00e1s desayunar antes de iniciar la ruta. No sin irte sin hacer una fotograf\u00eda desde la Alcazaba, desde donde observar\u00e1s casi toda la ciudad.<\/p>\n<div id=\"attachment_976\" style=\"width: 310px\" class=\"wp-caption alignright\"><a href=\"\/moterosdehoy\/wp-content\/uploads\/sites\/45\/2014\/02\/Puente-Ayuda.jpg\"><img aria-describedby=\"caption-attachment-976\" loading=\"lazy\" class=\"size-medium wp-image-976\" title=\"Puente  Ayuda\" src=\"\/moterosdehoy\/wp-content\/uploads\/sites\/45\/2014\/02\/Puente-Ayuda.jpg\" alt=\"\" width=\"300\" height=\"225\" srcset=\"https:\/\/static-blogs.hoy.es\/wp-content\/uploads\/sites\/45\/2014\/02\/Puente-Ayuda.jpg 1600w, https:\/\/static-blogs.hoy.es\/wp-content\/uploads\/sites\/45\/2014\/02\/Puente-Ayuda-300x225.jpg 300w, https:\/\/static-blogs.hoy.es\/wp-content\/uploads\/sites\/45\/2014\/02\/Puente-Ayuda-768x576.jpg 768w, https:\/\/static-blogs.hoy.es\/wp-content\/uploads\/sites\/45\/2014\/02\/Puente-Ayuda-1024x768.jpg 1024w\" sizes=\"(max-width: 300px) 100vw, 300px\" \/><\/a><p id=\"caption-attachment-976\" class=\"wp-caption-text\">Puente Ayuda<\/p><\/div>\n<p style=\"text-align: justify;\">\u00a0 En Olivenza puedes pasar junto a su castillo, donde si dispones de tiempo tambi\u00e9n puedes subir y disfrutar de maravillosas vistas, o entrar en el museo etnogr\u00e1fico, que se encuentra junto a \u00e9l, o asomarte a la puerta del Ayuntamiento, la cual est\u00e1 grabada en piedra y muy cerca de ella se encuentra una capilla azulejada. De all\u00ed te recomiendo ir direcci\u00f3n Portugal para ver Puente Ayuda, construido en 1509 y parcialmente derribado doscientos a\u00f1os despu\u00e9s por los espa\u00f1oles durante la Guerra de Sucesi\u00f3n Espa\u00f1\u00f1ola.<\/p>\n<p style=\"text-align: justify;\">\u00a0 Regresando de nuevo a Olivenza y entrando en la carretera de Cheles, aqu\u00ed comienzan unos paisajes maravillosos, pero a la vez unas curvas que para los m\u00e1s novatos pueden llegar a odiar la moto, todo lo contrario para los que se encuentren m\u00e1s sueltos, pues podr\u00e1n dar rienda suelta a la mano derecha. Todo est\u00e1 en saber donde est\u00e1n las limitaciones de cada uno y su m\u00e1quina.<\/p>\n<p style=\"text-align: justify;\">\u00a0 De Cheles iremos direcci\u00f3n Villanueva del Fresno, donde podr\u00e1s ver numerosas casas se\u00f1oriales cercanas a la Plaza de la localidad, para seguir direcci\u00f3n Alconchel, que por seguro ver\u00e1s muy pronto el Castillo de Miraflores, el cual si dispones de tiempo goza de unas vistas impresionantes, mucho m\u00e1s extensas que las anteriores. Para subir al castillo hay que hacer un tramo final a pie, pero merece la pena.<\/p>\n<p style=\"text-align: justify;\">\u00a0 Al salir de Alconchel ves direcci\u00f3n Higuera de Vargas donde encontrar\u00e1s restos de un castillo en el centro de la poblaci\u00f3n, y ya direcci\u00f3n a Barcarrota te encontraras con indicadores para visitar el dolmen de El Taje\u00f1o.<\/p>\n<p style=\"text-align: justify;\">\u00a0 Una vez en Barcarrota ac\u00e9rcate a la Plaza de Toros, junto a dicha plaza se descubren restos de un Castillo que han quedado impregnados formando un conjunto. Tras ello y continuando el viaje desde Barcarrota hay se\u00f1alizadas cuatro rutas para visitar d\u00f3lmenes, en \u00e9ste caso y continuando hacia Nogales encontrar\u00e1s al paso los d\u00f3lmenes de Hermosilla y el de Cabeza Terrazo, \u00e9ste \u00faltimo es el que se encuentra en peor estado, figurando pr\u00e1cticamente destruido y con una sola losa en pie.<\/p>\n<p style=\"text-align: justify;\">\u00a0 Por si eres amante de los d\u00f3lmenes, tienes los denominados El Palacio, Rocamador y Enmedio, junto a la carretera N-435 hacia Badajoz. En direcci\u00f3n Valverde de Legan\u00e9s y T\u00e1liga, tienes el de La Lapita y El Milano, siendo \u00e9ste el de mayores dimensiones, el de Pitera, el de La Rana y el de San Blas.<\/p>\n<div id=\"attachment_977\" style=\"width: 310px\" class=\"wp-caption alignleft\"><a href=\"\/moterosdehoy\/wp-content\/uploads\/sites\/45\/2014\/02\/castillo-de-nogales.jpg\"><img aria-describedby=\"caption-attachment-977\" loading=\"lazy\" class=\"size-medium wp-image-977\" title=\"castillo-de-nogales\" src=\"\/moterosdehoy\/wp-content\/uploads\/sites\/45\/2014\/02\/castillo-de-nogales.jpg\" alt=\"\" width=\"300\" height=\"199\" srcset=\"https:\/\/static-blogs.hoy.es\/wp-content\/uploads\/sites\/45\/2014\/02\/castillo-de-nogales.jpg 400w, https:\/\/static-blogs.hoy.es\/wp-content\/uploads\/sites\/45\/2014\/02\/castillo-de-nogales-300x200.jpg 300w\" sizes=\"(max-width: 300px) 100vw, 300px\" \/><\/a><p id=\"caption-attachment-977\" class=\"wp-caption-text\">Castillo de Nogales<\/p><\/div>\n<p style=\"text-align: justify;\">\u00a0 Ya direcci\u00f3n a Nogales, pasar\u00e1s junto a Torre de Miguel Sesmero, donde observar\u00e1s un edificio antiguo desde la carretera, es un viejo molino de aceite, y para finalizar, pr\u00f3ximo a Nogales observar\u00e1s nuevamente un castillo, se encuentra coronando la localidad, donde podr\u00e1s llegar sin problemas hasta la misma puerta y hacerte una buena foto junto a tu moto.<\/p>\n<p style=\"text-align: justify;\">\u00a0 Espero que disfrutes de la ruta, la cual salvo el tramo entre Olivenza y Cheles, no presenta ninguna dificultad.<\/p>\n<p style=\"text-align: justify;\"><strong>\u00a0 <a title=\"Enlace al facebook de Moteros de Hoy\" href=\"https:\/\/www.facebook.com\/moteroshoy\" target=\"_blank\" rel=\"external nofollow\">Saludos y r\u00e1fagas<\/a>.<\/strong><\/p>\n<div class=\"mceTemp\" style=\"text-align: justify;\"><\/div>\n<!-- AddThis Advanced Settings generic via filter on the_content --><!-- AddThis Share Buttons generic via filter on the_content -->","protected":false},"excerpt":{"rendered":"<p>\u00a0 La ruta propuesta se desgrana desde la ciudad de Badajoz hacia el sur, discurriendo en su mayor parte por tierras oliventinas, la denominada comarca de los llanos. Que como su propio nombre indica presenta relieves suaves que dan su nombre y sobre los que se extiende una densa mancha arbolada en forma de dehesas, [&hellip;]<!-- AddThis Advanced Settings generic via filter on get_the_excerpt --><!-- AddThis Share Buttons generic via filter on get_the_excerpt --><\/p>\n","protected":false},"author":49,"featured_media":0,"comment_status":"open","ping_status":"closed","sticky":false,"template":"","format":"standard","meta":[],"categories":[9,11,13],"tags":[622,624,639,852],"_links":{"self":[{"href":"https:\/\/blogs.hoy.es\/moterosdehoy\/wp-json\/wp\/v2\/posts\/974"}],"collection":[{"href":"https:\/\/blogs.hoy.es\/moterosdehoy\/wp-json\/wp\/v2\/posts"}],"about":[{"href":"https:\/\/blogs.hoy.es\/moterosdehoy\/wp-json\/wp\/v2\/types\/post"}],"author":[{"embeddable":true,"href":"https:\/\/blogs.hoy.es\/moterosdehoy\/wp-json\/wp\/v2\/users\/49"}],"replies":[{"embeddable":true,"href":"https:\/\/blogs.hoy.es\/moterosdehoy\/wp-json\/wp\/v2\/comments?post=974"}],"version-history":[{"count":0,"href":"https:\/\/blogs.hoy.es\/moterosdehoy\/wp-json\/wp\/v2\/posts\/974\/revisions"}],"wp:attachment":[{"href":"https:\/\/blogs.hoy.es\/moterosdehoy\/wp-json\/wp\/v2\/media?parent=974"}],"wp:term":[{"taxonomy":"category","embeddable":true,"href":"https:\/\/blogs.hoy.es\/moterosdehoy\/wp-json\/wp\/v2\/categories?post=974"},{"taxonomy":"post_tag","embeddable":true,"href":"https:\/\/blogs.hoy.es\/moterosdehoy\/wp-json\/wp\/v2\/tags?post=974"}],"curies":[{"name":"wp","href":"https:\/\/api.w.org\/{rel}","templated":true}]}}