{"id":979,"date":"2014-02-09T14:24:40","date_gmt":"2014-02-09T14:24:40","guid":{"rendered":"http:\/\/blogs.hoy.es\/moterosdehoy\/?p=979"},"modified":"2014-02-09T14:24:40","modified_gmt":"2014-02-09T14:24:40","slug":"i-aniversario-vocs-extremadura","status":"publish","type":"post","link":"https:\/\/blogs.hoy.es\/moterosdehoy\/2014\/02\/09\/i-aniversario-vocs-extremadura\/","title":{"rendered":"I Aniversario VOCS Extremadura"},"content":{"rendered":"<p style=\"text-align: justify;\">\u00a0 El <strong><a title=\"P\u00e1gina oficial del V.O.C.S.\" href=\"http:\/\/www.vocs.org\/\" target=\"_blank\" rel=\"external nofollow\">V.O.C.S.<\/a><\/strong> (Vulcan Owners Club Spain) es un Club de marca de los propietarios de motocicletas marca Kawasaki <a title=\"Im\u00e1genes de motocicletas Vulcan\" href=\"https:\/\/www.google.es\/search?q=Kawasaki+vulcan&#038;espv=210&#038;es_sm=93&#038;tbm=isch&#038;tbo=u&#038;source=univ&#038;sa=X&#038;ei=nIr3Uri_HOuB7Qab64CwBg&#038;ved=0CC4QsAQ&#038;biw=1280&#038;bih=656\" target=\"_blank\" rel=\"external nofollow\">Vulcan<\/a>, tal y como nos tiene reconocidos la propia marca Kawasaki.<\/p>\n<div id=\"attachment_980\" style=\"width: 192px\" class=\"wp-caption alignleft\"><a href=\"\/moterosdehoy\/wp-content\/uploads\/sites\/45\/2014\/02\/Cartel-reducido.jpg\"><img aria-describedby=\"caption-attachment-980\" loading=\"lazy\" class=\"size-medium wp-image-980\" title=\"Cartel reducido\" src=\"\/moterosdehoy\/wp-content\/uploads\/sites\/45\/2014\/02\/Cartel-reducido.jpg\" alt=\"\" width=\"182\" height=\"300\" srcset=\"https:\/\/static-blogs.hoy.es\/wp-content\/uploads\/sites\/45\/2014\/02\/Cartel-reducido.jpg 1112w, https:\/\/static-blogs.hoy.es\/wp-content\/uploads\/sites\/45\/2014\/02\/Cartel-reducido-768x1262.jpg 768w, https:\/\/static-blogs.hoy.es\/wp-content\/uploads\/sites\/45\/2014\/02\/Cartel-reducido-623x1024.jpg 623w\" sizes=\"(max-width: 182px) 100vw, 182px\" \/><\/a><p id=\"caption-attachment-980\" class=\"wp-caption-text\">Cartel del evento<\/p><\/div>\n<p style=\"text-align: justify;\">\u00a0 Dentro del Club hay m\u00e1s de seiscientos socios, repartidos por toda la geograf\u00eda nacional, en el caso de <a title=\"Turismo en Extremadura\" href=\"http:\/\/www.turismoextremadura.com\/\" target=\"_blank\" rel=\"external nofollow\">Extremadura<\/a> somos veintitr\u00e9s y por el momento todos pertenecemos a la provincia de <a title=\"Badajoz en Wikipedia\" href=\"http:\/\/es.wikipedia.org\/wiki\/Badajoz\" target=\"_blank\" rel=\"external nofollow\">Badajoz<\/a>, pero esperamos que \u00e9ste a\u00f1o 2014 se agreguen socios de la provincia de <a title=\"C\u00e1ceres en Wikipedia\" href=\"http:\/\/es.wikipedia.org\/wiki\/C%C3%A1ceres\" target=\"_blank\" rel=\"external nofollow\">C\u00e1ceres<\/a>. El nueve de febrero, hizo un a\u00f1o que cargados de ilusi\u00f3n entramos en el Club, donde desde el inicio figuro como Presidente.<\/p>\n<p style=\"text-align: justify;\">\u00a0 Evidentemente han habido momentos muy buenos y otros no tanto, pero aqu\u00ed seguimos cargados de ilusi\u00f3n y con ganas de rodar, de visitar cualquier rinc\u00f3n con nuestras m\u00e1quinas y poder disfrutar de la compa\u00f1\u00eda de otros moteros. Para ello organizamos rutas que anunciamos en el foro del VOCS, algunas son cortas para pasar la ma\u00f1ana, otras m\u00e1s largas en las que realizamos la comida fuera. Unas veces en restaurantes y otras llevando algo preparado, y como no, largas rutas para acudir a concentraciones moteras, aniversarios de otras Territoriales del propio Club o de Clubs Vulcan de otros paises, \u00e9ste a\u00f1o por ejemplo la internacional ser\u00e1 en mayo en <a title=\"Holanda en Wikipedia\" href=\"http:\/\/es.wikipedia.org\/wiki\/Holanda\" target=\"_blank\" rel=\"external nofollow\">Holanda<\/a>.<\/p>\n<div id=\"attachment_981\" style=\"width: 310px\" class=\"wp-caption alignright\"><a href=\"\/moterosdehoy\/wp-content\/uploads\/sites\/45\/2014\/02\/PicaDura-en-la-moto.jpg\"><img aria-describedby=\"caption-attachment-981\" loading=\"lazy\" class=\"size-medium wp-image-981\" title=\"PicaDura en la moto\" src=\"\/moterosdehoy\/wp-content\/uploads\/sites\/45\/2014\/02\/PicaDura-en-la-moto.jpg\" alt=\"\" width=\"300\" height=\"199\" srcset=\"https:\/\/static-blogs.hoy.es\/wp-content\/uploads\/sites\/45\/2014\/02\/PicaDura-en-la-moto.jpg 960w, https:\/\/static-blogs.hoy.es\/wp-content\/uploads\/sites\/45\/2014\/02\/PicaDura-en-la-moto-300x200.jpg 300w, https:\/\/static-blogs.hoy.es\/wp-content\/uploads\/sites\/45\/2014\/02\/PicaDura-en-la-moto-768x511.jpg 768w\" sizes=\"(max-width: 300px) 100vw, 300px\" \/><\/a><p id=\"caption-attachment-981\" class=\"wp-caption-text\">PicaDura en la moto<\/p><\/div>\n<p style=\"text-align: justify;\">\u00a0 Pero hablando de aniversarios, el <strong><a title=\"Facebook del VOCS Extremadura\" href=\"https:\/\/www.facebook.com\/pages\/VOCS-Territorial-Extremadura\/143838512447393\" target=\"_blank\" rel=\"external nofollow\">VOCS Extremadura<\/a><\/strong> celebrar\u00e1 su <strong>Primer Aniversario<\/strong> y tendr\u00e1 lugar <strong>del 14 al 16 de marzo en el <a title=\"Hotel Aqualange\" href=\"http:\/\/www.balneariodealange.com\/hotel_aqualange.html\" target=\"_blank\" rel=\"external nofollow\">Hotel Aqualange<\/a><\/strong>, <a title=\"Alange en wikipedia\" href=\"http:\/\/es.wikipedia.org\/wiki\/Alange\" target=\"_blank\" rel=\"external nofollow\">Alange<\/a> (Badajoz).<\/p>\n<p style=\"text-align: justify;\">\u00a0 Dentro del programa realizaremos una ruta a <a title=\"Turismo en M\u00e9rida\" href=\"http:\/\/www.turismomerida.org\/\" target=\"_blank\" rel=\"external nofollow\">M\u00e9rida<\/a> en la ma\u00f1ana del d\u00eda 15, para visitar lugares emblem\u00e1ticos de la ciudad como su Plaza de Espa\u00f1a, donde est\u00e1 fijada la puerta del Ayuntamiento y donde situaremos las motocicletas, el <a title=\"Museo de Arte Romano de M\u00e9rida\" href=\"http:\/\/museoarteromano.mcu.es\/\" target=\"_blank\" rel=\"external nofollow\">Museo de Arte Romano<\/a>, el Teatro y Anfiteatro Romanos, y tomaremos un refrigerio sobre las 13:00h en los bares aleda\u00f1os al Templo de Diana.<\/p>\n<p style=\"text-align: justify;\">\u00a0 Aprovechando el Hotel donde nos alojamos tambi\u00e9n habr\u00e1 tiempo para disfrutar del <a title=\"Balneario de Alange\" href=\"http:\/\/www.balneariodealange.com\/\" target=\"_blank\" rel=\"external nofollow\">Balneario de Alange<\/a>, y realizar diversas actividades, tales como visitar las <a title=\"Bodegas Palacio Quemado\" href=\"http:\/\/www.alvear.es\/index.php\/es\/bodega-palacio-quemado\" target=\"_blank\" rel=\"external nofollow\">bodegas de Palacio Quemado<\/a>, realizar pirag\u00fcismo, windsurf o paintball en el pantano de Alange, e incluso senderismo, como subida al Castillo de la Culebra o visita a pinturas rupestres. Sin olvidar que en la tarde del s\u00e1bado d\u00eda 15, habr\u00e1 una reuni\u00f3n de comparsas del Carnalval en la calle donde est\u00e1 situado el Hotel.<\/p>\n<div id=\"attachment_998\" style=\"width: 310px\" class=\"wp-caption alignleft\"><a href=\"\/moterosdehoy\/wp-content\/uploads\/sites\/45\/2014\/02\/VistaareadelcircoromanodeMrida.jpg\"><img aria-describedby=\"caption-attachment-998\" loading=\"lazy\" class=\"size-medium wp-image-998\" title=\"VistaareadelcircoromanodeMrida\" src=\"\/moterosdehoy\/wp-content\/uploads\/sites\/45\/2014\/02\/VistaareadelcircoromanodeMrida.jpg\" alt=\"\" width=\"300\" height=\"161\" srcset=\"https:\/\/static-blogs.hoy.es\/wp-content\/uploads\/sites\/45\/2014\/02\/VistaareadelcircoromanodeMrida.jpg 542w, https:\/\/static-blogs.hoy.es\/wp-content\/uploads\/sites\/45\/2014\/02\/VistaareadelcircoromanodeMrida-300x161.jpg 300w\" sizes=\"(max-width: 300px) 100vw, 300px\" \/><\/a><p id=\"caption-attachment-998\" class=\"wp-caption-text\">Circo Romano de M\u00e9rida<\/p><\/div>\n<p style=\"text-align: justify;\">\u00a0 Durante ese fin de semana se celebra en la ciudad de M\u00e9rida, concretamente, en el Circo Romano (Hip\u00f3dromo), el Campeonato de Espa\u00f1a de Campo a Trav\u00e9s de Atletismo, ser\u00e1 durante el s\u00e1bado y el domingo, donde el s\u00e1bado 15 se realizar\u00e1n los entrenamientos oficiales y el domingo d\u00eda 16 desde las 9:00 horas ser\u00e1 la prueba competitiva y que ser\u00e1 una oportunidad \u00fanica para poder disfrutar de una prueba de atletismo de alto nivel en un recinto arqueol\u00f3gico con m\u00e1s de 2.000 a\u00f1os de historia.<\/p>\n<p style=\"text-align: justify;\">\u00a0 \u00a0Como pod\u00e9is ver hay actividades para todos los gustos.<\/p>\n<p style=\"text-align: justify;\">\u00a0 Desde el VOCS Extremadura, mandamos V&#8217;sss para todos los colegas moteros y agradecemos a los Ayuntamientos de M\u00e9rida y Alange, Museo de Arte Romano, Consorcio de la Ciudad Monumental de M\u00e9rida y departamentos de turismo de ambas ciudades.<\/p>\n<p style=\"text-align: justify;\">\u00a0 <strong><a title=\"Enlace al facebook de Moteros de Hoy\" href=\"https:\/\/www.facebook.com\/moteroshoy\" target=\"_blank\" rel=\"external nofollow\">Saludos y r\u00e1fagas<\/a><\/strong>.<\/p>\n<!-- AddThis Advanced Settings generic via filter on the_content --><!-- AddThis Share Buttons generic via filter on the_content -->","protected":false},"excerpt":{"rendered":"<p>\u00a0 El V.O.C.S. (Vulcan Owners Club Spain) es un Club de marca de los propietarios de motocicletas marca Kawasaki Vulcan, tal y como nos tiene reconocidos la propia marca Kawasaki. \u00a0 Dentro del Club hay m\u00e1s de seiscientos socios, repartidos por toda la geograf\u00eda nacional, en el caso de Extremadura somos veintitr\u00e9s y por el [&hellip;]<!-- AddThis Advanced Settings generic via filter on get_the_excerpt --><!-- AddThis Share Buttons generic via filter on get_the_excerpt --><\/p>\n","protected":false},"author":49,"featured_media":0,"comment_status":"open","ping_status":"closed","sticky":false,"template":"","format":"standard","meta":[],"categories":[13],"tags":[68,622,624,639,797,1019],"_links":{"self":[{"href":"https:\/\/blogs.hoy.es\/moterosdehoy\/wp-json\/wp\/v2\/posts\/979"}],"collection":[{"href":"https:\/\/blogs.hoy.es\/moterosdehoy\/wp-json\/wp\/v2\/posts"}],"about":[{"href":"https:\/\/blogs.hoy.es\/moterosdehoy\/wp-json\/wp\/v2\/types\/post"}],"author":[{"embeddable":true,"href":"https:\/\/blogs.hoy.es\/moterosdehoy\/wp-json\/wp\/v2\/users\/49"}],"replies":[{"embeddable":true,"href":"https:\/\/blogs.hoy.es\/moterosdehoy\/wp-json\/wp\/v2\/comments?post=979"}],"version-history":[{"count":0,"href":"https:\/\/blogs.hoy.es\/moterosdehoy\/wp-json\/wp\/v2\/posts\/979\/revisions"}],"wp:attachment":[{"href":"https:\/\/blogs.hoy.es\/moterosdehoy\/wp-json\/wp\/v2\/media?parent=979"}],"wp:term":[{"taxonomy":"category","embeddable":true,"href":"https:\/\/blogs.hoy.es\/moterosdehoy\/wp-json\/wp\/v2\/categories?post=979"},{"taxonomy":"post_tag","embeddable":true,"href":"https:\/\/blogs.hoy.es\/moterosdehoy\/wp-json\/wp\/v2\/tags?post=979"}],"curies":[{"name":"wp","href":"https:\/\/api.w.org\/{rel}","templated":true}]}}