{"id":988,"date":"2014-02-14T18:26:10","date_gmt":"2014-02-14T18:26:10","guid":{"rendered":"http:\/\/blogs.hoy.es\/moterosdehoy\/?p=988"},"modified":"2014-02-14T18:26:10","modified_gmt":"2014-02-14T18:26:10","slug":"por-un-motogp-en-abierto","status":"publish","type":"post","link":"https:\/\/blogs.hoy.es\/moterosdehoy\/2014\/02\/14\/por-un-motogp-en-abierto\/","title":{"rendered":"Por un MotoGP en abierto"},"content":{"rendered":"<p style=\"text-align: justify;\">\u00a0 Como todo lo que se televisa y tiene gran aceptaci\u00f3n, se busca llenar el bolsillo, en \u00e9sta ocasi\u00f3n le toca a las retransmisiones de <a title=\"MotoGP\" href=\"http:\/\/www.motogp.com\/es\" target=\"_blank\" rel=\"external nofollow\">MotoGP<\/a>. Queriendo poner algunas carreras a trav\u00e9s de la televisi\u00f3n de pago. Para los profanos decir que MotoGP es la m\u00e1xima categor\u00eda del Mundial de Motociclismo.<\/p>\n<div id=\"attachment_989\" style=\"width: 310px\" class=\"wp-caption alignleft\"><a href=\"\/moterosdehoy\/wp-content\/uploads\/sites\/45\/2014\/02\/Camiseta-MotoGP-en-abierto.jpg\"><img aria-describedby=\"caption-attachment-989\" loading=\"lazy\" class=\"size-medium wp-image-989\" title=\"Camiseta MotoGP en abierto\" src=\"\/moterosdehoy\/wp-content\/uploads\/sites\/45\/2014\/02\/Camiseta-MotoGP-en-abierto.jpg\" alt=\"\" width=\"300\" height=\"286\" srcset=\"https:\/\/static-blogs.hoy.es\/wp-content\/uploads\/sites\/45\/2014\/02\/Camiseta-MotoGP-en-abierto.jpg 585w, https:\/\/static-blogs.hoy.es\/wp-content\/uploads\/sites\/45\/2014\/02\/Camiseta-MotoGP-en-abierto-300x287.jpg 300w\" sizes=\"(max-width: 300px) 100vw, 300px\" \/><\/a><p id=\"caption-attachment-989\" class=\"wp-caption-text\">Camiseta del evento<\/p><\/div>\n<p style=\"text-align: justify;\">\u00a0 En la mayor\u00eda de las ciudades de Espa\u00f1a y principales capitales de provincia, se est\u00e1 convocando a participar al colectivo motero, es una manifestaci\u00f3n nacional promovida por diferentes grupos de todo el territorio Espa\u00f1ol.<strong> Tendr\u00e1 lugar el pr\u00f3ximo d\u00eda 22.<\/strong><\/p>\n<p style=\"text-align: justify;\">\u00a0 En <a title=\"Badajoz en wikipedia\" href=\"http:\/\/es.wikipedia.org\/wiki\/Badajoz\" target=\"_blank\" rel=\"external nofollow\">Badajoz<\/a> tambi\u00e9n se realizar\u00e1, teniendo los siguientes horarios:<\/p>\n<p style=\"text-align: justify;\">-10:00h. Punto de encuentro en Restaurante Laguna Seca.<br \/>\n-11:00h. Salida desde el punto de encuentro e inicio de ruta por casco urbano.<br \/>\n-11:30h. Llegada al edifico de Telef\u00f3nica, all\u00ed se reivindicar\u00e1 el MotoGP en abierto.<\/p>\n<p style=\"text-align: justify;\">\u00a0 Si te gustan las carreras no puedes faltar, y sino te gustan pero tienes moto \u00fanete para ser m\u00e1s fuertes. Se est\u00e1n haciendo camisetas sobre el evento, con un coste de 5\u20ac, si est\u00e1s interesad@ pasa por el lugar donde ser\u00e1 el punto de encuentro y podr\u00e1s informarte de como hacerte de ella.<\/p>\n<p style=\"text-align: justify;\">\u00a0 Si quieres ver en que<strong> otras ciudades<\/strong> habr\u00e1 concentraci\u00f3n fuera de Extremadura <strong><a title=\"Concentraci\u00f3n en otras ciudades\" href=\"http:\/\/www.moterosdehoy.es\/2014\/02\/14\/por-un-motogp-en-abierto\/\" target=\"_blank\" rel=\"external nofollow\">haz clic aqu\u00ed<\/a><\/strong>.<\/p>\n<p style=\"text-align: justify;\"><strong>\u00a0 <a title=\"Enlace al facebook de Moteros de Hoy\" href=\"https:\/\/www.facebook.com\/moteroshoy\" target=\"_blank\" rel=\"external nofollow\">Saludos y r\u00e1fagas<\/a>.<\/strong><\/p>\n<!-- AddThis Advanced Settings generic via filter on the_content --><!-- AddThis Share Buttons generic via filter on the_content -->","protected":false},"excerpt":{"rendered":"<p>\u00a0 Como todo lo que se televisa y tiene gran aceptaci\u00f3n, se busca llenar el bolsillo, en \u00e9sta ocasi\u00f3n le toca a las retransmisiones de MotoGP. Queriendo poner algunas carreras a trav\u00e9s de la televisi\u00f3n de pago. Para los profanos decir que MotoGP es la m\u00e1xima categor\u00eda del Mundial de Motociclismo. \u00a0 En la mayor\u00eda [&hellip;]<!-- AddThis Advanced Settings generic via filter on get_the_excerpt --><!-- AddThis Share Buttons generic via filter on get_the_excerpt --><\/p>\n","protected":false},"author":49,"featured_media":0,"comment_status":"open","ping_status":"closed","sticky":false,"template":"","format":"standard","meta":[],"categories":[13],"tags":[619,622,629,639,660,837],"_links":{"self":[{"href":"https:\/\/blogs.hoy.es\/moterosdehoy\/wp-json\/wp\/v2\/posts\/988"}],"collection":[{"href":"https:\/\/blogs.hoy.es\/moterosdehoy\/wp-json\/wp\/v2\/posts"}],"about":[{"href":"https:\/\/blogs.hoy.es\/moterosdehoy\/wp-json\/wp\/v2\/types\/post"}],"author":[{"embeddable":true,"href":"https:\/\/blogs.hoy.es\/moterosdehoy\/wp-json\/wp\/v2\/users\/49"}],"replies":[{"embeddable":true,"href":"https:\/\/blogs.hoy.es\/moterosdehoy\/wp-json\/wp\/v2\/comments?post=988"}],"version-history":[{"count":0,"href":"https:\/\/blogs.hoy.es\/moterosdehoy\/wp-json\/wp\/v2\/posts\/988\/revisions"}],"wp:attachment":[{"href":"https:\/\/blogs.hoy.es\/moterosdehoy\/wp-json\/wp\/v2\/media?parent=988"}],"wp:term":[{"taxonomy":"category","embeddable":true,"href":"https:\/\/blogs.hoy.es\/moterosdehoy\/wp-json\/wp\/v2\/categories?post=988"},{"taxonomy":"post_tag","embeddable":true,"href":"https:\/\/blogs.hoy.es\/moterosdehoy\/wp-json\/wp\/v2\/tags?post=988"}],"curies":[{"name":"wp","href":"https:\/\/api.w.org\/{rel}","templated":true}]}}