{"id":991,"date":"2014-02-21T01:35:59","date_gmt":"2014-02-21T01:35:59","guid":{"rendered":"http:\/\/blogs.hoy.es\/moterosdehoy\/?p=991"},"modified":"2014-02-21T01:35:59","modified_gmt":"2014-02-21T01:35:59","slug":"xii-ruta-en-oliva-de-la-frontera","status":"publish","type":"post","link":"https:\/\/blogs.hoy.es\/moterosdehoy\/2014\/02\/21\/xii-ruta-en-oliva-de-la-frontera\/","title":{"rendered":"XII Ruta en Oliva de la Frontera"},"content":{"rendered":"<p style=\"text-align: justify;\">\u00a0 \u00a0Para el fin de semana del <strong>22 y 23 de febrero<\/strong> 2014, la pe\u00f1a Moto y Quads 4&#215;4 de <a title=\"Oliva de la Frontera en wikipedia\" href=\"http:\/\/es.wikipedia.org\/wiki\/Oliva_de_la_Frontera\" target=\"_blank\" rel=\"external nofollow\">Oliva de la Frontera<\/a>\u00a0(<a title=\"Turismo en Badajoz\" href=\"http:\/\/www.turismobadajoz.es\/\" target=\"_blank\" rel=\"external nofollow\">Badajoz<\/a>), nos ha organizado su ya doceava concentraci\u00f3n tanto para motos de carretera, como de motos de campo y quads. Con lo que prepara dos rutas, una para cada estilo de veh\u00edculos.<\/p>\n<p style=\"text-align: justify;\">\u00a0 \u00a0Es dif\u00edcil ver en una concentraci\u00f3n motera la uni\u00f3n de quads, motos de campo y motocicletas de carretera. Digo que es dif\u00edcil pues no tienen nada que ver, salvo que en el caso de las motos llevan dos ruedas, pero ni las motocicletas en s\u00ed, ni sus conductores tienen rasgos comunes. Ser\u00eda como hacer una concentraci\u00f3n motera en la playa o en un pantano y organizar para que hubiera una concentraci\u00f3n de motos de carretera y a la vez otra de motos de agua. Pero en \u00e9ste caso concreto han sabido dar con la tecla y ya llevan muchas ediciones reuniendo a ambos colectivos y consiguiendo hacer que todos disfruten.<\/p>\n<div id=\"attachment_992\" style=\"width: 220px\" class=\"wp-caption alignleft\"><a href=\"\/moterosdehoy\/wp-content\/uploads\/sites\/45\/2014\/02\/Ruta-moto-quad.jpg\"><img aria-describedby=\"caption-attachment-992\" loading=\"lazy\" class=\"size-medium wp-image-992\" title=\"Ruta moto quad\" src=\"\/moterosdehoy\/wp-content\/uploads\/sites\/45\/2014\/02\/Ruta-moto-quad.jpg\" alt=\"\" width=\"210\" height=\"300\" srcset=\"https:\/\/static-blogs.hoy.es\/wp-content\/uploads\/sites\/45\/2014\/02\/Ruta-moto-quad.jpg 800w, https:\/\/static-blogs.hoy.es\/wp-content\/uploads\/sites\/45\/2014\/02\/Ruta-moto-quad-211x300.jpg 211w, https:\/\/static-blogs.hoy.es\/wp-content\/uploads\/sites\/45\/2014\/02\/Ruta-moto-quad-768x1093.jpg 768w, https:\/\/static-blogs.hoy.es\/wp-content\/uploads\/sites\/45\/2014\/02\/Ruta-moto-quad-719x1024.jpg 719w\" sizes=\"(max-width: 210px) 100vw, 210px\" \/><\/a><p id=\"caption-attachment-992\" class=\"wp-caption-text\">Cartel del evento<\/p><\/div>\n<p>Dentro del programa tienen preparado:<\/p>\n<p><span style=\"color: #ff0000;\"><strong>&#8211; El s\u00e1bado d\u00eda 22:<\/strong><\/span><\/p>\n<address>&#8211; Carrera lenta.<\/address>\n<address>&#8211; Carrera de cintas.<\/address>\n<address>&#8211; Pruebas cronometradas.<\/address>\n<address>&#8211; Fiesta por la noche, con Dj&#8217; Rulo y chica Go-Go er\u00f3tica.<\/address>\n<p><span style=\"color: #ff0000;\"><strong>&#8211; El domingo d\u00eda 23:<\/strong><\/span><\/p>\n<p><strong>RUTA POR CARRETERA:<\/strong><\/p>\n<address>&#8211; A partir de las 09:00h estar\u00e1n disponibles las inscripciones.<\/address>\n<address>&#8211; A las 11:00h caf\u00e9 para los inscritos en el Bar Parrilla.<\/address>\n<address>&#8211; Ruta, con un recorrido de unos 100 km aproximadamente, en el que habr\u00e1 un tapeo selecto.<\/address>\n<address>&#8211; Comida a la finalizaci\u00f3n.<\/address>\n<address>&#8211; Entrega de trofeos para los inscritos.<\/address>\n<address>\u00a0<\/address>\n<p><strong>RUTA POR CAMPO<\/strong> (habr\u00e1 una ruta infantil):<\/p>\n<address>&#8211; A partir de las 08:00h desayuno, en el Pol\u00edgono Las Madronas.<\/address>\n<address>&#8211; A las 09:30h salida, con un recorrido aproximado de 65 km. Pruebas cronometradas.<\/address>\n<address>&#8211; Almuerzo durante la ruta.<\/address>\n<address>&#8211; Comida a la finalizaci\u00f3n, con regalo para todos los inscritos y entrega de trofeos.<\/address>\n<address>&#8211; Habr\u00e1 limpieza de motos al finalizar el evento.<\/address>\n<p>\u00a0 \u00a0A la hora de la comida de ambas rutas ser\u00e1 conjunta, para que todos los moteros se encuentren reunidos. El precio de las inscripciones es de <strong>20\u20ac<\/strong>, pudiendo realizarlas por adelantado o all\u00ed directamente.<\/p>\n<p>Aprovecha que saldr\u00e1 el sol el fin de semana y nos permitir\u00e1 disfrutar de nuestras motos.<\/p>\n<p><strong>\u00a0 \u00a0<a title=\"Enlace al facebook de Moteros de Hoy\" href=\"https:\/\/www.facebook.com\/moteroshoy\" target=\"_blank\" rel=\"external nofollow\">Saludos y r\u00e1fagas<\/a>.<\/strong><\/p>\n<!-- AddThis Advanced Settings generic via filter on the_content --><!-- AddThis Share Buttons generic via filter on the_content -->","protected":false},"excerpt":{"rendered":"<p>\u00a0 \u00a0Para el fin de semana del 22 y 23 de febrero 2014, la pe\u00f1a Moto y Quads 4&#215;4 de Oliva de la Frontera\u00a0(Badajoz), nos ha organizado su ya doceava concentraci\u00f3n tanto para motos de carretera, como de motos de campo y quads. Con lo que prepara dos rutas, una para cada estilo de veh\u00edculos. [&hellip;]<!-- AddThis Advanced Settings generic via filter on get_the_excerpt --><!-- AddThis Share Buttons generic via filter on get_the_excerpt --><\/p>\n","protected":false},"author":49,"featured_media":0,"comment_status":"open","ping_status":"closed","sticky":false,"template":"","format":"standard","meta":[],"categories":[13],"tags":[622,624,629,639,1030],"_links":{"self":[{"href":"https:\/\/blogs.hoy.es\/moterosdehoy\/wp-json\/wp\/v2\/posts\/991"}],"collection":[{"href":"https:\/\/blogs.hoy.es\/moterosdehoy\/wp-json\/wp\/v2\/posts"}],"about":[{"href":"https:\/\/blogs.hoy.es\/moterosdehoy\/wp-json\/wp\/v2\/types\/post"}],"author":[{"embeddable":true,"href":"https:\/\/blogs.hoy.es\/moterosdehoy\/wp-json\/wp\/v2\/users\/49"}],"replies":[{"embeddable":true,"href":"https:\/\/blogs.hoy.es\/moterosdehoy\/wp-json\/wp\/v2\/comments?post=991"}],"version-history":[{"count":0,"href":"https:\/\/blogs.hoy.es\/moterosdehoy\/wp-json\/wp\/v2\/posts\/991\/revisions"}],"wp:attachment":[{"href":"https:\/\/blogs.hoy.es\/moterosdehoy\/wp-json\/wp\/v2\/media?parent=991"}],"wp:term":[{"taxonomy":"category","embeddable":true,"href":"https:\/\/blogs.hoy.es\/moterosdehoy\/wp-json\/wp\/v2\/categories?post=991"},{"taxonomy":"post_tag","embeddable":true,"href":"https:\/\/blogs.hoy.es\/moterosdehoy\/wp-json\/wp\/v2\/tags?post=991"}],"curies":[{"name":"wp","href":"https:\/\/api.w.org\/{rel}","templated":true}]}}