{"id":994,"date":"2014-02-25T23:29:45","date_gmt":"2014-02-25T23:29:45","guid":{"rendered":"http:\/\/blogs.hoy.es\/moterosdehoy\/?p=994"},"modified":"2014-02-25T23:29:45","modified_gmt":"2014-02-25T23:29:45","slug":"moto-arroz-en-coria","status":"publish","type":"post","link":"https:\/\/blogs.hoy.es\/moterosdehoy\/2014\/02\/25\/moto-arroz-en-coria\/","title":{"rendered":"Moto arroz en Coria"},"content":{"rendered":"<p style=\"text-align: justify;\">\u00a0 El pr\u00f3ximo<strong> 9 de marzo<\/strong> 2014, la <a title=\"Pe\u00f1a Motera Esperando\" href=\"http:\/\/pmesperando.blogspot.com.es\/\" target=\"_blank\" rel=\"external nofollow\">pe\u00f1a motera Esperando<\/a> realizar\u00e1 una concentraci\u00f3n bajo su tradicional nombre de Moto-Arroz.<\/p>\n<div id=\"attachment_995\" style=\"width: 223px\" class=\"wp-caption alignleft\"><a href=\"\/moterosdehoy\/wp-content\/uploads\/sites\/45\/2014\/02\/1620442_220028131521791_60717721_n.jpg\"><img aria-describedby=\"caption-attachment-995\" loading=\"lazy\" class=\"size-medium wp-image-995\" title=\"1620442_220028131521791_60717721_n\" src=\"\/moterosdehoy\/wp-content\/uploads\/sites\/45\/2014\/02\/1620442_220028131521791_60717721_n.jpg\" alt=\"\" width=\"213\" height=\"300\" srcset=\"https:\/\/static-blogs.hoy.es\/wp-content\/uploads\/sites\/45\/2014\/02\/1620442_220028131521791_60717721_n.jpg 568w, https:\/\/static-blogs.hoy.es\/wp-content\/uploads\/sites\/45\/2014\/02\/1620442_220028131521791_60717721_n-213x300.jpg 213w\" sizes=\"(max-width: 213px) 100vw, 213px\" \/><\/a><p id=\"caption-attachment-995\" class=\"wp-caption-text\">Cartel del evento<\/p><\/div>\n<p style=\"text-align: justify;\">\u00a0 Para ello se reunir\u00e1n en la Cafeter\u00eda los Kekes de <a title=\"Coria en wikipedia\" href=\"http:\/\/es.wikipedia.org\/wiki\/Coria\" target=\"_blank\" rel=\"external nofollow\">Coria<\/a> (C\u00e1ceres), con la idea de salir a las 10:30h de ruta por las localidades de Coria, Calzadilla, Pozuelo, Montehermoso donde se realizar\u00e1 una parada, Alag\u00f3n con una segunda parada y Coria.<\/p>\n<p style=\"text-align: justify;\">\u00a0 \u00a0Al finalizar la ruta habr\u00e1 arroz y una consumici\u00f3n en el Restaurante El Balconcillo.<\/p>\n<p style=\"text-align: justify;\">\u00a0 \u00a0 La finalidad de la ruta es reunir en una quedada a los socios y poder contar con la \u00a0presencia de m\u00e1s amigos moteros que se quieran unir. Para los no socios el precio de la quedada es de 5\u20ac, d\u00e1ndote derecho a tres consumiciones en la ruta, adem\u00e1s de lo indicado.<\/p>\n<p style=\"text-align: justify;\">\u00a0 Coria es una de las ciudades m\u00e1s ant\u00edguas de Extremadura.\u00a0No se conoce con exactitud la fecha de fundaci\u00f3n de la ciudad, si bien, la fertilidad de las riberas del\u00a0<a title=\"R\u00edo Alag\u00f3n\" href=\"http:\/\/es.wikipedia.org\/wiki\/R%C3%ADo_Alag%C3%B3n\" rel=\"external nofollow\">R\u00edo Alag\u00f3n<\/a>\u00a0propiciar\u00eda una muy temprana ocupaci\u00f3n, habi\u00e9ndose encontrado materiales l\u00edticos del periodo achelense antiguo (300.000\u00a0a.\u00a0C.). Un primer asentamiento continuado ha quedado documentado con el pueblo\u00a0<a title=\"Vetones\" href=\"http:\/\/es.wikipedia.org\/wiki\/Vetones\" rel=\"external nofollow\">vet\u00f3n<\/a>, de estirpe celta, que sobre los siglos VIII-VI\u00a0a.\u00a0C. sit\u00faa su capital en la antigua\u00a0<em>Caura<\/em>. Nombre que recibi\u00f3 hasta la conquista romana, donde pas\u00f3 a denominarse Caurium.<\/p>\n<p style=\"text-align: justify;\">\u00a0\u00a0Con la invasi\u00f3n musulmana, tras el 711, la antigua\u00a0<em>Caurium<\/em>\u00a0pas\u00f3 a denominarse\u00a0<em>Q\u00fcriya<\/em>, siendo objeto, a lo largo de m\u00e1s de tres siglos de luchas entre musulmanes y cristianos,\u00a0hasta su definitiva reconquista por el <a title=\"El Rey VII de Le\u00f3n en wikipedia\" href=\"http:\/\/es.wikipedia.org\/wiki\/Alfonso_VII_de_Le%C3%B3n\" target=\"_blank\" rel=\"external nofollow\">Rey de Le\u00f3n Alfonso VII<\/a>.<\/p>\n<p style=\"text-align: justify;\">\u00a0 De toda esa historia que recae sobre ella, est\u00e1 repleta de rincones dignos de ver. Si a\u00fan no conoces la ciudad es una buena opci\u00f3n.<\/p>\n<p style=\"text-align: justify;\"><strong>\u00a0 <a title=\"Enlace al facebook de Moteros de Hoy\" href=\"https:\/\/www.facebook.com\/moteroshoy\" target=\"_blank\" rel=\"external nofollow\">Saludos y r\u00e1fagas<\/a>.<\/strong><\/p>\n<!-- AddThis Advanced Settings generic via filter on the_content --><!-- AddThis Share Buttons generic via filter on the_content -->","protected":false},"excerpt":{"rendered":"<p>\u00a0 El pr\u00f3ximo 9 de marzo 2014, la pe\u00f1a motera Esperando realizar\u00e1 una concentraci\u00f3n bajo su tradicional nombre de Moto-Arroz. \u00a0 Para ello se reunir\u00e1n en la Cafeter\u00eda los Kekes de Coria (C\u00e1ceres), con la idea de salir a las 10:30h de ruta por las localidades de Coria, Calzadilla, Pozuelo, Montehermoso donde se realizar\u00e1 una [&hellip;]<!-- AddThis Advanced Settings generic via filter on get_the_excerpt --><!-- AddThis Share Buttons generic via filter on get_the_excerpt --><\/p>\n","protected":false},"author":49,"featured_media":0,"comment_status":"open","ping_status":"closed","sticky":false,"template":"","format":"standard","meta":[],"categories":[13],"tags":[622,629,639,641,643],"_links":{"self":[{"href":"https:\/\/blogs.hoy.es\/moterosdehoy\/wp-json\/wp\/v2\/posts\/994"}],"collection":[{"href":"https:\/\/blogs.hoy.es\/moterosdehoy\/wp-json\/wp\/v2\/posts"}],"about":[{"href":"https:\/\/blogs.hoy.es\/moterosdehoy\/wp-json\/wp\/v2\/types\/post"}],"author":[{"embeddable":true,"href":"https:\/\/blogs.hoy.es\/moterosdehoy\/wp-json\/wp\/v2\/users\/49"}],"replies":[{"embeddable":true,"href":"https:\/\/blogs.hoy.es\/moterosdehoy\/wp-json\/wp\/v2\/comments?post=994"}],"version-history":[{"count":0,"href":"https:\/\/blogs.hoy.es\/moterosdehoy\/wp-json\/wp\/v2\/posts\/994\/revisions"}],"wp:attachment":[{"href":"https:\/\/blogs.hoy.es\/moterosdehoy\/wp-json\/wp\/v2\/media?parent=994"}],"wp:term":[{"taxonomy":"category","embeddable":true,"href":"https:\/\/blogs.hoy.es\/moterosdehoy\/wp-json\/wp\/v2\/categories?post=994"},{"taxonomy":"post_tag","embeddable":true,"href":"https:\/\/blogs.hoy.es\/moterosdehoy\/wp-json\/wp\/v2\/tags?post=994"}],"curies":[{"name":"wp","href":"https:\/\/api.w.org\/{rel}","templated":true}]}}