{"id":71,"date":"2025-01-25T10:03:22","date_gmt":"2025-01-25T09:03:22","guid":{"rendered":"https:\/\/blogs.hoy.es\/palramus-extremenu\/?p=71"},"modified":"2025-02-01T09:46:35","modified_gmt":"2025-02-01T08:46:35","slug":"la-lei-seca-coriana","status":"publish","type":"post","link":"https:\/\/blogs.hoy.es\/palramus-extremenu\/2025\/01\/25\/la-lei-seca-coriana\/","title":{"rendered":"LA LEI SECA CORIANA"},"content":{"rendered":"<p data-original-attrs=\"{&quot;style&quot;:&quot;&quot;}\"><b><span style=\"font-family: verdana; font-size: large;\" data-keep-original-tag=\"false\" data-original-attrs=\"{&quot;style&quot;:&quot;&quot;}\">LA LEI SECA CORIANA<\/span><\/b><\/p>\n<div class=\"separator\" data-original-attrs=\"{&quot;style&quot;:&quot;&quot;}\"><a href=\"https:\/\/www.blogger.com\/u\/1\/blog\/post\/edit\/2692583401175506676\/4115223651036716336#\" data-original-attrs=\"{&quot;data-original-href&quot;:&quot;https:\/\/blogger.googleusercontent.com\/img\/b\/R29vZ2xl\/AVvXsEh0aqLkH78tA5pwANs4YvdbuyF4W4FTRDjP6wITYoydxOAzE0Yl5U6ZHAm_I6DR-_L8_OWbuvHSrvMFboN-ttZIWhG1gpu3hhHFbLYoIBGY0CUEY7J55F3D7eTH7JHFsZKe2lUMZOoOeVikbK13OL8QOuVEhgD9bfbr80fwXlvEYr0Qu0n-sqxwHI5YWK9K\/s1080\/Ilustracion-18-Taberna-de-Lepre-Dibujo-mandado-por-Mundet-1080x675.jpeg&quot;,&quot;style&quot;:&quot;&quot;}\" rel=\"external nofollow\"><img loading=\"lazy\" src=\"https:\/\/blogger.googleusercontent.com\/img\/b\/R29vZ2xl\/AVvXsEh0aqLkH78tA5pwANs4YvdbuyF4W4FTRDjP6wITYoydxOAzE0Yl5U6ZHAm_I6DR-_L8_OWbuvHSrvMFboN-ttZIWhG1gpu3hhHFbLYoIBGY0CUEY7J55F3D7eTH7JHFsZKe2lUMZOoOeVikbK13OL8QOuVEhgD9bfbr80fwXlvEYr0Qu0n-sqxwHI5YWK9K\/w480-h278\/Ilustracion-18-Taberna-de-Lepre-Dibujo-mandado-por-Mundet-1080x675.jpeg\" width=\"480\" height=\"278\" border=\"0\" data-original-height=\"675\" data-original-width=\"1080\" \/><\/a><\/div>\n<p><b><span style=\"font-family: verdana; font-size: large;\" data-keep-original-tag=\"false\" data-original-attrs=\"{&quot;style&quot;:&quot;&quot;}\">\u00a0<\/span><\/b><\/p>\n<p>&nbsp;<\/p>\n<p><span style=\"color: #05212d;\" data-keep-original-tag=\"false\" data-original-attrs=\"{&quot;style&quot;:&quot;&quot;}\"><span style=\"font-family: verdana; font-size: large;\" data-keep-original-tag=\"false\" data-original-attrs=\"{&quot;style&quot;:&quot;&quot;}\">\u00a0 \u00a0 \u00a0 Las tavernas, esus lugaris emblem\u00e1ticus en abondu de colturas\u00a0<span data-keep-original-tag=\"false\">i por to los<\/span> alrreoris del mundu, ondi las gentis se arrejuntan pa jopearsi, manducar i pa juntar la pata cona oreja usea relacional-si.<\/span><\/span><\/p>\n<p><span style=\"color: #05212d;\" data-keep-original-tag=\"false\" data-original-attrs=\"{&quot;style&quot;:&quot;&quot;}\"><span style=\"font-family: verdana; font-size: large;\" data-keep-original-tag=\"false\" data-original-attrs=\"{&quot;style&quot;:&quot;&quot;}\">\u00a0 \u00a0 \u00a0 Ubu tiempus ondi se presseguierun esus sitius i enos Estaus Un\u00edus d\u00b4Am\u00e9rica se pusu una med\u00eda mu radical que se conoci\u00f3 en t\u00f3 el mundu: &#8220;La Lei Seca&#8221;, dendi los a\u00f1us de 1920 jasta el de 1933. Esta lei preb\u00eda la produci\u00f3n, la venta i el trasporti de toas las beb\u00edas alc\u00f3licas, metiendu en parti tami\u00e9n al vinu.<\/span><\/span><\/p>\n<p><span style=\"color: #05212d;\" data-keep-original-tag=\"false\" data-original-attrs=\"{&quot;style&quot;:&quot;&quot;}\"><span style=\"font-family: verdana; font-size: large;\" data-keep-original-tag=\"false\" data-original-attrs=\"{&quot;style&quot;:&quot;&quot;}\">\u00a0 \u00a0 \u00a0 Endenantis d\u00b4esu i que mu pocus sabin es que, mesmamenti dendi el 1907 al 1910, Bilbau estuvu debaju de la &#8220;lei seca&#8221; i angunus puebrus comu\u00a0<b>Coria<\/b>\u00a0tami\u00e9n, esu s\u00ed solamenti pa los domingus. Estu ju\u00e9 cuandu el Gobiernu presidiu por Antoniu Maura i Montaner aprov\u00f3 en el a\u00f1u de 1905 un Regramentu pa l\u00b4apricaci\u00f3n del descansu dominical, con to i con esu en\u00a0<b>Coria<\/b> se bebi\u00f3 de lo lindu manque se cerraran las tavernas, en las callis i pra\u00e7as, a las puertas del baili\u00a0 se v\u00edan las gentis conel abitual morapiu. Mu pocus jac\u00edan f\u00e9 de las conseq\u00fcencias que dichu regramentu iba a tenel p\u00b4al setor taberneru.\u00a0<\/span><\/span><\/p>\n<p><span style=\"color: #05212d;\" data-keep-original-tag=\"false\" data-original-attrs=\"{&quot;style&quot;:&quot;&quot;}\"><span style=\"font-family: verdana; font-size: large;\" data-keep-original-tag=\"false\" data-original-attrs=\"{&quot;style&quot;:&quot;&quot;}\">\u00a0 \u00a0<\/span><\/span><\/p>\n<p><span style=\"color: #05212d;\" data-keep-original-tag=\"false\" data-original-attrs=\"{&quot;style&quot;:&quot;&quot;}\"><span style=\"font-family: verdana; font-size: large;\" data-keep-original-tag=\"false\" data-original-attrs=\"{&quot;style&quot;:&quot;&quot;}\">\u00a0 \u00a0 \u00a0 Velaqu\u00ed el porqu\u00e9 en el noticieru de Cacris del 26 de noviembri de 1907, n\u00b4el que juerun adenunciaus cuatru tabernerus de<b>\u00a0Coria<\/b> por vender vinu en domingu. Es que el vinu en los d\u00edas de fiesta dan mucha felici\u00e1, van de la manu comu dos enamoraus dendi sigrus porque los amantis del vinu no solu son m\u00e1s felicis, es que am\u00e1s son escapacis d\u00b4adatarsi a las nuevas sitacionis por mu aginantis que sean.<\/span><\/span><\/p>\n<p data-original-attrs=\"{&quot;style&quot;:&quot;&quot;}\"><span style=\"color: #05212d;\" data-keep-original-tag=\"false\" data-original-attrs=\"{&quot;style&quot;:&quot;&quot;}\"><span style=\"font-family: verdana; font-size: large;\" data-keep-original-tag=\"false\" data-original-attrs=\"{&quot;style&quot;:&quot;&quot;}\">\u00a0 \u00a0 \u00a0\u00a0<b>! LO QUE NO PASI EN CORIA !<\/b><\/span><\/span><\/p>\n<p style=\"text-align: right;\" data-original-attrs=\"{&quot;style&quot;:&quot;&quot;}\"><strong><em>Jaime Gilmart <\/em><\/strong><\/p>\n<p style=\"text-align: right;\" data-original-attrs=\"{&quot;style&quot;:&quot;&quot;}\"><strong><em>Coria<\/em><\/strong><\/p>\n<!-- AddThis Advanced Settings generic via filter on the_content --><!-- AddThis Share Buttons generic via filter on the_content -->","protected":false},"excerpt":{"rendered":"<p>LA LEI SECA CORIANA \u00a0 &nbsp; \u00a0 \u00a0 \u00a0 Las tavernas, esus lugaris emblem\u00e1ticus en abondu de colturas\u00a0i por to los alrreoris del mundu, ondi las gentis se arrejuntan pa jopearsi, manducar i pa juntar la pata cona oreja usea relacional-si. \u00a0 \u00a0 \u00a0 Ubu tiempus ondi se presseguierun esus sitius i enos Estaus Un\u00edus [&hellip;]<!-- AddThis Advanced Settings generic via filter on get_the_excerpt --><!-- AddThis Share Buttons generic via filter on get_the_excerpt --><\/p>\n","protected":false},"author":28761,"featured_media":0,"comment_status":"open","ping_status":"closed","sticky":false,"template":"","format":"standard","meta":[],"categories":[1],"tags":[],"_links":{"self":[{"href":"https:\/\/blogs.hoy.es\/palramus-extremenu\/wp-json\/wp\/v2\/posts\/71"}],"collection":[{"href":"https:\/\/blogs.hoy.es\/palramus-extremenu\/wp-json\/wp\/v2\/posts"}],"about":[{"href":"https:\/\/blogs.hoy.es\/palramus-extremenu\/wp-json\/wp\/v2\/types\/post"}],"author":[{"embeddable":true,"href":"https:\/\/blogs.hoy.es\/palramus-extremenu\/wp-json\/wp\/v2\/users\/28761"}],"replies":[{"embeddable":true,"href":"https:\/\/blogs.hoy.es\/palramus-extremenu\/wp-json\/wp\/v2\/comments?post=71"}],"version-history":[{"count":4,"href":"https:\/\/blogs.hoy.es\/palramus-extremenu\/wp-json\/wp\/v2\/posts\/71\/revisions"}],"predecessor-version":[{"id":80,"href":"https:\/\/blogs.hoy.es\/palramus-extremenu\/wp-json\/wp\/v2\/posts\/71\/revisions\/80"}],"wp:attachment":[{"href":"https:\/\/blogs.hoy.es\/palramus-extremenu\/wp-json\/wp\/v2\/media?parent=71"}],"wp:term":[{"taxonomy":"category","embeddable":true,"href":"https:\/\/blogs.hoy.es\/palramus-extremenu\/wp-json\/wp\/v2\/categories?post=71"},{"taxonomy":"post_tag","embeddable":true,"href":"https:\/\/blogs.hoy.es\/palramus-extremenu\/wp-json\/wp\/v2\/tags?post=71"}],"curies":[{"name":"wp","href":"https:\/\/api.w.org\/{rel}","templated":true}]}}