{"id":142,"date":"2013-05-10T10:35:49","date_gmt":"2013-05-10T10:35:49","guid":{"rendered":"http:\/\/blogs.hoy.es\/paraisos-olvidados\/?p=142"},"modified":"2013-05-10T10:35:49","modified_gmt":"2013-05-10T10:35:49","slug":"el-revellao-la-puerta-neolitica-a-un-camino-para-el-alma","status":"publish","type":"post","link":"https:\/\/blogs.hoy.es\/paraisos-olvidados\/2013\/05\/10\/el-revellao-la-puerta-neolitica-a-un-camino-para-el-alma\/","title":{"rendered":"El Revellao, la puerta neol\u00edtica a un camino para el alma"},"content":{"rendered":"<p>&nbsp;<\/p>\n<div style=\"text-align: center;\">\n<dl id=\"attachment_143\">\n<dt><a href=\"\/paraisos-olvidados\/wp-content\/uploads\/sites\/65\/2013\/05\/6-Vista-desde-el-sur.jpg\"><img loading=\"lazy\" class=\"aligncenter\" title=\"Dolmen del Revellao.\/ V\u00edctor Gibello\" src=\"\/paraisos-olvidados\/wp-content\/uploads\/sites\/65\/2013\/05\/6-Vista-desde-el-sur.jpg\" alt=\"Dolmen del Revellao.\/ V\u00edctor Gibello\" width=\"600\" height=\"450\" \/><\/a><\/dt>\n<dd>Dolmen del Revellao.\/ V\u00edctor Gibello<\/dd>\n<\/dl>\n<\/div>\n<p style=\"text-align: center;\"><a href=\"http:\/\/www.hoy.es\/multimedia\/fotos\/ultimos\/120146-paraisos-olvidados-dolmen-revellao-0.html\" target=\"_blank\">VER TODA LA GALER\u00cdA DE FOTOS DEL DOLMEN DEL REVELLAO, BADAJOZ.\u00a0\/ Autor: V\u00cdCTOR GIBELLO<\/a><\/p>\n<p>Una importante agencia nacional de noticias publicaba una informaci\u00f3n sorprendente. Con cierta incredulidad, extra\u00f1ado, la le\u00ed por segunda vez. <strong>El escueto art\u00edculo indicaba la existencia de un dolmen<\/strong> en buen estado de conservaci\u00f3n propiedad de una fundaci\u00f3n, entidad que lo ofrec\u00eda para disfrute p\u00fablico y que solicitaba ayuda a las instituciones para su estudio y puesta en valor.<\/p>\n<p>No s\u00e9 qu\u00e9 me asombr\u00f3 m\u00e1s, si mi desconocimiento del bien arqueol\u00f3gico o la at\u00edpica y generosa propuesta de la propiedad.\u00a0Decid\u00ed investigar, contact\u00e9 con responsables de la fundaci\u00f3n y acordamos reunirnos unos d\u00edas m\u00e1s tarde.<\/p>\n<p>Me desplac\u00e9 a Badajoz, a la sede de la organizaci\u00f3n, donde fui acogido con amabilidad y simpat\u00eda por el presidente, Pedro Arias, y la gerente, Mercedes Arias. La <strong><a href=\"http:\/\/fundaciondoloresbas.org\/\" target=\"_blank\">Fundaci\u00f3n Hija de Pepe Reyes, Dolores Bas de Ar\u00fas<\/a><\/strong> naci\u00f3 por deseo expreso de <strong>Dolores Bas<\/strong>, quien <strong>leg\u00f3 la totalidad de su patrimonio para mejorar la vida de las personas m\u00e1s necesitadas de Badajoz<\/strong>. Desde su creaci\u00f3n, la fundaci\u00f3n ha prestado su ayuda a las tres asociaciones beneficiarias vinculadas: <a href=\"http:\/\/www.aprosuba3.org\/\" target=\"_blank\">Aprosuba-3 de Badajoz<\/a>, <a href=\"https:\/\/www.aecc.es\/Paginas\/PaginaPrincipal.aspx\" target=\"_blank\">Asociaci\u00f3n Espa\u00f1ola Contra el C\u00e1ncer<\/a> y <a href=\"http:\/\/www.hermanitas.es\/\" target=\"_blank\">Hermanitas de los Ancianos Desamparados<\/a>.<\/p>\n<p><!--more-->No suficientemente satisfechos con la magn\u00edfica labor filantr\u00f3pica realizada, los responsables de la fundaci\u00f3n se han propuesto ampliar los objetivos marcados para hacer llegar su ayuda a m\u00e1s personas, para lo cual est\u00e1n decididos a poner diversos bienes hist\u00f3ricos y arqueol\u00f3gicos sitos en sus propiedades a disposici\u00f3n de la ciudadan\u00eda, para disfrute y aprovechamiento social.<\/p>\n<div id=\"attachment_144\" style=\"width: 610px\" class=\"wp-caption aligncenter\"><a href=\"\/paraisos-olvidados\/wp-content\/uploads\/sites\/65\/2013\/05\/1-Vista-general-del-entorno.jpg\"><img aria-describedby=\"caption-attachment-144\" loading=\"lazy\" class=\"size-full wp-image-144\" title=\"Vista general del entorno.\/ V\u00edctor Gibello\" src=\"\/paraisos-olvidados\/wp-content\/uploads\/sites\/65\/2013\/05\/1-Vista-general-del-entorno.jpg\" alt=\"Vista general del entorno.\/ V\u00edctor Gibello\" width=\"600\" height=\"450\" srcset=\"https:\/\/static-blogs.hoy.es\/wp-content\/uploads\/sites\/65\/2013\/05\/1-Vista-general-del-entorno.jpg 600w, https:\/\/static-blogs.hoy.es\/wp-content\/uploads\/sites\/65\/2013\/05\/1-Vista-general-del-entorno-300x225.jpg 300w, https:\/\/static-blogs.hoy.es\/wp-content\/uploads\/sites\/65\/2013\/05\/1-Vista-general-del-entorno-562x422.jpg 562w\" sizes=\"(max-width: 600px) 100vw, 600px\" \/><\/a><p id=\"caption-attachment-144\" class=\"wp-caption-text\">Vista general del entorno.\/ V\u00edctor Gibello<\/p><\/div>\n<p>Despu\u00e9s de visitar la sede y las instalaciones de la fundaci\u00f3n, marcho junto a Pedro Arias a conocer el yacimiento arqueol\u00f3gico que tanta expectaci\u00f3n ha generado. Charlamos amigablemente durante el trayecto. Pedro me cuenta algunos de sus proyectos y me desvela parte de los secretos guardados en la finca, <strong>varios Para\u00edsos Olvidados en un ed\u00e9n de verdor desatado<\/strong>. Llegamos a una peque\u00f1a explanada pr\u00f3xima al l\u00edmite de la finca, <strong>junto a la carretera que enlaza Valverde de Legan\u00e9s con Torre de Miguel Sesmero<\/strong>. Abandonamos all\u00ed el veh\u00edculo y caminamos abri\u00e9ndonos paso entre la vegetaci\u00f3n hacia un peque\u00f1o arroyo que circunda una floresta especialmente densa. Encinas, jaras, espinos albar, zarzas, crean una masa tan tupida que en algunos puntos resulta impenetrable.<\/p>\n<div id=\"attachment_145\" style=\"width: 610px\" class=\"wp-caption aligncenter\"><a href=\"\/paraisos-olvidados\/wp-content\/uploads\/sites\/65\/2013\/05\/2-Vegetaci\u00f3n-entre-la-que-se-encuentra-el-dolmen.jpg\"><img aria-describedby=\"caption-attachment-145\" loading=\"lazy\" class=\"size-full wp-image-145\" title=\"Vegetaci\u00f3n entre la que se encuentra el dolmen.\/ V\u00edctor Gibello\" src=\"\/paraisos-olvidados\/wp-content\/uploads\/sites\/65\/2013\/05\/2-Vegetaci\u00f3n-entre-la-que-se-encuentra-el-dolmen.jpg\" alt=\"Vegetaci\u00f3n entre la que se encuentra el dolmen.\/ V\u00edctor Gibello\" width=\"600\" height=\"450\" srcset=\"https:\/\/static-blogs.hoy.es\/wp-content\/uploads\/sites\/65\/2013\/05\/2-Vegetaci\u00f3n-entre-la-que-se-encuentra-el-dolmen.jpg 600w, https:\/\/static-blogs.hoy.es\/wp-content\/uploads\/sites\/65\/2013\/05\/2-Vegetaci\u00f3n-entre-la-que-se-encuentra-el-dolmen-300x225.jpg 300w, https:\/\/static-blogs.hoy.es\/wp-content\/uploads\/sites\/65\/2013\/05\/2-Vegetaci\u00f3n-entre-la-que-se-encuentra-el-dolmen-562x422.jpg 562w\" sizes=\"(max-width: 600px) 100vw, 600px\" \/><\/a><p id=\"caption-attachment-145\" class=\"wp-caption-text\">Vegetaci\u00f3n entre la que se encuentra el dolmen.\/ V\u00edctor Gibello<\/p><\/div>\n<p>Dejamos atr\u00e1s pozos, pilones y abrevaderos, muy interesantes desde el punto de vista etnogr\u00e1fico, recordatorios de un pasado agr\u00edcola y ganadero que parece condenado a desaparecer de la memoria de nuestros campos, y buscamos una peque\u00f1a vereda. Pedro se mueve con soltura por el campo, sigue rastros y se\u00f1ales como el cazador experimentado que es. Encontramos el sendero no sin dificultad, la primavera ha hecho crecer la vegetaci\u00f3n de modo desmesurado, hasta casi borrar su rastro en algunos puntos.<\/p>\n<div id=\"attachment_146\" style=\"width: 610px\" class=\"wp-caption aligncenter\"><a href=\"\/paraisos-olvidados\/wp-content\/uploads\/sites\/65\/2013\/05\/3-Sendero-hacia-el-dolmen.jpg\"><img aria-describedby=\"caption-attachment-146\" loading=\"lazy\" class=\"size-full wp-image-146\" title=\"Sendero hacia el dolmen.\/ V\u00edctor Gibello\" src=\"\/paraisos-olvidados\/wp-content\/uploads\/sites\/65\/2013\/05\/3-Sendero-hacia-el-dolmen.jpg\" alt=\"Sendero hacia el dolmen.\/ V\u00edctor Gibello\" width=\"600\" height=\"450\" srcset=\"https:\/\/static-blogs.hoy.es\/wp-content\/uploads\/sites\/65\/2013\/05\/3-Sendero-hacia-el-dolmen.jpg 600w, https:\/\/static-blogs.hoy.es\/wp-content\/uploads\/sites\/65\/2013\/05\/3-Sendero-hacia-el-dolmen-300x225.jpg 300w, https:\/\/static-blogs.hoy.es\/wp-content\/uploads\/sites\/65\/2013\/05\/3-Sendero-hacia-el-dolmen-562x422.jpg 562w\" sizes=\"(max-width: 600px) 100vw, 600px\" \/><\/a><p id=\"caption-attachment-146\" class=\"wp-caption-text\">Sendero hacia el dolmen.\/ V\u00edctor Gibello<\/p><\/div>\n<p>El camino, alfombrado de hierba, se convierte en improvisada m\u00e1quina del tiempo,<strong> recorrerlo nos transporta desde el siglo XXI al IV milenio a. C. en escasos metros<\/strong>. Sortear una encina y encontrar el rotundo volumen del dolmen es una experiencia digna de ser vivida.<\/p>\n<div id=\"attachment_147\" style=\"width: 610px\" class=\"wp-caption aligncenter\"><a href=\"\/paraisos-olvidados\/wp-content\/uploads\/sites\/65\/2013\/05\/5-Vista-del-dolmen-desde-el-suroeste.jpg\"><img aria-describedby=\"caption-attachment-147\" loading=\"lazy\" class=\"size-full wp-image-147\" title=\"Vista del dolmen desde el suroeste.\/ V\u00edctor Gibello\" src=\"\/paraisos-olvidados\/wp-content\/uploads\/sites\/65\/2013\/05\/5-Vista-del-dolmen-desde-el-suroeste.jpg\" alt=\"Vista del dolmen desde el suroeste.\/ V\u00edctor Gibello\" width=\"600\" height=\"450\" srcset=\"https:\/\/static-blogs.hoy.es\/wp-content\/uploads\/sites\/65\/2013\/05\/5-Vista-del-dolmen-desde-el-suroeste.jpg 600w, https:\/\/static-blogs.hoy.es\/wp-content\/uploads\/sites\/65\/2013\/05\/5-Vista-del-dolmen-desde-el-suroeste-300x225.jpg 300w, https:\/\/static-blogs.hoy.es\/wp-content\/uploads\/sites\/65\/2013\/05\/5-Vista-del-dolmen-desde-el-suroeste-562x422.jpg 562w\" sizes=\"(max-width: 600px) 100vw, 600px\" \/><\/a><p id=\"caption-attachment-147\" class=\"wp-caption-text\">Vista del dolmen desde el suroeste.\/ V\u00edctor Gibello<\/p><\/div>\n<p>La vegetaci\u00f3n lo aprisiona, como queriendo ganar, ansiosa, el espacio anta\u00f1o robado al monte. La contemplaci\u00f3n ha de hacerse desde el sur, zona en la que hay abierto un peque\u00f1o claro. <strong>La c\u00e1mara del dolmen del Revellao (tambi\u00e9n Revellado o Rebellado) emerge con una solidez de siglos sobre una loma suav\u00edsima<\/strong>, casi imperceptible, eco del gran t\u00famulo que cubr\u00eda totalmente la construcci\u00f3n circundado por un anillo p\u00e9treo. Siete enormes ortostatos (bloques verticales de gran tama\u00f1o hincados en el suelo) crean un amplio habit\u00e1culo poligonal y sostienen la cubierta, realizada con una impresionante losa gran\u00edtica dispuesta en horizontal.<\/p>\n<div id=\"attachment_149\" style=\"width: 610px\" class=\"wp-caption aligncenter\"><a href=\"\/paraisos-olvidados\/wp-content\/uploads\/sites\/65\/2013\/05\/9-Cubierta-de-la-c\u00e1mara-sepulcral.jpg\"><img aria-describedby=\"caption-attachment-149\" loading=\"lazy\" class=\"size-full wp-image-149\" title=\"Cubierta de la c\u00e1mara.\/ V\u00edctor Gibello\" src=\"\/paraisos-olvidados\/wp-content\/uploads\/sites\/65\/2013\/05\/9-Cubierta-de-la-c\u00e1mara-sepulcral.jpg\" alt=\"Cubierta de la c\u00e1mara.\/ V\u00edctor Gibello\" width=\"600\" height=\"450\" srcset=\"https:\/\/static-blogs.hoy.es\/wp-content\/uploads\/sites\/65\/2013\/05\/9-Cubierta-de-la-c\u00e1mara-sepulcral.jpg 600w, https:\/\/static-blogs.hoy.es\/wp-content\/uploads\/sites\/65\/2013\/05\/9-Cubierta-de-la-c\u00e1mara-sepulcral-300x225.jpg 300w, https:\/\/static-blogs.hoy.es\/wp-content\/uploads\/sites\/65\/2013\/05\/9-Cubierta-de-la-c\u00e1mara-sepulcral-562x422.jpg 562w\" sizes=\"(max-width: 600px) 100vw, 600px\" \/><\/a><p id=\"caption-attachment-149\" class=\"wp-caption-text\">Cubierta de la c\u00e1mara.\/ V\u00edctor Gibello<\/p><\/div>\n<p>El corredor, el pasillo que comunicaba el mundo exterior con la c\u00e1mara del t\u00famulo, se alza a una menor altura. Se aprecian los bloques que configuraban sus laterales, en cambio, las piedras con las que se ejecut\u00f3 su cierre han desaparecido. Desconozco su longitud, la espesura lo cubre todo. Intento averiguar la disposici\u00f3n espacial de la estructura, pero la br\u00fajula parece haberse vuelto loca, como si en el lugar se hubiera generado una extra\u00f1a alteraci\u00f3n magn\u00e9tica.<\/p>\n<div id=\"attachment_148\" style=\"width: 610px\" class=\"wp-caption aligncenter\"><a href=\"\/paraisos-olvidados\/wp-content\/uploads\/sites\/65\/2013\/05\/7-Vista-desde-el-este.jpg\"><img aria-describedby=\"caption-attachment-148\" loading=\"lazy\" class=\"size-full wp-image-148\" title=\"Vista desde el este.\/ V\u00edctor Gibello\" src=\"\/paraisos-olvidados\/wp-content\/uploads\/sites\/65\/2013\/05\/7-Vista-desde-el-este.jpg\" alt=\"Vista desde el este.\/ V\u00edctor Gibello\" width=\"600\" height=\"450\" srcset=\"https:\/\/static-blogs.hoy.es\/wp-content\/uploads\/sites\/65\/2013\/05\/7-Vista-desde-el-este.jpg 600w, https:\/\/static-blogs.hoy.es\/wp-content\/uploads\/sites\/65\/2013\/05\/7-Vista-desde-el-este-300x225.jpg 300w, https:\/\/static-blogs.hoy.es\/wp-content\/uploads\/sites\/65\/2013\/05\/7-Vista-desde-el-este-562x422.jpg 562w\" sizes=\"(max-width: 600px) 100vw, 600px\" \/><\/a><p id=\"caption-attachment-148\" class=\"wp-caption-text\">Vista desde el este.\/ V\u00edctor Gibello<\/p><\/div>\n<p>Vuelvo cuando la tarde y la noche se encuentran en esa frontera imprecisa en la que las luces se aten\u00faan lentamente y los olores se expanden vigorosos. <strong>Quiero sentir la magia de este monumento singular a la luz de las estrellas<\/strong>y determinar astron\u00f3micamente la orientaci\u00f3n que mi br\u00fajula se ha negado a ofrecerme. El cielo no est\u00e1 limpio, algunas nubes altas lo enmara\u00f1an. Pese a la sutil gasa, asoman t\u00edmidas las primeras estrellas y la oscuridad lo envuelve todo. A la par que caen las sombras, da inicio un concierto: la orquesta est\u00e1 formada por ranas, grillos y un ruise\u00f1or como solista. Localizo <a href=\"http:\/\/es.wikipedia.org\/wiki\/Estrella_Polar\" target=\"_blank\">la Estrella Polar<\/a>, marcando el norte, imperturbable en su misi\u00f3n cada noche. El corredor del dolmen se abre hacia el este, sin duda. Tambi\u00e9n lo confirma la descomunal luna que ha comenzado su vuelo nocturno te\u00f1ida hoy de naranja.<\/p>\n<div id=\"attachment_150\" style=\"width: 610px\" class=\"wp-caption aligncenter\"><a href=\"\/paraisos-olvidados\/wp-content\/uploads\/sites\/65\/2013\/05\/11-Dolmen-a-la-luz-de-las-estrellas.jpg\"><img aria-describedby=\"caption-attachment-150\" loading=\"lazy\" class=\"size-full wp-image-150\" title=\"Dolmen a la luz de las estrellas.\/ V\u00edctor Gibello\" src=\"\/paraisos-olvidados\/wp-content\/uploads\/sites\/65\/2013\/05\/11-Dolmen-a-la-luz-de-las-estrellas.jpg\" alt=\"Dolmen a la luz de las estrellas.\/ V\u00edctor Gibello\" width=\"600\" height=\"399\" srcset=\"https:\/\/static-blogs.hoy.es\/wp-content\/uploads\/sites\/65\/2013\/05\/11-Dolmen-a-la-luz-de-las-estrellas.jpg 600w, https:\/\/static-blogs.hoy.es\/wp-content\/uploads\/sites\/65\/2013\/05\/11-Dolmen-a-la-luz-de-las-estrellas-300x200.jpg 300w, https:\/\/static-blogs.hoy.es\/wp-content\/uploads\/sites\/65\/2013\/05\/11-Dolmen-a-la-luz-de-las-estrellas-562x374.jpg 562w\" sizes=\"(max-width: 600px) 100vw, 600px\" \/><\/a><p id=\"caption-attachment-150\" class=\"wp-caption-text\">Dolmen a la luz de las estrellas.\/ V\u00edctor Gibello<\/p><\/div>\n<p>El sonido del obturador de la c\u00e1mara se integra en el concierto como un m\u00fasico m\u00e1s. Despu\u00e9s de varias tomas, guardo el equipo y retomo el camino de regreso, ese que me traer\u00e1 de vuelta al siglo XXI.<\/p>\n<p>\u00bfQu\u00e9 es un dolmen?<\/p>\n<p>La respuesta parece sencilla, pero los investigadores a\u00fan estamos lejos de comprender el significado \u00edntimo de estas construcciones. Una explicaci\u00f3n simplista y superficial plantear\u00eda que es \u00a0un monumento funerario colectivo erigido entre el neol\u00edtico y el calcol\u00edtico con grandes bloques de piedra (de ah\u00ed el t\u00e9rmino megal\u00edtico). Sin embargo, ello no hace referencia m\u00e1s que a lo obvio, sin penetrar en su verdadera naturaleza, sin adentrarse en los aspectos culturales, mentales y simb\u00f3licos de los hombres que los erigieron con gran esfuerzo. Novedosos estudios han profundizado m\u00e1s all\u00e1 de la materia y la forma, m\u00e1s all\u00e1 de las tipolog\u00edas y las clasificaciones formales, y han abierto un camino al conocimiento planteando estimulantes teor\u00edas que parten del estudio neurol\u00f3gico del cerebro.<\/p>\n<p><strong>Las gentes del neol\u00edtico comienzan a moldear el paisaje y, fruto de este proceso, dotan de significados especiales a lugares concretos<\/strong>. En ellos, por razones que estamos lejos de comprender, deciden elevar construcciones bien visibles en el espacio, construcciones realizadas para enterrar a algunos de los muertos de sus comunidades, no a todos, pero que est\u00e1n plenamente ligadas a los vivos. <strong>Los muertos, as\u00ed, hablan a la comunidad y les sirven de referencia, los vinculan a la tierra y legitiman su posesi\u00f3n bas\u00e1ndose en el <em>poder<\/em> de los ancestros<\/strong>. <strong>Las tumbas de corredor megal\u00edticas posibilitan una dramatizaci\u00f3n formal de los viajes espirituales, crean un camino para el alma<\/strong>, quiz\u00e1s un camino como el que cantaba <a href=\"http:\/\/grooveshark.com\/#!\/search?q=Los+planetas+tendr\u00e1+que+haber+un+camino\" target=\"_blank\">Enrique Morente en compa\u00f1\u00eda de Los Planetas<\/a>, <strong>un pasaje que conecta la vida cotidiana con la vida del esp\u00edritu gracias a la puerta al inframundo que se abre en cada dolmen<\/strong>. Son innumerables los ejemplos que podemos encontrar en diversas tradiciones culturales sobre los viajes al inframundo desde la m\u00e1s remota antig\u00fcedad hasta nuestros d\u00edas, entre ellas, por supuesto, el recreado por <a href=\"http:\/\/es.wikipedia.org\/wiki\/Dante_Alighieri\" target=\"_blank\">Dante<\/a> en <em>La divina comedia<\/em>, quiz\u00e1s, como dijera <a href=\"http:\/\/es.wikipedia.org\/wiki\/Mircea_Eliade\" target=\"_blank\">Mircea Eliade<\/a> porque el m\u00e1s all\u00e1 \u201c<em>es tambi\u00e9n un lugar de conocimiento y sabidur\u00eda<\/em>\u201d.<\/p>\n<p>Las comunidades del neol\u00edtico construyen sus propias <em>cuevas<\/em>, entradas a espacios propios de su cultura en las que se cobijan su universo y su consciencia. Estas <em>cuevas<\/em> artificiales, lejos de ser simples cementerios, como tradicionalmente se las ha considerado, <strong>son lugares de poder que nos hablan de una religi\u00f3n y unas creencias perfectamente estructuradas en las que los muertos est\u00e1n \u00edntimamente ligados a los vivos y el dolmen es el nexo de las realidades material e intangible, un <em>axis mundi<\/em> capaz de conectar tres planos de la existencia en apariencia separados, pero sutilmente conectados: la vida cotidiana, el inframundo y el mundo espiritual<\/strong>.<\/p>\n<p>La Fundaci\u00f3n Dolores Bas de Ar\u00fas, en l\u00ednea con su trayectoria ejemplar, ha hecho un ofrecimiento generoso a la sociedad al ponerlo a disposici\u00f3n p\u00fablica, <strong>\u00bfqu\u00e9 van a hacer ahora las instituciones con este regalo?<\/strong>, <strong>\u00bfqu\u00e9 har\u00e1 el Ayuntamiento de Badajoz, en cuyo t\u00e9rmino se asienta esta joya, con este Para\u00edso Olvidado?<\/strong> Les dejo con una imagen nocturna del dolmen y el tema <a href=\"http:\/\/www.myspace.com\/tomssanmiguel\/music\/songs\/sintomas-9694276\" target=\"_blank\"><em>S\u00edntomas<\/em>, de Tom\u00e1s San Miguel<\/a>,\u00a0quiz\u00e1s ayude a la necesaria reflexi\u00f3n.<\/p>\n<div id=\"attachment_151\" style=\"width: 610px\" class=\"wp-caption aligncenter\"><a href=\"\/paraisos-olvidados\/wp-content\/uploads\/sites\/65\/2013\/05\/12-Imagen-nocturna-del-Revellao.jpg\"><img aria-describedby=\"caption-attachment-151\" loading=\"lazy\" class=\"size-full wp-image-151\" title=\"Imagen nocturna del Revellao.\/ V\u00edctor Gibello\" src=\"\/paraisos-olvidados\/wp-content\/uploads\/sites\/65\/2013\/05\/12-Imagen-nocturna-del-Revellao.jpg\" alt=\"Imagen nocturna del Revellao.\/ V\u00edctor Gibello\" width=\"600\" height=\"902\" srcset=\"https:\/\/static-blogs.hoy.es\/wp-content\/uploads\/sites\/65\/2013\/05\/12-Imagen-nocturna-del-Revellao.jpg 600w, https:\/\/static-blogs.hoy.es\/wp-content\/uploads\/sites\/65\/2013\/05\/12-Imagen-nocturna-del-Revellao-200x300.jpg 200w, https:\/\/static-blogs.hoy.es\/wp-content\/uploads\/sites\/65\/2013\/05\/12-Imagen-nocturna-del-Revellao-374x562.jpg 374w\" sizes=\"(max-width: 600px) 100vw, 600px\" \/><\/a><p id=\"caption-attachment-151\" class=\"wp-caption-text\">Imagen nocturna del Revellao.\/ V\u00edctor Gibello<\/p><\/div>\n<!-- AddThis Advanced Settings generic via filter on the_content --><!-- AddThis Share Buttons generic via filter on the_content -->","protected":false},"excerpt":{"rendered":"<p>&nbsp; Dolmen del Revellao.\/ V\u00edctor Gibello VER TODA LA GALER\u00cdA DE FOTOS DEL DOLMEN DEL REVELLAO, BADAJOZ.\u00a0\/ Autor: V\u00cdCTOR GIBELLO Una importante agencia nacional de noticias publicaba una informaci\u00f3n sorprendente. Con cierta incredulidad, extra\u00f1ado, la le\u00ed por segunda vez. El escueto art\u00edculo indicaba la existencia de un dolmen en buen estado de conservaci\u00f3n propiedad de [&hellip;]<!-- AddThis Advanced Settings generic via filter on get_the_excerpt --><!-- AddThis Share Buttons generic via filter on get_the_excerpt --><\/p>\n","protected":false},"author":71,"featured_media":0,"comment_status":"open","ping_status":"closed","sticky":false,"template":"","format":"standard","meta":[],"categories":[30],"tags":[78,95,117,137,142,144,188,197,213,239,283,373,408,439,459,468,477,533,590,593,600,609],"_links":{"self":[{"href":"https:\/\/blogs.hoy.es\/paraisos-olvidados\/wp-json\/wp\/v2\/posts\/142"}],"collection":[{"href":"https:\/\/blogs.hoy.es\/paraisos-olvidados\/wp-json\/wp\/v2\/posts"}],"about":[{"href":"https:\/\/blogs.hoy.es\/paraisos-olvidados\/wp-json\/wp\/v2\/types\/post"}],"author":[{"embeddable":true,"href":"https:\/\/blogs.hoy.es\/paraisos-olvidados\/wp-json\/wp\/v2\/users\/71"}],"replies":[{"embeddable":true,"href":"https:\/\/blogs.hoy.es\/paraisos-olvidados\/wp-json\/wp\/v2\/comments?post=142"}],"version-history":[{"count":0,"href":"https:\/\/blogs.hoy.es\/paraisos-olvidados\/wp-json\/wp\/v2\/posts\/142\/revisions"}],"wp:attachment":[{"href":"https:\/\/blogs.hoy.es\/paraisos-olvidados\/wp-json\/wp\/v2\/media?parent=142"}],"wp:term":[{"taxonomy":"category","embeddable":true,"href":"https:\/\/blogs.hoy.es\/paraisos-olvidados\/wp-json\/wp\/v2\/categories?post=142"},{"taxonomy":"post_tag","embeddable":true,"href":"https:\/\/blogs.hoy.es\/paraisos-olvidados\/wp-json\/wp\/v2\/tags?post=142"}],"curies":[{"name":"wp","href":"https:\/\/api.w.org\/{rel}","templated":true}]}}