{"id":154,"date":"2013-06-06T20:17:28","date_gmt":"2013-06-06T20:17:28","guid":{"rendered":"http:\/\/blogs.hoy.es\/paraisos-olvidados\/?p=154"},"modified":"2013-06-06T20:17:28","modified_gmt":"2013-06-06T20:17:28","slug":"el-canchal-de-los-ojos-un-enigma-por-resolver-en-piedras-albas","status":"publish","type":"post","link":"https:\/\/blogs.hoy.es\/paraisos-olvidados\/2013\/06\/06\/el-canchal-de-los-ojos-un-enigma-por-resolver-en-piedras-albas\/","title":{"rendered":"El Canchal de los Ojos, un enigma por resolver en las inmediaciones de Piedras Albas"},"content":{"rendered":"<div class=\"mceTemp mceIEcenter\" style=\"text-align: center;\">\n<dl id=\"attachment_155\" class=\"wp-caption aligncenter\" style=\"width: 610px;\">\n<dt class=\"wp-caption-dt\"><a href=\"\/paraisos-olvidados\/wp-content\/uploads\/sites\/65\/2013\/06\/CF007748r.jpg\"><img loading=\"lazy\" class=\"size-full wp-image-155\" title=\"Vista general del Canchal de los Ojos o Pe\u00f1a Buraca.\/ V\u00edctor Gibello\" src=\"\/paraisos-olvidados\/wp-content\/uploads\/sites\/65\/2013\/06\/CF007748r.jpg\" alt=\"Vista general del Canchal de los Ojos o Pe\u00f1a Buraca.\/ V\u00edctor Gibello\" width=\"600\" height=\"450\" srcset=\"https:\/\/static-blogs.hoy.es\/wp-content\/uploads\/sites\/65\/2013\/06\/CF007748r.jpg 600w, https:\/\/static-blogs.hoy.es\/wp-content\/uploads\/sites\/65\/2013\/06\/CF007748r-300x225.jpg 300w, https:\/\/static-blogs.hoy.es\/wp-content\/uploads\/sites\/65\/2013\/06\/CF007748r-562x422.jpg 562w\" sizes=\"(max-width: 600px) 100vw, 600px\" \/><\/a><\/dt>\n<dd class=\"wp-caption-dd\">Vista general del Canchal de los Ojos o Pe\u00f1a Buraca.\/ V\u00edctor Gibello<\/dd>\n<\/dl>\n<\/div>\n<p><a href=\"http:\/\/www.hoy.es\/multimedia\/fotos\/ultimos\/121774-paraisos-olvidados-canchal-ojos-piedras-albas-0.html\" target=\"_blank\">VER TODA LA GALER\u00cdA DE FOTOS DEL CANCHAL DE LOS OJOS.\u00a0\/ Autor: V\u00cdCTOR GIBELLO<\/a><\/p>\n<p>Escuch\u00e9 hablar de ella hace a\u00f1os. Las descripciones la dibujaban con trazos envueltos en el misterio. Los m\u00e1s obvios comentaban su apariencia pintoresca y su forma moldeada, queriendo ver semejanzas con elementos dispares y variopintos. Los m\u00e1s osados pretend\u00edan apreciar vinculaciones esot\u00e9ricas y ligazones con antiguos rituales surgidos de la fantas\u00eda. Hubo quienes escudri\u00f1aron la zona, y todav\u00eda lo hacen, en pos de leyendas y deidades inventadas, buscando ecos de ceremoniales imaginados, impregnados en la piedra por siglos.<\/p>\n<p><!--more-->En mis viajes por tierras alcantarinas no hab\u00eda tenido oportunidad de visitarla, unas veces por las prisas y otras porque reclamaban mi atenci\u00f3n otros destinos, \u00a1hay tanto que ver, estudiar y disfrutar en la comarca! As\u00ed que, aprovechando la llegada de la luna llena, un momento excepcional para su contemplaci\u00f3n, decido que ha llegado el momento para planificar una expedici\u00f3n a <a href=\"http:\/\/www.piedrasalbas.es\/\" target=\"_blank\">Piedras Albas<\/a>, poblaci\u00f3n cacere\u00f1a situada en las cercan\u00edas de Alc\u00e1ntara y de la frontera portuguesa.<\/p>\n<p>Trato de averiguar como llegar, pero las indagaciones resultan infructuosas, no encuentro m\u00e1s que referencias vagas que hacen imposible una ubicaci\u00f3n precisa en el mapa. Llamo al Ayuntamiento, donde espero encontrar ayuda, pero la persona que me atiende desconoce su situaci\u00f3n. Amablemente, me facilita el n\u00famero de tel\u00e9fono de Me\u00f1a, que tiene una tienda de ultramarinos en la plaza, \u201c<em>seguro que ella sabe donde est\u00e1<\/em>\u201d, me dice.<\/p>\n<p>Me\u00f1a atiende el tel\u00e9fono. Supongo que se sorprende cuando le comento que su n\u00famero me lo han dado en el Ayuntamiento. El asombro aumenta al comentarle que, seg\u00fan me han indicado, ella podr\u00eda decirme como encontrar el Canchal de los Ojos. Tras unos segundos de duda, m\u00e1s fruto de la at\u00edpica e inesperada llamada que de la falta de conocimiento, me ofrece unos datos precisos que yo llevo inmediatamente a <a href=\"http:\/\/www.google.es\/intl\/es\/earth\/\" target=\"_blank\">Google Earth<\/a> hasta localizar nuestro Para\u00edso Olvidado.<\/p>\n<p>Por la tarde, parto hacia la zona. Me dirijo hacia tierras rayanas y a mi mente viene Teresa Salgueiro, ex Madredeus, interpretando un tema tradicional de romer\u00eda de la Beira Baixa, <a href=\"http:\/\/www.youtube.com\/watch?v=pXq_8tjl_Zs\" target=\"_blank\">\u201c<em>Senhora do Almort\u00e2o<\/em>\u201d<\/a>, originario de la vecina localidad de <a href=\"http:\/\/www.cm-idanhanova.pt\/\" target=\"_blank\">Idanha a Nova<\/a>. La cadencia de su voz, la canci\u00f3n y el ritmo del <a href=\"http:\/\/pt.wikipedia.org\/wiki\/Adufe\" target=\"_blank\"><em>pandeiro quadrado<\/em> o <em>atufe<\/em><\/a> crean un ambiente evocador id\u00f3neo.<\/p>\n<p>No voy solo, me acompa\u00f1an Mar\u00eda Jos\u00e9, artista, Maite, astrof\u00edsica, y Juan Luis, matem\u00e1tico. Tambi\u00e9n viene mi peque\u00f1o, de ocho meses, que se dar\u00e1 su primer ba\u00f1o de luna llena. A este heterog\u00e9neo grupo de personas le falta el nexo que propici\u00f3 su relaci\u00f3n, Javier Mariju\u00e1n, tambi\u00e9n matem\u00e1tico y apasionado de la astronom\u00eda, que nos dej\u00f3 hace algunos a\u00f1os. No tuve la fortuna de conocerlo, pero su amor por las estrellas contagi\u00f3 a muchas personas y, de alg\u00fan modo, sin propon\u00e9rselo, facilit\u00f3 encuentros que sin \u00e9l habr\u00edan sido m\u00e1s dif\u00edciles para el destino. Como dice un proverbio zen, \u201c<em>ning\u00fan copo de nieve cae en el lugar equivocado<\/em>\u201d. Su recuerdo nos acompa\u00f1a.<\/p>\n<p>Nos detenemos en Piedras Albas para conocer a Me\u00f1a y agradecerle sus indicaciones. Algunos vecinos tambi\u00e9n nos hablan del estado del camino y de la mejor forma de llegar. El Canchal est\u00e1 en t\u00e9rmino de Alc\u00e1ntara, pero el acceso se realiza desde Piedras Albas, de donde dista poco m\u00e1s de un kil\u00f3metro en l\u00ednea recta. Tomamos la calle del Carmen y, a la altura de la piscina municipal, el camino de la Casa del Cuartillo, seguimos en direcci\u00f3n noroeste. Poco despu\u00e9s de dejar atr\u00e1s una gran charca, lo abandonamos y proseguimos por una pista a la derecha, primero en sentido noreste y m\u00e1s tarde sureste, ya en mitad de una dehesa en la que, entre encinas, sobresalen grandes bolos gran\u00edticos. Este debe ser el lugar.<\/p>\n<div class=\"mceTemp mceIEcenter\" style=\"text-align: center;\">\n<dl id=\"attachment_160\" class=\"wp-caption aligncenter\" style=\"width: 610px;\">\n<dt class=\"wp-caption-dt\"><a href=\"\/paraisos-olvidados\/wp-content\/uploads\/sites\/65\/2013\/06\/1.-Paisaje-circundante.jpg\"><img loading=\"lazy\" class=\"size-full wp-image-160\" title=\"Paisaje circundante.\/ V\u00edctor Gibello\" src=\"\/paraisos-olvidados\/wp-content\/uploads\/sites\/65\/2013\/06\/1.-Paisaje-circundante.jpg\" alt=\"Paisaje circundante.\/ V\u00edctor Gibello\" width=\"600\" height=\"450\" srcset=\"https:\/\/static-blogs.hoy.es\/wp-content\/uploads\/sites\/65\/2013\/06\/1.-Paisaje-circundante.jpg 600w, https:\/\/static-blogs.hoy.es\/wp-content\/uploads\/sites\/65\/2013\/06\/1.-Paisaje-circundante-300x225.jpg 300w, https:\/\/static-blogs.hoy.es\/wp-content\/uploads\/sites\/65\/2013\/06\/1.-Paisaje-circundante-562x422.jpg 562w\" sizes=\"(max-width: 600px) 100vw, 600px\" \/><\/a><\/dt>\n<dd class=\"wp-caption-dd\">Paisaje circundante.\/ V\u00edctor Gibello<\/dd>\n<\/dl>\n<\/div>\n<p>Llegamos sin contratiempos. El Canchal de los ojos se sit\u00faa junto al carril, sobre un peque\u00f1o altozano, incluso sin haberlo visto antes, es f\u00e1cilmente reconocible. Mientras realizo un reconocimiento del yacimiento arqueol\u00f3gico y de su entorno circundante, tratando de estudiar, analizar y comprender el asentamiento, mis compa\u00f1eros de viaje se dedican a preparar una merienda, a ratos me acompa\u00f1an en mis idas y venidas.<\/p>\n<div class=\"mceTemp mceIEcenter\" style=\"text-align: center;\">\n<dl id=\"attachment_164\" class=\"wp-caption aligncenter\" style=\"width: 610px;\">\n<dt class=\"wp-caption-dt\"><a href=\"\/paraisos-olvidados\/wp-content\/uploads\/sites\/65\/2013\/06\/3.-Canchal-de-los-Ojos-desde-el-sur.jpg\"><img loading=\"lazy\" class=\"size-full wp-image-164\" title=\"Canchal de los Ojos desde el sur.\/ V\u00edctor Gibello\" src=\"\/paraisos-olvidados\/wp-content\/uploads\/sites\/65\/2013\/06\/3.-Canchal-de-los-Ojos-desde-el-sur.jpg\" alt=\"Canchal de los Ojos desde el sur.\/ V\u00edctor Gibello\" width=\"600\" height=\"399\" srcset=\"https:\/\/static-blogs.hoy.es\/wp-content\/uploads\/sites\/65\/2013\/06\/3.-Canchal-de-los-Ojos-desde-el-sur.jpg 600w, https:\/\/static-blogs.hoy.es\/wp-content\/uploads\/sites\/65\/2013\/06\/3.-Canchal-de-los-Ojos-desde-el-sur-300x200.jpg 300w, https:\/\/static-blogs.hoy.es\/wp-content\/uploads\/sites\/65\/2013\/06\/3.-Canchal-de-los-Ojos-desde-el-sur-562x374.jpg 562w\" sizes=\"(max-width: 600px) 100vw, 600px\" \/><\/a><\/dt>\n<dd class=\"wp-caption-dd\">Canchal de los Ojos desde el sur.\/ V\u00edctor Gibello<\/dd>\n<\/dl>\n<\/div>\n<p>Juan Luis, pertrechado con c\u00e1mara fotogr\u00e1fica y bota de vino, me pregunta por los restos arqueol\u00f3gicos con la curiosidad propia del adolescente que fue y que, en parte, sigue siendo, su af\u00e1n por aprender lo delata. Me dice que podr\u00eda poner m\u00fasica de Leonard Cohen en el <em>post<\/em>, a lo que accedo encantado, aqu\u00ed est\u00e1 el <a href=\"http:\/\/www.youtube.com\/watch?v=CdaRQMmgdJY&#038;feature=youtu.be\" target=\"_blank\">enlace a un v\u00eddeo grabado por \u00e9l mismo<\/a> en un concierto dado en Madrid. Me gustan particularmente los versos del inicio de la canci\u00f3n: <em>The birds they sang\/ At the break of day\/ Start again\/ I heard them say\/ Don&#8217;t dwell on what\/ Has passed away\/ Or what is yet to be<\/em>. (<em>Los p\u00e1jaros cantaban\/ al romper el d\u00eda\/ Empezar de nuevo\/ les o\u00ed decir.\/ No insistas en lo que ha pasado\/ O lo que a\u00fan est\u00e1 por ser<\/em>). Los anal\u00edticos ojos de Maite miran con cierta distancia, no debe ser sencillo participar de actividades mundanas cuando se han investigado met\u00f3dicamente los medios interestelares ionizados de <a href=\"http:\/\/es.wikipedia.org\/wiki\/Galaxia_espiral\" target=\"_blank\">galaxias espiral<\/a> y las <a href=\"http:\/\/astronomyonline.org\/stars\/hiiradiation.asp?cate=stars&#038;subcate=st02&#038;subcate2=hiiradiation\" target=\"_blank\">Regiones HII<\/a>. Mar\u00eda Jos\u00e9 quisiera ver cada piedra en mi compa\u00f1\u00eda, pero el peque\u00f1o reclama todas sus atenciones y algunas m\u00e1s; su mente imaginativa crea mundos a velocidad de v\u00e9rtigo, con cada escena podr\u00eda escribir una novela y grabar varios v\u00eddeos. Mi ni\u00f1o, que viajaba dormido, abre sus preciosos ojos como queriendo absorberlo todo, nada escapa a su atenci\u00f3n, todo le parece maravilloso: los \u00e1rboles y sus movimientos suaves, el especial brillo del pasto a la ca\u00edda de la tarde agitado por el viento, el canto de un mirlo posado pr\u00f3ximo, el calor que desprenden las rocas. La vida.<\/p>\n<div class=\"mceTemp mceIEcenter\" style=\"text-align: center;\">\n<dl id=\"attachment_163\" class=\"wp-caption aligncenter\" style=\"width: 610px;\">\n<dt class=\"wp-caption-dt\"><a href=\"\/paraisos-olvidados\/wp-content\/uploads\/sites\/65\/2013\/06\/5.-Detalle-general-de-talla-en-la-roca.jpg\"><img loading=\"lazy\" class=\"size-full wp-image-163\" title=\"Detalle general de talla en la roca.\/ V\u00edctor Gibello\" src=\"\/paraisos-olvidados\/wp-content\/uploads\/sites\/65\/2013\/06\/5.-Detalle-general-de-talla-en-la-roca.jpg\" alt=\"Detalle general de talla en la roca.\/ V\u00edctor Gibello\" width=\"600\" height=\"450\" srcset=\"https:\/\/static-blogs.hoy.es\/wp-content\/uploads\/sites\/65\/2013\/06\/5.-Detalle-general-de-talla-en-la-roca.jpg 600w, https:\/\/static-blogs.hoy.es\/wp-content\/uploads\/sites\/65\/2013\/06\/5.-Detalle-general-de-talla-en-la-roca-300x225.jpg 300w, https:\/\/static-blogs.hoy.es\/wp-content\/uploads\/sites\/65\/2013\/06\/5.-Detalle-general-de-talla-en-la-roca-562x422.jpg 562w\" sizes=\"(max-width: 600px) 100vw, 600px\" \/><\/a><\/dt>\n<dd class=\"wp-caption-dd\">Detalle general de talla en la roca.\/ V\u00edctor Gibello<\/dd>\n<\/dl>\n<\/div>\n<p>El Canchal de los Ojos, tambi\u00e9n conocido como Pe\u00f1a Buraca, se ha ligado tradicionalmente con un santuario prehist\u00f3rico. Sin embargo, esta asociaci\u00f3n se ha realizado sin fundamentaci\u00f3n cient\u00edfica, carece de base arqueol\u00f3gica pues all\u00ed, a\u00fan, no se ha realizado excavaci\u00f3n alguna capaz de confirmar esta posibilidad.<\/p>\n<p>Los restos arqueol\u00f3gicos se extienden m\u00e1s all\u00e1 de una hect\u00e1rea en torno a la pe\u00f1a que da nombre al espacio y que, siendo el elemento m\u00e1s reconocible, no es sino un componente m\u00e1s del conjunto. Abundantes restos cer\u00e1micos de amplia cronolog\u00eda comparten el espacio con lagares excavados en la roca, al menos tres, numerosas tumbas, tambi\u00e9n talladas en la piedra, altares y otras estructuras de interpretaci\u00f3n discutible.<\/p>\n<div class=\"mceTemp mceIEcenter\" style=\"text-align: center;\">\n<dl id=\"attachment_159\" class=\"wp-caption aligncenter\" style=\"width: 610px;\">\n<dt class=\"wp-caption-dt\"><a href=\"\/paraisos-olvidados\/wp-content\/uploads\/sites\/65\/2013\/06\/8.-Tumbas-excavadas-en-la-roca1.jpg\"><img loading=\"lazy\" class=\"size-full wp-image-159\" title=\"Tumbas excavadas en la roca .\/ V\u00edctor Gibello\" src=\"\/paraisos-olvidados\/wp-content\/uploads\/sites\/65\/2013\/06\/8.-Tumbas-excavadas-en-la-roca1.jpg\" alt=\"Tumbas excavadas en la roca .\/ V\u00edctor Gibello\" width=\"600\" height=\"450\" srcset=\"https:\/\/static-blogs.hoy.es\/wp-content\/uploads\/sites\/65\/2013\/06\/8.-Tumbas-excavadas-en-la-roca1.jpg 600w, https:\/\/static-blogs.hoy.es\/wp-content\/uploads\/sites\/65\/2013\/06\/8.-Tumbas-excavadas-en-la-roca1-300x225.jpg 300w, https:\/\/static-blogs.hoy.es\/wp-content\/uploads\/sites\/65\/2013\/06\/8.-Tumbas-excavadas-en-la-roca1-562x422.jpg 562w\" sizes=\"(max-width: 600px) 100vw, 600px\" \/><\/a><\/dt>\n<dd class=\"wp-caption-dd\">Tumbas excavadas en la roca .\/ V\u00edctor Gibello<\/dd>\n<\/dl>\n<\/div>\n<p>Las tumbas, contrariamente a la norma habitual, no se sit\u00faan siguiendo la orientaci\u00f3n convencional este-oeste propia de las fosas altomedievales, en su mayor\u00eda se disponen alineadas con el Canchal de los Ojos, como si este fuera el elemento que origina el asentamiento, el que les da sentido y coherencia. Este hecho ha de ser destacado como indicador fundamental de un m\u00e1s que posible uso cultual del espacio.<\/p>\n<p>El Canchal de los Ojos es un enigma arqueol\u00f3gico por resolver, quiz\u00e1s, en un futuro pr\u00f3ximo, los estudios que se realicen aporten datos que eliminen los velos que tornan misterioso aquello que deber\u00eda ser evidente.<\/p>\n<p>Tratar\u00e9 de dar una hip\u00f3tesis interpretativa. El fen\u00f3meno del eremitismo cristiano tiene lugar en la Pen\u00ednsula Ib\u00e9rica desde fechas muy tempranas, aunque haya ejemplos anteriores, aparece plenamente establecido desde el siglo V. A fines del per\u00edodo visigodo (inicios del siglo VIII) alcanz\u00f3 un gran desarrollo de la mano de importantes personajes que con el tiempo fueron santificados, entre ellos Mill\u00e1n, Valerio, Saturnino y Fructuoso. Los eremitas pretend\u00edan el acercamiento a Dios mediante el abandono del mundo material, el aislamiento, la pr\u00e1ctica de la penitencia, la oraci\u00f3n y el ayuno extremos. Sus planteamientos, aunque plenamente cristianizados, se relacionan estrechamente con teor\u00edas y m\u00e9todos de escuelas filos\u00f3ficas helen\u00edsticas que buscaban el ideal moral y la perfecci\u00f3n espiritual.<\/p>\n<div class=\"mceTemp mceIEcenter\" style=\"text-align: center;\">\n<dl id=\"attachment_162\" class=\"wp-caption aligncenter\" style=\"width: 610px;\">\n<dt class=\"wp-caption-dt\"><a href=\"\/paraisos-olvidados\/wp-content\/uploads\/sites\/65\/2013\/06\/6.-Detalle-de-encastre-de-vigas-y-cubierta-en-roca.jpg\"><img loading=\"lazy\" class=\"size-full wp-image-162\" title=\"Detalle de encastre de vigas y cubierta en roca.\/ V\u00edctor Gibello\" src=\"\/paraisos-olvidados\/wp-content\/uploads\/sites\/65\/2013\/06\/6.-Detalle-de-encastre-de-vigas-y-cubierta-en-roca.jpg\" alt=\"Detalle de encastre de vigas y cubierta en roca.\/ V\u00edctor Gibello\" width=\"600\" height=\"450\" srcset=\"https:\/\/static-blogs.hoy.es\/wp-content\/uploads\/sites\/65\/2013\/06\/6.-Detalle-de-encastre-de-vigas-y-cubierta-en-roca.jpg 600w, https:\/\/static-blogs.hoy.es\/wp-content\/uploads\/sites\/65\/2013\/06\/6.-Detalle-de-encastre-de-vigas-y-cubierta-en-roca-300x225.jpg 300w, https:\/\/static-blogs.hoy.es\/wp-content\/uploads\/sites\/65\/2013\/06\/6.-Detalle-de-encastre-de-vigas-y-cubierta-en-roca-562x422.jpg 562w\" sizes=\"(max-width: 600px) 100vw, 600px\" \/><\/a><\/dt>\n<dd class=\"wp-caption-dd\">Detalle de encastre de vigas y cubierta en roca.\/ V\u00edctor Gibello<\/dd>\n<\/dl>\n<\/div>\n<p>El rigor, la dureza y el sufrimiento eran las v\u00edas de purificaci\u00f3n. Para alcanzarla resultaba esencial retirarse del mundo, marcharse a lugares no poblados, a desiertos humanos, a montes, bosques y cuevas donde mortificar el cuerpo para extraer lo mejor del alma. El Canchal de los Ojos, alejado del mundo y de los principales caminos, se convirti\u00f3 durante la Alta Edad Media en un eremitorio, un espacio ocupado por anacoretas y m\u00edsticos seducidos por la idea de lo Absoluto hasta tal extremo de ser capaces de renunciar a s\u00ed mismos. Alrededor de la Pe\u00f1a Buraca construyeron un h\u00e1bitat semirrupestre, el Canchal sirvi\u00f3 para edificar una iglesia, un oratorio sencillo, a\u00fan hoy pueden verse los agujeros abiertos en la roca para encastrar las vigas de la cubierta y una gran roza para embutir el tejado a dos aguas. Tambi\u00e9n es reconocible una mesa de altar. Las dos grandes oquedades, las asociadas popularmente a ojos, debieron ser usadas como hornacina en la que situar una imagen especialmente querida y sagrario. En torno al cancho dispusieron sus enterramientos, en pos de la santidad que el espacio de culto les confer\u00eda. El mundo de los muertos y el de los vivos se torn\u00f3 un mismo \u00e1mbito, como recordatorio de la transitoriedad y fugacidad de la existencia material. Muchos eremitorios dieron origen a monasterios, especialmente en el norte peninsular, pero este no es nuestro caso, la conquista isl\u00e1mica debi\u00f3 poner fin a su recorrido como centro espiritual.<\/p>\n<div class=\"mceTemp mceIEcenter\" style=\"text-align: center;\">\n<dl id=\"attachment_161\" class=\"wp-caption aligncenter\" style=\"width: 610px;\">\n<dt class=\"wp-caption-dt\"><a href=\"\/paraisos-olvidados\/wp-content\/uploads\/sites\/65\/2013\/06\/11.-Mesa-altar.jpg\"><img loading=\"lazy\" class=\"size-full wp-image-161\" title=\"Posible mesa - altar.\/ V\u00edctor Gibello\" src=\"\/paraisos-olvidados\/wp-content\/uploads\/sites\/65\/2013\/06\/11.-Mesa-altar.jpg\" alt=\"Posible mesa - altar.\/ V\u00edctor Gibello\" width=\"600\" height=\"399\" srcset=\"https:\/\/static-blogs.hoy.es\/wp-content\/uploads\/sites\/65\/2013\/06\/11.-Mesa-altar.jpg 600w, https:\/\/static-blogs.hoy.es\/wp-content\/uploads\/sites\/65\/2013\/06\/11.-Mesa-altar-300x200.jpg 300w, https:\/\/static-blogs.hoy.es\/wp-content\/uploads\/sites\/65\/2013\/06\/11.-Mesa-altar-562x374.jpg 562w\" sizes=\"(max-width: 600px) 100vw, 600px\" \/><\/a><\/dt>\n<dd class=\"wp-caption-dd\">Posible mesa &#8211; altar.\/ V\u00edctor Gibello<\/dd>\n<\/dl>\n<\/div>\n<p>Es posible que la elecci\u00f3n del emplazamiento no fuera casual, casi nunca lo era, y que situarse all\u00ed se relacionara con la existencia de un espacio de culto pagano ancestral donde se veneraran deidades ligadas a la tierra. La presencia de materiales calcol\u00edticos podr\u00eda reforzar la imagen de la Pe\u00f1a Buraca vinculada a un gran \u00eddolo oculado. En este periodo son habituales las representaciones oculadas en pinturas esquem\u00e1ticas, cer\u00e1micas y tallas, tanto en piedra como en hueso. Quiz\u00e1s todo est\u00e9 ligado y la tradici\u00f3n popular siga apreciando all\u00ed lo mismo que sus ancestros milenios atr\u00e1s.<\/p>\n<div class=\"mceTemp mceIEcenter\" style=\"text-align: center;\">\n<dl id=\"attachment_156\" class=\"wp-caption aligncenter\" style=\"width: 610px;\">\n<dt class=\"wp-caption-dt\"><a href=\"\/paraisos-olvidados\/wp-content\/uploads\/sites\/65\/2013\/06\/13.-Luna-sobre-entorno-del-Canchal-de-los-Ojos.jpg\"><img loading=\"lazy\" class=\"size-full wp-image-156\" title=\"Luna sobre entorno del Canchal de los Ojos.\/ V\u00edctor Gibello\" src=\"\/paraisos-olvidados\/wp-content\/uploads\/sites\/65\/2013\/06\/13.-Luna-sobre-entorno-del-Canchal-de-los-Ojos.jpg\" alt=\"Luna sobre entorno del Canchal de los Ojos.\/ V\u00edctor Gibello\" width=\"600\" height=\"399\" srcset=\"https:\/\/static-blogs.hoy.es\/wp-content\/uploads\/sites\/65\/2013\/06\/13.-Luna-sobre-entorno-del-Canchal-de-los-Ojos.jpg 600w, https:\/\/static-blogs.hoy.es\/wp-content\/uploads\/sites\/65\/2013\/06\/13.-Luna-sobre-entorno-del-Canchal-de-los-Ojos-300x200.jpg 300w, https:\/\/static-blogs.hoy.es\/wp-content\/uploads\/sites\/65\/2013\/06\/13.-Luna-sobre-entorno-del-Canchal-de-los-Ojos-562x374.jpg 562w\" sizes=\"(max-width: 600px) 100vw, 600px\" \/><\/a><\/dt>\n<dd class=\"wp-caption-dd\">Luna sobre entorno del Canchal de los Ojos.\/ V\u00edctor Gibello<\/dd>\n<\/dl>\n<\/div>\n<p>Despu\u00e9s de deleitarnos con la belleza del paisaje a la luz de la luna llena, retornamos cargados de la energ\u00eda aportada por los astros, las piedras, los \u00e1rboles\u2026 Hablamos de Nick Cave y surge su canci\u00f3n <a href=\"http:\/\/www.youtube.com\/watch?v=lEUgORVsECs\" target=\"_blank\">\u201c<em>Into my arms<\/em>\u201d<\/a>, su \u00faltima estrofa dice: \u201c<em>Pero yo creo en el amor\/ Y s\u00e9 que t\u00fa lo haces tambi\u00e9n\/\u2028Y creo en alguna clase de camino\/\u2028Que podamos recorrer tu y yo\/\u2028As\u00ed que mantened vuestras velas encendidas\/\u2028Y haced su jornada brillante y pura\/\u2028Que ella siga volviendo siempre y para siempre<\/em>\u201d. Hemos dejado las velas encendidas para poder volver, para encontrar siempre el camino de regreso.<\/p>\n<div class=\"mceTemp mceIEcenter\" style=\"text-align: center;\">\n<dl id=\"attachment_157\" class=\"wp-caption aligncenter\" style=\"width: 610px;\">\n<dt class=\"wp-caption-dt\"><a href=\"\/paraisos-olvidados\/wp-content\/uploads\/sites\/65\/2013\/06\/1DSC_6588r.jpg\"><img loading=\"lazy\" class=\"size-full wp-image-157\" title=\"Velas, piedra y estrellas.\/ V\u00edctor Gibello\" src=\"\/paraisos-olvidados\/wp-content\/uploads\/sites\/65\/2013\/06\/1DSC_6588r.jpg\" alt=\"Velas, piedra y estrellas.\/ V\u00edctor Gibello\" width=\"600\" height=\"902\" srcset=\"https:\/\/static-blogs.hoy.es\/wp-content\/uploads\/sites\/65\/2013\/06\/1DSC_6588r.jpg 600w, https:\/\/static-blogs.hoy.es\/wp-content\/uploads\/sites\/65\/2013\/06\/1DSC_6588r-200x300.jpg 200w, https:\/\/static-blogs.hoy.es\/wp-content\/uploads\/sites\/65\/2013\/06\/1DSC_6588r-374x562.jpg 374w\" sizes=\"(max-width: 600px) 100vw, 600px\" \/><\/a><\/dt>\n<dd class=\"wp-caption-dd\">Velas, piedra y estrellas.\/ V\u00edctor Gibello<\/dd>\n<\/dl>\n<\/div>\n<p>&nbsp;<\/p>\n<p>&nbsp;<\/p>\n<p>&nbsp;<\/p>\n<p>&nbsp;<\/p>\n<!-- AddThis Advanced Settings generic via filter on the_content --><!-- AddThis Share Buttons generic via filter on the_content -->","protected":false},"excerpt":{"rendered":"<p>Vista general del Canchal de los Ojos o Pe\u00f1a Buraca.\/ V\u00edctor Gibello VER TODA LA GALER\u00cdA DE FOTOS DEL CANCHAL DE LOS OJOS.\u00a0\/ Autor: V\u00cdCTOR GIBELLO Escuch\u00e9 hablar de ella hace a\u00f1os. Las descripciones la dibujaban con trazos envueltos en el misterio. Los m\u00e1s obvios comentaban su apariencia pintoresca y su forma moldeada, queriendo ver [&hellip;]<!-- AddThis Advanced Settings generic via filter on get_the_excerpt --><!-- AddThis Share Buttons generic via filter on get_the_excerpt --><\/p>\n","protected":false},"author":71,"featured_media":0,"comment_status":"open","ping_status":"closed","sticky":false,"template":"","format":"standard","meta":[],"categories":[30],"tags":[51,69,95,113,148,235,241,242,290,299,328,329,365,440,486,490,526,580,627,634,642],"_links":{"self":[{"href":"https:\/\/blogs.hoy.es\/paraisos-olvidados\/wp-json\/wp\/v2\/posts\/154"}],"collection":[{"href":"https:\/\/blogs.hoy.es\/paraisos-olvidados\/wp-json\/wp\/v2\/posts"}],"about":[{"href":"https:\/\/blogs.hoy.es\/paraisos-olvidados\/wp-json\/wp\/v2\/types\/post"}],"author":[{"embeddable":true,"href":"https:\/\/blogs.hoy.es\/paraisos-olvidados\/wp-json\/wp\/v2\/users\/71"}],"replies":[{"embeddable":true,"href":"https:\/\/blogs.hoy.es\/paraisos-olvidados\/wp-json\/wp\/v2\/comments?post=154"}],"version-history":[{"count":0,"href":"https:\/\/blogs.hoy.es\/paraisos-olvidados\/wp-json\/wp\/v2\/posts\/154\/revisions"}],"wp:attachment":[{"href":"https:\/\/blogs.hoy.es\/paraisos-olvidados\/wp-json\/wp\/v2\/media?parent=154"}],"wp:term":[{"taxonomy":"category","embeddable":true,"href":"https:\/\/blogs.hoy.es\/paraisos-olvidados\/wp-json\/wp\/v2\/categories?post=154"},{"taxonomy":"post_tag","embeddable":true,"href":"https:\/\/blogs.hoy.es\/paraisos-olvidados\/wp-json\/wp\/v2\/tags?post=154"}],"curies":[{"name":"wp","href":"https:\/\/api.w.org\/{rel}","templated":true}]}}