{"id":167,"date":"2013-06-27T19:11:27","date_gmt":"2013-06-27T19:11:27","guid":{"rendered":"http:\/\/blogs.hoy.es\/paraisos-olvidados\/?p=167"},"modified":"2013-06-27T19:11:27","modified_gmt":"2013-06-27T19:11:27","slug":"la-casa-de-la-sierra-un-puesto-de-mando-avanzado-de-la-republica-en-el-frente-extremeno","status":"publish","type":"post","link":"https:\/\/blogs.hoy.es\/paraisos-olvidados\/2013\/06\/27\/la-casa-de-la-sierra-un-puesto-de-mando-avanzado-de-la-republica-en-el-frente-extremeno\/","title":{"rendered":"La Casa de la Sierra, un puesto de mando avanzado de la Rep\u00fablica en el Frente Extreme\u00f1o"},"content":{"rendered":"<div class=\"mceTemp mceIEcenter\" style=\"text-align: center;\">\n<dl id=\"attachment_168\" class=\"wp-caption aligncenter\" style=\"width: 610px;\">\n<dt class=\"wp-caption-dt\"><a href=\"\/paraisos-olvidados\/wp-content\/uploads\/sites\/65\/2013\/06\/6.-Hoy-los-cardos-son-los-\u00fanicos-vigilantes-de-la-puerta.jpg\"><img loading=\"lazy\" class=\"size-full wp-image-168\" title=\"Hoy los cardos son los \u00fanicos vigilantes de la puerta.\/ V\u00edctor Gibello\" src=\"\/paraisos-olvidados\/wp-content\/uploads\/sites\/65\/2013\/06\/6.-Hoy-los-cardos-son-los-\u00fanicos-vigilantes-de-la-puerta.jpg\" alt=\"Hoy los cardos son los \u00fanicos vigilantes de la puerta.\/ V\u00edctor Gibello\" width=\"600\" height=\"450\" srcset=\"https:\/\/static-blogs.hoy.es\/wp-content\/uploads\/sites\/65\/2013\/06\/6.-Hoy-los-cardos-son-los-\u00fanicos-vigilantes-de-la-puerta.jpg 600w, https:\/\/static-blogs.hoy.es\/wp-content\/uploads\/sites\/65\/2013\/06\/6.-Hoy-los-cardos-son-los-\u00fanicos-vigilantes-de-la-puerta-300x225.jpg 300w, https:\/\/static-blogs.hoy.es\/wp-content\/uploads\/sites\/65\/2013\/06\/6.-Hoy-los-cardos-son-los-\u00fanicos-vigilantes-de-la-puerta-562x422.jpg 562w\" sizes=\"(max-width: 600px) 100vw, 600px\" \/><\/a><\/dt>\n<dd class=\"wp-caption-dd\">Hoy los cardos son los \u00fanicos vigilantes de la puerta.\/ V\u00edctor Gibello<\/dd>\n<\/dl>\n<\/div>\n<p style=\"text-align: center;\"><a href=\"http:\/\/www.hoy.es\/multimedia\/fotos\/badajoz\/122995-paraisos-olvidados-casa-sierra-puesto-mando-republicano-frente-extremeno-0.html\" target=\"_blank\">VER TODA LA GALER\u00cdA DE LA CASA DE LA SIERRA, DON BENITO.\u00a0\/ Autor: V\u00cdCTOR GIBELLO<\/a><\/p>\n<p>&nbsp;<\/p>\n<p><strong>Hay hallazgos inesperados, descubrimientos que parecen aguardarnos pacientes y a los que parecemos ajenos<\/strong>. Las b\u00fasquedas, de cualquier naturaleza, suelen deparar encuentros que no siempre se corresponden con el motivo que las gener\u00f3, pero que estaban dispuestos all\u00ed, qui\u00e9n sabe por qu\u00e9, ofreci\u00e9ndose a nosotros para que los di\u00e9ramos a conocer.<\/p>\n<p>Hace algunos a\u00f1os, en busca de lo que no encontr\u00e9, hall\u00e9 un tesoro hist\u00f3rico dormido en Don Benito. Una joya merecedora de conservaci\u00f3n que en este tiempo ha languidecido hasta tal extremo, que su sue\u00f1o parece casi una muerte de olvido, una joya que se deshace, que pierde su p\u00e9talos como flor agostada, que parece condenada a una desaparici\u00f3n inminente. Quiz\u00e1s no seamos merecedores de las herencias que dilapidamos, quiz\u00e1s seamos indignos depositarios de un legado que destruimos o que arruinamos con nuestra indiferencia.<!--more--><\/p>\n<div class=\"mceTemp mceIEcenter\" style=\"text-align: center;\">\n<dl id=\"attachment_173\" class=\"wp-caption aligncenter\" style=\"width: 610px;\">\n<dt class=\"wp-caption-dt\"><a href=\"\/paraisos-olvidados\/wp-content\/uploads\/sites\/65\/2013\/06\/Sierra-de-la-Ortiga.jpg\"><img loading=\"lazy\" class=\"size-full wp-image-173\" title=\"Sierra de la Ortiga.\/ V\u00edctor Gibello\" src=\"\/paraisos-olvidados\/wp-content\/uploads\/sites\/65\/2013\/06\/Sierra-de-la-Ortiga.jpg\" alt=\"Sierra de la Ortiga.\/ V\u00edctor Gibello\" width=\"600\" height=\"450\" srcset=\"https:\/\/static-blogs.hoy.es\/wp-content\/uploads\/sites\/65\/2013\/06\/Sierra-de-la-Ortiga.jpg 600w, https:\/\/static-blogs.hoy.es\/wp-content\/uploads\/sites\/65\/2013\/06\/Sierra-de-la-Ortiga-300x225.jpg 300w, https:\/\/static-blogs.hoy.es\/wp-content\/uploads\/sites\/65\/2013\/06\/Sierra-de-la-Ortiga-562x422.jpg 562w\" sizes=\"(max-width: 600px) 100vw, 600px\" \/><\/a><\/dt>\n<dd class=\"wp-caption-dd\">Sierra de la Ortiga.\/ V\u00edctor Gibello<\/dd>\n<\/dl>\n<\/div>\n<p>&nbsp;<\/p>\n<p>Caminando por la vertiente sur de la Sierra de la Ortiga, o de las Cruces, ote\u00e9 a los lejos un edificio que asomaba entre la vegetaci\u00f3n. Su porte y sus trazas lo vinculaban, ya en la distancia, con una construcci\u00f3n claramente dom\u00e9stica; sin embargo, hab\u00eda algo en ella distinto de otras tantas edificaciones tradicionales rurales del siglo XIX de la comarca. Puede que fueran las torrecillas circulares que flanqueaban el pasillo previo a la entrada, o el amplio port\u00f3n al que abocaba el camino empedrado, a\u00fan visible, los que llamaran mi atenci\u00f3n, o puede que hubiera algo no concreto, pero palpable, que me incitara a adentrarme en aquella ruina.<\/p>\n<div class=\"mceTemp mceIEcenter\" style=\"text-align: center;\">\n<dl id=\"attachment_174\" class=\"wp-caption aligncenter\" style=\"width: 610px;\">\n<dt class=\"wp-caption-dt\"><a href=\"\/paraisos-olvidados\/wp-content\/uploads\/sites\/65\/2013\/06\/Camino-de-acceso.jpg\"><img loading=\"lazy\" class=\"size-full wp-image-174\" title=\"Camino de acceso.\/ V\u00edctor Gibello\" src=\"\/paraisos-olvidados\/wp-content\/uploads\/sites\/65\/2013\/06\/Camino-de-acceso.jpg\" alt=\"Camino de acceso.\/ V\u00edctor Gibello\" width=\"600\" height=\"450\" srcset=\"https:\/\/static-blogs.hoy.es\/wp-content\/uploads\/sites\/65\/2013\/06\/Camino-de-acceso.jpg 600w, https:\/\/static-blogs.hoy.es\/wp-content\/uploads\/sites\/65\/2013\/06\/Camino-de-acceso-300x225.jpg 300w, https:\/\/static-blogs.hoy.es\/wp-content\/uploads\/sites\/65\/2013\/06\/Camino-de-acceso-562x422.jpg 562w\" sizes=\"(max-width: 600px) 100vw, 600px\" \/><\/a><\/dt>\n<dd class=\"wp-caption-dd\">Camino de acceso.\/ V\u00edctor Gibello<\/dd>\n<\/dl>\n<\/div>\n<p>&nbsp;<\/p>\n<p>Lo cierto es que encamin\u00e9 mis pasos hacia ella, decidido, incluso soportando una lluvia a ratos copiosa que se alternaba con breves claros, una tormenta t\u00edpica de mayo que dibujaba sobre el paisaje un cielo barroco, dram\u00e1tico. El camino transitaba entre eucaliptos, primero, y encinas y olivos, m\u00e1s tarde. De repente, sent\u00ed un dolor intenso, ocho o nueve abejas clavaban sus aguijones en mi piel, sin piedad, enrabietadas. Tres apicultores manipulaban las colmenas pr\u00f3ximas con la tranquilidad de un h\u00e1bito repetido mil veces, proyectaban humo suave y r\u00edtmicamente, extra\u00edan l\u00e1minas de miel que almacenaban con cuidado en recipientes dispuestos junto a un veh\u00edculo. Corr\u00ed en sentido opuesto, sin perder de vista el edificio, alej\u00e1ndome del camino para huir del enjambre.<\/p>\n<div class=\"mceTemp mceIEcenter\" style=\"text-align: center;\">\n<dl id=\"attachment_175\" class=\"wp-caption aligncenter\" style=\"width: 610px;\">\n<dt class=\"wp-caption-dt\"><a href=\"\/paraisos-olvidados\/wp-content\/uploads\/sites\/65\/2013\/06\/5.-Puerta-de-entrada-a-la-Casa-de-la-Sierra.jpg\"><img loading=\"lazy\" class=\"size-full wp-image-175\" title=\"Puerta de entrada a la Casa de la Sierra.\/ V\u00edctor Gibello\" src=\"\/paraisos-olvidados\/wp-content\/uploads\/sites\/65\/2013\/06\/5.-Puerta-de-entrada-a-la-Casa-de-la-Sierra.jpg\" alt=\"Puerta de entrada a la Casa de la Sierra.\/ V\u00edctor Gibello\" width=\"600\" height=\"450\" srcset=\"https:\/\/static-blogs.hoy.es\/wp-content\/uploads\/sites\/65\/2013\/06\/5.-Puerta-de-entrada-a-la-Casa-de-la-Sierra.jpg 600w, https:\/\/static-blogs.hoy.es\/wp-content\/uploads\/sites\/65\/2013\/06\/5.-Puerta-de-entrada-a-la-Casa-de-la-Sierra-300x225.jpg 300w, https:\/\/static-blogs.hoy.es\/wp-content\/uploads\/sites\/65\/2013\/06\/5.-Puerta-de-entrada-a-la-Casa-de-la-Sierra-562x422.jpg 562w\" sizes=\"(max-width: 600px) 100vw, 600px\" \/><\/a><\/dt>\n<dd class=\"wp-caption-dd\">Puerta de entrada a la Casa de la Sierra.\/ V\u00edctor Gibello<\/dd>\n<\/dl>\n<\/div>\n<p>&nbsp;<\/p>\n<p>Alcanc\u00e9 la casa tras un suave repecho. Dos peque\u00f1as torres circulares, muy deterioradas, defin\u00edan la entrada con claridad, entre ambas discurr\u00eda la v\u00eda pavimentada de la que me hicieron escapar trescientos metros atr\u00e1s los insectos. Muros de piedra delimitaban a un lado y al otro espacios ocupados por descuidados olivos. La hierba, ya pasto, crec\u00eda entre las piedras del camino, se\u00f1al inequ\u00edvoca de abandono prolongado. Cruc\u00e9 una alta puerta, viejo acceso de carruajes, y me encontr\u00e9 en un amplio patio con unas magn\u00edficas vistas hacia el sur, hacia los llanos cereal\u00edcolas y las sierras de Guad\u00e1mez, Argall\u00e9n y Arrozao. Numerosas dependencias, totalmente arruinadas, se alzaban hacia el sur, este y oeste, probables establos y almacenes del cortijo.<\/p>\n<div class=\"mceTemp mceIEcenter\" style=\"text-align: center;\">\n<dl id=\"attachment_176\" class=\"wp-caption aligncenter\" style=\"width: 610px;\">\n<dt class=\"wp-caption-dt\"><a href=\"\/paraisos-olvidados\/wp-content\/uploads\/sites\/65\/2013\/06\/9.-Ruina-completa.jpg\"><img loading=\"lazy\" class=\"size-full wp-image-176\" title=\"La ruina avanza.\/ V\u00edctor Gibello\" src=\"\/paraisos-olvidados\/wp-content\/uploads\/sites\/65\/2013\/06\/9.-Ruina-completa.jpg\" alt=\"La ruina avanza.\/ V\u00edctor Gibello\" width=\"600\" height=\"450\" srcset=\"https:\/\/static-blogs.hoy.es\/wp-content\/uploads\/sites\/65\/2013\/06\/9.-Ruina-completa.jpg 600w, https:\/\/static-blogs.hoy.es\/wp-content\/uploads\/sites\/65\/2013\/06\/9.-Ruina-completa-300x225.jpg 300w, https:\/\/static-blogs.hoy.es\/wp-content\/uploads\/sites\/65\/2013\/06\/9.-Ruina-completa-562x422.jpg 562w\" sizes=\"(max-width: 600px) 100vw, 600px\" \/><\/a><\/dt>\n<dd class=\"wp-caption-dd\">La ruina avanza.\/ V\u00edctor Gibello<\/dd>\n<\/dl>\n<\/div>\n<p>&nbsp;<\/p>\n<p>Al norte, una escalinata doble marcaba el acceso a la vivienda propiamente dicha. Al estar construida sobre la ladera, se estructur\u00f3 en dos niveles perfectamente definidos por usos. Las escaleras conduc\u00edan a una gran terraza de la que sobresal\u00eda una torrecilla semicircular a modo de balc\u00f3n. A la izquierda de la terraza otra escalera llevaba directamente al doblado o sobrado, un espacio corrido, di\u00e1fano, tambi\u00e9n utilizado para funciones diversas, entre ellas el almacenamiento del excedente de la cosecha.<\/p>\n<div class=\"mceTemp mceIEcenter\" style=\"text-align: center;\">\n<dl id=\"attachment_172\" class=\"wp-caption aligncenter\" style=\"width: 610px;\">\n<dt class=\"wp-caption-dt\"><a href=\"\/paraisos-olvidados\/wp-content\/uploads\/sites\/65\/2013\/06\/Casa-vista-desde-el-patio.jpg\"><img loading=\"lazy\" class=\"size-full wp-image-172\" title=\"Casa vista desde el patio.\/ V\u00edctor Gibello\" src=\"\/paraisos-olvidados\/wp-content\/uploads\/sites\/65\/2013\/06\/Casa-vista-desde-el-patio.jpg\" alt=\"Casa vista desde el patio.\/ V\u00edctor Gibello\" width=\"600\" height=\"450\" srcset=\"https:\/\/static-blogs.hoy.es\/wp-content\/uploads\/sites\/65\/2013\/06\/Casa-vista-desde-el-patio.jpg 600w, https:\/\/static-blogs.hoy.es\/wp-content\/uploads\/sites\/65\/2013\/06\/Casa-vista-desde-el-patio-300x225.jpg 300w, https:\/\/static-blogs.hoy.es\/wp-content\/uploads\/sites\/65\/2013\/06\/Casa-vista-desde-el-patio-562x422.jpg 562w\" sizes=\"(max-width: 600px) 100vw, 600px\" \/><\/a><\/dt>\n<dd class=\"wp-caption-dd\">Casa vista desde el patio.\/ V\u00edctor Gibello<\/dd>\n<\/dl>\n<\/div>\n<p>&nbsp;<\/p>\n<p>En el bajo, la puerta principal estaba tapiada. Me col\u00e9 por un agujero abierto en la pared, posible eco de una ventana desaparecida. Ya en el interior, deambul\u00e9 con prudencia, el estado de ruina avanzado as\u00ed lo aconsejaba, la p\u00e9rdida de parte de la cubierta hab\u00eda dejado un amasijo informe de escombros y vigas sobre los suelos. Un pasillo, trazado en sentido este \u2013 oeste, permit\u00eda el tr\u00e1nsito entre dependencias, que se abr\u00edan a ambos lados hasta sumar un total de once estancias.<\/p>\n<div class=\"mceTemp mceIEcenter\" style=\"text-align: center;\">\n<dl id=\"attachment_171\" class=\"wp-caption aligncenter\" style=\"width: 610px;\">\n<dt class=\"wp-caption-dt\"><a href=\"\/paraisos-olvidados\/wp-content\/uploads\/sites\/65\/2013\/06\/12.-Estancia-de-la-Casa-de-la-Sierra.jpg\"><img loading=\"lazy\" class=\"size-full wp-image-171\" title=\"Estancia de la Casa de la Sierra.\/ V\u00edctor Gibello\" src=\"\/paraisos-olvidados\/wp-content\/uploads\/sites\/65\/2013\/06\/12.-Estancia-de-la-Casa-de-la-Sierra.jpg\" alt=\"Estancia de la Casa de la Sierra.\/ V\u00edctor Gibello\" width=\"600\" height=\"399\" srcset=\"https:\/\/static-blogs.hoy.es\/wp-content\/uploads\/sites\/65\/2013\/06\/12.-Estancia-de-la-Casa-de-la-Sierra.jpg 600w, https:\/\/static-blogs.hoy.es\/wp-content\/uploads\/sites\/65\/2013\/06\/12.-Estancia-de-la-Casa-de-la-Sierra-300x200.jpg 300w, https:\/\/static-blogs.hoy.es\/wp-content\/uploads\/sites\/65\/2013\/06\/12.-Estancia-de-la-Casa-de-la-Sierra-562x374.jpg 562w\" sizes=\"(max-width: 600px) 100vw, 600px\" \/><\/a><\/dt>\n<dd class=\"wp-caption-dd\">Estancia de la Casa de la Sierra.\/ V\u00edctor Gibello<\/dd>\n<\/dl>\n<\/div>\n<p>&nbsp;<\/p>\n<p>Podr\u00eda seguir con la descripci\u00f3n arquitect\u00f3nica del inmueble y comentar que los z\u00f3calos de piedra cuarc\u00edtica sosten\u00edan muros de tapia tradicional de coloraci\u00f3n rojiza, como las tierras del lugar, y otras tantos aspectos que hablar\u00edan de esta construcci\u00f3n realizada con las t\u00e9cnicas y las tipolog\u00edas propias del mundo rural bajoextreme\u00f1o del siglo XIX; pero todo ello, siendo sumamente atractivo, ser\u00eda algo menor comparado por <strong>el verdadero inter\u00e9s que ofrece la llamada Casa de la Sierra: el interior de la vivienda manten\u00eda un conjunto de grafitos espectacular por su contenido<\/strong>, fruto del tiempo en que fue usada como sede de un puesto de mando avanzado de la Rep\u00fablica en el Frente Extreme\u00f1o.<\/p>\n<div class=\"mceTemp mceIEcenter\" style=\"text-align: center;\">\n<dl id=\"attachment_177\" class=\"wp-caption aligncenter\" style=\"width: 610px;\">\n<dt class=\"wp-caption-dt\"><a href=\"\/paraisos-olvidados\/wp-content\/uploads\/sites\/65\/2013\/06\/18.-Palabras-de-desmoralizaci\u00f3n.jpg\"><img loading=\"lazy\" class=\"size-full wp-image-177\" title=\"Grafitos.\/ V\u00edctor Gibello\" src=\"\/paraisos-olvidados\/wp-content\/uploads\/sites\/65\/2013\/06\/18.-Palabras-de-desmoralizaci\u00f3n.jpg\" alt=\"Grafitos.\/ V\u00edctor Gibello\" width=\"600\" height=\"399\" srcset=\"https:\/\/static-blogs.hoy.es\/wp-content\/uploads\/sites\/65\/2013\/06\/18.-Palabras-de-desmoralizaci\u00f3n.jpg 600w, https:\/\/static-blogs.hoy.es\/wp-content\/uploads\/sites\/65\/2013\/06\/18.-Palabras-de-desmoralizaci\u00f3n-300x200.jpg 300w, https:\/\/static-blogs.hoy.es\/wp-content\/uploads\/sites\/65\/2013\/06\/18.-Palabras-de-desmoralizaci\u00f3n-562x374.jpg 562w\" sizes=\"(max-width: 600px) 100vw, 600px\" \/><\/a><\/dt>\n<dd class=\"wp-caption-dd\">Grafitos.\/ V\u00edctor Gibello<\/dd>\n<\/dl>\n<\/div>\n<p>&nbsp;<\/p>\n<p>En agosto de 1936, consolidadas las posiciones de M\u00e9rida y Badajoz, los mandos militares sublevados deciden, de acuerdo con la estrategia definida por Franco, iniciar la marcha hacia Madrid. En un intento por asegurar el flanco sur del trayecto hacia la capital, Don Benito y otras localidades de la comarca fueron bombardeadas los d\u00edas 16 y 17 de agosto, y una columna liderada por Castej\u00f3n, comandante de la legi\u00f3n participante en los desgraciados acontecimientos de Badajoz, inici\u00f3 su marcha hacia Medell\u00edn. Lo que parec\u00eda un desfile triunfal, se torn\u00f3 dura derrota. Los milicianos, defensores de la Rep\u00fablica, hab\u00edan fortificado su posici\u00f3n en Medell\u00edn aprovechando el castillo medieval y el control del puente sobre el Guadiana, \u00bfqui\u00e9n pod\u00eda imaginar entonces que la fortaleza medieval iba a recuperar funciones castrenses y convertirse en clave de la resistencia al fascismo en La Serena?<\/p>\n<p>A partir de ese momento, segunda quincena del mes de agosto \u2013 inicios del oto\u00f1o de 1936, se crea en el este de la provincia de Badajoz una l\u00ednea de frente estable que perdurar\u00e1, con ligeras modificaciones, como zona de fricci\u00f3n permanente entre los dos bandos hasta la segunda quincena de julio de 1938, fecha en que se da por finalizada la denominada \u201cBolsa de la Serena\u201d tras una contundente ofensiva del bando nacional. Durante este tiempo, el espacio geogr\u00e1fico se convierte en un escenario b\u00e9lico que genera un conjunto de construcciones, espacios de memoria y lugares emblem\u00e1ticos que, en nuestros d\u00edas, ha terminado por formar parte de un Patrimonio singular y perfectamente reconocible. Un Patrimonio totalmente desprotegido en Extremadura, incomprensiblemente desprotegido, con muchos de sus bienes en un estado tal que su continuidad se antoja muy dif\u00edcil, casi imposible.<\/p>\n<p>Existen iniciativas muy loables, como la llevada a cabo por el CEDER La Serena, donde personas como Antonio L\u00f3pez est\u00e1n haciendo una labor encomiable de inventario, sensibilizaci\u00f3n y difusi\u00f3n del Patrimonio de la Guerra Civil en la comarca. Parte de este estupendo trabajo puede apreciarse en la web <a href=\"http:\/\/www.1936laserenalosmonegros.es\/\" target=\"_blank\">www.1936laserenalosmonegros.es<\/a>, ojal\u00e1 su ejemplo se extienda al resto del territorio y se dote de protecci\u00f3n legal, sostenimiento, estudio y conservaci\u00f3n por parte de la Administraci\u00f3n encargada de velar por nuestro Patrimonio, es su obligaci\u00f3n y su raz\u00f3n de ser.<\/p>\n<p>Hace cinco a\u00f1os se celebraron en Castuera unas jornadas tituladas <em>Guerra y Patrimonio en el Frente Extreme\u00f1o. 70 Aniversario del cierre de la \u201cBolsa de La Serena\u201d. <\/em>Tuve el privilegio de participar en ellas invitado por la organizaci\u00f3n, all\u00ed mostr\u00e9 algunos de los bienes m\u00e1s amenazados y ofrec\u00ed posibilidades de trabajo para el futuro inmediato. Han pasado los a\u00f1os y nada se ha hecho, ninguna propuesta de las ofrecidas por los participantes fue escuchada. Desde entonces el Patrimonio de la Guerra Civil est\u00e1 tan expuesto o m\u00e1s que antes, el paso del tiempo no juega a su favor, el riesgo de desaparici\u00f3n es completo.<\/p>\n<p>Uno de los lugares mostrado en aquellas fruct\u00edferas jornadas fue nuestro Para\u00edso Olvidado de hoy, la Casa de la Sierra. Se trata de un edificio construido probablemente un siglo antes del inicio del conflicto armado. Su inter\u00e9s radica en el aprovechamiento que la Divisi\u00f3n 37\u00aa del Ej\u00e9rcito de Extremadura hace del inmueble, al que convierte en sede de mando operativo avanzado de la Rep\u00fablica sobre la \u201cfrontera\u201d entre las dos Espa\u00f1as.<\/p>\n<div class=\"mceTemp mceIEcenter\" style=\"text-align: center;\">\n<dl id=\"attachment_178\" class=\"wp-caption aligncenter\" style=\"width: 610px;\">\n<dt class=\"wp-caption-dt\"><a href=\"\/paraisos-olvidados\/wp-content\/uploads\/sites\/65\/2013\/06\/16.-Grafito-Puesto-de-Mando.jpg\"><img loading=\"lazy\" class=\"size-full wp-image-178\" title=\"Grafito Puesto de Mando.\/ V\u00edctor Gibello\" src=\"\/paraisos-olvidados\/wp-content\/uploads\/sites\/65\/2013\/06\/16.-Grafito-Puesto-de-Mando.jpg\" alt=\"Grafito Puesto de Mando.\/ V\u00edctor Gibello\" width=\"600\" height=\"399\" srcset=\"https:\/\/static-blogs.hoy.es\/wp-content\/uploads\/sites\/65\/2013\/06\/16.-Grafito-Puesto-de-Mando.jpg 600w, https:\/\/static-blogs.hoy.es\/wp-content\/uploads\/sites\/65\/2013\/06\/16.-Grafito-Puesto-de-Mando-300x200.jpg 300w, https:\/\/static-blogs.hoy.es\/wp-content\/uploads\/sites\/65\/2013\/06\/16.-Grafito-Puesto-de-Mando-562x374.jpg 562w\" sizes=\"(max-width: 600px) 100vw, 600px\" \/><\/a><\/dt>\n<dd class=\"wp-caption-dd\">Grafito Puesto de Mando.\/ V\u00edctor Gibello<\/dd>\n<\/dl>\n<\/div>\n<p>&nbsp;<\/p>\n<p><strong>Obra del tiempo en que las tropas permanecieron all\u00ed asentadas es un amplio conjunto de grafitos<\/strong> repartidos por las paredes del interior de la vivienda. Los muros encalados fueron la base sobre la que se dibuj\u00f3 y escribi\u00f3 con muy diversos fines, desde el simple entretenimiento hasta el adoctrinamiento comunista, es posible que la falta de papel provocara el uso generalizado de las paredes como soporte gr\u00e1fico. Existen escritos a modo de letrero informativo: \u201c<em>cuarto de oficiales<\/em>\u201d, \u201c<em>se proibe la entrada<\/em>\u201d. Tambi\u00e9n encontramos proclamas de adoctrinamiento: \u201c<em>aviso: todo el que proboque palabras de desmoralizacion sera considerado como fazioso<\/em>\u201d, \u201c<em>viva la URSS<\/em>\u201d, \u201c<em>viva el ej\u00e9rcito del Pueblo<\/em>\u201d, \u201c<em>viva la Rep\u00fablica Espa\u00f1ola<\/em>\u201d. Numerosos nombres aparecen escritos con mejor o peor fortuna, siguiendo una costumbre que parece repetirse desde tiempos inmemoriales hasta nuestros d\u00edas. Encontramos directrices educativas, correctoras y prohibiciones m\u00faltiples: \u201c<em>se proive ter minante mente\u2028mease en la es calera\u2028por cause de la yngiene\u2028lo que cetifico para el\u2028conoci miento de los ynteresados\u2028y el que desovedezca esta ordenes\u2028sera considerado como\u2028camarada cerdo<\/em>\u201d, \u201c<em>se proibe comprometer<\/em>\u201d, \u201c<em>se proibe insultar a naide<\/em>\u201d. Hay pintadas jocosas: \u201c<em>el que esto lea me la menea<\/em>\u201d, pr\u00e1cticas de bal\u00edstica, e incluso ensayos de caligraf\u00eda de alg\u00fan miliciano ansioso de aprender a escribir su nombre. Manuel Cerrato, Jos\u00e9 del Torno y Jos\u00e9 Mar\u00eda Salguero, de la Fundaci\u00f3n de Estudios Sociales Extreme\u00f1os P\u00edo Sopena <a href=\"http:\/\/fal.cnt.es\/sites\/all\/documentos\/bicel\/Bicel12\/15.htm\" target=\"_blank\">publicaron un interesante art\u00edculo<\/a> donde detallaron buena parte de las inscripciones y plantearon algunas interesantes hip\u00f3tesis de trabajo.<\/p>\n<p><strong>Por encima de todos los grafitos destacan dos grandes dibujos<\/strong>: un perfil de un hombre con gafas y bigote, quiz\u00e1s una buena idealizaci\u00f3n de un retrato de Lenin, y <strong>un espl\u00e9ndido panel al que llamo \u201c<em>Juan Espa\u00f1ol<\/em>\u201d<\/strong>, siguiendo la nomenclatura de la propia pintada (Juan Espa\u00f1ol es tanto como decir Juan Nadie, un nombre para definir a todos y a ninguno). Juan Espa\u00f1ol aparece representado como un jornalero extreme\u00f1o, porta sombrero y un capote taurino que es el mapa de Espa\u00f1a (incluso se consignan las ubicaciones de Madrid y Valencia). En su mano izquierda lleva un estoque con el que entra a matar un toro: la caricatura cornada de Hitler, sobre quien se refleja una nueva inscripci\u00f3n: \u201c<em>Hitler el hijo de puta<\/em>\u201d. Bajo Juan Espa\u00f1ol un nuevo grafito dice retador: \u201c<em>entra en Madrid si tienes cojones Hitler<\/em>\u201d.<\/p>\n<div class=\"mceTemp mceIEcenter\" style=\"text-align: center;\">\n<dl id=\"attachment_170\" class=\"wp-caption aligncenter\" style=\"width: 610px;\">\n<dt class=\"wp-caption-dt\"><a href=\"\/paraisos-olvidados\/wp-content\/uploads\/sites\/65\/2013\/06\/Juan-Espa\u00f1ol-toreando-a-Hitler.jpg\"><img loading=\"lazy\" class=\"size-full wp-image-170\" title=\"Juan Espa\u00f1ol toreando a Hitler.\/ V\u00edctor Gibello\" src=\"\/paraisos-olvidados\/wp-content\/uploads\/sites\/65\/2013\/06\/Juan-Espa\u00f1ol-toreando-a-Hitler.jpg\" alt=\"Juan Espa\u00f1ol toreando a Hitler.\/ V\u00edctor Gibello\" width=\"600\" height=\"399\" srcset=\"https:\/\/static-blogs.hoy.es\/wp-content\/uploads\/sites\/65\/2013\/06\/Juan-Espa\u00f1ol-toreando-a-Hitler.jpg 600w, https:\/\/static-blogs.hoy.es\/wp-content\/uploads\/sites\/65\/2013\/06\/Juan-Espa\u00f1ol-toreando-a-Hitler-300x200.jpg 300w, https:\/\/static-blogs.hoy.es\/wp-content\/uploads\/sites\/65\/2013\/06\/Juan-Espa\u00f1ol-toreando-a-Hitler-562x374.jpg 562w\" sizes=\"(max-width: 600px) 100vw, 600px\" \/><\/a><\/dt>\n<dd class=\"wp-caption-dd\">Juan Espa\u00f1ol toreando a Hitler.\/ V\u00edctor Gibello<\/dd>\n<\/dl>\n<\/div>\n<p>&nbsp;<\/p>\n<p>He vuelto a visitar la casa despu\u00e9s de seis a\u00f1os, quer\u00eda ver como el tiempo la hab\u00eda tratado. Escuchando la m\u00fasica de <a href=\"http:\/\/www.youtube.com\/watch?v=LNMUMXczUzU\" target=\"_blank\">The Durrutti Column<\/a> llegu\u00e9 a la parcela, aparqu\u00e9 el coche junto a la carretera y me adentr\u00e9 en el campo tomando algunas \u201cprecauciones ap\u00edcolas\u201d. Cierta desolaci\u00f3n comenz\u00f3 a adue\u00f1arse de mi \u00e1nimo, el eucaliptal estaba reci\u00e9n talado, un mal presagio de lo que vendr\u00eda m\u00e1s tarde. Al llegar pude apreciar, consternado, que <strong>donde hace escasos a\u00f1os hab\u00eda muros, b\u00f3vedas y techumbres, solo encontraba derrumbes y ruina<\/strong>. En seis a\u00f1os se ha perdido un 75% de la superficie edificada y pr\u00e1cticamente todas las inscripciones. Lamentable.<\/p>\n<p><strong>Me consuelo viendo todav\u00eda en pie la pintada de \u201cJuan Espa\u00f1ol\u201d toreando al l\u00edder nazi con la valent\u00eda de siempre<\/strong>, toreando al paso del tiempo y a las inclemencias. Este grafito ha de ser conservado de forma inmediata, probablemente no aguantar\u00e1 un invierno m\u00e1s sin venirse abajo. No suelo ser partidario del traslado de bienes hist\u00f3ricos y arqueol\u00f3gicos a lugares diferentes a aquellos de los que fueron creados, pero en este caso voy a hacer una excepci\u00f3n: la casa est\u00e1 perdida, irremediablemente, no creo que nadie vaya a hacer un esfuerzo econ\u00f3mico como el que se necesitar\u00eda para ponerla en pie, as\u00ed que <strong>la pintada ha de ser fijada, consolidada, restaurada, extra\u00edda y montada en alguno de nuestros museos y todo eso ha de hacerse ya<\/strong>. <strong>El coste de esta actividad es escas\u00edsimo si lo comparamos con el valor hist\u00f3rico y cultural que posee. No podemos permitirnos su p\u00e9rdida<\/strong>.<\/p>\n<p><strong>Cuentan que <a href=\"http:\/\/www.miguelhernandezvirtual.es\/new\/\" target=\"_blank\">Miguel Hern\u00e1ndez<\/a>, el poeta del pueblo, estuvo en la Casa de la Sierra en junio del 37<\/strong> visitando a los soldados, elevando la moral de la tropa con recitales po\u00e9ticos. Miguel, aquel cuyas manos hab\u00edan sido hechas para la siega y el yunque, para el cayado y la yunta, un jornalero m\u00e1s entre los jornaleros, aquel que decidi\u00f3 cambiar el destino marcado por siglos y agarrarse con ferocidad al papel y la pluma, Miguel, con sus palabras como simiente de esperanza, se asom\u00f3 al balc\u00f3n de la Casa de la Sierra y cant\u00f3 sus poemas a la tropa dispuesta en el patio: \u201c<em>Sentado sobre los muertos \/\u2028que se han callado en dos meses, \/\u2028beso zapatos vac\u00edos\u2028\/ y empu\u00f1o rabiosamente \/\u2028la mano del coraz\u00f3n \/\u2028y el alma que lo mantiene.\u2028\/\u2028Que mi voz suba a los montes\u2028\/ y baje a la tierra y truene,\u2028\/ eso pide mi garganta \/\u2028desde ahora y desde siempre.\u2028\/\u2028Ac\u00e9rcate a mi clamor,\u2028\/ pueblo de mi misma leche, \/\u2028\u00e1rbol que con tus ra\u00edces\u2028\/ encarcelado me tienes,\u2028\/ que aqu\u00ed estoy yo para amarte \/\u2028y estoy para defenderte \/\u2028con la sangre y con la boca\u2028\/ como dos fusiles fieles.\u2028\/\u2028Si yo sal\u00ed de la tierra,\u2028\/ si yo he nacido de un vientre\u2028desdichado y con pobreza, \/\u2028no fue sino para hacerme\u2028\/ ruise\u00f1or de las desdichas,\u2028\/ eco de la mala suerte,\u2028\/ y cantar y repetir\u2028\/ a quien escucharme debe\u2028\/ cuanto a penas, cuanto a pobres,\u2028\/ cuanto a tierra se refiere <\/em>(&#8230;)\u201d. Lo imagino con los pu\u00f1os suavemente apretados, declamando sus versos, la mirada perdida entre los trigales y las sierras de La Serena, al fondo, decidido a darlo todo para cambiarlo todo.<\/p>\n<p>Cierro este post con el <a href=\"http:\/\/www.youtube.com\/watch?v=0T7giFZ8kjA\" target=\"_blank\">Adagietto de Gustav Mahler<\/a>, el cuarto movimiento de su Sinfon\u00eda n\u00ba 5, melancol\u00eda en estado puro a modo de despedida.<\/p>\n<div class=\"mceTemp mceIEcenter\" style=\"text-align: center;\">\n<dl id=\"attachment_169\" class=\"wp-caption aligncenter\" style=\"width: 610px;\">\n<dt class=\"wp-caption-dt\"><a href=\"\/paraisos-olvidados\/wp-content\/uploads\/sites\/65\/2013\/06\/11.-Balc\u00f3n-con-vistas-a-las-sierras-del-sur.jpg\"><img loading=\"lazy\" class=\"size-full wp-image-169\" title=\"Balc\u00f3n con vistas a las sierras del sur desde el que recit\u00f3 sus versos Miguel Hern\u00e1ndez.\/ V\u00edctor Gibello\" src=\"\/paraisos-olvidados\/wp-content\/uploads\/sites\/65\/2013\/06\/11.-Balc\u00f3n-con-vistas-a-las-sierras-del-sur.jpg\" alt=\"Balc\u00f3n con vistas a las sierras del sur desde el que recit\u00f3 sus versos Miguel Hern\u00e1ndez.\/ V\u00edctor Gibello\" width=\"600\" height=\"450\" srcset=\"https:\/\/static-blogs.hoy.es\/wp-content\/uploads\/sites\/65\/2013\/06\/11.-Balc\u00f3n-con-vistas-a-las-sierras-del-sur.jpg 600w, https:\/\/static-blogs.hoy.es\/wp-content\/uploads\/sites\/65\/2013\/06\/11.-Balc\u00f3n-con-vistas-a-las-sierras-del-sur-300x225.jpg 300w, https:\/\/static-blogs.hoy.es\/wp-content\/uploads\/sites\/65\/2013\/06\/11.-Balc\u00f3n-con-vistas-a-las-sierras-del-sur-562x422.jpg 562w\" sizes=\"(max-width: 600px) 100vw, 600px\" \/><\/a><\/dt>\n<dd class=\"wp-caption-dd\">Balc\u00f3n con vistas a las sierras del sur desde el que recit\u00f3 sus versos Miguel Hern\u00e1ndez.\/ V\u00edctor Gibello<\/dd>\n<\/dl>\n<\/div>\n<!-- AddThis Advanced Settings generic via filter on the_content --><!-- AddThis Share Buttons generic via filter on the_content -->","protected":false},"excerpt":{"rendered":"<p>Hoy los cardos son los \u00fanicos vigilantes de la puerta.\/ V\u00edctor Gibello VER TODA LA GALER\u00cdA DE LA CASA DE LA SIERRA, DON BENITO.\u00a0\/ Autor: V\u00cdCTOR GIBELLO &nbsp; Hay hallazgos inesperados, descubrimientos que parecen aguardarnos pacientes y a los que parecemos ajenos. Las b\u00fasquedas, de cualquier naturaleza, suelen deparar encuentros que no siempre se corresponden [&hellip;]<!-- AddThis Advanced Settings generic via filter on get_the_excerpt --><!-- AddThis Share Buttons generic via filter on get_the_excerpt --><\/p>\n","protected":false},"author":71,"featured_media":0,"comment_status":"open","ping_status":"closed","sticky":false,"template":"","format":"standard","meta":[],"categories":[30],"tags":[117,119,152,162,180,214,259,279,305,358,391,395,400,404,468,474,500,529,531,546],"_links":{"self":[{"href":"https:\/\/blogs.hoy.es\/paraisos-olvidados\/wp-json\/wp\/v2\/posts\/167"}],"collection":[{"href":"https:\/\/blogs.hoy.es\/paraisos-olvidados\/wp-json\/wp\/v2\/posts"}],"about":[{"href":"https:\/\/blogs.hoy.es\/paraisos-olvidados\/wp-json\/wp\/v2\/types\/post"}],"author":[{"embeddable":true,"href":"https:\/\/blogs.hoy.es\/paraisos-olvidados\/wp-json\/wp\/v2\/users\/71"}],"replies":[{"embeddable":true,"href":"https:\/\/blogs.hoy.es\/paraisos-olvidados\/wp-json\/wp\/v2\/comments?post=167"}],"version-history":[{"count":0,"href":"https:\/\/blogs.hoy.es\/paraisos-olvidados\/wp-json\/wp\/v2\/posts\/167\/revisions"}],"wp:attachment":[{"href":"https:\/\/blogs.hoy.es\/paraisos-olvidados\/wp-json\/wp\/v2\/media?parent=167"}],"wp:term":[{"taxonomy":"category","embeddable":true,"href":"https:\/\/blogs.hoy.es\/paraisos-olvidados\/wp-json\/wp\/v2\/categories?post=167"},{"taxonomy":"post_tag","embeddable":true,"href":"https:\/\/blogs.hoy.es\/paraisos-olvidados\/wp-json\/wp\/v2\/tags?post=167"}],"curies":[{"name":"wp","href":"https:\/\/api.w.org\/{rel}","templated":true}]}}