{"id":196,"date":"2013-10-01T11:16:35","date_gmt":"2013-10-01T11:16:35","guid":{"rendered":"http:\/\/blogs.hoy.es\/paraisos-olvidados\/?p=196"},"modified":"2013-10-01T11:16:35","modified_gmt":"2013-10-01T11:16:35","slug":"el-castellar-origen-y-destino-de-zafra","status":"publish","type":"post","link":"https:\/\/blogs.hoy.es\/paraisos-olvidados\/2013\/10\/01\/el-castellar-origen-y-destino-de-zafra\/","title":{"rendered":"El Castellar, origen y destino de Zafra"},"content":{"rendered":"<div class=\"mceTemp mceIEcenter\" style=\"text-align: center;\">\n<dl id=\"attachment_197\" class=\"wp-caption aligncenter\" style=\"width: 610px;\">\n<dt class=\"wp-caption-dt\"><a href=\"\/paraisos-olvidados\/wp-content\/uploads\/sites\/65\/2013\/10\/4.-Sierra-de-El-Castellar-vista-desde-la-ermita-de-Bel\u00e9n.jpg\"><img loading=\"lazy\" class=\"size-full wp-image-197\" title=\"Sierra de El Castellar vista desde la ermita de Bel\u00e9n\" src=\"\/paraisos-olvidados\/wp-content\/uploads\/sites\/65\/2013\/10\/4.-Sierra-de-El-Castellar-vista-desde-la-ermita-de-Bel\u00e9n.jpg\" alt=\"Sierra de El Castellar vista desde la ermita de Bel\u00e9n\" width=\"600\" height=\"399\" srcset=\"https:\/\/static-blogs.hoy.es\/wp-content\/uploads\/sites\/65\/2013\/10\/4.-Sierra-de-El-Castellar-vista-desde-la-ermita-de-Bel\u00e9n.jpg 600w, https:\/\/static-blogs.hoy.es\/wp-content\/uploads\/sites\/65\/2013\/10\/4.-Sierra-de-El-Castellar-vista-desde-la-ermita-de-Bel\u00e9n-300x200.jpg 300w, https:\/\/static-blogs.hoy.es\/wp-content\/uploads\/sites\/65\/2013\/10\/4.-Sierra-de-El-Castellar-vista-desde-la-ermita-de-Bel\u00e9n-562x374.jpg 562w\" sizes=\"(max-width: 600px) 100vw, 600px\" \/><\/a><\/dt>\n<dd class=\"wp-caption-dd\">Sierra de El Castellar vista desde la ermita de Bel\u00e9n.\/ V\u00edctor Gibello<\/dd>\n<\/dl>\n<\/div>\n<p style=\"text-align: center;\"><a href=\"http:\/\/www.hoy.es\/multimedia\/fotos\/regional\/20131001\/paraisos-olvidados-castellar-zafra-3062257054105-mm.html\" target=\"_blank\">VER TODA LA GALER\u00cdA DE FOTOS DE El CASTELLAR, ZAFRA.\u00a0<strong>\/<\/strong> Autor: V\u00cdCTOR GIBELLO<\/a><\/p>\n<p>&nbsp;<\/p>\n<p>Se miran de soslayo, con recelo, distantes. Fingen indiferencia. Juegan a ignorarse. Por puro orgullo, permanecen d\u00e1ndose la espalda. Pareciera como si el mutuo reconocimiento les restara protagonismo. As\u00ed son de altivas. As\u00ed son de inconscientes. Durante siglos nada ha cambiado, como titula <a href=\"http:\/\/www.trickysite.com\/\" target=\"_blank\">Tricky<\/a> su canci\u00f3n <em><a href=\"http:\/\/www.youtube.com\/watch?v=Jlwku6e7AhE\" target=\"_blank\">Nothing\u2019s changed<\/a><\/em>.<\/p>\n<p>Mientras preparaba material para este <em>post<\/em>, en plena b\u00fasqueda de datos en documentos, libros y art\u00edculos, recib\u00ed una llamada: un colega, Pedro Carretero, <strong>me invitaba a impartir una conferencia en Zafra sobre Patrimonio olvidado<\/strong> en la poblaci\u00f3n, d\u00e1ndome libertad para escoger el tema. Si creyera en las casualidades, esta ser\u00eda una de ellas. Pero ya conocen mi opini\u00f3n, las casualidades no existen. Acept\u00e9 encantado el ofrecimiento y propuse hablar del <strong>yacimiento conocido como El Castellar<\/strong>, un enclave singular abandonado a su suerte desde el siglo XIII.<!--more--><\/p>\n<p>Pedro ha organizado unas interesantes jornadas de difusi\u00f3n patrimonial, demostrando que, incluso careciendo de ayudas y financiaci\u00f3n, con ilusi\u00f3n todo se puede. Varios profesionales hemos tenido la oportunidad de dar a conocer enclaves de singular importancia en la hermosa <strong>poblaci\u00f3n bajoextreme\u00f1a<\/strong>, con notable \u00e9xito de participaci\u00f3n ciudadana.<\/p>\n<div class=\"mceTemp mceIEcenter\" style=\"text-align: center;\">\n<dl id=\"attachment_198\" class=\"wp-caption aligncenter\" style=\"width: 610px;\">\n<dt class=\"wp-caption-dt\"><a href=\"\/paraisos-olvidados\/wp-content\/uploads\/sites\/65\/2013\/10\/1.-Entorno-de-El-Castellar.jpg\"><img loading=\"lazy\" class=\"size-full wp-image-198\" title=\"Entorno de El Castellar\" src=\"\/paraisos-olvidados\/wp-content\/uploads\/sites\/65\/2013\/10\/1.-Entorno-de-El-Castellar.jpg\" alt=\"Entorno de El Castellar\" width=\"600\" height=\"450\" srcset=\"https:\/\/static-blogs.hoy.es\/wp-content\/uploads\/sites\/65\/2013\/10\/1.-Entorno-de-El-Castellar.jpg 600w, https:\/\/static-blogs.hoy.es\/wp-content\/uploads\/sites\/65\/2013\/10\/1.-Entorno-de-El-Castellar-300x225.jpg 300w, https:\/\/static-blogs.hoy.es\/wp-content\/uploads\/sites\/65\/2013\/10\/1.-Entorno-de-El-Castellar-562x422.jpg 562w\" sizes=\"(max-width: 600px) 100vw, 600px\" \/><\/a><\/dt>\n<dd class=\"wp-caption-dd\">Entorno de El Castellar.\/ V\u00edctor Gibello<\/dd>\n<\/dl>\n<\/div>\n<p>&nbsp;<\/p>\n<p>Desde el siglo XVI hasta muy avanzado el XX, los eruditos de nuestros pueblos (e incluso eruditos a medias y algunos nada eruditos) se embarcaron en una carrera absurda. Trataron, con \u00e9xito dispar, de <strong>buscar un origen romano a su localidad<\/strong> de nacimiento o residencia como forma de prestigiarlas. Casi todos lo encontraron, a costa, incluso, de falsear los datos hist\u00f3ricos e inventar cuentos.<\/p>\n<p><strong>En ese af\u00e1n por hallar cunas cl\u00e1sicas para demostrar altas cunas, otorgaron falsas filiaciones y dudosos nacimientos a muchos lugares<\/strong>. Baste citar dos ejemplos: <strong>Badajoz y Zafra<\/strong>. Los or\u00edgenes como ciudad de Badajoz no son romanos, aunque bajo el subsuelo de algunas de sus calles haya restos de ese periodo vinculados a un asentamiento menor, no urbano. De todos es ya sabido como fue fundada por <strong>Abd al-Rahman Ibn Marwan<\/strong> en el a\u00f1o 875. A Badajoz se la intent\u00f3 ligar con la <strong><em>Pax Iulia<\/em> romana<\/strong>, de ah\u00ed el gentilicio de pacense. Esta idea est\u00e1 superada, <em>Pax Iulia<\/em> se corresponde con la <strong>poblaci\u00f3n portuguesa de Beja<\/strong>, por lo que <strong>ser\u00eda necesario cambiar el gentilicio a \u201cbadajocense\u201d<\/strong>, mucho m\u00e1s adecuado.<\/p>\n<div class=\"mceTemp mceIEcenter\" style=\"text-align: center;\">\n<dl id=\"attachment_199\" class=\"wp-caption aligncenter\" style=\"width: 610px;\">\n<dt class=\"wp-caption-dt\"><a href=\"\/paraisos-olvidados\/wp-content\/uploads\/sites\/65\/2013\/10\/3.-El-Castellar-desde-el-inicio-del-Camino-Colorao.jpg\"><img loading=\"lazy\" class=\"size-full wp-image-199\" title=\"El Castellar desde el inicio del Camino Colorao\" src=\"\/paraisos-olvidados\/wp-content\/uploads\/sites\/65\/2013\/10\/3.-El-Castellar-desde-el-inicio-del-Camino-Colorao.jpg\" alt=\"El Castellar desde el inicio del Camino Colorao\" width=\"600\" height=\"399\" srcset=\"https:\/\/static-blogs.hoy.es\/wp-content\/uploads\/sites\/65\/2013\/10\/3.-El-Castellar-desde-el-inicio-del-Camino-Colorao.jpg 600w, https:\/\/static-blogs.hoy.es\/wp-content\/uploads\/sites\/65\/2013\/10\/3.-El-Castellar-desde-el-inicio-del-Camino-Colorao-300x200.jpg 300w, https:\/\/static-blogs.hoy.es\/wp-content\/uploads\/sites\/65\/2013\/10\/3.-El-Castellar-desde-el-inicio-del-Camino-Colorao-562x374.jpg 562w\" sizes=\"(max-width: 600px) 100vw, 600px\" \/><\/a><\/dt>\n<dd class=\"wp-caption-dd\">El Castellar desde el inicio del &#8220;Camino Colorao&#8221;.\/ V\u00edctor Gibello<\/dd>\n<\/dl>\n<\/div>\n<p>&nbsp;<\/p>\n<p>El caso de<strong> Zafra<\/strong> es similar. Es ya a\u00f1eja la idea de que Zafra es la sucesora de la <strong><em>Segeda<\/em> romana<\/strong>. Tanto se ha repetido que sus habitantes pasaron a llamarse <strong>segedanos<\/strong> en lugar de zafrenses, o zafre\u00f1os. Mucho se ha debatido durante los \u00faltimos a\u00f1os sobre la ubicaci\u00f3n exacta de <em>Segeda<\/em> entre los especialistas. Fruto de las discusiones, no siempre ce\u00f1idas al \u00e1mbito cient\u00edfico, el n\u00famero de las posibles ubicaciones ha crecido y ha tendido a alejarse de Zafra, en cuyo casco urbano no se han documentado <strong>restos arqueol\u00f3gicos romanos en posici\u00f3n primari<\/strong>a que permitan su adscripci\u00f3n tradicional. Lo siento por los muchos negocios y entidades que utilizan el t\u00e9rmino <em>Segeda<\/em> como parte de su nombre comercial en la ciudad, pero nada tiene que ver con Zafra.<\/p>\n<p><strong>El Renacimiento trajo consigo el gusto por la antig\u00fcedad cl\u00e1sica<\/strong>, el mundo grecolatino fue considerado como la c\u00faspide de la historia y el modelo a seguir por las \u201csociedades civilizadas\u201d, un ejemplo en el que mirarse. La <strong>Edad Media<\/strong>, concepto nacido para designar despectivamente el tiempo de te\u00f3rica involuci\u00f3n y falso retroceso existente entre la ca\u00edda del Imperio Romano de Occidente y el Renacimiento, fue denostada por \u201coscura\u201d y \u201cb\u00e1rbara\u201d, por ser un tiempo perdido en el progreso al que, ingenuamente se supone, tendemos.<\/p>\n<p>As\u00ed, <strong>todo lo medieval fue rechazado, menospreciado, relegado<\/strong>. La mayor\u00eda de nuestros pueblos, surgidos en los siglos medievales, unos isl\u00e1micos, de repoblaci\u00f3n cristiana otros, hubieron de construir ficciones de un pasado \u201cnoble\u201d romano para alabar glorias antiguas y cimentar un futuro en el olimpo de los elegidos, de otro modo corr\u00edan el riesgo de ser minusvalorados.<\/p>\n<div class=\"mceTemp mceIEcenter\" style=\"text-align: center;\">\n<dl id=\"attachment_200\" class=\"wp-caption aligncenter\" style=\"width: 610px;\">\n<dt class=\"wp-caption-dt\"><a href=\"\/paraisos-olvidados\/wp-content\/uploads\/sites\/65\/2013\/10\/2.-Caballos-paciento-en-las-laderas-de-El-Castellar.jpg\"><img loading=\"lazy\" class=\"size-full wp-image-200\" title=\"Caballos paciento en las laderas de El Castellar\" src=\"\/paraisos-olvidados\/wp-content\/uploads\/sites\/65\/2013\/10\/2.-Caballos-paciento-en-las-laderas-de-El-Castellar.jpg\" alt=\"Caballos paciento en las laderas de El Castellar\" width=\"600\" height=\"399\" srcset=\"https:\/\/static-blogs.hoy.es\/wp-content\/uploads\/sites\/65\/2013\/10\/2.-Caballos-paciento-en-las-laderas-de-El-Castellar.jpg 600w, https:\/\/static-blogs.hoy.es\/wp-content\/uploads\/sites\/65\/2013\/10\/2.-Caballos-paciento-en-las-laderas-de-El-Castellar-300x200.jpg 300w, https:\/\/static-blogs.hoy.es\/wp-content\/uploads\/sites\/65\/2013\/10\/2.-Caballos-paciento-en-las-laderas-de-El-Castellar-562x374.jpg 562w\" sizes=\"(max-width: 600px) 100vw, 600px\" \/><\/a><\/dt>\n<dd class=\"wp-caption-dd\">Caballos paciento en las laderas de El Castellar.\/ V\u00edctor Gibello<\/dd>\n<\/dl>\n<\/div>\n<p>&nbsp;<\/p>\n<p><strong>Aquellos planteamientos est\u00e1n obsoletos, forman parte de un tiempo superado<\/strong>. Cada pueblo tiene su historia, su nacimiento particular, circunstancia que les hace ser \u00fanicos, no hay or\u00edgenes mejores o peores, tan solo diferentes.<\/p>\n<p>En los a\u00f1os 50\u2019 del siglo XX, <strong>Antonio Salazar<\/strong> se interes\u00f3 por la <strong>Sierra de El Castellar<\/strong>. Termin\u00f3 escribiendo un libro en el que ofrec\u00eda nuevos datos para el conocimiento de la historia de Zafra. Comenzaba a otearse un horizonte nuevo en el que <strong>El Castellar tomaba el protagonismo<\/strong> perdido por siglos de olvido en favor del magn\u00edfico casco hist\u00f3rico bajomedieval y moderno. A\u00f1os despu\u00e9s, aunque con timidez, vendr\u00edan otros estudios con nuevas perspectivas y enfoques metodol\u00f3gicos. Entre unos y otros se ha ido perfilando una imagen, a\u00fan en esbozo, que evidencia <strong>el gran valor de los asentamientos arqueol\u00f3gicos que guardan la sierra y su entorno inmediato<\/strong>.<\/p>\n<div class=\"mceTemp mceIEcenter\" style=\"text-align: center;\">\n<dl id=\"attachment_201\" class=\"wp-caption aligncenter\" style=\"width: 610px;\">\n<dt class=\"wp-caption-dt\"><a href=\"\/paraisos-olvidados\/wp-content\/uploads\/sites\/65\/2013\/10\/6.-Farallones-rocosos-de-El-Castellar.jpg\"><img loading=\"lazy\" class=\"size-full wp-image-201\" title=\"Farallones rocosos de El Castellar\" src=\"\/paraisos-olvidados\/wp-content\/uploads\/sites\/65\/2013\/10\/6.-Farallones-rocosos-de-El-Castellar.jpg\" alt=\"Farallones rocosos de El Castellar\" width=\"600\" height=\"399\" srcset=\"https:\/\/static-blogs.hoy.es\/wp-content\/uploads\/sites\/65\/2013\/10\/6.-Farallones-rocosos-de-El-Castellar.jpg 600w, https:\/\/static-blogs.hoy.es\/wp-content\/uploads\/sites\/65\/2013\/10\/6.-Farallones-rocosos-de-El-Castellar-300x200.jpg 300w, https:\/\/static-blogs.hoy.es\/wp-content\/uploads\/sites\/65\/2013\/10\/6.-Farallones-rocosos-de-El-Castellar-562x374.jpg 562w\" sizes=\"(max-width: 600px) 100vw, 600px\" \/><\/a><\/dt>\n<dd class=\"wp-caption-dd\">Farallones rocosos de El Castellar.\/ V\u00edctor Gibello<\/dd>\n<\/dl>\n<\/div>\n<p>&nbsp;<\/p>\n<p>El Castellar es un imponente<strong> farall\u00f3n cuarc\u00edtico de m\u00e1s de 2 kil\u00f3metros de longitud<\/strong>, dispuesto en sentido NW \u2013 SE; est\u00e1 situado al oeste de Zafra. Su presencia, dadas su altura y amplitud, no pasa desapercibida, para la ciudad es un decorado perpetuo, visible desde todos sus rincones. La sierra, a la que se accede f\u00e1cilmente por el llamado <strong>\u201cCamino Colorao<\/strong>\u201d, alberga <strong>restos de pinturas rupestres<\/strong> en algunos abrigos descubiertos gracias a la labor de <strong>Diego Mu\u00f1oz Hidalgo<\/strong>, incansable defensor de nuestro Patrimonio. Se trata de <strong>pinturas esquem\u00e1ticas<\/strong> muy sencillas, de <strong>\u00e9poca calcol\u00edtica<\/strong>, momento del que datan los restos m\u00e1s antiguos documentados hasta la fecha.<\/p>\n<p><strong>Pasear por El Castellar es una grata experiencia desde el punto de vista patrimonial<\/strong>. Sobre la superficie se acumulan restos arqueol\u00f3gicos, tanto muebles como inmuebles, que nos llevan desde las <strong>edades del Bronce y del Hierro hasta los momentos iniciales de la conquista romana<\/strong>, y de ellos al mundo isl\u00e1mico, andalus\u00ed y almohade. Una experiencia que merece ser vivida con tiempo y desde el respeto a unos bienes arqueol\u00f3gicos que son de todos y a una propiedad que es privada.<\/p>\n<div class=\"mceTemp mceIEcenter\" style=\"text-align: center;\">\n<dl id=\"attachment_202\" class=\"wp-caption aligncenter\" style=\"width: 610px;\">\n<dt class=\"wp-caption-dt\"><a href=\"\/paraisos-olvidados\/wp-content\/uploads\/sites\/65\/2013\/10\/7.-Accesos-a-El-Castellar-en-primer-t\u00e9rmino-fort\u00edn-romano.jpg\"><img loading=\"lazy\" class=\"size-full wp-image-202\" title=\"Accesos a El Castellar, en primer t\u00e9rmino fort\u00edn romano\" src=\"\/paraisos-olvidados\/wp-content\/uploads\/sites\/65\/2013\/10\/7.-Accesos-a-El-Castellar-en-primer-t\u00e9rmino-fort\u00edn-romano.jpg\" alt=\"Accesos a El Castellar, en primer t\u00e9rmino fort\u00edn romano\" width=\"600\" height=\"399\" srcset=\"https:\/\/static-blogs.hoy.es\/wp-content\/uploads\/sites\/65\/2013\/10\/7.-Accesos-a-El-Castellar-en-primer-t\u00e9rmino-fort\u00edn-romano.jpg 600w, https:\/\/static-blogs.hoy.es\/wp-content\/uploads\/sites\/65\/2013\/10\/7.-Accesos-a-El-Castellar-en-primer-t\u00e9rmino-fort\u00edn-romano-300x200.jpg 300w, https:\/\/static-blogs.hoy.es\/wp-content\/uploads\/sites\/65\/2013\/10\/7.-Accesos-a-El-Castellar-en-primer-t\u00e9rmino-fort\u00edn-romano-562x374.jpg 562w\" sizes=\"(max-width: 600px) 100vw, 600px\" \/><\/a><\/dt>\n<dd class=\"wp-caption-dd\">Accesos a El Castellar, en primer t\u00e9rmino fort\u00edn romano.\/ V\u00edctor Gibello<\/dd>\n<\/dl>\n<\/div>\n<p>&nbsp;<\/p>\n<p>Finalizada la ascensi\u00f3n del camino, se vislumbra hacia el norte un sendero en el que est\u00e1n fosilizados los antiguos accesos. Pronto se alcanzan los <strong>restos de un posible fort\u00edn romano de \u00e9poca republicana<\/strong>. Un gran pedregal dificulta el reconocimiento de las estructuras. M\u00e1s arriba, <strong>muros de aparejo cicl\u00f3peo informan de su filiaci\u00f3n ind\u00edgena, probablemente de la Segunda Edad del Hierro<\/strong>, como tambi\u00e9n lo es el asentamiento cercano de la ermita de Bel\u00e9n. Es posible que la construcci\u00f3n defensiva romana se erigiera para \u201cpacificar\u201d (deber\u00eda escribir \u201cdomesticar\u201d) las tribus locales aqu\u00ed asentadas y controlar el camino que desde la V\u00eda de la Plata se dirig\u00eda hacia el oeste, a trav\u00e9s de Burguillos del Cerro.<\/p>\n<div class=\"mceTemp mceIEcenter\" style=\"text-align: center;\">\n<dl id=\"attachment_203\" class=\"wp-caption aligncenter\" style=\"width: 610px;\">\n<dt class=\"wp-caption-dt\"><a href=\"\/paraisos-olvidados\/wp-content\/uploads\/sites\/65\/2013\/10\/9.-Detalle-de-restos-romanos.jpg\"><img loading=\"lazy\" class=\"size-full wp-image-203\" title=\"Detalle de restos romanos.\" src=\"\/paraisos-olvidados\/wp-content\/uploads\/sites\/65\/2013\/10\/9.-Detalle-de-restos-romanos.jpg\" alt=\"Detalle de restos romanos.\" width=\"600\" height=\"399\" srcset=\"https:\/\/static-blogs.hoy.es\/wp-content\/uploads\/sites\/65\/2013\/10\/9.-Detalle-de-restos-romanos.jpg 600w, https:\/\/static-blogs.hoy.es\/wp-content\/uploads\/sites\/65\/2013\/10\/9.-Detalle-de-restos-romanos-300x200.jpg 300w, https:\/\/static-blogs.hoy.es\/wp-content\/uploads\/sites\/65\/2013\/10\/9.-Detalle-de-restos-romanos-562x374.jpg 562w\" sizes=\"(max-width: 600px) 100vw, 600px\" \/><\/a><\/dt>\n<dd class=\"wp-caption-dd\">Detalle de restos constructivos romanos.\/ V\u00edctor Gibello<\/dd>\n<\/dl>\n<\/div>\n<p>&nbsp;<\/p>\n<p>La subida contin\u00faa. <strong>Sobre las crestas m\u00e1s elevadas se alzan los restos de una fortificaci\u00f3n andalus\u00ed<\/strong>. Murallas y torres asoman entre la vegetaci\u00f3n. Un ej\u00e9rcito formidable de cardos defiende la plaza, haci\u00e9ndose asunto espinoso deambular por algunos espacios. Se trata de una <strong>alcazaba que proteg\u00eda el enclave<\/strong> con un \u00f3ptimo control del entorno y f\u00e1ciles defensas naturales. Manuel Guill\u00e9n, top\u00f3grafo local, lleg\u00f3 a levantar un plano aproximado. <strong><\/strong><\/p>\n<p><strong>El asentamiento isl\u00e1mico es muy extenso<\/strong> si lo comparamos con otros enclaves similares coet\u00e1neos en la regi\u00f3n, hecho que hay que poner en relaci\u00f3n con su importancia y funciones. <strong>Supera las 12 hect\u00e1reas<\/strong>, superficie a la que habr\u00edan de a\u00f1adirse todos los espacios extramuros (\u00e1reas cementeriales, arrabales, etc.). La ciudad, pues como tal ha de considerarse, presenta un urbanismo condicionado por la fuerte pendiente. <strong>Las calles zigzaguean<\/strong> entre las laderas aterrazadas sobre las que se emplazan los diversos barrios hasta alcanzar la alcazaba.<\/p>\n<div class=\"mceTemp mceIEcenter\" style=\"text-align: center;\">\n<dl id=\"attachment_204\" class=\"wp-caption aligncenter\" style=\"width: 610px;\">\n<dt class=\"wp-caption-dt\"><a href=\"\/paraisos-olvidados\/wp-content\/uploads\/sites\/65\/2013\/10\/10.-Camino-antiguo-de-subida-a-Sajra-Abu-Hassam.jpg\"><img loading=\"lazy\" class=\"size-full wp-image-204\" title=\"Camino antiguo de subida a Sajra Abu Hassam.\" src=\"\/paraisos-olvidados\/wp-content\/uploads\/sites\/65\/2013\/10\/10.-Camino-antiguo-de-subida-a-Sajra-Abu-Hassam.jpg\" alt=\"Camino antiguo de subida a Sajra Abu Hassam.\" width=\"600\" height=\"399\" srcset=\"https:\/\/static-blogs.hoy.es\/wp-content\/uploads\/sites\/65\/2013\/10\/10.-Camino-antiguo-de-subida-a-Sajra-Abu-Hassam.jpg 600w, https:\/\/static-blogs.hoy.es\/wp-content\/uploads\/sites\/65\/2013\/10\/10.-Camino-antiguo-de-subida-a-Sajra-Abu-Hassam-300x200.jpg 300w, https:\/\/static-blogs.hoy.es\/wp-content\/uploads\/sites\/65\/2013\/10\/10.-Camino-antiguo-de-subida-a-Sajra-Abu-Hassam-562x374.jpg 562w\" sizes=\"(max-width: 600px) 100vw, 600px\" \/><\/a><\/dt>\n<dd class=\"wp-caption-dd\">Camino antiguo de subida a Sajra Abu Hassam.\/ V\u00edctor Gibello<\/dd>\n<\/dl>\n<\/div>\n<p>&nbsp;<\/p>\n<p>Potentes niveles de derrumbe ocupan amplias zonas; cuando llueve, afloran restos de revestimientos, pavimentos, las tejas con las que estaban hechas las techumbres\u2026 <strong>Con el agua se diluye la informaci\u00f3n guardada por estratos de siglos<\/strong>. Estragos del tiempo, consecuencias del abandono y de la indiferencia con que tratamos nuestros m\u00e1s preciados bienes. <strong>Un espacio que deber\u00eda ser la locomotora que tirara del tren del desarrollo de Zafra y su comarca, es empleado para el pastoreo de vacas, un desperdicio de recursos que, una vez perdidos, no pueden reponerse con otros, no tienen sustitutos<\/strong>.<\/p>\n<div class=\"mceTemp mceIEcenter\" style=\"text-align: center;\">\n<dl id=\"attachment_205\" class=\"wp-caption aligncenter\" style=\"width: 610px;\">\n<dt class=\"wp-caption-dt\"><a href=\"\/paraisos-olvidados\/wp-content\/uploads\/sites\/65\/2013\/10\/12.-Murallas-de-Sajra-Abu-Hassam.jpg\"><img loading=\"lazy\" class=\"size-full wp-image-205\" title=\"Murallas de Sajra Abu Hassam.\" src=\"\/paraisos-olvidados\/wp-content\/uploads\/sites\/65\/2013\/10\/12.-Murallas-de-Sajra-Abu-Hassam.jpg\" alt=\"Murallas de Sajra Abu Hassam.\" width=\"600\" height=\"399\" srcset=\"https:\/\/static-blogs.hoy.es\/wp-content\/uploads\/sites\/65\/2013\/10\/12.-Murallas-de-Sajra-Abu-Hassam.jpg 600w, https:\/\/static-blogs.hoy.es\/wp-content\/uploads\/sites\/65\/2013\/10\/12.-Murallas-de-Sajra-Abu-Hassam-300x200.jpg 300w, https:\/\/static-blogs.hoy.es\/wp-content\/uploads\/sites\/65\/2013\/10\/12.-Murallas-de-Sajra-Abu-Hassam-562x374.jpg 562w\" sizes=\"(max-width: 600px) 100vw, 600px\" \/><\/a><\/dt>\n<dd class=\"wp-caption-dd\">Murallas de Sajra Abu Hassam.\/ V\u00edctor Gibello<\/dd>\n<\/dl>\n<\/div>\n<p>&nbsp;<\/p>\n<p><strong>El asentamiento isl\u00e1mico tiene un nombre: <em>Sajra Abu Hassam<\/em>, de \u00e9l deriva indudablemente el top\u00f3nimo Zafra<\/strong>. <em>Sajra<\/em> significa \u201croca\u201d o \u201cpe\u00f1\u00f3n\u201d, dadas las caracter\u00edsticas geol\u00f3gicas de El Castellar, sobran las explicaciones.<\/p>\n<p><strong>Al Bakri<\/strong>, en el siglo XI, la cita en sus escritos como perteneciente a la <strong><em>kura<\/em> (provincia) de M\u00e9rida<\/strong>. En \u00e9poca almohade debi\u00f3 ser refortificada, como tantos otros enclaves extreme\u00f1os coet\u00e1neos, esfuerzo que no evit\u00f3 la toma cristiana. A partir de 1241, a\u00f1o de la conquista, el basti\u00f3n defensivo es desmantelado y sus pobladores desalojados.<\/p>\n<p><strong>La <em>Primera Cr\u00f3nica General<\/em><\/strong> hace referencia a como muchos de <strong>los habitantes de <em>Sajra<\/em> decidieron permanecer en el nuevo asentamiento creado en el llano<\/strong>. Nace as\u00ed Zafra, una aldea integrada en el enorme alfoz de Badajoz, donde el <strong>componente mud\u00e9jar<\/strong> ser\u00e1 tan importante que influir\u00e1 notablemente en la arquitectura y el urbanismo producido en lo siglos siguientes.<\/p>\n<div class=\"mceTemp mceIEcenter\" style=\"text-align: center;\">\n<dl id=\"attachment_206\" class=\"wp-caption aligncenter\" style=\"width: 610px;\">\n<dt class=\"wp-caption-dt\"><a href=\"\/paraisos-olvidados\/wp-content\/uploads\/sites\/65\/2013\/10\/16.-Vista-panor\u00e1mica-desde-la-Sierra-de-El-Castellar.jpg\"><img loading=\"lazy\" class=\"size-full wp-image-206\" title=\"Vista panor\u00e1mica desde la Sierra de El Castellar.\" src=\"\/paraisos-olvidados\/wp-content\/uploads\/sites\/65\/2013\/10\/16.-Vista-panor\u00e1mica-desde-la-Sierra-de-El-Castellar.jpg\" alt=\"Vista panor\u00e1mica desde la Sierra de El Castellar.\" width=\"600\" height=\"399\" srcset=\"https:\/\/static-blogs.hoy.es\/wp-content\/uploads\/sites\/65\/2013\/10\/16.-Vista-panor\u00e1mica-desde-la-Sierra-de-El-Castellar.jpg 600w, https:\/\/static-blogs.hoy.es\/wp-content\/uploads\/sites\/65\/2013\/10\/16.-Vista-panor\u00e1mica-desde-la-Sierra-de-El-Castellar-300x200.jpg 300w, https:\/\/static-blogs.hoy.es\/wp-content\/uploads\/sites\/65\/2013\/10\/16.-Vista-panor\u00e1mica-desde-la-Sierra-de-El-Castellar-562x374.jpg 562w\" sizes=\"(max-width: 600px) 100vw, 600px\" \/><\/a><\/dt>\n<dd class=\"wp-caption-dd\">Vista panor\u00e1mica desde la Sierra de El Castellar.\/ V\u00edctor Gibello<\/dd>\n<\/dl>\n<\/div>\n<p>&nbsp;<\/p>\n<p><strong><em>Sajra<\/em> y Zafra dejar\u00e1n de ignorarse y caminar\u00e1n juntas<\/strong>, son dos caras de la misma moneda, una sin la otra no son reconocibles. <strong>En <em>Sajra Abu Hassam<\/em>, en El Castellar, est\u00e1 el origen de Zafra y tambi\u00e9n su destino<\/strong>, no tengo dudas al respecto. <strong><\/strong><\/p>\n<p><strong>La recuperaci\u00f3n patrimonial y medioambiental de este asentamiento y su \u00e1rea circundante es fundamental para el desarrollo de la poblaci\u00f3n<\/strong>, en ellos est\u00e1n los recursos necesarios para dinamizar la econom\u00eda y recuperar su tradicional empuje. <strong><\/strong><\/p>\n<p><strong>Todo dinero gastado en Patrimonio es una inversi\u00f3n sumamente rentable<\/strong>, los ejemplos que hablan de ello son tan numerosos y bien conocidos que no voy a detenerme en ellos. <strong>Quiz\u00e1s alg\u00fan d\u00eda los pol\u00edticos y la sociedad civil tomen conciencia de ello y obren en consecuencia<\/strong>. Espero que ese d\u00eda est\u00e9 cercano, por el bien de nuestro Patrimonio, por el futuro de nuestro pueblos.<\/p>\n<p>Me marcho de Zafra, aunque <strong>mi coraz\u00f3n<\/strong>\u00a0<strong>siempre desear\u00eda quedarse.<\/strong> Quiero sentarme en la <strong>Plaza Chica<\/strong> y contemplar, bajo sus soportales, el trasiego de un casco hist\u00f3rico din\u00e1mico y animado como pocos. Decido escuchar el <em><a href=\"http:\/\/www.youtube.com\/watch?v=gLGO9khzz8A\" target=\"_blank\">Himno a la vida<\/a><\/em> de <strong>Fernando Arbex<\/strong>.<\/p>\n<p>La m\u00fasica tiene el don de mejorarnos e, incluso, de cambiar la realidad hasta hacerla m\u00e1s amable. Ahora, que las trompetas de la guerra suenan con fuerza en <strong>Siria<\/strong>, pa\u00eds al que nos ligan tantos lazos hist\u00f3ricos, hemos de acallarlas con cantos a la vida y a la esperanza. <strong>La guerra no es el camino para la paz. La paz es el camino<\/strong>.<\/p>\n<div class=\"mceTemp mceIEcenter\" style=\"text-align: center;\">\n<dl id=\"attachment_208\" class=\"wp-caption aligncenter\" style=\"width: 610px;\">\n<dt class=\"wp-caption-dt\"><a href=\"\/paraisos-olvidados\/wp-content\/uploads\/sites\/65\/2013\/10\/15.-Zafra-vista-desde-la-Sierra1.jpg\"><img loading=\"lazy\" class=\"size-full wp-image-208\" title=\"Zafra vista desde la Sierra.\" src=\"\/paraisos-olvidados\/wp-content\/uploads\/sites\/65\/2013\/10\/15.-Zafra-vista-desde-la-Sierra1.jpg\" alt=\"Zafra vista desde la Sierra.\" width=\"600\" height=\"399\" srcset=\"https:\/\/static-blogs.hoy.es\/wp-content\/uploads\/sites\/65\/2013\/10\/15.-Zafra-vista-desde-la-Sierra1.jpg 600w, https:\/\/static-blogs.hoy.es\/wp-content\/uploads\/sites\/65\/2013\/10\/15.-Zafra-vista-desde-la-Sierra1-300x200.jpg 300w, https:\/\/static-blogs.hoy.es\/wp-content\/uploads\/sites\/65\/2013\/10\/15.-Zafra-vista-desde-la-Sierra1-562x374.jpg 562w\" sizes=\"(max-width: 600px) 100vw, 600px\" \/><\/a><\/dt>\n<dd class=\"wp-caption-dd\">Zafra vista desde la Sierra.\/ V\u00edctor Gibello<\/dd>\n<\/dl>\n<\/div>\n<!-- AddThis Advanced Settings generic via filter on the_content --><!-- AddThis Share Buttons generic via filter on the_content -->","protected":false},"excerpt":{"rendered":"<p>Sierra de El Castellar vista desde la ermita de Bel\u00e9n.\/ V\u00edctor Gibello VER TODA LA GALER\u00cdA DE FOTOS DE El CASTELLAR, ZAFRA.\u00a0\/ Autor: V\u00cdCTOR GIBELLO &nbsp; Se miran de soslayo, con recelo, distantes. Fingen indiferencia. Juegan a ignorarse. Por puro orgullo, permanecen d\u00e1ndose la espalda. Pareciera como si el mutuo reconocimiento les restara protagonismo. As\u00ed [&hellip;]<!-- AddThis Advanced Settings generic via filter on get_the_excerpt --><!-- AddThis Share Buttons generic via filter on get_the_excerpt --><\/p>\n","protected":false},"author":71,"featured_media":0,"comment_status":"open","ping_status":"closed","sticky":false,"template":"","format":"standard","meta":[],"categories":[30],"tags":[95,98,117,118,127,138,218,219,220,222,244,262,270,327,474,481,482,495,498,527,551,559,598,634,638],"_links":{"self":[{"href":"https:\/\/blogs.hoy.es\/paraisos-olvidados\/wp-json\/wp\/v2\/posts\/196"}],"collection":[{"href":"https:\/\/blogs.hoy.es\/paraisos-olvidados\/wp-json\/wp\/v2\/posts"}],"about":[{"href":"https:\/\/blogs.hoy.es\/paraisos-olvidados\/wp-json\/wp\/v2\/types\/post"}],"author":[{"embeddable":true,"href":"https:\/\/blogs.hoy.es\/paraisos-olvidados\/wp-json\/wp\/v2\/users\/71"}],"replies":[{"embeddable":true,"href":"https:\/\/blogs.hoy.es\/paraisos-olvidados\/wp-json\/wp\/v2\/comments?post=196"}],"version-history":[{"count":0,"href":"https:\/\/blogs.hoy.es\/paraisos-olvidados\/wp-json\/wp\/v2\/posts\/196\/revisions"}],"wp:attachment":[{"href":"https:\/\/blogs.hoy.es\/paraisos-olvidados\/wp-json\/wp\/v2\/media?parent=196"}],"wp:term":[{"taxonomy":"category","embeddable":true,"href":"https:\/\/blogs.hoy.es\/paraisos-olvidados\/wp-json\/wp\/v2\/categories?post=196"},{"taxonomy":"post_tag","embeddable":true,"href":"https:\/\/blogs.hoy.es\/paraisos-olvidados\/wp-json\/wp\/v2\/tags?post=196"}],"curies":[{"name":"wp","href":"https:\/\/api.w.org\/{rel}","templated":true}]}}