{"id":225,"date":"2014-02-14T13:54:07","date_gmt":"2014-02-14T13:54:07","guid":{"rendered":"http:\/\/blogs.hoy.es\/paraisos-olvidados\/?p=225"},"modified":"2014-02-14T13:54:07","modified_gmt":"2014-02-14T13:54:07","slug":"las-fuentes-siguen-cantando-en-el-revellao-badajoz","status":"publish","type":"post","link":"https:\/\/blogs.hoy.es\/paraisos-olvidados\/2014\/02\/14\/las-fuentes-siguen-cantando-en-el-revellao-badajoz\/","title":{"rendered":"Las fuentes siguen cantando en el Revellao (Badajoz)"},"content":{"rendered":"<div class=\"mceTemp mceIEcenter\" style=\"text-align: center;\">\n<dl id=\"attachment_226\" class=\"wp-caption aligncenter\" style=\"width: 610px;\">\n<dt class=\"wp-caption-dt\"><a href=\"\/paraisos-olvidados\/wp-content\/uploads\/sites\/65\/2014\/02\/CF009716reducida.jpg\"><img loading=\"lazy\" class=\"size-full wp-image-226\" title=\"Aguas manando en el Revellao.\" src=\"\/paraisos-olvidados\/wp-content\/uploads\/sites\/65\/2014\/02\/CF009716reducida.jpg\" alt=\"Aguas manando en el Revellao.\" width=\"600\" height=\"450\" srcset=\"https:\/\/static-blogs.hoy.es\/wp-content\/uploads\/sites\/65\/2014\/02\/CF009716reducida.jpg 600w, https:\/\/static-blogs.hoy.es\/wp-content\/uploads\/sites\/65\/2014\/02\/CF009716reducida-300x225.jpg 300w, https:\/\/static-blogs.hoy.es\/wp-content\/uploads\/sites\/65\/2014\/02\/CF009716reducida-562x422.jpg 562w\" sizes=\"(max-width: 600px) 100vw, 600px\" \/><\/a><\/dt>\n<dd class=\"wp-caption-dd\">Aguas manando en el Revellao.\/ V\u00edctor Gibello<\/dd>\n<\/dl>\n<\/div>\n<p style=\"text-align: center;\"><a href=\"http:\/\/www.hoy.es\/multimedia\/fotos\/regional\/20140213\/fuentes-siguen-cantando-revellao-3072644960839-mm.html\" target=\"_blank\">VER TODA LA GALER\u00cdA DE FOTOS DE EL REVELLAO (II).\u00a0<strong>\/<\/strong> Autor: V\u00cdCTOR GIBELLO<\/a><\/p>\n<p>&nbsp;<\/p>\n<p>All\u00ed, donde el agua mana cristalina, donde las fuentes cantan incluso en el est\u00edo m\u00e1s profundo, all\u00ed, donde la tierra es oscura, f\u00e9rtil, donde el trigo y la cebada son mecidos con suavidad por el viento, all\u00ed, el hombre encontr\u00f3 un hogar donde establecerse desde el neol\u00edtico, un hogar que no ha abandonado desde entonces.<\/p>\n<p><strong>Esta, que podr\u00eda pasar por una descripci\u00f3n del Para\u00edso, es la imagen que proyecta un rinc\u00f3n del t\u00e9rmino municipal de Badajoz, pr\u00f3ximo a Valverde de Legan\u00e9s, denominado Revellao<\/strong>. S\u00ed, han le\u00eddo bien, Badajoz. Lejos de los t\u00f3picos y los estereotipos, muchas veces malintencionados y siempre empobrecedores, las tierras badajocenses son generosas y diversas. Sus paisajes est\u00e1n a\u00fan por explotar tur\u00edsticamente, quiz\u00e1s porque hasta sus administradores han sido incapaces de desprenderse del peso de los t\u00f3picos da\u00f1inos, desde hace a\u00f1os reclaman una adecuada gesti\u00f3n que invite a olvidar las prisas de nuestra sociedad, a decelerar en busca de la autenticidad atesorada por sus campos, por sus monumentos, por sus gentes.<!--more--><\/p>\n<div class=\"mceTemp mceIEcenter\" style=\"text-align: center;\">\n<dl id=\"attachment_236\" class=\"wp-caption aligncenter\" style=\"width: 610px;\">\n<dt class=\"wp-caption-dt\"><a href=\"\/paraisos-olvidados\/wp-content\/uploads\/sites\/65\/2014\/02\/CF007207reducida.jpg\"><img loading=\"lazy\" class=\"size-full wp-image-236\" title=\"Vista general de El Revellao.\" src=\"\/paraisos-olvidados\/wp-content\/uploads\/sites\/65\/2014\/02\/CF007207reducida.jpg\" alt=\"Vista general de El Revellao.\" width=\"600\" height=\"450\" srcset=\"https:\/\/static-blogs.hoy.es\/wp-content\/uploads\/sites\/65\/2014\/02\/CF007207reducida.jpg 600w, https:\/\/static-blogs.hoy.es\/wp-content\/uploads\/sites\/65\/2014\/02\/CF007207reducida-300x225.jpg 300w, https:\/\/static-blogs.hoy.es\/wp-content\/uploads\/sites\/65\/2014\/02\/CF007207reducida-562x422.jpg 562w\" sizes=\"(max-width: 600px) 100vw, 600px\" \/><\/a><\/dt>\n<dd class=\"wp-caption-dd\">Vista general de El Revellao.\/ V\u00edctor Gibello<\/dd>\n<\/dl>\n<\/div>\n<p>&nbsp;<\/p>\n<p>Vuelvo a un lugar que ya fue protagonista de un post tiempo atr\u00e1s. <strong>En el mes de mayo de 2013 publiqu\u00e9 en este blog el art\u00edculo <a href=\"https:\/\/blogs.hoy.es\/paraisos-olvidados\/2013\/05\/10\/el-revellao-la-puerta-neolitica-a-un-camino-para-el-alma\/\" target=\"_blank\">\u201cEl Revellao, la puerta neol\u00edtica a un camino para el alma\u201d<\/a><\/strong>. Se hace necesario retornar para mostrar los nuevos datos disponibles, datos que ponen de manifiesto su gran potencial arqueol\u00f3gico y abren una puerta para el desarrollo econ\u00f3mico de la zona basado en recursos hasta ahora no explorados.<\/p>\n<p><strong>El Revellao es el nombre de una gran finca propiedad de la <a href=\"http:\/\/fundaciondoloresbas.org\" target=\"_blank\">Fundaci\u00f3n Hija de Pepe Reyes, Dolores Bas de Ar\u00fas<\/a><\/strong>, entidad creada para socorrer a los m\u00e1s necesitados de la ciudad de Badajoz, como ya expres\u00e9 en su d\u00eda. <strong>Sus actuales gestores, conocedores del potencial del predio desde el punto de vista patrimonial, decidieron hace un a\u00f1o ofrecerlo a las Instituciones para su aprovechamiento social y disfrute p\u00fablico. Durante este tiempo la Fundaci\u00f3n ha dado los pasos necesarios para implicar a todas y cada una de las administraciones en la puesta en valor del rico Patrimonio del Revellao<\/strong>. La comunicaci\u00f3n est\u00e1 establecida y fluye con normalidad, pero las respuestas tardan en llegar; quiz\u00e1s la agilidad y la rapidez no sean cualidades inherentes a la cosa p\u00fablica en Espa\u00f1a, pero como sociedad no podemos permitirnos desperdiciar la excepcional propuesta con la demora o el olvido.<\/p>\n<div class=\"mceTemp mceIEcenter\" style=\"text-align: center;\">\n<dl id=\"attachment_237\" class=\"wp-caption aligncenter\" style=\"width: 610px;\">\n<dt class=\"wp-caption-dt\"><a href=\"\/paraisos-olvidados\/wp-content\/uploads\/sites\/65\/2014\/02\/CF007166reducida.jpg\"><img loading=\"lazy\" class=\"size-full wp-image-237\" title=\"Paseando con Pedro Arias por El Revellao.\" src=\"\/paraisos-olvidados\/wp-content\/uploads\/sites\/65\/2014\/02\/CF007166reducida.jpg\" alt=\"Paseando con Pedro Arias por El Revellao.\" width=\"600\" height=\"450\" srcset=\"https:\/\/static-blogs.hoy.es\/wp-content\/uploads\/sites\/65\/2014\/02\/CF007166reducida.jpg 600w, https:\/\/static-blogs.hoy.es\/wp-content\/uploads\/sites\/65\/2014\/02\/CF007166reducida-300x225.jpg 300w, https:\/\/static-blogs.hoy.es\/wp-content\/uploads\/sites\/65\/2014\/02\/CF007166reducida-562x422.jpg 562w\" sizes=\"(max-width: 600px) 100vw, 600px\" \/><\/a><\/dt>\n<dd class=\"wp-caption-dd\">Paseando con Pedro Arias por El Revellao.\/ V\u00edctor Gibello<\/dd>\n<\/dl>\n<\/div>\n<p>&nbsp;<\/p>\n<p><strong>Pedro Arias, presidente de la Fundaci\u00f3n Dolores Bas de Ar\u00fas, posee una energ\u00eda y una vitalidad contagiosas, con la naturalidad propia de un hombre de bien genera v\u00ednculos e involucra en los distintos prop\u00f3sitos que le animan a todo aquel que se acerca<\/strong>. Pedro cree plenamente en el potencial del Revellao, su fe le conduce a apostar por el proyecto, a esforzarse cuanto sea necesario para ponerlo en pie, para insuflarle vida. Nos hemos reunido en varios ocasiones para esbozar l\u00edneas de actuaci\u00f3n posibles que permitan conocer, estudiar, conservar, divulgar y poner en valor los recursos patrimoniales de la finca.<\/p>\n<p><strong>Fruto de esa interacci\u00f3n ha podido efectuarse un an\u00e1lisis intensivo inicial de todo el espacio gracias a la realizaci\u00f3n de una prospecci\u00f3n arqueol\u00f3gica. Los resultados de la misma son m\u00e1s que sorprendentes, pues a los elementos conocidos se unen ahora nuevos bienes poseedores de gran inter\u00e9s hasta alcanzar la cifra de 15 yacimientos<\/strong>. Para aquellos que desconozcan este tipo de trabajos, podr\u00eda decirse, de forma resumida, que la prospecci\u00f3n arqueol\u00f3gica tiene como fin el reconocimiento de la superficie terrestre del espacio objeto de investigaci\u00f3n con el fin de identificar cualquier vestigio arqueol\u00f3gico existente en la superficie del terreno que permita determinar la existencia de yacimientos arqueol\u00f3gicos. Se trata de una intervenci\u00f3n no invasiva, basada en el reconocimiento de los indicios visibles en superficie.<\/p>\n<p>Con <a href=\"http:\/\/es.wikipedia.org\/wiki\/Gabriel_Faur\u00e9\" target=\"_blank\">Gabriel Faur\u00e9<\/a>, con la \u00faltima pieza de su R\u00e9quiem en Re menor Op. 48 titulada <em><a href=\"http:\/\/www.youtube.com\/watch?v=OYQe_by2PL8\" target=\"_blank\">In Paradisum<\/a><\/em>, regreso al Revellao. <strong>Pasamos la vida anhelando el Para\u00edso perdido, cuando, en realidad, habitamos en \u00e9l sin darnos cuenta<\/strong>. En algunos lugares volvemos a recuperar, aunque sea por un instante, la percepci\u00f3n de encontrarnos en el Ed\u00e9n, la sensaci\u00f3n reconfortante de estar en casa. Eso sucede en el Revellao, donde todo nos devuelve al principio. Puede que la composici\u00f3n de Faur\u00e9 facilite el traslado, qui\u00e9n sabe.<\/p>\n<div class=\"mceTemp mceIEcenter\" style=\"text-align: center;\">\n<dl id=\"attachment_231\" class=\"wp-caption aligncenter\" style=\"width: 610px;\">\n<dt class=\"wp-caption-dt\"><a href=\"\/paraisos-olvidados\/wp-content\/uploads\/sites\/65\/2014\/02\/CF009647reducida.jpg\"><img loading=\"lazy\" class=\"size-full wp-image-231\" title=\"Puerta de la iglesia de San Ildefonso.\" src=\"\/paraisos-olvidados\/wp-content\/uploads\/sites\/65\/2014\/02\/CF009647reducida.jpg\" alt=\"Puerta de la iglesia de San Ildefonso.\" width=\"600\" height=\"450\" srcset=\"https:\/\/static-blogs.hoy.es\/wp-content\/uploads\/sites\/65\/2014\/02\/CF009647reducida.jpg 600w, https:\/\/static-blogs.hoy.es\/wp-content\/uploads\/sites\/65\/2014\/02\/CF009647reducida-300x225.jpg 300w, https:\/\/static-blogs.hoy.es\/wp-content\/uploads\/sites\/65\/2014\/02\/CF009647reducida-562x422.jpg 562w\" sizes=\"(max-width: 600px) 100vw, 600px\" \/><\/a><\/dt>\n<dd class=\"wp-caption-dd\">Puerta de la iglesia de San Ildefonso.\/ V\u00edctor Gibello<\/dd>\n<\/dl>\n<\/div>\n<p>&nbsp;<\/p>\n<p>Junto a la carretera que une Valverde de Legan\u00e9s con Almendral y Torre de Miguel Sesmero, eco del viejo camino que conectaba Olivenza con Tierra de Barros, se alzan los restos de una curiosa estructura: una puerta de origen medieval que parece aislada y abierta hacia la nada. Esta puerta es la protagonista de este post.<\/p>\n<p>Un simple reconocimiento visual del terreno permite determinar que la puerta forma parte de un conjunto m\u00e1s amplio, de un edificio parcialmente perdido y semioculto por la espesa vegetaci\u00f3n que cubre el espacio. Profundizando un poco m\u00e1s, se llega a la conclusi\u00f3n de que estamos ante los restos de una antigua iglesia de la que han perdurado el vano oeste y el \u00e1bside, mucho m\u00e1s degradado, de traza semicircular. Los muros que un\u00edan ambas estructuras reposan bajo estratos de tierra y derrumbes con una potencia de m\u00e1s de 1,5 metros. Las encinas se han convertido en la cubierta del antiguo templo, han sustituido tejas, b\u00f3vedas y, posiblemente, un artesonado de traza mud\u00e9jar.<\/p>\n<div class=\"mceTemp mceIEcenter\" style=\"text-align: center;\">\n<dl id=\"attachment_232\" class=\"wp-caption aligncenter\" style=\"width: 610px;\">\n<dt class=\"wp-caption-dt\"><a href=\"\/paraisos-olvidados\/wp-content\/uploads\/sites\/65\/2014\/02\/CF007192reducidas.jpg\"><img loading=\"lazy\" class=\"size-full wp-image-232\" title=\"Vegetaci\u00f3n cubriendo el espacio.\" src=\"\/paraisos-olvidados\/wp-content\/uploads\/sites\/65\/2014\/02\/CF007192reducidas.jpg\" alt=\"Vegetaci\u00f3n cubriendo el espacio.\" width=\"600\" height=\"450\" srcset=\"https:\/\/static-blogs.hoy.es\/wp-content\/uploads\/sites\/65\/2014\/02\/CF007192reducidas.jpg 600w, https:\/\/static-blogs.hoy.es\/wp-content\/uploads\/sites\/65\/2014\/02\/CF007192reducidas-300x225.jpg 300w, https:\/\/static-blogs.hoy.es\/wp-content\/uploads\/sites\/65\/2014\/02\/CF007192reducidas-562x422.jpg 562w\" sizes=\"(max-width: 600px) 100vw, 600px\" \/><\/a><\/dt>\n<dd class=\"wp-caption-dd\">Vegetaci\u00f3n cubriendo el espacio.\/ V\u00edctor Gibello<\/dd>\n<\/dl>\n<\/div>\n<p>&nbsp;<\/p>\n<p>Cuanto m\u00e1s se investiga, m\u00e1s dudas surgen, nacen m\u00e1s preguntas que responder. \u00bfEl templo se alz\u00f3 a modo de ermita campera o form\u00f3 parte de un conjunto m\u00e1s amplio? Se trata de una iglesia en el pleno sentido del t\u00e9rmino, <strong>una iglesia dedicada a San Ildefonso, integrada en una aldea hoy desaparecida denominada Revellao<\/strong> (tambi\u00e9n Rebellado, Rebellados). Antiguos textos confirman la hip\u00f3tesis. Poco despu\u00e9s de la conquista cristiana de la ciudad de Badajoz se formaron numerosas aldeas en su periferia, pueblos donde asentar a los nuevos colonos y con los que explotar el enorme territorio disponible. En el S\u00ednodo Diocesano de 1255, convocado para fijar los l\u00edmites de la Di\u00f3cesis de Badajoz, ya aparecen la aldea de Valverde y sus anejos Revellado, Valdesevilla y Los Arcos.<\/p>\n<p><strong>La poblaci\u00f3n se afianz\u00f3 en el lugar, prosper\u00f3 durante m\u00e1s de 150 a\u00f1os, hasta que fue literalmente arrasada durante las guerras con Portugal de finales del siglo XIV e inicios del siglo XV<\/strong>. Despu\u00e9s de la <a href=\"http:\/\/es.wikipedia.org\/wiki\/Batalla_de_Aljubarrota\" target=\"_blank\">batalla de Aljubarrota<\/a> (1385), que no s\u00f3lo supuso la derrota del ej\u00e9rcito castellano, sino tambi\u00e9n el fin de las aspiraciones de Juan I de Castilla a la corona portuguesa, la frontera extreme\u00f1a se convirti\u00f3 en escenario de contiendas hasta la firma del Tratado de Ayll\u00f3n (1411). Fueron 26 largos a\u00f1os de pillajes y hostilidades durante los que se destruyeron todos los lugares no dotados de s\u00f3lidas defensas, especialmente en el entorno de Olivenza, entonces, hay que recordarlo, cabeza de puente portuguesa en la margen izquierda del Guadiana. <strong>El Revellao y muchos otros pueblos y aldeas fueron destruidos hasta hacer inviable su recuperaci\u00f3n posterior<\/strong>.<\/p>\n<div class=\"mceTemp mceIEcenter\" style=\"text-align: center;\">\n<dl id=\"attachment_233\" class=\"wp-caption aligncenter\" style=\"width: 610px;\">\n<dt class=\"wp-caption-dt\"><a href=\"\/paraisos-olvidados\/wp-content\/uploads\/sites\/65\/2014\/02\/CF009783reducida.jpg\"><img loading=\"lazy\" class=\"size-full wp-image-233\" title=\"Fuente abandonada.\" src=\"\/paraisos-olvidados\/wp-content\/uploads\/sites\/65\/2014\/02\/CF009783reducida.jpg\" alt=\"Fuente abandonada.\" width=\"600\" height=\"450\" srcset=\"https:\/\/static-blogs.hoy.es\/wp-content\/uploads\/sites\/65\/2014\/02\/CF009783reducida.jpg 600w, https:\/\/static-blogs.hoy.es\/wp-content\/uploads\/sites\/65\/2014\/02\/CF009783reducida-300x225.jpg 300w, https:\/\/static-blogs.hoy.es\/wp-content\/uploads\/sites\/65\/2014\/02\/CF009783reducida-562x422.jpg 562w\" sizes=\"(max-width: 600px) 100vw, 600px\" \/><\/a><\/dt>\n<dd class=\"wp-caption-dd\">Fuente abandonada.\/ V\u00edctor Gibello<\/dd>\n<\/dl>\n<\/div>\n<p>&nbsp;<\/p>\n<p><strong>El car\u00e1cter fronterizo de Extremadura ha supuesto para la regi\u00f3n un terrible obst\u00e1culo en su desarrollo hist\u00f3rico.<\/strong> Durante siglos ha sido el solar de contiendas que han arrasado una y otra vez sus principales poblaciones, oblig\u00e1ndolas a realizar esfuerzos incontables para seguir el ritmo de un reino (el castellano, primero, el espa\u00f1ol, despu\u00e9s) que, en el mejor de los casos, ha mirado para otra parte, insensible al dolor y a la necesidad de sus s\u00fabditos. Cada cierto tiempo se habla de la deuda hist\u00f3rica del estado con Extremadura, ese te\u00f3rico debe secular que la naci\u00f3n tiene con la regi\u00f3n por el d\u00e9ficit en inversiones e infraestructuras; sin embargo, los que manejan las cifras, absurdas, y las peticiones, muy insuficientes, poco conocen de nuestra Historia y de la deuda real contra\u00edda con esta tierra por siglos de abandono, de desidia, de sufrimiento y humillaciones. <strong>Ha llegado el momento de hablar de todas estas cosas, sin complejos, de reclamar aquello que nos pertenece por derecho y no por la limosna \u201cgenerosa\u201d del centro a la periferia.<\/strong><\/p>\n<div class=\"mceTemp mceIEcenter\" style=\"text-align: center;\">\n<dl id=\"attachment_235\" class=\"wp-caption aligncenter\" style=\"width: 610px;\">\n<dt class=\"wp-caption-dt\"><a href=\"\/paraisos-olvidados\/wp-content\/uploads\/sites\/65\/2014\/02\/CF009659reducida.jpg\"><img loading=\"lazy\" class=\"size-full wp-image-235\" title=\"Cabecera del templo.\" src=\"\/paraisos-olvidados\/wp-content\/uploads\/sites\/65\/2014\/02\/CF009659reducida.jpg\" alt=\"Cabecera del templo.\" width=\"600\" height=\"450\" srcset=\"https:\/\/static-blogs.hoy.es\/wp-content\/uploads\/sites\/65\/2014\/02\/CF009659reducida.jpg 600w, https:\/\/static-blogs.hoy.es\/wp-content\/uploads\/sites\/65\/2014\/02\/CF009659reducida-300x225.jpg 300w, https:\/\/static-blogs.hoy.es\/wp-content\/uploads\/sites\/65\/2014\/02\/CF009659reducida-562x422.jpg 562w\" sizes=\"(max-width: 600px) 100vw, 600px\" \/><\/a><\/dt>\n<dd class=\"wp-caption-dd\">Cabecera del templo.\/ V\u00edctor Gibello<\/dd>\n<\/dl>\n<\/div>\n<p>&nbsp;<\/p>\n<p>El Revellao fue destruido. En torno a la iglesia se extend\u00eda una poblaci\u00f3n de unas 4 hect\u00e1reas de extensi\u00f3n. Los materiales arqueol\u00f3gicos visibles en superficie permiten trazar una l\u00ednea te\u00f3rica de su per\u00edmetro y confirman que no alcanz\u00f3 el siglo XV. La elecci\u00f3n del lugar como asentamiento no fue fruto de la casualidad, se ubic\u00f3 en un terreno rico en aguas y tierras y perfectamente comunicado, ya que all\u00ed se cruzaban los caminos que un\u00edan Sevilla con Badajoz a trav\u00e9s de Barcarrota y el ya se\u00f1alado de Olivenza hacia Tierra de Barros y M\u00e9rida. La reconstrucci\u00f3n fue imposible, entre otras cosas por la usurpaci\u00f3n de tierras del concejo de Badajoz a manos de miembros de la nobleza. El despoblado fue languideciendo, las ruinas fueron fagocitadas por el tiempo y la vegetaci\u00f3n hasta hacerlas irreconocibles, se convirti\u00f3 en parte de una amplia dehesa cuya explotaci\u00f3n se mantiene hasta nuestros d\u00edas.<\/p>\n<div class=\"mceTemp mceIEcenter\" style=\"text-align: center;\">\n<dl id=\"attachment_234\" class=\"wp-caption aligncenter\" style=\"width: 610px;\">\n<dt class=\"wp-caption-dt\"><a href=\"\/paraisos-olvidados\/wp-content\/uploads\/sites\/65\/2014\/02\/CF009665reducida.jpg\"><img loading=\"lazy\" class=\"size-full wp-image-234\" title=\"Materiales romanos en superficie.\" src=\"\/paraisos-olvidados\/wp-content\/uploads\/sites\/65\/2014\/02\/CF009665reducida.jpg\" alt=\"Materiales romanos en superficie.\" width=\"600\" height=\"450\" srcset=\"https:\/\/static-blogs.hoy.es\/wp-content\/uploads\/sites\/65\/2014\/02\/CF009665reducida.jpg 600w, https:\/\/static-blogs.hoy.es\/wp-content\/uploads\/sites\/65\/2014\/02\/CF009665reducida-300x225.jpg 300w, https:\/\/static-blogs.hoy.es\/wp-content\/uploads\/sites\/65\/2014\/02\/CF009665reducida-562x422.jpg 562w\" sizes=\"(max-width: 600px) 100vw, 600px\" \/><\/a><\/dt>\n<dd class=\"wp-caption-dd\">Materiales romanos en superficie.\/ V\u00edctor Gibello<\/dd>\n<\/dl>\n<\/div>\n<p>&nbsp;<\/p>\n<p><strong>Pero la Historia no termina aqu\u00ed. La aldea se erigi\u00f3 en una zona dotada de unos espl\u00e9ndidos recursos, recursos que no pasaron por alto durante los tiempos de la dominaci\u00f3n romana ni en \u00e9pocas precedentes. La prospecci\u00f3n ha documentado la existencia en el subsuelo de una villa romana de enormes dimensiones<\/strong>, los materiales arqueol\u00f3gicos a ella asociados se extienden por una superficie que ronda las 26 hect\u00e1reas. Es posible que la aldea reutilizara para de sus construcciones, fen\u00f3meno repetido en otros tantos asentamientos. Abundant\u00edsimos materiales constructivos se extienden por la parcela a ambos lados de la carretera, algunos muros son a\u00fan reconocibles, como tambi\u00e9n lo son los restos cer\u00e1micos (de mesa y almacenaje) y desechos procedentes de la explotaci\u00f3n del hierro, hecho que permite confirmar la existencia de hornos y fundiciones de la \u00e9poca. Esta villa va a dar mucho que hablar en el futuro, estoy convencido de ello.<\/p>\n<div class=\"mceTemp mceIEcenter\" style=\"text-align: center;\">\n<dl id=\"attachment_229\" class=\"wp-caption aligncenter\" style=\"width: 610px;\">\n<dt class=\"wp-caption-dt\"><a href=\"\/paraisos-olvidados\/wp-content\/uploads\/sites\/65\/2014\/02\/DSC_9029reducida.jpg\"><img loading=\"lazy\" class=\"size-full wp-image-229\" title=\"Boh\u00eddo sobre poblado calcol\u00edtico.\" src=\"\/paraisos-olvidados\/wp-content\/uploads\/sites\/65\/2014\/02\/DSC_9029reducida.jpg\" alt=\"Boh\u00eddo sobre poblado calcol\u00edtico.\" width=\"600\" height=\"399\" srcset=\"https:\/\/static-blogs.hoy.es\/wp-content\/uploads\/sites\/65\/2014\/02\/DSC_9029reducida.jpg 600w, https:\/\/static-blogs.hoy.es\/wp-content\/uploads\/sites\/65\/2014\/02\/DSC_9029reducida-300x200.jpg 300w, https:\/\/static-blogs.hoy.es\/wp-content\/uploads\/sites\/65\/2014\/02\/DSC_9029reducida-562x374.jpg 562w\" sizes=\"(max-width: 600px) 100vw, 600px\" \/><\/a><\/dt>\n<dd class=\"wp-caption-dd\">Boh\u00eddo sobre poblado calcol\u00edtico.\/ V\u00edctor Gibello<\/dd>\n<\/dl>\n<\/div>\n<p>&nbsp;<\/p>\n<p>Desplaz\u00e1ndonos ligeramente hacia el oeste del n\u00facleo principal de la aldea medieval y de la villa romana, ya fuera de los l\u00edmites de la Fundaci\u00f3n, <strong>se han podido localizar los restos de un poblado calcol\u00edtico, tambi\u00e9n con ocupaci\u00f3n romana, sobre una suave loma coronada por un boh\u00eddo<\/strong>. Hacia el norte, en mitad del cultivo cereal\u00edcola y junto a una magn\u00edfica fuente-abrevadero, <strong>hay un dolmen desde hace a\u00f1os conocido como Dolmen del Revellao II. Carece de cubierta y de la monumentalidad del Revellao I, pero su c\u00e1mara est\u00e1 intacta, esperando que nos decidamos a excavarla<\/strong>. La parcela tiene varias estructuras tumulares m\u00e1s, algunas de ellas ser\u00e1n d\u00f3lmenes a buen seguro, hecho que pone de manifiesto la singular importancia del espacio para las sociedades neol\u00edticas y calcol\u00edticas que lo habitaron.<\/p>\n<div class=\"mceTemp mceIEcenter\" style=\"text-align: center;\">\n<dl id=\"attachment_230\" class=\"wp-caption aligncenter\" style=\"width: 610px;\">\n<dt class=\"wp-caption-dt\"><a href=\"\/paraisos-olvidados\/wp-content\/uploads\/sites\/65\/2014\/02\/DSC_8987reducida.jpg\"><img loading=\"lazy\" class=\"size-full wp-image-230\" title=\"Dolmen del Revellao II.\" src=\"\/paraisos-olvidados\/wp-content\/uploads\/sites\/65\/2014\/02\/DSC_8987reducida.jpg\" alt=\"Dolmen del Revellao II.\" width=\"600\" height=\"399\" srcset=\"https:\/\/static-blogs.hoy.es\/wp-content\/uploads\/sites\/65\/2014\/02\/DSC_8987reducida.jpg 600w, https:\/\/static-blogs.hoy.es\/wp-content\/uploads\/sites\/65\/2014\/02\/DSC_8987reducida-300x200.jpg 300w, https:\/\/static-blogs.hoy.es\/wp-content\/uploads\/sites\/65\/2014\/02\/DSC_8987reducida-562x374.jpg 562w\" sizes=\"(max-width: 600px) 100vw, 600px\" \/><\/a><\/dt>\n<dd class=\"wp-caption-dd\">Dolmen del Revellao II.\/ V\u00edctor Gibello<\/dd>\n<\/dl>\n<\/div>\n<p>&nbsp;<\/p>\n<p><strong>El Revellao es, por muchas razones, un espacio singular dotado de una enorme riqueza arqueol\u00f3gica capaz de generar desarrollo y prosperidad para el tri\u00e1ngulo formado por Badajoz \u2013 Valverde de Legan\u00e9s \u2013 Almendral. Termino con la misma pregunta que realic\u00e9 hace 10 meses, pues nadie la ha respondido a\u00fan: \u00bfqu\u00e9 van a hacer las instituciones con el ofrecimiento efectuado por la Fundaci\u00f3n Dolores Bas de Ar\u00fas? El tiempo pasa, las oportunidades desaparecen, la poblaci\u00f3n lo necesita, nuestra sociedad lo demanda, el conocimiento lo exige.<\/strong><\/p>\n<p>Mientras llega la respuesta, las fuentes del Revellao siguen manando. Leemos a <a href=\"http:\/\/es.wikipedia.org\/wiki\/Rabindranath_Tagore\" target=\"_blank\">Rabindranath Tagore<\/a> uni\u00e9ndonos a su petici\u00f3n, <a href=\"http:\/\/www.youtube.com\/watch?v=karrT2h2bWA\" target=\"_blank\">musicada por Amancio Prada<\/a>:<\/p>\n<p style=\"text-align: center;\"><em>\u201cPermite, Padre, que mi patria se despierte<\/em><\/p>\n<p style=\"text-align: center;\"><em>\u2028en ese cielo donde nada teme el alma,<\/em><\/p>\n<p style=\"text-align: center;\"><em>\u2028y se lleva erguida la cabeza;<\/em><\/p>\n<p style=\"text-align: center;\"><em>\u2028donde el saber es libre;\u2028<\/em><\/p>\n<p style=\"text-align: center;\"><em>donde no est\u00e1 roto el mundo en pedazos<\/em><\/p>\n<p style=\"text-align: center;\"><em>\u2028por las paredes caseras;<\/em><\/p>\n<p style=\"text-align: center;\"><em>donde la palabra surte de las honduras de la verdad;\u2028<\/em><\/p>\n<p style=\"text-align: center;\"><em>donde el luchar infatigable tiende sus brazos a la perfecci\u00f3n;<\/em><\/p>\n<p style=\"text-align: center;\"><em>donde la clara fuente de la raz\u00f3n \u2028no se ha perdido <\/em><\/p>\n<p style=\"text-align: center;\"><em>en el triste arenal \u2028del desierto de la yerta costumbre;\u2028<\/em><\/p>\n<p style=\"text-align: center;\"><em>donde el entendimiento va contigo\u2028<\/em><\/p>\n<p style=\"text-align: center;\"><em>a acciones e ideales ascendentes\u2026\u2028<\/em><\/p>\n<p style=\"text-align: center;\"><em>\u00a1Permite, Padre m\u00edo,\u2028<\/em><\/p>\n<p style=\"text-align: center;\"><em>que mi patria se despierte en ese cielo de libertad!\u201d<\/em><\/p>\n<p>&nbsp;<\/p>\n<div class=\"mceTemp mceIEcenter\" style=\"text-align: center;\">\n<dl id=\"attachment_228\" class=\"wp-caption aligncenter\" style=\"width: 610px;\">\n<dt class=\"wp-caption-dt\"><a href=\"\/paraisos-olvidados\/wp-content\/uploads\/sites\/65\/2014\/02\/18.-La-iglesia-de-San-Ildefonso-a-la-luz-de-la-luna.jpg\"><img loading=\"lazy\" class=\"size-full wp-image-228\" title=\"La iglesia de San Ildefonso a la luz de la luna.\" src=\"\/paraisos-olvidados\/wp-content\/uploads\/sites\/65\/2014\/02\/18.-La-iglesia-de-San-Ildefonso-a-la-luz-de-la-luna.jpg\" alt=\"La iglesia de San Ildefonso a la luz de la luna.\" width=\"600\" height=\"902\" srcset=\"https:\/\/static-blogs.hoy.es\/wp-content\/uploads\/sites\/65\/2014\/02\/18.-La-iglesia-de-San-Ildefonso-a-la-luz-de-la-luna.jpg 600w, https:\/\/static-blogs.hoy.es\/wp-content\/uploads\/sites\/65\/2014\/02\/18.-La-iglesia-de-San-Ildefonso-a-la-luz-de-la-luna-200x300.jpg 200w, https:\/\/static-blogs.hoy.es\/wp-content\/uploads\/sites\/65\/2014\/02\/18.-La-iglesia-de-San-Ildefonso-a-la-luz-de-la-luna-374x562.jpg 374w\" sizes=\"(max-width: 600px) 100vw, 600px\" \/><\/a><\/dt>\n<dd class=\"wp-caption-dd\">La iglesia de San Ildefonso a la luz de la luna.\/ V\u00edctor Gibello<\/dd>\n<\/dl>\n<\/div>\n<!-- AddThis Advanced Settings generic via filter on the_content --><!-- AddThis Share Buttons generic via filter on the_content -->","protected":false},"excerpt":{"rendered":"<p>Aguas manando en el Revellao.\/ V\u00edctor Gibello VER TODA LA GALER\u00cdA DE FOTOS DE EL REVELLAO (II).\u00a0\/ Autor: V\u00cdCTOR GIBELLO &nbsp; All\u00ed, donde el agua mana cristalina, donde las fuentes cantan incluso en el est\u00edo m\u00e1s profundo, all\u00ed, donde la tierra es oscura, f\u00e9rtil, donde el trigo y la cebada son mecidos con suavidad por [&hellip;]<!-- AddThis Advanced Settings generic via filter on get_the_excerpt --><!-- AddThis Share Buttons generic via filter on get_the_excerpt --><\/p>\n","protected":false},"author":71,"featured_media":0,"comment_status":"open","ping_status":"closed","sticky":false,"template":"","format":"standard","meta":[],"categories":[30],"tags":[59,61,74,95,117,123,142,146,203,209,213,259,284,289,331,353,452,466,468,474,483,502,506,533,564,575,587,609,620,634],"_links":{"self":[{"href":"https:\/\/blogs.hoy.es\/paraisos-olvidados\/wp-json\/wp\/v2\/posts\/225"}],"collection":[{"href":"https:\/\/blogs.hoy.es\/paraisos-olvidados\/wp-json\/wp\/v2\/posts"}],"about":[{"href":"https:\/\/blogs.hoy.es\/paraisos-olvidados\/wp-json\/wp\/v2\/types\/post"}],"author":[{"embeddable":true,"href":"https:\/\/blogs.hoy.es\/paraisos-olvidados\/wp-json\/wp\/v2\/users\/71"}],"replies":[{"embeddable":true,"href":"https:\/\/blogs.hoy.es\/paraisos-olvidados\/wp-json\/wp\/v2\/comments?post=225"}],"version-history":[{"count":0,"href":"https:\/\/blogs.hoy.es\/paraisos-olvidados\/wp-json\/wp\/v2\/posts\/225\/revisions"}],"wp:attachment":[{"href":"https:\/\/blogs.hoy.es\/paraisos-olvidados\/wp-json\/wp\/v2\/media?parent=225"}],"wp:term":[{"taxonomy":"category","embeddable":true,"href":"https:\/\/blogs.hoy.es\/paraisos-olvidados\/wp-json\/wp\/v2\/categories?post=225"},{"taxonomy":"post_tag","embeddable":true,"href":"https:\/\/blogs.hoy.es\/paraisos-olvidados\/wp-json\/wp\/v2\/tags?post=225"}],"curies":[{"name":"wp","href":"https:\/\/api.w.org\/{rel}","templated":true}]}}