{"id":239,"date":"2014-03-21T10:11:10","date_gmt":"2014-03-21T10:11:10","guid":{"rendered":"http:\/\/blogs.hoy.es\/paraisos-olvidados\/?p=239"},"modified":"2014-03-21T10:11:10","modified_gmt":"2014-03-21T10:11:10","slug":"el-aljibe-de-altamirano-un-sueno-del-agua-quieta-en-trujillo","status":"publish","type":"post","link":"https:\/\/blogs.hoy.es\/paraisos-olvidados\/2014\/03\/21\/el-aljibe-de-altamirano-un-sueno-del-agua-quieta-en-trujillo\/","title":{"rendered":"El aljibe de Altamirano, un sue\u00f1o del agua quieta en Trujillo."},"content":{"rendered":"<div class=\"mceTemp mceIEcenter\" style=\"text-align: center;\">\n<dl id=\"attachment_240\" class=\"wp-caption aligncenter\" style=\"width: 610px;\">\n<dt class=\"wp-caption-dt\"><a href=\"\/paraisos-olvidados\/wp-content\/uploads\/sites\/65\/2014\/03\/DSC_9192r.jpg\"><img loading=\"lazy\" class=\"size-full wp-image-240\" title=\"Vista general del aljibe.\" src=\"\/paraisos-olvidados\/wp-content\/uploads\/sites\/65\/2014\/03\/DSC_9192r.jpg\" alt=\"Vista general del aljibe.\" width=\"549\" height=\"365\" srcset=\"https:\/\/static-blogs.hoy.es\/wp-content\/uploads\/sites\/65\/2014\/03\/DSC_9192r.jpg 600w, https:\/\/static-blogs.hoy.es\/wp-content\/uploads\/sites\/65\/2014\/03\/DSC_9192r-300x200.jpg 300w, https:\/\/static-blogs.hoy.es\/wp-content\/uploads\/sites\/65\/2014\/03\/DSC_9192r-562x374.jpg 562w\" sizes=\"(max-width: 549px) 100vw, 549px\" \/><\/a><\/dt>\n<dd class=\"wp-caption-dd\">Vista general del aljibe.\/ V\u00edctor Gibello<\/dd>\n<\/dl>\n<\/div>\n<p style=\"text-align: center;\"><a href=\"http:\/\/www.hoy.es\/multimedia\/fotos\/regional\/20140319\/paraisos-olvidados-aljibe-altamirano-3073819960768-mm.html\" target=\"_blank\">VER TODA LA GALER\u00cdA DE FOTOS DEL ALJIBE ALTAMIRANO\u00a0<strong>\/<\/strong> Autor: V\u00cdCTOR GIBELLO<\/a><\/p>\n<p><strong>Lazos s\u00f3lidos me unen a <a href=\"http:\/\/www.trujillo.es\" target=\"_blank\">Trujillo<\/a>.<\/strong> Son lazos sentimentales y profesionales tejidos con esmero durante a\u00f1os, por momentos sutiles, por momentos palpables, que hacen que cada encuentro con la ciudad sea deseado, festivo. En los \u00faltimos tiempos se est\u00e1n haciendo a\u00fan m\u00e1s estables, en breve es posible que pueda contarles nuevos e importantes proyectos que protagonizan algunos de mis sue\u00f1os m\u00e1s recientes.<\/p>\n<p>La poblaci\u00f3n se alza majestuosa sobre un extenso batolito. Domina la penillanura cacere\u00f1o-trujillana desde una peque\u00f1a elevaci\u00f3n que puede otearse desde kil\u00f3metros a la redonda. La contemplaci\u00f3n en la distancia permite generar expectativas en el visitante, expectativas que crecen de kil\u00f3metro en kil\u00f3metro, que culminan a la llegada, donde no cabe un s\u00f3lo sentimiento de decepci\u00f3n.<\/p>\n<p><strong>Muchos caminos llegan a Trujillo, desde todos ellos se alcanzan espl\u00e9ndidas vistas panor\u00e1micas.<\/strong> Me gusta especialmente la que se disfruta viniendo desde C\u00e1ceres, al oeste: las torres y la muralla medievales se alzan desafiantes, palacios y casas fuertes muestran orgullosos un poder\u00edo vetusto dif\u00edcil de igualar, obras p\u00e9treas que parecen brotadas, como por arte de alg\u00fan sortilegio, del \u00e1spero suelo rocoso al que se anclan; al fondo, las sierras de Gredos parecen asomarse curiosas al espect\u00e1culo, en invierno sus cumbres blanqueadas ayudan a dise\u00f1ar un paisaje salido de cuento, m\u00e1xime cuando el verdor del musgo rebrotado con las lluvias tapiza con intensidad cada roca.<\/p>\n<p><strong>Todo Trujillo ha sido durante demasiados a\u00f1os un Para\u00edso Olvidado.<\/strong> Parec\u00eda abandonado a su suerte, desplazado a una posici\u00f3n inmerecida, condenado al abandono. <strong>Es posible que no haya poblaci\u00f3n en Extremadura con tantos merecimientos como Trujillo para ser el centro tur\u00edstico y cultural principal<\/strong>: un enclave monumental espectacular como pocos en Europa, una ciudad hist\u00f3rica en la que el Patrimonio no se ha convertido en un burdo parque tem\u00e1tico o en un conjunto de fachadas pintorescas, sino una localidad viva, una villa espa\u00f1ola en la que la presencia americana se palpa en muchos de sus rincones. Sin embargo, todos sus innegables y exclusivos valores han sido, en cierto modo, despreciados, ninguneados, relegados. <strong>Aires nuevos est\u00e1n soplando para cambiar esta inercia de a\u00f1os.<!--more--><\/strong><\/p>\n<p><strong>Recientemente Trujillo ha presentado su candidatura para ser declarada bien Patrimonio de la Humanidad<\/strong>, petici\u00f3n que llega tarde, demasiado tarde y, desde mi punto de vista, inadecuada metodol\u00f3gica y conceptualmente hablando. La ciudad ha concurrido en compa\u00f1\u00eda de Plasencia y de Monfrag\u00fce, hecho que, lejos de reforzar la candidatura, ha supuesto un lastre que ha arruinado sus evidentes opciones. No se trata de a\u00f1adir elementos, por muy interesantes que puedan ser (de hecho los compa\u00f1eros de viaje eran de primer nivel); <strong>postularse a Ciudad Patrimonio de la Humanidad requiere otro tipo de enfoque, m\u00e1s claro y preciso, adecuado para mostrar las caracter\u00edsticas que hacen de Trujillo un enclave \u00fanico.<\/strong><\/p>\n<p><strong>Trujillo ha de volver a presentarse ante la UNESCO con nuevos planteamientos<\/strong>, pero esta vez por s\u00ed sola, por favor, mostrando todos y cada uno de los valores que atesora, arqueol\u00f3gicos, hist\u00f3ricos, paisaj\u00edsticos, esos valores que la convierten en excepcional y que la deben hacer merecedora de reconocimiento y protecci\u00f3n internacional. Si se prepara una candidatura adecuada, dadas sus cualidades excepcionales, el \u00e9xito est\u00e1 asegurado.<\/p>\n<p>Recorrer las calles sin prisa, a diferentes horas del d\u00eda y de la noche, en distintas\u00a0 estaciones, prestar atenci\u00f3n a los detalles, los visibles y los ocultos, sumergirse en las m\u00faltiples culturas que han dejado all\u00ed su huella de forma indeleble, degustar sonidos y olores, tocar la piedra, ora tallada y pulida por el hombre y el tiempo, ora simplemente devastada, deambular sin rumbo, caminar sin saber qu\u00e9 buscar porque aqu\u00ed, lo buscado sabe que lo es y sale al encuentro. Esas son mis recomendaciones.<\/p>\n<p><strong>Trujillo requerir\u00eda un blog completo para dar a conocer su Patrimonio<\/strong>, el inventariado y el poco conocido, el monumental y el arqueol\u00f3gico, el natural y el realizado por el hombre, el situado en el casco urbano y el existente en el t\u00e9rmino municipal, en pleno campo. Por d\u00f3nde comenzar con tan ingente tarea se ha convertido en la pregunta m\u00e1s repetida a la hora de afrontar este <em>post<\/em>. Quiz\u00e1s me ayude la <a href=\"http:\/\/www.youtube.com\/watch?v=LdeqKuZgBtY\" target=\"_blank\">m\u00fasica<\/a> de <a href=\"http:\/\/www.patrickcassidy.com\" target=\"_blank\">Patrick Cassidy<\/a> a tomar una decisi\u00f3n, por ejemplo la pieza que utiliz\u00f3 <a href=\"http:\/\/es.wikipedia.org\/wiki\/Terrence_Malick\" target=\"_blank\">Terrence Malick<\/a> como parte de la banda sonora de la pel\u00edcula <em><a href=\"http:\/\/www.blogdecine.com\/criticas\/el-arbol-de-la-vida-arte-mas-alla-de-lo-narrativo\" target=\"_blank\">El \u00c1rbol de la Vida<\/a><\/em>.<\/p>\n<div class=\"mceTemp mceIEcenter\" style=\"text-align: center;\">\n<dl id=\"attachment_244\" class=\"wp-caption aligncenter\" style=\"width: 610px;\">\n<dt class=\"wp-caption-dt\"><a href=\"\/paraisos-olvidados\/wp-content\/uploads\/sites\/65\/2014\/03\/CF010023r.jpg\"><img loading=\"lazy\" class=\"size-full wp-image-244\" title=\"Vista general desde Plazuela de Altamirano.\" src=\"\/paraisos-olvidados\/wp-content\/uploads\/sites\/65\/2014\/03\/CF010023r.jpg\" alt=\"Vista general desde Plazuela de Altamirano.\" width=\"600\" height=\"450\" srcset=\"https:\/\/static-blogs.hoy.es\/wp-content\/uploads\/sites\/65\/2014\/03\/CF010023r.jpg 600w, https:\/\/static-blogs.hoy.es\/wp-content\/uploads\/sites\/65\/2014\/03\/CF010023r-300x225.jpg 300w, https:\/\/static-blogs.hoy.es\/wp-content\/uploads\/sites\/65\/2014\/03\/CF010023r-562x422.jpg 562w\" sizes=\"(max-width: 600px) 100vw, 600px\" \/><\/a><\/dt>\n<dd class=\"wp-caption-dd\">Vista general desde Plazuela de Altamirano.\/ V\u00edctor Gibello<\/dd>\n<\/dl>\n<\/div>\n<p>&nbsp;<\/p>\n<p>Despu\u00e9s de mucho deliberar, he decidido responder a la duda de forma at\u00edpica, no pod\u00eda ser de otra forma, con un monumento que pasa desapercibido; en parte, apabullado por otros inmuebles y espacios m\u00e1s reconocidos por el p\u00fablico, y, en parte, por estar semioculto, casi camuflado, entre el caser\u00edo circundante del cual parece formar parte.<\/p>\n<div class=\"mceTemp mceIEcenter\" style=\"text-align: center;\">\n<dl id=\"attachment_243\" class=\"wp-caption aligncenter\" style=\"width: 610px;\">\n<dt class=\"wp-caption-dt\"><a href=\"\/paraisos-olvidados\/wp-content\/uploads\/sites\/65\/2014\/03\/CF010003r.jpg\"><img loading=\"lazy\" class=\"size-full wp-image-243\" title=\"Acceso al aljibe de Altamirano.\" src=\"\/paraisos-olvidados\/wp-content\/uploads\/sites\/65\/2014\/03\/CF010003r.jpg\" alt=\"Acceso al aljibe de Altamirano.\" width=\"600\" height=\"450\" srcset=\"https:\/\/static-blogs.hoy.es\/wp-content\/uploads\/sites\/65\/2014\/03\/CF010003r.jpg 600w, https:\/\/static-blogs.hoy.es\/wp-content\/uploads\/sites\/65\/2014\/03\/CF010003r-300x225.jpg 300w, https:\/\/static-blogs.hoy.es\/wp-content\/uploads\/sites\/65\/2014\/03\/CF010003r-562x422.jpg 562w\" sizes=\"(max-width: 600px) 100vw, 600px\" \/><\/a><\/dt>\n<dd class=\"wp-caption-dd\">Acceso al aljibe de Altamirano.\/ V\u00edctor Gibello<\/dd>\n<\/dl>\n<\/div>\n<p>&nbsp;<\/p>\n<p><strong>Voy a hablarles del aljibe de Altamirano, una construcci\u00f3n sorprendente en la que se a\u00fanan el agua y la piedra, la necesidad y los sue\u00f1os, el cielo y la tierra.<\/strong> Se sit\u00faa en la plazuela de los Altamirano, tambi\u00e9n llamada, seg\u00fan me informa Marco Antonio Alvarado, uno de los lectores que este blog tiene la fortuna de que lo sigan, de los Moritos o de los Moriscos. Una peque\u00f1a puerta rompe una construcci\u00f3n maciza de mamposter\u00eda gran\u00edtica, no es original, se trata de una licencia contempor\u00e1nea para facilitar el acceso al edificio. Sobre ella, una cartela indica de forma lac\u00f3nica: \u201cAljibe \u00e1rabe. S. X\u201d. Curiosamente, mucho podr\u00eda decirse de tan escueta nota. Como sint\u00e9tica cr\u00edtica a su redactor debo indicar que las construcciones de \u00e9poca isl\u00e1mica no tienen porqu\u00e9 ser \u00e1rabes, pues lo \u00e1rabe no es compendio de lo isl\u00e1mico; \u00e1rabe define un origen, isl\u00e1mico designa una cultura en sentido amplio. Determinar su edificaci\u00f3n en el siglo X sin realizar un trabajo arqueol\u00f3gico en profundidad es m\u00e1s que aventurado, una simple suposici\u00f3n inconsistente, que vale tanto como cualquier otra fecha que pudiera darse.<\/p>\n<div class=\"mceTemp mceIEcenter\" style=\"text-align: center;\">\n<dl id=\"attachment_245\" class=\"wp-caption aligncenter\" style=\"width: 610px;\">\n<dt class=\"wp-caption-dt\"><a href=\"\/paraisos-olvidados\/wp-content\/uploads\/sites\/65\/2014\/03\/DSC_9236r.jpg\"><img loading=\"lazy\" class=\"size-full wp-image-245\" title=\"Escalera de entrada.\" src=\"\/paraisos-olvidados\/wp-content\/uploads\/sites\/65\/2014\/03\/DSC_9236r.jpg\" alt=\"Escalera de entrada.\" width=\"600\" height=\"901\" srcset=\"https:\/\/static-blogs.hoy.es\/wp-content\/uploads\/sites\/65\/2014\/03\/DSC_9236r.jpg 600w, https:\/\/static-blogs.hoy.es\/wp-content\/uploads\/sites\/65\/2014\/03\/DSC_9236r-200x300.jpg 200w, https:\/\/static-blogs.hoy.es\/wp-content\/uploads\/sites\/65\/2014\/03\/DSC_9236r-374x562.jpg 374w\" sizes=\"(max-width: 600px) 100vw, 600px\" \/><\/a><\/dt>\n<dd class=\"wp-caption-dd\">Escalera de entrada.\/ V\u00edctor Gibello<\/dd>\n<\/dl>\n<\/div>\n<p>&nbsp;<\/p>\n<p><strong>Bajamos unos pelda\u00f1os, abrimos la puerta y un mundo nuevo se presenta ante nuestros ojos, un mundo sumamente silencioso, pl\u00e1cido, en penumbra<\/strong>. Hay que descender una empinada escalera para introducirse en este \u00e1mbito subterr\u00e1neo. Seg\u00fan bajamos, los sonidos de la calle se amortiguan y aparecen otros m\u00e1s sutiles: peque\u00f1as gotas de agua golpeando la superficie dormida desde la altura de las luceras, sonido de gruta m\u00e1s que de edificio, que nos transporta muy atr\u00e1s en el tiempo gracias a la memoria de milenios que portamos en nuestros genes. P\u00e1lidos rayos de luz se filtran desde los tres brocales que en su d\u00eda alimentaban de agua el aljibe y que, a la vez, permit\u00edan su extracci\u00f3n. Los tres brocales se ubican sobre la cubierta, inclinada hacia el centro que funciona como un embudo capaz de absorber toda la lluvia ca\u00edda.<\/p>\n<div class=\"mceTemp mceIEcenter\" style=\"text-align: center;\">\n<dl id=\"attachment_246\" class=\"wp-caption   aligncenter\" style=\"width: 610px;\">\n<dt class=\"wp-caption-dt\"><a href=\"\/paraisos-olvidados\/wp-content\/uploads\/sites\/65\/2014\/03\/DSC_9140r.jpg\"><img loading=\"lazy\" class=\"size-full wp-image-246\" title=\"Lucera abierta en la b\u00f3veda.\" src=\"\/paraisos-olvidados\/wp-content\/uploads\/sites\/65\/2014\/03\/DSC_9140r.jpg\" alt=\"Lucera abierta en la b\u00f3veda.\" width=\"600\" height=\"399\" srcset=\"https:\/\/static-blogs.hoy.es\/wp-content\/uploads\/sites\/65\/2014\/03\/DSC_9140r.jpg 600w, https:\/\/static-blogs.hoy.es\/wp-content\/uploads\/sites\/65\/2014\/03\/DSC_9140r-300x200.jpg 300w, https:\/\/static-blogs.hoy.es\/wp-content\/uploads\/sites\/65\/2014\/03\/DSC_9140r-562x374.jpg 562w\" sizes=\"(max-width: 600px) 100vw, 600px\" \/><\/a><\/dt>\n<dd class=\"wp-caption-dd\">Lucera abierta en la b\u00f3veda.\/ V\u00edctor Gibello<\/dd>\n<\/dl>\n<\/div>\n<p>&nbsp;<\/p>\n<p>La luz se refleja en el agua y duerme con ella. <strong>Cuando el agua se aquieta, sue\u00f1a con reposar en aljibes como el Altamirano<\/strong>, sue\u00f1a con descansar de su ajetreo constante de estados y paisajes; recuerda el manantial, el r\u00edo y el mar que es, pero en su quietud se vuelve espejo, cristal. Es necesario detenerse y esperar a que los ojos se adapten a la escasa iluminaci\u00f3n, merece la pena ese tiempo de espera, ese descubrir el espacio con luz escasa que ayuda a amplificar la sensaci\u00f3n de lugar ancestral.<\/p>\n<div class=\"mceTemp mceIEcenter\" style=\"text-align: center;\">\n<dl id=\"attachment_249\" class=\"wp-caption aligncenter\" style=\"width: 610px;\">\n<dt class=\"wp-caption-dt\"><a href=\"\/paraisos-olvidados\/wp-content\/uploads\/sites\/65\/2014\/03\/DSC_9189r.jpg\"><img loading=\"lazy\" class=\"size-full wp-image-249\" title=\"Pasarela.\" src=\"\/paraisos-olvidados\/wp-content\/uploads\/sites\/65\/2014\/03\/DSC_9189r.jpg\" alt=\"Pasarela.\" width=\"600\" height=\"399\" srcset=\"https:\/\/static-blogs.hoy.es\/wp-content\/uploads\/sites\/65\/2014\/03\/DSC_9189r.jpg 600w, https:\/\/static-blogs.hoy.es\/wp-content\/uploads\/sites\/65\/2014\/03\/DSC_9189r-300x200.jpg 300w, https:\/\/static-blogs.hoy.es\/wp-content\/uploads\/sites\/65\/2014\/03\/DSC_9189r-562x374.jpg 562w\" sizes=\"(max-width: 600px) 100vw, 600px\" \/><\/a><\/dt>\n<dd class=\"wp-caption-dd\">Pasarela.\/ V\u00edctor Gibello<\/dd>\n<\/dl>\n<\/div>\n<p>&nbsp;<\/p>\n<p>La escalera conecta con una pasarela que permite el tr\u00e1nsito por la sala; ambas son obras contempor\u00e1neas de una tosquedad y una rotundidad innecesarias, derroches de piedra y cemento en un entorno que precisa de elementos m\u00e1s ligeros. Hace unos a\u00f1os planteamos un proyecto de restauraci\u00f3n integral del inmueble en el que tambi\u00e9n se eliminaban estos a\u00f1adidos, por desgracia la propuesta qued\u00f3 en dique seco, aparcada a la espera de tiempos mejores, o m\u00e1s respetuosos y afectivos con nuestra herencia cultural.<\/p>\n<div class=\"mceTemp mceIEcenter\" style=\"text-align: center;\">\n<dl id=\"attachment_250\" class=\"wp-caption aligncenter\" style=\"width: 610px;\">\n<dt class=\"wp-caption-dt\"><a href=\"\/paraisos-olvidados\/wp-content\/uploads\/sites\/65\/2014\/03\/DSC_9228r.jpg\"><img loading=\"lazy\" class=\"size-full wp-image-250\" title=\"Detalle de arco y escalera.\" src=\"\/paraisos-olvidados\/wp-content\/uploads\/sites\/65\/2014\/03\/DSC_9228r.jpg\" alt=\"Detalle de arco y escalera.\" width=\"600\" height=\"399\" srcset=\"https:\/\/static-blogs.hoy.es\/wp-content\/uploads\/sites\/65\/2014\/03\/DSC_9228r.jpg 600w, https:\/\/static-blogs.hoy.es\/wp-content\/uploads\/sites\/65\/2014\/03\/DSC_9228r-300x200.jpg 300w, https:\/\/static-blogs.hoy.es\/wp-content\/uploads\/sites\/65\/2014\/03\/DSC_9228r-562x374.jpg 562w\" sizes=\"(max-width: 600px) 100vw, 600px\" \/><\/a><\/dt>\n<dd class=\"wp-caption-dd\">Detalle de arco y escalera.\/ V\u00edctor Gibello<\/dd>\n<\/dl>\n<\/div>\n<p>&nbsp;<\/p>\n<p>La planta del aljibe se aproxima al cuadrado, est\u00e1 estructurada en tres naves separadas por galer\u00edas compuestas de tres arcos que apoyan sobre s\u00f3lidos pilares cuadrangulares. El n\u00famero tres se repite tambi\u00e9n en el n\u00famero de luceras, una por nave. B\u00f3vedas de ca\u00f1\u00f3n peraltado cierran cada nave, dispuestas aproximadamente en sentido Norte \u2013 Sur.<\/p>\n<p>El edificio, excavado \u00edntegramente en la dura roca gran\u00edtica del subsuelo trujillano, fue impermeabilizado del piso al techo con un revestimiento hidr\u00e1ulico realizado con cal, de tonalidad rojiza, a la almagra, que es como lo denominamos. Fruto de obras modernas poco delicadas se le elimin\u00f3 o enmascar\u00f3 el aliviadero, hueco por el que rebosaba el agua cuando alcanzaba un nivel determinado que imped\u00eda el colapso de la estructura.<\/p>\n<div class=\"mceTemp mceIEcenter\" style=\"text-align: center;\">\n<dl id=\"attachment_251\" class=\"wp-caption aligncenter\" style=\"width: 610px;\">\n<dt class=\"wp-caption-dt\"><a href=\"\/paraisos-olvidados\/wp-content\/uploads\/sites\/65\/2014\/03\/7.-Arcos-entre-naves-y-pasarela.jpg\"><img loading=\"lazy\" class=\"size-full wp-image-251\" title=\"Aspecto del interior.\" src=\"\/paraisos-olvidados\/wp-content\/uploads\/sites\/65\/2014\/03\/7.-Arcos-entre-naves-y-pasarela.jpg\" alt=\"Aspecto del interior.\" width=\"600\" height=\"399\" srcset=\"https:\/\/static-blogs.hoy.es\/wp-content\/uploads\/sites\/65\/2014\/03\/7.-Arcos-entre-naves-y-pasarela.jpg 600w, https:\/\/static-blogs.hoy.es\/wp-content\/uploads\/sites\/65\/2014\/03\/7.-Arcos-entre-naves-y-pasarela-300x200.jpg 300w, https:\/\/static-blogs.hoy.es\/wp-content\/uploads\/sites\/65\/2014\/03\/7.-Arcos-entre-naves-y-pasarela-562x374.jpg 562w\" sizes=\"(max-width: 600px) 100vw, 600px\" \/><\/a><\/dt>\n<dd class=\"wp-caption-dd\">Aspecto del interior.\/ V\u00edctor Gibello<\/dd>\n<\/dl>\n<\/div>\n<p>&nbsp;<\/p>\n<p><strong>Aljibe es un t\u00e9rmino procedente del \u00e1rabe <em>al-yubb<\/em><\/strong>, su significado viene a ser el de un dep\u00f3sito para recoger agua, generalmente cubierto por una b\u00f3veda. <strong>Es indudable la ligaz\u00f3n del aljibe Altamirano con la cultura isl\u00e1mica<\/strong>; sin embargo, se desconoce el momento concreto de su construcci\u00f3n. Trujillo, la <em>Turyilu <\/em>musulmana fue uno de los enclaves m\u00e1s importantes de la Marca Inferior. Su protagonismo arranca en \u00e9poca emiral (siglo VIII) y se mantiene hasta la conquista cristiana (siglo XIII). Durante la fase de dominio almohade (siglos XII \u2013 XIII) fue uno de los emplazamientos militares m\u00e1s destacados, verdadera punta de lanza junto a C\u00e1ceres de la frontera.<\/p>\n<p>En alg\u00fan momento de este amplio lapso temporal se erigi\u00f3 el aljibe para abastecer de agua este sector de la ciudad musulmana. Si hubiera de inclinarme por una cronolog\u00eda, me aventurar\u00eda por una etapa temprana (siglo IX), pues el inmueble posee algunas de las caracter\u00edsticas formales propias de las obras de este tiempo, pero esta es una simple opini\u00f3n carente de base arqueol\u00f3gica.<\/p>\n<div class=\"mceTemp mceIEcenter\" style=\"text-align: center;\">\n<dl id=\"attachment_247\" class=\"wp-caption aligncenter\" style=\"width: 610px;\">\n<dt class=\"wp-caption-dt\"><a href=\"\/paraisos-olvidados\/wp-content\/uploads\/sites\/65\/2014\/03\/DSC_9162r.jpg\"><img loading=\"lazy\" class=\"size-full wp-image-247\" title=\"Reflejos.\" src=\"\/paraisos-olvidados\/wp-content\/uploads\/sites\/65\/2014\/03\/DSC_9162r.jpg\" alt=\"Reflejos.\" width=\"600\" height=\"399\" srcset=\"https:\/\/static-blogs.hoy.es\/wp-content\/uploads\/sites\/65\/2014\/03\/DSC_9162r.jpg 600w, https:\/\/static-blogs.hoy.es\/wp-content\/uploads\/sites\/65\/2014\/03\/DSC_9162r-300x200.jpg 300w, https:\/\/static-blogs.hoy.es\/wp-content\/uploads\/sites\/65\/2014\/03\/DSC_9162r-562x374.jpg 562w\" sizes=\"(max-width: 600px) 100vw, 600px\" \/><\/a><\/dt>\n<dd class=\"wp-caption-dd\">Reflejos.\/ V\u00edctor Gibello<\/dd>\n<\/dl>\n<\/div>\n<p>&nbsp;<\/p>\n<p>El tiempo se escapa sin darnos cuenta, hipnotizados mirando el agua, confundidos con los reflejos que no permiten saber qu\u00e9 es real y qu\u00e9 un simple espejismo. <strong>Por momentos el edificio parece surgido de la mente del artista holand\u00e9s <a href=\"http:\/\/es.wikipedia.org\/wiki\/M._C._Escher\" target=\"_blank\">M. C. Escher<\/a><\/strong>, las im\u00e1genes creadas en el agua dificultan la percepci\u00f3n de si las escaleras duplicadas suben o bajan, de si las b\u00f3vedas est\u00e1n donde se encuentra el suelo o a la inversa, de d\u00f3nde comienzan y terminan arcos y pilares. Es un \u00e1mbito misterioso como pocos, que facilita que nuestra imaginaci\u00f3n se expanda envueltos en los tonos rojizos que arranca la luz difusa a la penumbra.<\/p>\n<div class=\"mceTemp mceIEcenter\" style=\"text-align: center;\">\n<dl id=\"attachment_248\" class=\"wp-caption aligncenter\" style=\"width: 610px;\">\n<dt class=\"wp-caption-dt\"><a href=\"\/paraisos-olvidados\/wp-content\/uploads\/sites\/65\/2014\/03\/DSC_9179r.jpg\"><img loading=\"lazy\" class=\"size-full wp-image-248\" title=\"Lo real y su imagen se confunden.\" src=\"\/paraisos-olvidados\/wp-content\/uploads\/sites\/65\/2014\/03\/DSC_9179r.jpg\" alt=\"Lo real y su imagen se confunden.\" width=\"600\" height=\"399\" srcset=\"https:\/\/static-blogs.hoy.es\/wp-content\/uploads\/sites\/65\/2014\/03\/DSC_9179r.jpg 600w, https:\/\/static-blogs.hoy.es\/wp-content\/uploads\/sites\/65\/2014\/03\/DSC_9179r-300x200.jpg 300w, https:\/\/static-blogs.hoy.es\/wp-content\/uploads\/sites\/65\/2014\/03\/DSC_9179r-562x374.jpg 562w\" sizes=\"(max-width: 600px) 100vw, 600px\" \/><\/a><\/dt>\n<dd class=\"wp-caption-dd\">Lo real y su imagen se confunden.\/ V\u00edctor Gibello<\/dd>\n<\/dl>\n<\/div>\n<p>&nbsp;<\/p>\n<p><strong>El espejo, los reflejos, la uni\u00f3n de techo y suelo en una imagen tan irreal como visible ayudan a recordar y a dar sentido a uno de los principios fundamentales de la Tradici\u00f3n Herm\u00e9tica: \u201ccomo es arriba, es abajo\u201d.<\/strong><\/p>\n<p>Pasar\u00edamos horas en serena contemplaci\u00f3n, especialmente en verano, cuando el calor en el exterior suele ser sofocante. Me cuentan que en las noches estivales el vecindario se sentaba sobre la cubierta, pr\u00f3ximo a los brocales, para aprovechar el frescor desprendido de las profundidades.<\/p>\n<p>Cuando lo visiten, cosa que puede hacerse solicit\u00e1ndolo en la Oficina de Turismo de Trujillo, donde ser\u00e1n atendidos con amabilidad, h\u00e1ganlo sin luz artificial y aprovechen el momento de reposo para hacer algo muy necesario: dejar volar la imaginaci\u00f3n. Para prolongar el reposo, les dejo con la m\u00fasica de <a href=\"http:\/\/www.youtube.com\/watch?v=julqkv6Q_Ow\" target=\"_blank\">Eluvium<\/a>. <strong>Volveremos a nuestra querida Trujillo<\/strong>.<\/p>\n<div class=\"mceTemp mceIEcenter\" style=\"text-align: center;\">\n<dl id=\"attachment_242\" class=\"wp-caption aligncenter\" style=\"width: 610px;\">\n<dt class=\"wp-caption-dt\"><a href=\"\/paraisos-olvidados\/wp-content\/uploads\/sites\/65\/2014\/03\/DSC_9167r1.jpg\"><img loading=\"lazy\" class=\"size-full wp-image-242\" title=\"Curiosas composiciones de luz y color.\" src=\"\/paraisos-olvidados\/wp-content\/uploads\/sites\/65\/2014\/03\/DSC_9167r1.jpg\" alt=\"Curiosas composiciones de luz y color.\" width=\"600\" height=\"901\" srcset=\"https:\/\/static-blogs.hoy.es\/wp-content\/uploads\/sites\/65\/2014\/03\/DSC_9167r1.jpg 600w, https:\/\/static-blogs.hoy.es\/wp-content\/uploads\/sites\/65\/2014\/03\/DSC_9167r1-200x300.jpg 200w, https:\/\/static-blogs.hoy.es\/wp-content\/uploads\/sites\/65\/2014\/03\/DSC_9167r1-374x562.jpg 374w\" sizes=\"(max-width: 600px) 100vw, 600px\" \/><\/a><\/dt>\n<dd class=\"wp-caption-dd\">Curiosas composiciones de luz y color.\/ V\u00edctor Gibello<\/dd>\n<\/dl>\n<\/div>\n<!-- AddThis Advanced Settings generic via filter on the_content --><!-- AddThis Share Buttons generic via filter on the_content -->","protected":false},"excerpt":{"rendered":"<p>Vista general del aljibe.\/ V\u00edctor Gibello VER TODA LA GALER\u00cdA DE FOTOS DEL ALJIBE ALTAMIRANO\u00a0\/ Autor: V\u00cdCTOR GIBELLO Lazos s\u00f3lidos me unen a Trujillo. Son lazos sentimentales y profesionales tejidos con esmero durante a\u00f1os, por momentos sutiles, por momentos palpables, que hacen que cada encuentro con la ciudad sea deseado, festivo. En los \u00faltimos tiempos [&hellip;]<!-- AddThis Advanced Settings generic via filter on get_the_excerpt --><!-- AddThis Share Buttons generic via filter on get_the_excerpt --><\/p>\n","protected":false},"author":71,"featured_media":0,"comment_status":"open","ping_status":"closed","sticky":false,"template":"","format":"standard","meta":[],"categories":[30],"tags":[45,58,70,91,95,100,126,139,228,246,468,473,474,476,531,583,596,599,604],"_links":{"self":[{"href":"https:\/\/blogs.hoy.es\/paraisos-olvidados\/wp-json\/wp\/v2\/posts\/239"}],"collection":[{"href":"https:\/\/blogs.hoy.es\/paraisos-olvidados\/wp-json\/wp\/v2\/posts"}],"about":[{"href":"https:\/\/blogs.hoy.es\/paraisos-olvidados\/wp-json\/wp\/v2\/types\/post"}],"author":[{"embeddable":true,"href":"https:\/\/blogs.hoy.es\/paraisos-olvidados\/wp-json\/wp\/v2\/users\/71"}],"replies":[{"embeddable":true,"href":"https:\/\/blogs.hoy.es\/paraisos-olvidados\/wp-json\/wp\/v2\/comments?post=239"}],"version-history":[{"count":0,"href":"https:\/\/blogs.hoy.es\/paraisos-olvidados\/wp-json\/wp\/v2\/posts\/239\/revisions"}],"wp:attachment":[{"href":"https:\/\/blogs.hoy.es\/paraisos-olvidados\/wp-json\/wp\/v2\/media?parent=239"}],"wp:term":[{"taxonomy":"category","embeddable":true,"href":"https:\/\/blogs.hoy.es\/paraisos-olvidados\/wp-json\/wp\/v2\/categories?post=239"},{"taxonomy":"post_tag","embeddable":true,"href":"https:\/\/blogs.hoy.es\/paraisos-olvidados\/wp-json\/wp\/v2\/tags?post=239"}],"curies":[{"name":"wp","href":"https:\/\/api.w.org\/{rel}","templated":true}]}}