{"id":369,"date":"2015-06-10T20:23:19","date_gmt":"2015-06-10T20:23:19","guid":{"rendered":"http:\/\/blogs.hoy.es\/paraisos-olvidados\/?p=369"},"modified":"2015-06-10T20:23:19","modified_gmt":"2015-06-10T20:23:19","slug":"museo-vostell-malpartida-cuando-el-arte-salvo-un-paraiso-olvidado","status":"publish","type":"post","link":"https:\/\/blogs.hoy.es\/paraisos-olvidados\/2015\/06\/10\/museo-vostell-malpartida-cuando-el-arte-salvo-un-paraiso-olvidado\/","title":{"rendered":"Museo Vostell-Malpartida, cuando el arte salv\u00f3 un Para\u00edso Olvidado"},"content":{"rendered":"<div class=\"mceTemp mceIEcenter\" style=\"text-align: center;\">\n<dl id=\"attachment_370\" class=\"wp-caption aligncenter\" style=\"width: 610px;\">\n<dt class=\"wp-caption-dt\"><a href=\"https:\/\/blogs.hoy.es\/paraisos-olvidados\/2015\/06\/10\/museo-vostell-malpartida-cuando-el-arte-salvo-un-paraiso-olvidado\/cf012885r\/\" rel=\"attachment wp-att-370\"><img loading=\"lazy\" class=\"size-full wp-image-370\" title=\"Vista general del conjunto.\/ V\u00edctor Gibello\" src=\"\/paraisos-olvidados\/wp-content\/uploads\/sites\/65\/2015\/06\/CF012885r.jpg\" alt=\"Vista general del conjunto.\/ V\u00edctor Gibello\" width=\"600\" height=\"450\" srcset=\"https:\/\/static-blogs.hoy.es\/wp-content\/uploads\/sites\/65\/2015\/06\/CF012885r.jpg 600w, https:\/\/static-blogs.hoy.es\/wp-content\/uploads\/sites\/65\/2015\/06\/CF012885r-300x225.jpg 300w, https:\/\/static-blogs.hoy.es\/wp-content\/uploads\/sites\/65\/2015\/06\/CF012885r-562x422.jpg 562w\" sizes=\"(max-width: 600px) 100vw, 600px\" \/><\/a><\/dt>\n<dd class=\"wp-caption-dd\">Vista general del conjunto.\/ V\u00edctor Gibello<\/dd>\n<\/dl>\n<\/div>\n<p style=\"text-align: center;\"><a href=\"http:\/\/www.hoy.es\/fotos\/extremadura\/201506\/10\/paseo-museo-vostell-30111275091138-mm.html\" target=\"_blank\">VER TODA LA GALER\u00cdA DE FOTOS DEL MUSEO VOSTELL-MALPARTIDA\u00a0<strong>\/<\/strong> Autor: V\u00cdCTOR GIBELLO<\/a><\/p>\n<p>&nbsp;<\/p>\n<p>En el C\u00e1ceres de fines de los 70\u2019 e inicios de los 80\u2019 portar un aspecto \u201cno convencional\u201d provocaba el fisgoneo de los vecinos, miradas, no siempre discretas, y comentarios de \u00edndole e intenci\u00f3n diversas. <a href=\"http:\/\/es.wikipedia.org\/wiki\/Wolf_Vostell\" target=\"_blank\">Wolf Vostell<\/a> no pasaba desapercibido en sus recorridos cacere\u00f1os, os lo aseguro. En aquel tiempo, yo era un ni\u00f1o y, de vez en cuando, me cruzaba con aquel se\u00f1or de actitud e indumentaria diferentes que tanta curiosidad despertaba.<\/p>\n<p>La ignorancia suele aliarse con la imaginaci\u00f3n, entre ambas construyen ficciones para cubrir, in\u00fatilmente, la carencia de conocimiento. Vostell hac\u00eda nacer a su paso mil y una historias rocambolescas, cuentos que nada ten\u00edan que ver con la realidad que \u00e9l estaba construyendo.<\/p>\n<p><!--more--><\/p>\n<p>Tiempo despu\u00e9s, llegu\u00e9 a conocerlo. Compartimos varias comidas, durante las cuales pude percibir su intenso esp\u00edritu creador, la energ\u00eda vital que le animaba. Le escuch\u00e9 contar como lleg\u00f3 a Espa\u00f1a, como estableci\u00f3 los v\u00ednculos que le trajeron a Extremadura, tierra desconocida, puede que tambi\u00e9n ex\u00f3tica, para los alemanes de los a\u00f1os 50.<\/p>\n<p>En 1958 Wolf estudiaba en la Escuela de Bellas Artes de Par\u00eds. Un tanto hastiado de los est\u00e9riles debates en torno a las vanguardias art\u00edsticas, debates que todav\u00eda persisten, decidi\u00f3 viajar a Espa\u00f1a en busca de los maestros cl\u00e1sicos de nuestra pintura, en especial de Zurbar\u00e1n. En Espa\u00f1a no solo hall\u00f3 inspiraci\u00f3n art\u00edstica, tambi\u00e9n encontr\u00f3 el amor de <a href=\"http:\/\/es.wikipedia.org\/wiki\/Mercedes_Guardado\" target=\"_blank\">Mercedes Guardado<\/a>, una cacere\u00f1a (de Ceclav\u00edn) con la que se casar\u00eda meses m\u00e1s tarde y con quien compartir\u00eda su vida. Los Zurbaranes de Guadalupe le causaron honda impresi\u00f3n, no pod\u00edan ser de otro modo, con ellos se ciment\u00f3 la relaci\u00f3n entre Vostell y Extremadura, una relaci\u00f3n de amor y arte que ya no tendr\u00eda fin, prolongada m\u00e1s all\u00e1 de su muerte.<\/p>\n<div class=\"mceTemp mceIEcenter\" style=\"text-align: center;\">\n<dl id=\"attachment_373\" class=\"wp-caption aligncenter\" style=\"width: 610px;\">\n<dt class=\"wp-caption-dt\"><a href=\"https:\/\/blogs.hoy.es\/paraisos-olvidados\/2015\/06\/10\/museo-vostell-malpartida-cuando-el-arte-salvo-un-paraiso-olvidado\/cf009902r\/\" rel=\"attachment wp-att-373\"><img loading=\"lazy\" class=\"size-full wp-image-373\" title=\"Vista de los Barruecos.\/ V\u00edctor Gibello\" src=\"\/paraisos-olvidados\/wp-content\/uploads\/sites\/65\/2015\/06\/CF009902r.jpg\" alt=\"Vista de los Barruecos.\/ V\u00edctor Gibello\" width=\"600\" height=\"450\" srcset=\"https:\/\/static-blogs.hoy.es\/wp-content\/uploads\/sites\/65\/2015\/06\/CF009902r.jpg 600w, https:\/\/static-blogs.hoy.es\/wp-content\/uploads\/sites\/65\/2015\/06\/CF009902r-300x225.jpg 300w, https:\/\/static-blogs.hoy.es\/wp-content\/uploads\/sites\/65\/2015\/06\/CF009902r-562x422.jpg 562w\" sizes=\"(max-width: 600px) 100vw, 600px\" \/><\/a><\/dt>\n<dd class=\"wp-caption-dd\">Vista de los Barruecos.\/ V\u00edctor Gibello<\/dd>\n<\/dl>\n<\/div>\n<p>&nbsp;<\/p>\n<p><strong>En 1974 el azar, bendito azar, y los consejos del artista Juan Jos\u00e9 Narb\u00f3n le condujeron a <a href=\"http:\/\/es.wikipedia.org\/wiki\/Los_Barruecos\" target=\"_blank\">los Barruecos<\/a>, un paraje hist\u00f3rico y natural ubicado en Malpartida de C\u00e1ceres, muy cerca de la capital provincial.<\/strong> All\u00ed, seg\u00fan afirmaba con rotundidad, las rocas del batolito gran\u00edtico le dijeron: <strong>\u201c<em>tienes que hacer algo aqu\u00ed<\/em>\u201d.<\/strong> Comprendo lo que quer\u00eda decir, pues los lugares especiales hablan sin palabras, se comunican con aquellos dispuestos a escucharlos y terminan generando estrechos v\u00ednculos que no hacen sino reforzarse con el paso de los a\u00f1os. Tal fue el impacto que el espacio caus\u00f3 en Wolf que, inmediatamente, se puso a dise\u00f1ar un museo destinado al arte Happenings y Fluxus, un museo integrado en la naturaleza que acoger\u00eda su obra y la de otros artistas internacionales ligados a estas corrientes creativas.<\/p>\n<p><strong>Lo que parec\u00eda el sue\u00f1o de un visionario, termin\u00f3 materializ\u00e1ndose en un espacio cultural \u00fanico<\/strong>, un espacio que no es un mero contenedor de piezas art\u00edsticas, es mucho m\u00e1s que eso. Siguiendo las directrices de su ide\u00f3logo, se cre\u00f3 como escuela en la que la lecci\u00f3n que habr\u00eda de ser impartida se resume en que la Vida es Arte, y el Arte es Vida. Un centro abierto y tolerante dedicado a formar a las personas de su entorno inmediato, el mundo rural en el que se integra, pero destinado a convertirse en referente del arte contempor\u00e1neo internacional.<\/p>\n<p>Vostell no ten\u00eda intenci\u00f3n de establecer un museo con su obra, pero los Barruecos as\u00ed se lo pidieron y \u00e9l, un artista reconocido en todo el mundo, dedic\u00f3 su energ\u00eda a conseguir los apoyos de las autoridades locales y regionales hasta conseguirlo. En octubre de 1976 el Ayuntamiento de Malpartida de C\u00e1ceres, propietario entonces de los terrenos y las instalaciones, firm\u00f3 el acuerdo de cesi\u00f3n de los mismos para la creaci\u00f3n de un museo de arte contempor\u00e1neo. Pocos d\u00edas despu\u00e9s, se inaugur\u00f3 la primera obra junto a las Pe\u00f1as del Tesoro, uno de los canchos m\u00e1s imponentes. La escultura, denominada VOAEX (Viaje hormig\u00f3n por la Alta Extremadura), muestra un coche enterrado parcialmente bajo un bloque de hormig\u00f3n.<\/p>\n<div class=\"mceTemp mceIEcenter\" style=\"text-align: center;\">\n<dl id=\"attachment_378\" class=\"wp-caption aligncenter\" style=\"width: 610px;\">\n<dt class=\"wp-caption-dt\"><a href=\"https:\/\/blogs.hoy.es\/paraisos-olvidados\/2015\/06\/10\/museo-vostell-malpartida-cuando-el-arte-salvo-un-paraiso-olvidado\/cf013023r\/\" rel=\"attachment wp-att-378\"><img loading=\"lazy\" class=\"size-full wp-image-378\" title=\"\u00bfPor qu\u00e9 el proceso entre Pilato y Jes\u00fas dur\u00f3 solo dos minutos?\/ V\u00edctor Gibello\" src=\"\/paraisos-olvidados\/wp-content\/uploads\/sites\/65\/2015\/06\/CF013023r.jpg\" alt=\"\u00bfPor qu\u00e9 el proceso entre Pilato y Jes\u00fas dur\u00f3 solo dos minutos?\/ V\u00edctor Gibello\" width=\"600\" height=\"450\" srcset=\"https:\/\/static-blogs.hoy.es\/wp-content\/uploads\/sites\/65\/2015\/06\/CF013023r.jpg 600w, https:\/\/static-blogs.hoy.es\/wp-content\/uploads\/sites\/65\/2015\/06\/CF013023r-300x225.jpg 300w, https:\/\/static-blogs.hoy.es\/wp-content\/uploads\/sites\/65\/2015\/06\/CF013023r-562x422.jpg 562w\" sizes=\"(max-width: 600px) 100vw, 600px\" \/><\/a><\/dt>\n<dd class=\"wp-caption-dd\">\u00bfPor qu\u00e9 el proceso entre Pilato y Jes\u00fas dur\u00f3 solo dos minutos?\/ V\u00edctor Gibello<\/dd>\n<\/dl>\n<\/div>\n<p>&nbsp;<\/p>\n<p>En los comienzos, el artista alem\u00e1n no imagin\u00f3 que parte de su obra terminar\u00eda instal\u00e1ndose en el interior de los edificios, entonces muy degradados. Su idea se circunscrib\u00eda a la utilizaci\u00f3n del espacio natural, en el que, siguiendo las corrientes muy en boga en los 70\u2019 de <em>land art <\/em>y <em>arte povera<\/em>, las instalar\u00eda. Con el paso de los a\u00f1os, el proyecto tom\u00f3 otro rumbo, a veces el tiempo hace que las ideas se reencaucen y que alcancen resultados felices, como es el caso. <strong>El conjunto de edificios, en p\u00e9simo estado de conservaci\u00f3n, fue sometido a consolidaci\u00f3n, primero, y restauraci\u00f3n, despu\u00e9s.<\/strong> Poco a poco, a\u00f1o a a\u00f1o, con distintos proyectos tendentes a alcanzar el mismo objetivo, se recuperaron todos y cada uno de los edificios, convirti\u00e9ndose en un modelo de referencia de buenas pr\u00e1cticas patrimoniales. La finalizaci\u00f3n de la restauraci\u00f3n de los \u00faltimos espacios, las naves de estiba y secado de lana, se produjo escasos meses despu\u00e9s de la muerte de Vostell, quien, tristemente, no pudo contemplar la instalaci\u00f3n de la colecci\u00f3n Fluxus de Gino di Maggio, donada por el galerista y director de la <a href=\"http:\/\/www.mudima.net\" target=\"_blank\">Fundaci\u00f3n Mudima de Mil\u00e1n<\/a>.<\/p>\n<p><strong>Vostell, cuyo arte es con frecuencia incomprendido, trataba de mostrar algunos de los males que aquejan al hombre contempor\u00e1neo, entre ellos la par\u00e1lisis intelectual, que le hace vivir dormitando en la falta de responsabilidad y compromiso con la sociedad en la que vive.<\/strong> Romper con esta deriva existencial a trav\u00e9s del arte fue su objetivo, no buscando la belleza formal, que duda cabe, sino la estocada directa, hiriente, en los sentimientos, en el coraz\u00f3n. La obra de Wolf no es una caricia, resulta obvio, en cambio es un mazazo contundente sobre la conciencia aletargada, cuando no embrutecida de nuestra sociedad. Busca la dignificaci\u00f3n del hombre a trav\u00e9s del arte, una v\u00eda de conocimiento individual y social de nuestra especie desde sus or\u00edgenes.<\/p>\n<div class=\"mceTemp mceIEcenter\" style=\"text-align: center;\">\n<dl id=\"attachment_382\" class=\"wp-caption aligncenter\" style=\"width: 610px;\">\n<dt class=\"wp-caption-dt\"><a href=\"https:\/\/blogs.hoy.es\/paraisos-olvidados\/2015\/06\/10\/museo-vostell-malpartida-cuando-el-arte-salvo-un-paraiso-olvidado\/cf012987r\/\" rel=\"attachment wp-att-382\"><img loading=\"lazy\" class=\"size-full wp-image-382\" title=\"La depresi\u00f3n end\u00f3gena.\/ V\u00edctor Gibello\" src=\"\/paraisos-olvidados\/wp-content\/uploads\/sites\/65\/2015\/06\/CF012987r.jpg\" alt=\"La depresi\u00f3n end\u00f3gena.\/ V\u00edctor Gibello\" width=\"600\" height=\"450\" srcset=\"https:\/\/static-blogs.hoy.es\/wp-content\/uploads\/sites\/65\/2015\/06\/CF012987r.jpg 600w, https:\/\/static-blogs.hoy.es\/wp-content\/uploads\/sites\/65\/2015\/06\/CF012987r-300x225.jpg 300w, https:\/\/static-blogs.hoy.es\/wp-content\/uploads\/sites\/65\/2015\/06\/CF012987r-562x422.jpg 562w\" sizes=\"(max-width: 600px) 100vw, 600px\" \/><\/a><\/dt>\n<dd class=\"wp-caption-dd\">La depresi\u00f3n end\u00f3gena.\/ V\u00edctor Gibello<\/dd>\n<\/dl>\n<\/div>\n<p>&nbsp;<\/p>\n<p>\u00bfQu\u00e9 percibi\u00f3 Wolf en los Barruecos?<\/p>\n<p><strong>Los Barruecos son un arm\u00f3nico espacio en el que el hombre y la naturaleza, que en definitiva son la misma cosa, se han dado la mano para construir una singularidad especial.<\/strong> Se sit\u00faan en la penillanura cacere\u00f1o-trujillana, una zona peniaplanada sobre la que destaca por la elevaci\u00f3n de enormes bolos gran\u00edticos, bolos que parecen asomarse a las charcas artificiales construidas entre los siglos XVI y XVIII. El berrocal se form\u00f3 hace muchos millones de a\u00f1os, durante tiempos prec\u00e1mbricos, gracias a la extrusi\u00f3n plut\u00f3nica. Los agentes meteorol\u00f3gicos, estaci\u00f3n tras estaci\u00f3n, han terminado de darles forma, de tallarlos pacientemente, suavizando sus aristas, abriendo oquedades, dise\u00f1ando formas que parecen mezclar lo ilusorio y lo on\u00edrico, en un juego de la creatividad natural, en la que solo parecen haber resistido a la erosi\u00f3n prolongada las partes gran\u00edticas m\u00e1s s\u00f3lidas.<\/p>\n<p><strong>La presencia de agua en los Barruecos ha atra\u00eddo el asentamiento humano desde tiempos inmemoriales.<\/strong> Los vestigios m\u00e1s antiguos, \u00fatiles trabajados por neandertales, proceden del Pleistoceno Medio. En aquel tiempo la zona era un excelente cazadero, pues la presencia de agua favorec\u00eda el trasiego constante de animales. Desde entonces el hombre no se ha separado de este paraje.<\/p>\n<p>Diversos asentamientos arqueol\u00f3gicos confirman esta querencia milenaria de nuestros ancestros. En los Barruecos est\u00e1n documentados, por ejemplo, los restos neol\u00edticos m\u00e1s antiguos de la regi\u00f3n, de, al menos, 7000 a\u00f1os atr\u00e1s. Con este per\u00edodo parecen asociarse los grabados que cada equinoccio de primavera son iluminados por la luz del sol que, cuando est\u00e1 en su c\u00e9nit, se cuela por la oquedad de una roca durante unos 30 minutos. Juan Rosco Madruga, tambi\u00e9n descubridor de otra de nuestras joyas patrimoniales, Santa Luc\u00eda del Trampal, puso de manifiesto el acontecimiento que cada a\u00f1o tiene lugar entre el roquedo, anuncio de que el invierno cede el paso a la primavera. El fen\u00f3meno vuelve a producirse en el equinoccio de oto\u00f1o, avisando del fin del verano y la llegada del oto\u00f1o.<\/p>\n<p>Por el entorno existen multitud de pinturas rupestres y grabados fechados entre tiempos neol\u00edticos y calcol\u00edticos. Unos y otros evidencian la atracci\u00f3n del lugar, usado entonces como asentamiento, como poblado, buscando el cobijo y la protecci\u00f3n de las enormes piedras, quiz\u00e1s tambi\u00e9n su valor simb\u00f3lico y espiritual.<\/p>\n<p>Muchos siglos despu\u00e9s, una villa romana tambi\u00e9n se alz\u00f3 en la zona, de ella se aprecian innumerables restos latericios y p\u00e9treos dispersos. De tiempos de la repoblaci\u00f3n cristiana son visibles tumbas antropomorfas excavadas en la roca, probablemente parte del camposanto de una iglesia a\u00fan desconocida.<\/p>\n<div class=\"mceTemp mceIEcenter\" style=\"text-align: center;\">\n<dl id=\"attachment_381\" class=\"wp-caption aligncenter\" style=\"width: 610px;\">\n<dt class=\"wp-caption-dt\"><a href=\"https:\/\/blogs.hoy.es\/paraisos-olvidados\/2015\/06\/10\/museo-vostell-malpartida-cuando-el-arte-salvo-un-paraiso-olvidado\/cf013029r-2\/\" rel=\"attachment wp-att-381\"><img loading=\"lazy\" class=\"size-full wp-image-381\" title=\"Lavadero de lanas.\/ V\u00edctor Gibello\" src=\"\/paraisos-olvidados\/wp-content\/uploads\/sites\/65\/2015\/06\/CF013029r1.jpg\" alt=\"Lavadero de lanas.\/ V\u00edctor Gibello\" width=\"600\" height=\"450\" srcset=\"https:\/\/static-blogs.hoy.es\/wp-content\/uploads\/sites\/65\/2015\/06\/CF013029r1.jpg 600w, https:\/\/static-blogs.hoy.es\/wp-content\/uploads\/sites\/65\/2015\/06\/CF013029r1-300x225.jpg 300w, https:\/\/static-blogs.hoy.es\/wp-content\/uploads\/sites\/65\/2015\/06\/CF013029r1-562x422.jpg 562w\" sizes=\"(max-width: 600px) 100vw, 600px\" \/><\/a><\/dt>\n<dd class=\"wp-caption-dd\">Lavadero de lanas.\/ V\u00edctor Gibello<\/dd>\n<\/dl>\n<\/div>\n<p>&nbsp;<\/p>\n<p>M\u00e1s recientemente, durante la Edad Moderna (siglos XVI \u2013 XIX) el paisaje fue sometido a una profunda intervenci\u00f3n por el hombre. Aprovechando los peque\u00f1os cursos de agua estacionales se construyeron cuatro represas que alimentaron fuentes para el abastecimiento de hombres y animales, molinos harineros, lavaderos de lanas, batanes y otras instalaciones preindustriales. La actividad econ\u00f3mica generada all\u00ed fue notable hasta principios del siglo XX.<\/p>\n<p>El positivo impacto ambiental generado por los embalses atrajo r\u00e1pidamente una variada fauna lacustre hasta entonces no conocida en el lugar: garzas, \u00e1nades e incluso nutrias colonizaron el espacio r\u00e1pidamente. Una numerosa colonia de cig\u00fce\u00f1as, azote de las especies pisc\u00edcolas y anfibios que pueblan las charcas, se ha apropiado de los bolos de mayor altura, haci\u00e9ndose uno con ellos. Sisones, cern\u00edcalos y otras aves tambi\u00e9n habitan los Barruecos.<\/p>\n<p><strong>La dureza \u201cprehist\u00f3rica\u201d de las rocas y la suavidad del agua han creado un conjunto en el que los contrastes se han fundido para construir una armon\u00eda inesperada.<\/strong> Tal es as\u00ed que el 19 de febrero de 1996, en aras a la protecci\u00f3n de sus valores \u00fanicos, fue declarado Monumento Natural. La declaraci\u00f3n se un\u00eda a la de Bien de Inter\u00e9s Cultural como Sitio Hist\u00f3rico realizada a\u00f1os antes, en 1988.<\/p>\n<p><strong>Vostell no escogi\u00f3 al azar. El lugar le encontr\u00f3 a \u00e9l, se sirvi\u00f3 de \u00e9l para contar su historia, para potenciar y extender su conocimiento.<\/strong> Como dijo el cham\u00e1n lakota Lame Deer: \u201c<em>La tierra est\u00e1 viva. Las monta\u00f1as hablan. Los \u00e1rboles cantan. Las piedras tienen alma. Los lagos pueden pensar<\/em>.\u201d Esto se siente en los Barruecos.<\/p>\n<p>Tras obtener autorizaci\u00f3n de la Consejer\u00eda de Educaci\u00f3n y Cultura para fotografiar el <a href=\"http:\/\/museovostell.org\/vostell.htm\" target=\"_blank\">Museo Vostell-Malpartida<\/a>, me desplazo a los Barruecos, a los que accedo casi llevado en volandas por la m\u00fasica de <a href=\"http:\/\/www.philipglass.com\" target=\"_blank\">Philip Glass<\/a>: suena <em><a href=\"https:\/\/www.youtube.com\/watch?v=9B5Y-uIvgSg\" target=\"_blank\">Living Waters<\/a><\/em>, composici\u00f3n incluida en la banda sonora de la pel\u00edcula <em>Anima Mundi<\/em>. Todo encaja. Llego temprano, quiero ver amanecer sobre el lago. Me detengo a fotografiar el roc\u00edo sobre la hierba fresca de mayo. Aparco junto a la presa y paso el puente de piedra que salva el arroyo.<\/p>\n<div class=\"mceTemp mceIEcenter\" style=\"text-align: center;\">\n<dl id=\"attachment_374\" class=\"wp-caption aligncenter\" style=\"width: 610px;\">\n<dt class=\"wp-caption-dt\"><a href=\"https:\/\/blogs.hoy.es\/paraisos-olvidados\/2015\/06\/10\/museo-vostell-malpartida-cuando-el-arte-salvo-un-paraiso-olvidado\/cf009944r\/\" rel=\"attachment wp-att-374\"><img loading=\"lazy\" class=\"size-full wp-image-374\" title=\"Acceso al museo.\/ V\u00edctor Gibello\" src=\"\/paraisos-olvidados\/wp-content\/uploads\/sites\/65\/2015\/06\/CF009944r.jpg\" alt=\"Acceso al museo.\/ V\u00edctor Gibello\" width=\"600\" height=\"450\" srcset=\"https:\/\/static-blogs.hoy.es\/wp-content\/uploads\/sites\/65\/2015\/06\/CF009944r.jpg 600w, https:\/\/static-blogs.hoy.es\/wp-content\/uploads\/sites\/65\/2015\/06\/CF009944r-300x225.jpg 300w, https:\/\/static-blogs.hoy.es\/wp-content\/uploads\/sites\/65\/2015\/06\/CF009944r-562x422.jpg 562w\" sizes=\"(max-width: 600px) 100vw, 600px\" \/><\/a><\/dt>\n<dd class=\"wp-caption-dd\">Acceso al museo.\/ V\u00edctor Gibello<\/dd>\n<\/dl>\n<\/div>\n<p>&nbsp;<\/p>\n<p>All\u00ed me espera <strong>Josefa Cort\u00e9s, su directora<\/strong>, quien har\u00e1 de cicerone para m\u00ed por las instalaciones. Un lujo disfrutar de sus conocimientos, su amabilidad y su sonrisa constantes. Conozco el museo desde hace a\u00f1os, pero poder adentrarme en zonas no accesibles al p\u00fablico general es un privilegio que agradezco a Josefa. En sus ojos se percibe la emoci\u00f3n de quien hace de su pasi\u00f3n su trabajo, su discurso no suena a grabaci\u00f3n de magnet\u00f3fono ajado, por el contrario fluye vivo, fresco.<\/p>\n<p>Antes de recorrer los espacios expositivos, nos adentramos en la zona de trabajo del equipo que gestiona la instituci\u00f3n cultural. Accedemos a la biblioteca de Wolf. Me detengo ante algunas estanter\u00edas, trato de descubrir la inspiraci\u00f3n y los conocimientos en los libros manejados por el artista. Desde all\u00ed pasamos al estudio de Vostell, todo est\u00e1 casi como lo dej\u00f3. Es emocionante pisar una estancia en la que se ha creado, de alguna manera esa energ\u00eda est\u00e1 preservada por sus muros. Un haz de luz se cuela por una ventana, \u00fanica iluminaci\u00f3n de una sala casi en penumbra. Josefa abre la ventana situada ante la mesa de trabajo y todo cambia, el sol entra directo, la luz tiene una intensidad deslumbrante. La habitaci\u00f3n es austera, casi mon\u00e1stica, pero la luz, reforzada por el reflejo en el agua, y las vistas son incre\u00edbles.<\/p>\n<div class=\"mceTemp mceIEcenter\" style=\"text-align: center;\">\n<dl id=\"attachment_375\" class=\"wp-caption aligncenter\" style=\"width: 610px;\">\n<dt class=\"wp-caption-dt\"><a href=\"https:\/\/blogs.hoy.es\/paraisos-olvidados\/2015\/06\/10\/museo-vostell-malpartida-cuando-el-arte-salvo-un-paraiso-olvidado\/cf012965r\/\" rel=\"attachment wp-att-375\"><img loading=\"lazy\" class=\"size-full wp-image-375\" title=\"Sala de trabajo de Vostell.\/ V\u00edctor Gibello\" src=\"\/paraisos-olvidados\/wp-content\/uploads\/sites\/65\/2015\/06\/CF012965r.jpg\" alt=\"Sala de trabajo de Vostell.\/ V\u00edctor Gibello\" width=\"600\" height=\"450\" srcset=\"https:\/\/static-blogs.hoy.es\/wp-content\/uploads\/sites\/65\/2015\/06\/CF012965r.jpg 600w, https:\/\/static-blogs.hoy.es\/wp-content\/uploads\/sites\/65\/2015\/06\/CF012965r-300x225.jpg 300w, https:\/\/static-blogs.hoy.es\/wp-content\/uploads\/sites\/65\/2015\/06\/CF012965r-562x422.jpg 562w\" sizes=\"(max-width: 600px) 100vw, 600px\" \/><\/a><\/dt>\n<dd class=\"wp-caption-dd\">Sala de trabajo de Vostell.\/ V\u00edctor Gibello<\/dd>\n<\/dl>\n<\/div>\n<p>&nbsp;<\/p>\n<p>El siguiente cuarto guarda con celo el archivo art\u00edstico de Vostell. Cajas de madera apiladas en las que se conservan sus proyectos, sus obras. Quiz\u00e1s sea este el sancta sanctorum del Museo Vostell-Malpartida. Me cuesta abandonarlo, preferir\u00eda bucear largo tiempo entre los documentos depositados.<\/p>\n<div class=\"mceTemp mceIEcenter\" style=\"text-align: center;\">\n<dl id=\"attachment_376\" class=\"wp-caption aligncenter\" style=\"width: 610px;\">\n<dt class=\"wp-caption-dt\"><a href=\"https:\/\/blogs.hoy.es\/paraisos-olvidados\/2015\/06\/10\/museo-vostell-malpartida-cuando-el-arte-salvo-un-paraiso-olvidado\/cf012970r\/\" rel=\"attachment wp-att-376\"><img loading=\"lazy\" class=\"size-full wp-image-376\" title=\"Archivo art\u00edstico de Vostell.\/ V\u00edctor Gibello\" src=\"\/paraisos-olvidados\/wp-content\/uploads\/sites\/65\/2015\/06\/CF012970r.jpg\" alt=\"Archivo art\u00edstico de Vostell.\/ V\u00edctor Gibello\" width=\"600\" height=\"450\" srcset=\"https:\/\/static-blogs.hoy.es\/wp-content\/uploads\/sites\/65\/2015\/06\/CF012970r.jpg 600w, https:\/\/static-blogs.hoy.es\/wp-content\/uploads\/sites\/65\/2015\/06\/CF012970r-300x225.jpg 300w, https:\/\/static-blogs.hoy.es\/wp-content\/uploads\/sites\/65\/2015\/06\/CF012970r-562x422.jpg 562w\" sizes=\"(max-width: 600px) 100vw, 600px\" \/><\/a><\/dt>\n<dd class=\"wp-caption-dd\">Archivo art\u00edstico de Vostell.\/ V\u00edctor Gibello<\/dd>\n<\/dl>\n<\/div>\n<p>&nbsp;<\/p>\n<p>Bajamos al \u00e1rea expositiva. El primer edificio, dispuesto en paralelo al muro de la presa principal, alberga parte del trabajo de Wolf. Se trata de los edificios de esquileo y pesado de lanas. Obras como <em>Fiebre del autom\u00f3vil<\/em>, <em>Las chicas del billar<\/em>, <em>Transhumancia<\/em>, <em>Transmigraci\u00f3n<\/em>, <em>La monta\u00f1a extranjera<\/em>, <em>La depresi\u00f3n end\u00f3gena<\/em>, <em>R\u00e9quiem por los olvidados<\/em> o <em>El fin de Parzifal<\/em>, dise\u00f1ada por Dal\u00ed, conviven con la arquitectura vern\u00e1cula preindustrial. Son obras impactantes, contundentes, transgresoras.<\/p>\n<div class=\"mceTemp mceIEcenter\" style=\"text-align: center;\">\n<dl id=\"attachment_379\" class=\"wp-caption aligncenter\" style=\"width: 610px;\">\n<dt class=\"wp-caption-dt\"><a href=\"https:\/\/blogs.hoy.es\/paraisos-olvidados\/2015\/06\/10\/museo-vostell-malpartida-cuando-el-arte-salvo-un-paraiso-olvidado\/cf012983r\/\" rel=\"attachment wp-att-379\"><img loading=\"lazy\" class=\"size-full wp-image-379\" title=\"La fiebre del autom\u00f3vil.\/ V\u00edctor Gibello\" src=\"\/paraisos-olvidados\/wp-content\/uploads\/sites\/65\/2015\/06\/CF012983r.jpg\" alt=\"La fiebre del autom\u00f3vil.\/ V\u00edctor Gibello\" width=\"600\" height=\"450\" srcset=\"https:\/\/static-blogs.hoy.es\/wp-content\/uploads\/sites\/65\/2015\/06\/CF012983r.jpg 600w, https:\/\/static-blogs.hoy.es\/wp-content\/uploads\/sites\/65\/2015\/06\/CF012983r-300x225.jpg 300w, https:\/\/static-blogs.hoy.es\/wp-content\/uploads\/sites\/65\/2015\/06\/CF012983r-562x422.jpg 562w\" sizes=\"(max-width: 600px) 100vw, 600px\" \/><\/a><\/dt>\n<dd class=\"wp-caption-dd\">La fiebre del autom\u00f3vil.\/ V\u00edctor Gibello<\/dd>\n<\/dl>\n<\/div>\n<p>&nbsp;<\/p>\n<p>Accedemos al amplio patio que articula la comunicaci\u00f3n entre edificios. Desde all\u00ed pueden contemplarse otras instalaciones, <em>Los toros de hormig\u00f3n<\/em>, tambi\u00e9n de Vostell, y <em>Templo del viento<\/em>, de Rafael Opstaele, antes de adentrarnos en la colecci\u00f3n Fluxus, donada por Dino di Maggio. La cafeter\u00eda-restaurante, situada junto al lavadero de lanas, del cual se conservan interesantes instalaciones, est\u00e1 dominada por una de las piezas m\u00e1s inquietantes e impactantes del museo; se titula <em>\u00bfPor qu\u00e9 el proceso entre Pilato y Jes\u00fas dur\u00f3 solo dos minutos?<\/em><\/p>\n<div class=\"mceTemp mceIEcenter\" style=\"text-align: center;\">\n<dl id=\"attachment_380\" class=\"wp-caption aligncenter\" style=\"width: 610px;\">\n<dt class=\"wp-caption-dt\"><a href=\"https:\/\/blogs.hoy.es\/paraisos-olvidados\/2015\/06\/10\/museo-vostell-malpartida-cuando-el-arte-salvo-un-paraiso-olvidado\/cf013011r\/\" rel=\"attachment wp-att-380\"><img loading=\"lazy\" class=\"size-full wp-image-380\" title=\"Vista de la colecci\u00f3n Fluxus.\/ V\u00edctor Gibello\" src=\"\/paraisos-olvidados\/wp-content\/uploads\/sites\/65\/2015\/06\/CF013011r.jpg\" alt=\"Vista de la colecci\u00f3n Fluxus.\/ V\u00edctor Gibello\" width=\"600\" height=\"450\" srcset=\"https:\/\/static-blogs.hoy.es\/wp-content\/uploads\/sites\/65\/2015\/06\/CF013011r.jpg 600w, https:\/\/static-blogs.hoy.es\/wp-content\/uploads\/sites\/65\/2015\/06\/CF013011r-300x225.jpg 300w, https:\/\/static-blogs.hoy.es\/wp-content\/uploads\/sites\/65\/2015\/06\/CF013011r-562x422.jpg 562w\" sizes=\"(max-width: 600px) 100vw, 600px\" \/><\/a><\/dt>\n<dd class=\"wp-caption-dd\">Vista de la colecci\u00f3n Fluxus.\/ V\u00edctor Gibello<\/dd>\n<\/dl>\n<\/div>\n<p>&nbsp;<\/p>\n<p><strong>Este magn\u00edfico conjunto de arqueolog\u00eda preindustrial, de arquitectura vern\u00e1cula cacere\u00f1a de los Barruecos, estuvo a punto de desaparecer, no ya por el p\u00e9simo estado de conservaci\u00f3n de todos los edificios, sino, m\u00e1s importante a\u00fan, por el desinter\u00e9s generalizado de instituciones y sociedad que no ve\u00edan en el espacio m\u00e1s que un mont\u00f3n de piedras inservibles, recordatorios de un proceso preindustrial que no llego a culminar con una industrializaci\u00f3n de la comarca. Los Barruecos eran, en los a\u00f1os 70\u2019, un espectacular &#8220;Para\u00edso Olvidado&#8221; camino de convertirse en recuerdo arqueol\u00f3gico. La experiencia de recuperaci\u00f3n, de puesta en valor del conjunto ha de ser mostrada como magnifico ejemplo de lo que puede hacerse cuando los sue\u00f1os del coraz\u00f3n gu\u00edan el camino.<\/strong><\/p>\n<div class=\"mceTemp mceIEcenter\" style=\"text-align: center;\">\n<dl id=\"attachment_383\" class=\"wp-caption aligncenter\" style=\"width: 610px;\">\n<dt class=\"wp-caption-dt\"><a href=\"https:\/\/blogs.hoy.es\/paraisos-olvidados\/2015\/06\/10\/museo-vostell-malpartida-cuando-el-arte-salvo-un-paraiso-olvidado\/cf012989r\/\" rel=\"attachment wp-att-383\"><img loading=\"lazy\" class=\"size-full wp-image-383\" title=\"El fin de Parzifal.\/ V\u00edctor Gibello\" src=\"\/paraisos-olvidados\/wp-content\/uploads\/sites\/65\/2015\/06\/CF012989r.jpg\" alt=\"El fin de Parzifal.\/ V\u00edctor Gibello\" width=\"600\" height=\"450\" srcset=\"https:\/\/static-blogs.hoy.es\/wp-content\/uploads\/sites\/65\/2015\/06\/CF012989r.jpg 600w, https:\/\/static-blogs.hoy.es\/wp-content\/uploads\/sites\/65\/2015\/06\/CF012989r-300x225.jpg 300w, https:\/\/static-blogs.hoy.es\/wp-content\/uploads\/sites\/65\/2015\/06\/CF012989r-562x422.jpg 562w\" sizes=\"(max-width: 600px) 100vw, 600px\" \/><\/a><\/dt>\n<dd class=\"wp-caption-dd\">El fin de Parzifal.\/ V\u00edctor Gibello<\/dd>\n<\/dl>\n<\/div>\n<p>&nbsp;<\/p>\n<p>En Malpartida, en los Barruecos, el Arte ha canalizado los esfuerzos de personas e instituciones comprometidas. Aqu\u00ed se muestra con claridad como todo depende de la gente, de su esfuerzo, de su coraje, de su voluntad. Wolf y su concepci\u00f3n art\u00edstica salvaron este tesoro de su desaparici\u00f3n. Junto a \u00e9l, Mercedes, su apoyo constante, tan responsable de este proyecto como Vostell, artistas, estudiantes, investigadores, gestores, pol\u00edticos, el pueblo de Malpartida se volcaron en la consecuci\u00f3n de un objetivo com\u00fan, digno, loable, necesario.<\/p>\n<p>En nuestros d\u00edas, todo aquel que quiera investigar el arte contempor\u00e1neo ha de acudir a <a href=\"http:\/\/www.malpartidadecaceres.es\" target=\"_blank\">Malpartida de C\u00e1ceres<\/a>. El pueblo se ha convertido en centro de peregrinaci\u00f3n de artistas, cr\u00edticos de arte y estudiosos internacionales. Hasta aqu\u00ed llegan personas de todo el orbe. \u00bfQui\u00e9n podr\u00edan haber imaginado esto en las ruinas de los Barruecos? <strong>Todo es posible, solo hay que creer firmemente en ello.<\/strong><\/p>\n<p>Acudan a conocer este conjunto heterog\u00e9neo en el que la naturaleza, la arqueolog\u00eda, el arte y la vida se han conjugado para crear algo \u00fanico. Aprovechen cualquiera de las muchas actividades que el museo organiza a lo largo del a\u00f1o, todas ellas son de primer nivel, altamente recomendables.<\/p>\n<div class=\"mceTemp mceIEcenter\" style=\"text-align: center;\">\n<dl id=\"attachment_372\" class=\"wp-caption aligncenter\" style=\"width: 610px;\">\n<dt class=\"wp-caption-dt\"><a href=\"https:\/\/blogs.hoy.es\/paraisos-olvidados\/2015\/06\/10\/museo-vostell-malpartida-cuando-el-arte-salvo-un-paraiso-olvidado\/dsc_4399r\/\" rel=\"attachment wp-att-372\"><img loading=\"lazy\" class=\"size-full wp-image-372\" title=\"Autorretrato nocturno ante la pieza VOAEX.\/ V\u00edctor Gibello\" src=\"\/paraisos-olvidados\/wp-content\/uploads\/sites\/65\/2015\/06\/DSC_4399r.jpg\" alt=\"Autorretrato nocturno ante la pieza VOAEX.\/ V\u00edctor Gibello\" width=\"600\" height=\"399\" srcset=\"https:\/\/static-blogs.hoy.es\/wp-content\/uploads\/sites\/65\/2015\/06\/DSC_4399r.jpg 600w, https:\/\/static-blogs.hoy.es\/wp-content\/uploads\/sites\/65\/2015\/06\/DSC_4399r-300x200.jpg 300w, https:\/\/static-blogs.hoy.es\/wp-content\/uploads\/sites\/65\/2015\/06\/DSC_4399r-562x374.jpg 562w\" sizes=\"(max-width: 600px) 100vw, 600px\" \/><\/a><\/dt>\n<dd class=\"wp-caption-dd\">Autorretrato nocturno ante la pieza VOAEX.\/ V\u00edctor Gibello<\/dd>\n<\/dl>\n<\/div>\n<p>&nbsp;<\/p>\n<p>Me adentro en el berrocal, ya oscurecido, tratando de fotografiar la magia del espacio. Escucho <em><a href=\"https:\/\/www.youtube.com\/watch?v=ccR4RvZwuEc\" target=\"_blank\">Silent night<\/a><\/em> de William Basinski y todas las estrellas se reflejan en las aguas quietas de la noche malpartide\u00f1a.<\/p>\n<p>&nbsp;<\/p>\n<div class=\"mceTemp mceIEcenter\" style=\"text-align: center;\">\n<dl id=\"attachment_371\" class=\"wp-caption aligncenter\" style=\"width: 610px;\">\n<dt class=\"wp-caption-dt\"><a href=\"https:\/\/blogs.hoy.es\/paraisos-olvidados\/2015\/06\/10\/museo-vostell-malpartida-cuando-el-arte-salvo-un-paraiso-olvidado\/dsc_4404r\/\" rel=\"attachment wp-att-371\"><img loading=\"lazy\" class=\"size-full wp-image-371\" title=\"Barruecos bajo las estrellas.\/ V\u00edctor Gibello\" src=\"\/paraisos-olvidados\/wp-content\/uploads\/sites\/65\/2015\/06\/DSC_4404r.jpg\" alt=\"Barruecos bajo las estrellas.\/ V\u00edctor Gibello\" width=\"600\" height=\"399\" srcset=\"https:\/\/static-blogs.hoy.es\/wp-content\/uploads\/sites\/65\/2015\/06\/DSC_4404r.jpg 600w, https:\/\/static-blogs.hoy.es\/wp-content\/uploads\/sites\/65\/2015\/06\/DSC_4404r-300x200.jpg 300w, https:\/\/static-blogs.hoy.es\/wp-content\/uploads\/sites\/65\/2015\/06\/DSC_4404r-562x374.jpg 562w\" sizes=\"(max-width: 600px) 100vw, 600px\" \/><\/a><\/dt>\n<dd class=\"wp-caption-dd\">Barruecos bajo las estrellas.\/ V\u00edctor Gibello<\/dd>\n<\/dl>\n<\/div>\n<!-- AddThis Advanced Settings generic via filter on the_content --><!-- AddThis Share Buttons generic via filter on the_content -->","protected":false},"excerpt":{"rendered":"<p>Vista general del conjunto.\/ V\u00edctor Gibello VER TODA LA GALER\u00cdA DE FOTOS DEL MUSEO VOSTELL-MALPARTIDA\u00a0\/ Autor: V\u00cdCTOR GIBELLO &nbsp; En el C\u00e1ceres de fines de los 70\u2019 e inicios de los 80\u2019 portar un aspecto \u201cno convencional\u201d provocaba el fisgoneo de los vecinos, miradas, no siempre discretas, y comentarios de \u00edndole e intenci\u00f3n diversas. Wolf [&hellip;]<!-- AddThis Advanced Settings generic via filter on get_the_excerpt --><!-- AddThis Share Buttons generic via filter on get_the_excerpt --><\/p>\n","protected":false},"author":71,"featured_media":0,"comment_status":"open","ping_status":"closed","sticky":false,"template":"","format":"standard","meta":[],"categories":[30],"tags":[96,106,108,124,139,267,286,298,310,362,382,394,431,434,439,620,630],"_links":{"self":[{"href":"https:\/\/blogs.hoy.es\/paraisos-olvidados\/wp-json\/wp\/v2\/posts\/369"}],"collection":[{"href":"https:\/\/blogs.hoy.es\/paraisos-olvidados\/wp-json\/wp\/v2\/posts"}],"about":[{"href":"https:\/\/blogs.hoy.es\/paraisos-olvidados\/wp-json\/wp\/v2\/types\/post"}],"author":[{"embeddable":true,"href":"https:\/\/blogs.hoy.es\/paraisos-olvidados\/wp-json\/wp\/v2\/users\/71"}],"replies":[{"embeddable":true,"href":"https:\/\/blogs.hoy.es\/paraisos-olvidados\/wp-json\/wp\/v2\/comments?post=369"}],"version-history":[{"count":0,"href":"https:\/\/blogs.hoy.es\/paraisos-olvidados\/wp-json\/wp\/v2\/posts\/369\/revisions"}],"wp:attachment":[{"href":"https:\/\/blogs.hoy.es\/paraisos-olvidados\/wp-json\/wp\/v2\/media?parent=369"}],"wp:term":[{"taxonomy":"category","embeddable":true,"href":"https:\/\/blogs.hoy.es\/paraisos-olvidados\/wp-json\/wp\/v2\/categories?post=369"},{"taxonomy":"post_tag","embeddable":true,"href":"https:\/\/blogs.hoy.es\/paraisos-olvidados\/wp-json\/wp\/v2\/tags?post=369"}],"curies":[{"name":"wp","href":"https:\/\/api.w.org\/{rel}","templated":true}]}}