{"id":404,"date":"2015-07-23T09:54:54","date_gmt":"2015-07-23T09:54:54","guid":{"rendered":"http:\/\/blogs.hoy.es\/paraisos-olvidados\/?p=404"},"modified":"2015-07-23T09:54:54","modified_gmt":"2015-07-23T09:54:54","slug":"la-villeta-de-azuquen-una-ciudad-olvidada-en-tierras-de-trujillo","status":"publish","type":"post","link":"https:\/\/blogs.hoy.es\/paraisos-olvidados\/2015\/07\/23\/la-villeta-de-azuquen-una-ciudad-olvidada-en-tierras-de-trujillo\/","title":{"rendered":"La Villeta de Azuqu\u00e9n, una ciudad olvidada en tierras de Trujillo"},"content":{"rendered":"<div class=\"mceTemp mceIEcenter\" style=\"text-align: center;\">\n<dl id=\"attachment_420\" class=\"wp-caption aligncenter\" style=\"width: 610px;\">\n<dt class=\"wp-caption-dt\"><a href=\"https:\/\/blogs.hoy.es\/paraisos-olvidados\/2015\/07\/23\/la-villeta-de-azuquen-una-ciudad-olvidada-en-tierras-de-trujillo\/cf011860r2\/\" rel=\"attachment wp-att-420\"><img loading=\"lazy\" class=\"size-full wp-image-420\" title=\"Villeta sobre el r\u00edo Almonte.\/ V\u00edctor Gibello.\" src=\"\/paraisos-olvidados\/wp-content\/uploads\/sites\/65\/2015\/07\/CF011860r2.jpg\" alt=\"Villeta sobre el r\u00edo Almonte.\/ V\u00edctor Gibello.\" width=\"600\" height=\"450\" srcset=\"https:\/\/static-blogs.hoy.es\/wp-content\/uploads\/sites\/65\/2015\/07\/CF011860r2.jpg 600w, https:\/\/static-blogs.hoy.es\/wp-content\/uploads\/sites\/65\/2015\/07\/CF011860r2-300x225.jpg 300w, https:\/\/static-blogs.hoy.es\/wp-content\/uploads\/sites\/65\/2015\/07\/CF011860r2-562x422.jpg 562w\" sizes=\"(max-width: 600px) 100vw, 600px\" \/><\/a><\/dt>\n<dd class=\"wp-caption-dd\">Villeta sobre el r\u00edo Almonte.\/ V\u00edctor Gibello.<\/dd>\n<\/dl>\n<\/div>\n<p style=\"text-align: center;\"><a href=\"http:\/\/www.hoy.es\/fotos\/extremadura\/201507\/21\/villeta-azuquen-30113186838834-mm.html\" target=\"_blank\">VER TODA LA GALER\u00cdA DE FOTOS DE LA VILLETA DE AZUQU\u00c9N<strong>\/<\/strong> Autor: V\u00cdCTOR GIBELLO<\/a><\/p>\n<p>&nbsp;<\/p>\n<p>C\u00e1ceres es una ciudad sin r\u00edo. La carencia de agua para el abastecimiento de una poblaci\u00f3n en crecimiento constante ha sido solventada mediante costosas obras de ingenier\u00eda hidr\u00e1ulica, unas m\u00e1s afortunadas que otras. En la larga lista de medidas ideadas, muchas solo trazadas sobre el papel, <strong>se encuentra el desafortunado plan de construcci\u00f3n de una gran presa sobre el r\u00edo Almonte<\/strong>, en las proximidades de Monroy. El embalse, desde el que se pretend\u00eda bombear agua a C\u00e1ceres, extend\u00eda su cuenca 20 kil\u00f3metros r\u00edo arriba, ocupando tierras de Monroy y Trujillo, anegando los cauces del Almonte y el Tozo en una zona de singular valor ecol\u00f3gico.<!--more--><\/p>\n<p><strong>El proyecto fue descartado gracias a la presi\u00f3n ejercida por diversos colectivos conservacionistas,<\/strong> que hicieron ver que la ejecuci\u00f3n supondr\u00eda el incumplimiento de normativas medioambientales nacionales y europeas. Sin embargo, a\u00fan permanece guardado, no desechado definitivamente, en los archivos administrativos, quiz\u00e1s a la espera de una coyuntura m\u00e1s favorable o de una menor contestaci\u00f3n popular. Ojal\u00e1 nunca vea la luz.<\/p>\n<div class=\"mceTemp mceIEcenter\" style=\"text-align: center;\">\n<dl id=\"attachment_421\" class=\"wp-caption aligncenter\" style=\"width: 610px;\">\n<dt class=\"wp-caption-dt\"><a href=\"https:\/\/blogs.hoy.es\/paraisos-olvidados\/2015\/07\/23\/la-villeta-de-azuquen-una-ciudad-olvidada-en-tierras-de-trujillo\/cf011844r2\/\" rel=\"attachment wp-att-421\"><img loading=\"lazy\" class=\"size-full wp-image-421\" title=\"R\u00edo Almonte.\/ V\u00edctor Gibello.\" src=\"\/paraisos-olvidados\/wp-content\/uploads\/sites\/65\/2015\/07\/CF011844r2.jpg\" alt=\"R\u00edo Almonte.\/ V\u00edctor Gibello.\" width=\"600\" height=\"450\" srcset=\"https:\/\/static-blogs.hoy.es\/wp-content\/uploads\/sites\/65\/2015\/07\/CF011844r2.jpg 600w, https:\/\/static-blogs.hoy.es\/wp-content\/uploads\/sites\/65\/2015\/07\/CF011844r2-300x225.jpg 300w, https:\/\/static-blogs.hoy.es\/wp-content\/uploads\/sites\/65\/2015\/07\/CF011844r2-562x422.jpg 562w\" sizes=\"(max-width: 600px) 100vw, 600px\" \/><\/a><\/dt>\n<dd class=\"wp-caption-dd\">R\u00edo Almonte.\/ V\u00edctor Gibello.<\/dd>\n<\/dl>\n<\/div>\n<p>Espa\u00f1a es el pa\u00eds con mayor n\u00famero de presas y de kil\u00f3metros de costas interiores por habitante del mundo, nuestros r\u00edos han dejado de ser r\u00edos para convertirse en \u201clagos\u201d cuyas aguas, en muchos casos, no poseen las condiciones de salubridad m\u00e1s deseables, tristes lodazales est\u00e1ticos que en nada recuerdan a las briosas corrientes de anta\u00f1o. <strong>El r\u00edo Almonte es una excepci\u00f3n, corre libre, salvaje, desde su nacimiento junto al pico Villuercas, hasta su desembocadura en el Tajo.<\/strong> Durante 100 kil\u00f3metros nutre una importante franja del centro de la provincia de C\u00e1ceres, generando a su paso vida en todas sus formas. Junto a sus orillas anidan \u00e1guilas imperiales y reales, alimoches, \u00e1guilas perdiceras, b\u00fahos reales, cig\u00fce\u00f1as negras y otras 120 especies de aves. Sus aguas limpias dan cobijo a uno de los conjuntos de fauna pisc\u00edcola mejor conservados de la Pen\u00ednsula Ib\u00e9rica, fauna que sustenta las muchas nutrias que a\u00fan pueden verse. <strong>El Almonte y sus afluentes son un corredor ecol\u00f3gico<\/strong> que utilizan diversas especies animales, entre ellas linces y corzos, para sus desplazamientos entre zonas que de otra forma estar\u00edan inconexas.<\/p>\n<div class=\"mceTemp mceIEcenter\" style=\"text-align: center;\">\n<dl id=\"attachment_422\" class=\"wp-caption aligncenter\" style=\"width: 610px;\">\n<dt class=\"wp-caption-dt\"><a href=\"https:\/\/blogs.hoy.es\/paraisos-olvidados\/2015\/07\/23\/la-villeta-de-azuquen-una-ciudad-olvidada-en-tierras-de-trujillo\/cf011803r2\/\" rel=\"attachment wp-att-422\"><img loading=\"lazy\" class=\"size-full wp-image-422\" title=\"Confluencia Almonte y Tozo.\/ V\u00edctor Gibello.\" src=\"\/paraisos-olvidados\/wp-content\/uploads\/sites\/65\/2015\/07\/CF011803r2.jpg\" alt=\"Confluencia Almonte y Tozo.\/ V\u00edctor Gibello.\" width=\"600\" height=\"450\" srcset=\"https:\/\/static-blogs.hoy.es\/wp-content\/uploads\/sites\/65\/2015\/07\/CF011803r2.jpg 600w, https:\/\/static-blogs.hoy.es\/wp-content\/uploads\/sites\/65\/2015\/07\/CF011803r2-300x225.jpg 300w, https:\/\/static-blogs.hoy.es\/wp-content\/uploads\/sites\/65\/2015\/07\/CF011803r2-562x422.jpg 562w\" sizes=\"(max-width: 600px) 100vw, 600px\" \/><\/a><\/dt>\n<dd class=\"wp-caption-dd\">Confluencia Almonte y Tozo.\/ V\u00edctor Gibello.<\/dd>\n<\/dl>\n<\/div>\n<p>&nbsp;<\/p>\n<p><strong>El Almonte es un r\u00edo de vida y como tal hay que preservarlo.<\/strong> En la actualidad est\u00e1 declarado ZEPA (Zona de Especial Protecci\u00f3n de Aves) y LIC (Lugar de Inter\u00e9s Comunitario), figuras de protecci\u00f3n que se antojan escasas, pues su entidad ambiental y los valores que lo hacen \u00fanico precisan de una catalogaci\u00f3n mucho m\u00e1s proteccionista. <strong>El Almonte es el \u00faltimo de los r\u00edos extreme\u00f1os de entidad que no est\u00e1 embalsado, que no est\u00e1 alterado por el hombre.<\/strong><\/p>\n<p>En 2003 tuve la oportunidad de realizar una prospecci\u00f3n arqueol\u00f3gica de la zona afectada por el pantano en proyecto para valorar el Patrimonio cultural en ella existente. Fue un trabajo muy duro por las altas temperaturas veraniegas y por las condiciones topogr\u00e1ficas del espacio: el r\u00edo corre encajonado, sus m\u00e1rgenes son paredes rocosas tupidas por densa vegetaci\u00f3n, el terreno es quebrado, peligroso por momentos, y solo se accede al lugar a pie, a trav\u00e9s de caminos pastoriles. Sin embargo, recorrer este territorio olvidado por siglos, pisar lugares no hollados desde tiempo sin memoria, degustar una tierra agreste acompa\u00f1ados por las rapaces en su vuelo, detenerse a la sombra de una fresneda y contemplar la actividad natatoria de nutrias en su medio supera con creces el esfuerzo. Si a ello a\u00f1adimos la presencia de yacimientos arqueol\u00f3gicos como la Villeta de Azuqu\u00e9n, la protagonista de este art\u00edculo, la aventura merec\u00eda la pena.<\/p>\n<div class=\"mceTemp mceIEcenter\" style=\"text-align: center;\">\n<dl id=\"attachment_423\" class=\"wp-caption aligncenter\" style=\"width: 610px;\">\n<dt class=\"wp-caption-dt\"><a href=\"https:\/\/blogs.hoy.es\/paraisos-olvidados\/2015\/07\/23\/la-villeta-de-azuquen-una-ciudad-olvidada-en-tierras-de-trujillo\/cf011870r2\/\" rel=\"attachment wp-att-423\"><img loading=\"lazy\" class=\"size-full wp-image-423\" title=\"Dehesa de Azuqu\u00e9n del Conde.\/ V\u00edctor Gibello.\" src=\"\/paraisos-olvidados\/wp-content\/uploads\/sites\/65\/2015\/07\/CF011870r2.jpg\" alt=\"Dehesa de Azuqu\u00e9n del Conde.\/ V\u00edctor Gibello.\" width=\"600\" height=\"450\" srcset=\"https:\/\/static-blogs.hoy.es\/wp-content\/uploads\/sites\/65\/2015\/07\/CF011870r2.jpg 600w, https:\/\/static-blogs.hoy.es\/wp-content\/uploads\/sites\/65\/2015\/07\/CF011870r2-300x225.jpg 300w, https:\/\/static-blogs.hoy.es\/wp-content\/uploads\/sites\/65\/2015\/07\/CF011870r2-562x422.jpg 562w\" sizes=\"(max-width: 600px) 100vw, 600px\" \/><\/a><\/dt>\n<dd class=\"wp-caption-dd\">Dehesa de Azuqu\u00e9n del Conde.\/ V\u00edctor Gibello.<\/dd>\n<\/dl>\n<\/div>\n<p>&nbsp;<\/p>\n<p>La mejor forma de acceder a la Villeta de Azuqu\u00e9n es desde la carretera que une Trujillo con Plasencia a trav\u00e9s de Monfrag\u00fce. A unos 21 kil\u00f3metros de Trujillo, en cuyo t\u00e9rmino municipal se sit\u00faa el yacimiento arqueol\u00f3gico, hay que tomar un camino a la izquierda, en direcci\u00f3n oeste. La pista transita entre campos que se tapizan de un verde intenso en primavera y se muestran doradas en verano. Aprovecho la lentitud con la que he de recorrer los 14 kil\u00f3metros de camino para disfrutar del paisaje adehesado escuchando el disco \u201c<em>Alma m\u00eda<\/em>\u201d, de <a href=\"http:\/\/raquelandueza.com\" target=\"_blank\">Raquel Andueza<\/a> y <a href=\"http:\/\/lagalania.com\" target=\"_blank\">La Galan\u00eda<\/a>. Es un trabajo espl\u00e9ndido, como la voz de Andueza, intenso, pasional, vivo. En \u00e9l se recupera la obra del compositor italiano <a href=\"https:\/\/es.wikipedia.org\/wiki\/Antonio_Cesti\" target=\"_blank\">Cesti<\/a>, m\u00fasico barroco desconocido para el gran p\u00fablico, a pesar de sus excelentes obras. Cesti, al que apodaron <em>Il Miracolo della Musica<\/em>, tuvo una vida novelesca, en la que su actividad creadora se entrelaza con su vocaci\u00f3n religiosa, pues fue fraile franciscano desde los 14 a\u00f1os. El amor de una soprano le hizo romper sus votos. Fue organista eclesi\u00e1stico, miembro del coro papal, tenor de notable \u00e9xito, compositor esc\u00e9nico. Grandes logros para una vida cercenada prematuramente por la envidia de sus rivales, pues se afirma que muri\u00f3 envenenado por alg\u00fan mediocre celoso de su val\u00eda. Es dif\u00edcil escoger una pieza de este excepcional disco, cada composici\u00f3n es una perla. Disfruten con <em><a href=\"https:\/\/www.youtube.com\/watch?v=qCEKmpBZycA\" target=\"_blank\">Intorno all\u2019idol mio<\/a><\/em>.<\/p>\n<p>La pista finaliza en un vallado cuya puerta est\u00e1 cerrada. Hay que abandonar el coche y continuar a pie, campo a trav\u00e9s, en direcci\u00f3n suroeste durante tres kil\u00f3metros, distancia que permitir\u00e1 desconectar de todo e integrarse plenamente en el paisaje. El yacimiento se encuentra en una propiedad privada, en la finca denominada Azuqu\u00e9n del Conde, sean respetuosos.<\/p>\n<div class=\"mceTemp mceIEcenter\" style=\"text-align: center;\">\n<dl id=\"attachment_424\" class=\"wp-caption aligncenter\" style=\"width: 610px;\">\n<dt class=\"wp-caption-dt\"><a href=\"https:\/\/blogs.hoy.es\/paraisos-olvidados\/2015\/07\/23\/la-villeta-de-azuquen-una-ciudad-olvidada-en-tierras-de-trujillo\/cf011819r2\/\" rel=\"attachment wp-att-424\"><img loading=\"lazy\" class=\"size-full wp-image-424\" title=\"Muralla y paisaje.\/ V\u00edctor Gibello.\" src=\"\/paraisos-olvidados\/wp-content\/uploads\/sites\/65\/2015\/07\/CF011819r2.jpg\" alt=\"Muralla y paisaje.\/ V\u00edctor Gibello.\" width=\"600\" height=\"450\" srcset=\"https:\/\/static-blogs.hoy.es\/wp-content\/uploads\/sites\/65\/2015\/07\/CF011819r2.jpg 600w, https:\/\/static-blogs.hoy.es\/wp-content\/uploads\/sites\/65\/2015\/07\/CF011819r2-300x225.jpg 300w, https:\/\/static-blogs.hoy.es\/wp-content\/uploads\/sites\/65\/2015\/07\/CF011819r2-562x422.jpg 562w\" sizes=\"(max-width: 600px) 100vw, 600px\" \/><\/a><\/dt>\n<dd class=\"wp-caption-dd\">Muralla y paisaje.\/ V\u00edctor Gibello.<\/dd>\n<\/dl>\n<\/div>\n<p>&nbsp;<\/p>\n<p><strong>Emplazado en un paisaje caracter\u00edstico del Tajo y sus afluentes, con gargantas estrechas y encajadas, se encuentra este asentamiento. En un lugar elevado, en la confluencia de los r\u00edos Tozo y Almonte, se alza imponente un recinto amurallado bien conservado de unas 11 hect\u00e1reas, una extensi\u00f3n muy superior a la de la mayor\u00eda de los asentamientos urbanos coet\u00e1neos.<\/strong><\/p>\n<p>El emplazamiento de la fortificaci\u00f3n responde al top\u00f3nimo moderno de <em>La Villeta<\/em>, que procede de \u201cVillavieja\u201d, apelaci\u00f3n m\u00e1s antigua atestiguada en las fuentes escritas de mediados del siglo XVI y mantenida por la tradici\u00f3n oral. Por otra parte, el nombre de Azuqu\u00e9n se identifica como deformaci\u00f3n del vocablo \u00e1rabe <em>as-suq<\/em>, mercado o zoco. Esta alusi\u00f3n podr\u00eda identificar el asentamiento con una funci\u00f3n hist\u00f3rica comercial, algo que resulta sorprendente en la actualidad, dado su aislamiento con respecto a los n\u00facleos poblados. El lugar fue mencionado por P. Madoz en su <em>Diccionario Geogr\u00e1fico<\/em>, quien la identifica de forma err\u00f3nea con Zuferola, castillo mencionado en los textos medievales y localizado al sur de Trujillo, cerca de Zorita.<\/p>\n<div class=\"mceTemp mceIEcenter\" style=\"text-align: center;\">\n<dl id=\"attachment_413\" class=\"wp-caption aligncenter\" style=\"width: 610px;\">\n<dt class=\"wp-caption-dt\"><a href=\"https:\/\/blogs.hoy.es\/paraisos-olvidados\/2015\/07\/23\/la-villeta-de-azuquen-una-ciudad-olvidada-en-tierras-de-trujillo\/rcf011847r\/\" rel=\"attachment wp-att-413\"><img loading=\"lazy\" class=\"size-full wp-image-413\" title=\"Vista de la muralla.\/ V\u00edctor Gibello.\" src=\"\/paraisos-olvidados\/wp-content\/uploads\/sites\/65\/2015\/07\/rCF011847r.jpg\" alt=\"Vista de la muralla.\/ V\u00edctor Gibello.\" width=\"600\" height=\"450\" srcset=\"https:\/\/static-blogs.hoy.es\/wp-content\/uploads\/sites\/65\/2015\/07\/rCF011847r.jpg 600w, https:\/\/static-blogs.hoy.es\/wp-content\/uploads\/sites\/65\/2015\/07\/rCF011847r-300x225.jpg 300w, https:\/\/static-blogs.hoy.es\/wp-content\/uploads\/sites\/65\/2015\/07\/rCF011847r-562x422.jpg 562w\" sizes=\"(max-width: 600px) 100vw, 600px\" \/><\/a><\/dt>\n<dd class=\"wp-caption-dd\">Vista de la muralla.\/ V\u00edctor Gibello.<\/dd>\n<\/dl>\n<\/div>\n<p>&nbsp;<\/p>\n<p><strong>La muralla, conservada en su totalidad, se adapta a la topograf\u00eda quebrada que determina su particular forma de pol\u00edgono irregular.<\/strong> Tiene 1520 metros de per\u00edmetro y aparece flanqueada por una quincena de torres de conservaci\u00f3n desigual, dispuestas a intervalos irregulares, en los \u00e1ngulos, para facilitar la defensa de la poblaci\u00f3n y el control visual de los r\u00edos vecinos.<\/p>\n<p>La entrada inicial al recinto no se corresponde con la actual, un simple hueco horadado en el muro, sino que habr\u00eda que buscarla en una posici\u00f3n m\u00e1s al norte, en el frente oriental. Este acceso es el \u00fanico paso posible, ya que en esta zona no hay un curso de agua que sirva de primera defensa. Tambi\u00e9n se aprecia que est\u00e1 protegida por un foso, situ\u00e1ndose en una depresi\u00f3n flanqueada por dos torres. El mismo esquema se repite en el sector sur del asentamiento, donde una nueva depresi\u00f3n del terreno y la ausencia de todo vestigio de muralla, permite identificar la existencia de otra puerta o poterna.<\/p>\n<p>La muralla est\u00e1 realizada \u00edntegramente con piedra, pizarra y cuarzo de la zona, trabada con barro. El sistema constructivo se basa en el tradicional de dos hojas de mamposter\u00eda bien trabajada, cara interior y cara exterior, rellenadas con piedra menuda, cascotes y barro. Este aparejo de talla mediana se acompa\u00f1a con el empleo puntual de <em>opus spicatum<\/em>, mamposter\u00eda dispuesta en forma de espiga, una forma de aparejar habitual en tiempos emiral y califal. Son visibles algunos de los desag\u00fces que permitir\u00edan el drenaje de agua de lluvia del recinto.<\/p>\n<div class=\"mceTemp mceIEcenter\" style=\"text-align: center;\">\n<dl id=\"attachment_425\" class=\"wp-caption aligncenter\" style=\"width: 610px;\">\n<dt class=\"wp-caption-dt\"><a href=\"https:\/\/blogs.hoy.es\/paraisos-olvidados\/2015\/07\/23\/la-villeta-de-azuquen-una-ciudad-olvidada-en-tierras-de-trujillo\/cf011830r2\/\" rel=\"attachment wp-att-425\"><img loading=\"lazy\" class=\"size-full wp-image-425\" title=\"Vista de la muralla.\/ V\u00edctor Gibello.\" src=\"\/paraisos-olvidados\/wp-content\/uploads\/sites\/65\/2015\/07\/CF011830r2.jpg\" alt=\"Vista de la muralla.\/ V\u00edctor Gibello.\" width=\"600\" height=\"450\" srcset=\"https:\/\/static-blogs.hoy.es\/wp-content\/uploads\/sites\/65\/2015\/07\/CF011830r2.jpg 600w, https:\/\/static-blogs.hoy.es\/wp-content\/uploads\/sites\/65\/2015\/07\/CF011830r2-300x225.jpg 300w, https:\/\/static-blogs.hoy.es\/wp-content\/uploads\/sites\/65\/2015\/07\/CF011830r2-562x422.jpg 562w\" sizes=\"(max-width: 600px) 100vw, 600px\" \/><\/a><\/dt>\n<dd class=\"wp-caption-dd\">Vista de la muralla.\/ V\u00edctor Gibello.<\/dd>\n<\/dl>\n<\/div>\n<p>&nbsp;<\/p>\n<p><strong>El enorme espacio intramuros, que ahora se muestra como un vac\u00edo incomprensible, estuvo totalmente ocupado por viviendas y una posible alcazaba en la zona m\u00e1s elevada.<\/strong> Multitud de majanos se disponen por todo el sitio recogiendo las muchas piedras que en su d\u00eda conformaron las estructuras dom\u00e9sticas, industriales y defensivas de la ciudad. Numerosas construcciones afloran del subsuelo permitiendo el reconocimiento de la planta de algunas de sus construcciones. Aunque no resulta f\u00e1cil apreciar la distribuci\u00f3n espacial del yacimiento sin realizar una excavaci\u00f3n arqueol\u00f3gica en extensi\u00f3n, pueden discernirse dos sectores b\u00e1sicos: la zona suroeste, con una concentraci\u00f3n de habitaciones rectangulares alrededor de un espacio central; y la zona noreste, donde asoman una acr\u00f3polis natural y un posible aljibe.<\/p>\n<div class=\"mceTemp mceIEcenter\" style=\"text-align: center;\">\n<dl id=\"attachment_415\" class=\"wp-caption aligncenter\" style=\"width: 610px;\">\n<dt class=\"wp-caption-dt\"><a href=\"https:\/\/blogs.hoy.es\/paraisos-olvidados\/2015\/07\/23\/la-villeta-de-azuquen-una-ciudad-olvidada-en-tierras-de-trujillo\/rcf011773r\/\" rel=\"attachment wp-att-415\"><img loading=\"lazy\" class=\"size-full wp-image-415\" title=\"Majanos sobre la ciudad.\/ V\u00edctor Gibello.\" src=\"\/paraisos-olvidados\/wp-content\/uploads\/sites\/65\/2015\/07\/rCF011773r.jpg\" alt=\"Majanos sobre la ciudad.\/ V\u00edctor Gibello.\" width=\"600\" height=\"450\" srcset=\"https:\/\/static-blogs.hoy.es\/wp-content\/uploads\/sites\/65\/2015\/07\/rCF011773r.jpg 600w, https:\/\/static-blogs.hoy.es\/wp-content\/uploads\/sites\/65\/2015\/07\/rCF011773r-300x225.jpg 300w, https:\/\/static-blogs.hoy.es\/wp-content\/uploads\/sites\/65\/2015\/07\/rCF011773r-562x422.jpg 562w\" sizes=\"(max-width: 600px) 100vw, 600px\" \/><\/a><\/dt>\n<dd class=\"wp-caption-dd\">Majanos sobre la ciudad.\/ V\u00edctor Gibello.<\/dd>\n<\/dl>\n<\/div>\n<p>&nbsp;<\/p>\n<p>Extramuros, junto al camino por el que se accede al poblado, se encuentra la necr\u00f3polis, con tumbas orientadas NE-SO, y se\u00f1aladas con piedras hincadas verticalmente demarcando el enterramiento. Esta tipolog\u00eda de tumbas se da tambi\u00e9n en las dos necr\u00f3polis de la ciudad de <em>Vascos,<\/em> en Toledo, no muy lejana, por lo que podr\u00eda ser un particularismo regional, quiz\u00e1 ligado a un mismo grupo \u00e9tnico-cultural.<\/p>\n<div class=\"mceTemp mceIEcenter\" style=\"text-align: center;\">\n<dl id=\"attachment_416\" class=\"wp-caption aligncenter\" style=\"width: 610px;\">\n<dt class=\"wp-caption-dt\"><a href=\"https:\/\/blogs.hoy.es\/paraisos-olvidados\/2015\/07\/23\/la-villeta-de-azuquen-una-ciudad-olvidada-en-tierras-de-trujillo\/rcf011863r\/\" rel=\"attachment wp-att-416\"><img loading=\"lazy\" class=\"size-full wp-image-416\" title=\"\u00c1rea de la necr\u00f3polis.\/ V\u00edctor Gibello.\" src=\"\/paraisos-olvidados\/wp-content\/uploads\/sites\/65\/2015\/07\/rCF011863r.jpg\" alt=\"\u00c1rea de la necr\u00f3polis.\/ V\u00edctor Gibello.\" width=\"600\" height=\"450\" srcset=\"https:\/\/static-blogs.hoy.es\/wp-content\/uploads\/sites\/65\/2015\/07\/rCF011863r.jpg 600w, https:\/\/static-blogs.hoy.es\/wp-content\/uploads\/sites\/65\/2015\/07\/rCF011863r-300x225.jpg 300w, https:\/\/static-blogs.hoy.es\/wp-content\/uploads\/sites\/65\/2015\/07\/rCF011863r-562x422.jpg 562w\" sizes=\"(max-width: 600px) 100vw, 600px\" \/><\/a><\/dt>\n<dd class=\"wp-caption-dd\">\u00c1rea de la necr\u00f3polis.\/ V\u00edctor Gibello.<\/dd>\n<\/dl>\n<\/div>\n<p>&nbsp;<\/p>\n<p>\u00bfCu\u00e1l es la historia de la Villeta de Azuqu\u00e9n?<\/p>\n<p><strong>El origen del asentamiento es controvertido<\/strong>, la ausencia de excavaciones arqueol\u00f3gicas facilita la construcci\u00f3n de hip\u00f3tesis variadas e incluso enfrentadas entre s\u00ed. Para algunos investigadores estamos ante un claro ejemplo de yacimiento de la II Edad del Hierro reocupado en tiempos altomedievales, para otros no hay fase protohist\u00f3rica, por lo que la fundaci\u00f3n ser\u00eda andalus\u00ed. De alg\u00fan modo ambas teor\u00edas son complementarias. <strong>Es m\u00e1s que probable que la Villeta tenga una ocupaci\u00f3n inicial de la II Edad del Hierro, pues el modelo de asentamiento responde al patr\u00f3n caracter\u00edstico de este momento hist\u00f3rico en la cuenca media del r\u00edo Tajo. El poblado, perfectamente defendido por los r\u00edos que lo envuelven, debi\u00f3 contar con un sistema de amurallamiento. Se vincular\u00eda a la explotaci\u00f3n de los recursos mineros existentes en las inmediaciones, con filones de plata y plomo. Algunos indicios materiales visibles en superficie permiten sostener una ocupaci\u00f3n romana del lugar.<\/strong><\/p>\n<div class=\"mceTemp mceIEcenter\" style=\"text-align: center;\">\n<dl id=\"attachment_417\" class=\"wp-caption aligncenter\" style=\"width: 610px;\">\n<dt class=\"wp-caption-dt\"><a href=\"https:\/\/blogs.hoy.es\/paraisos-olvidados\/2015\/07\/23\/la-villeta-de-azuquen-una-ciudad-olvidada-en-tierras-de-trujillo\/rcf011867r\/\" rel=\"attachment wp-att-417\"><img loading=\"lazy\" class=\"size-full wp-image-417\" title=\"Camino de acceso a la Villeta.\/ V\u00edctor Gibello.\" src=\"\/paraisos-olvidados\/wp-content\/uploads\/sites\/65\/2015\/07\/rCF011867r.jpg\" alt=\"Camino de acceso a la Villeta.\/ V\u00edctor Gibello.\" width=\"600\" height=\"450\" srcset=\"https:\/\/static-blogs.hoy.es\/wp-content\/uploads\/sites\/65\/2015\/07\/rCF011867r.jpg 600w, https:\/\/static-blogs.hoy.es\/wp-content\/uploads\/sites\/65\/2015\/07\/rCF011867r-300x225.jpg 300w, https:\/\/static-blogs.hoy.es\/wp-content\/uploads\/sites\/65\/2015\/07\/rCF011867r-562x422.jpg 562w\" sizes=\"(max-width: 600px) 100vw, 600px\" \/><\/a><\/dt>\n<dd class=\"wp-caption-dd\">Camino de acceso a la Villeta.\/ V\u00edctor Gibello.<\/dd>\n<\/dl>\n<\/div>\n<p>&nbsp;<\/p>\n<p><strong>Tras siglos de abandono, el asentamiento volvi\u00f3 a ser ocupado como poblaci\u00f3n estable entre los siglos IX y XIII<\/strong>, la abundancia de materiales arqueol\u00f3gicos en superficie relacionados con esta cronolog\u00eda as\u00ed lo confirman. An\u00e1lisis de C14 realizados por S. Gilotte, arque\u00f3loga que estudi\u00f3 el yacimiento y su territorio a\u00f1os atr\u00e1s, de muestras de madera de encina recogidas de la muralla informan de una fecha de construcci\u00f3n del recinto murado entre fines del siglo X e inicios del siglo XI. Quiz\u00e1s en ese momento la muralla fue mejorada y reformada.<\/p>\n<div class=\"mceTemp mceIEcenter\" style=\"text-align: center;\">\n<dl id=\"attachment_418\" class=\"wp-caption aligncenter\" style=\"width: 610px;\">\n<dt class=\"wp-caption-dt\"><a href=\"https:\/\/blogs.hoy.es\/paraisos-olvidados\/2015\/07\/23\/la-villeta-de-azuquen-una-ciudad-olvidada-en-tierras-de-trujillo\/rcf011857r\/\" rel=\"attachment wp-att-418\"><img loading=\"lazy\" class=\"size-full wp-image-418\" title=\"Yacimiento en la dehesa.\/ V\u00edctor Gibello.\" src=\"\/paraisos-olvidados\/wp-content\/uploads\/sites\/65\/2015\/07\/rCF011857r.jpg\" alt=\"Yacimiento en la dehesa.\/ V\u00edctor Gibello.\" width=\"600\" height=\"450\" srcset=\"https:\/\/static-blogs.hoy.es\/wp-content\/uploads\/sites\/65\/2015\/07\/rCF011857r.jpg 600w, https:\/\/static-blogs.hoy.es\/wp-content\/uploads\/sites\/65\/2015\/07\/rCF011857r-300x225.jpg 300w, https:\/\/static-blogs.hoy.es\/wp-content\/uploads\/sites\/65\/2015\/07\/rCF011857r-562x422.jpg 562w\" sizes=\"(max-width: 600px) 100vw, 600px\" \/><\/a><\/dt>\n<dd class=\"wp-caption-dd\">Yacimiento en la dehesa.\/ V\u00edctor Gibello.<\/dd>\n<\/dl>\n<\/div>\n<p>&nbsp;<\/p>\n<p><strong>Desde fines del siglo XI, la Villeta entra en un proceso de declive, proceso que concluye en el siglo XIII con el abandono definitivo de la plaza.<\/strong> Quiz\u00e1s la marcha de los pobladores habr\u00eda que vincularla a la reorganizaci\u00f3n de la frontera almohade y de los n\u00facleos defensivos en ella existente, no a los procesos de conquista del territorio por los castellanos, quienes, asumido el control de la tierra, no intentaron la repoblaci\u00f3n de la antigua ciudad.<\/p>\n<p><strong>En la actualidad el yacimiento est\u00e1 alejado de n\u00facleos poblados y parece aislado en mitad de la &#8220;nada&#8221;,<\/strong> ello ha llevado a algunos investigadores a formular hip\u00f3tesis que sostienen la elecci\u00f3n del lugar por parte de bereberes como asentamiento independiente. La idea, sin embargo, se antoja poco cre\u00edble y no basada en criterios hist\u00f3ricos, sino contempor\u00e1neos. <strong>La Villeta estuvo bien comunidada, a mitad de camino entre Trujillo y Monfrag\u00fce.<\/strong> Desde el asentamiento parten caminos en direcci\u00f3n oeste aprovechando los vados existentes. E, incluso, el Almonte fue navegable con barcas de escaso calado durante algunas \u00e9pocas del a\u00f1o. <strong>La Villeta nunca estuvo aislada, form\u00f3 parte de la red de poblaciones de su tiempo, inscrita en una densa red de caminos.<\/strong><\/p>\n<div class=\"mceTemp mceIEcenter\" style=\"text-align: center;\">\n<dl id=\"attachment_407\" class=\"wp-caption aligncenter\" style=\"width: 610px;\">\n<dt class=\"wp-caption-dt\"><a href=\"https:\/\/blogs.hoy.es\/paraisos-olvidados\/2015\/07\/23\/la-villeta-de-azuquen-una-ciudad-olvidada-en-tierras-de-trujillo\/rcf011799r\/\" rel=\"attachment wp-att-407\"><img loading=\"lazy\" class=\"size-full wp-image-407\" title=\"Vista del Almonte desde la Villeta.\/ V\u00edctor Gibello.\" src=\"\/paraisos-olvidados\/wp-content\/uploads\/sites\/65\/2015\/07\/rCF011799r.jpg\" alt=\"Vista del Almonte desde la Villeta.\/ V\u00edctor Gibello.\" width=\"600\" height=\"450\" srcset=\"https:\/\/static-blogs.hoy.es\/wp-content\/uploads\/sites\/65\/2015\/07\/rCF011799r.jpg 600w, https:\/\/static-blogs.hoy.es\/wp-content\/uploads\/sites\/65\/2015\/07\/rCF011799r-300x225.jpg 300w, https:\/\/static-blogs.hoy.es\/wp-content\/uploads\/sites\/65\/2015\/07\/rCF011799r-562x422.jpg 562w\" sizes=\"(max-width: 600px) 100vw, 600px\" \/><\/a><\/dt>\n<dd class=\"wp-caption-dd\">Vista del Almonte desde la Villeta.\/ V\u00edctor Gibello.<\/dd>\n<\/dl>\n<\/div>\n<p>&nbsp;<\/p>\n<p>Algunos investigadores pretenden ligar la Villeta con la ciudad hist\u00f3rica de Miknasa, ocupada por bereberes de la tribu hom\u00f3nima. Las fuentes hist\u00f3ricas son lac\u00f3nicas al respecto, siendo varios los emplazamientos posibles para esta ciudad. No voy a adentrarme en este art\u00edculo, que ya finaliza, en este interesante debate. <strong>Quiero dejar una puerta abierta al prometedor futuro que aguarda a la Villeta de Azuqu\u00e9n, un futuro en el que la investigaci\u00f3n cient\u00edfica del espacio se ligue al turismo patrimonial y medioambiental, un futuro en el que los usos tradicionales de la finca, de vocaci\u00f3n pastoril, convivan con nuevas formas de explotaci\u00f3n sostenible de un espacio destinado a convertirse de uno de nuestros templos culturales y naturales.<\/strong><\/p>\n<div class=\"mceTemp mceIEcenter\" style=\"text-align: center;\">\n<dl id=\"attachment_408\" class=\"wp-caption aligncenter\" style=\"width: 610px;\">\n<dt class=\"wp-caption-dt\"><a href=\"https:\/\/blogs.hoy.es\/paraisos-olvidados\/2015\/07\/23\/la-villeta-de-azuquen-una-ciudad-olvidada-en-tierras-de-trujillo\/rcf011778r\/\" rel=\"attachment wp-att-408\"><img loading=\"lazy\" class=\"size-full wp-image-408\" title=\"Alquerques grabados en la roca.\/ V\u00edctor Gibello.\" src=\"\/paraisos-olvidados\/wp-content\/uploads\/sites\/65\/2015\/07\/rCF011778r.jpg\" alt=\"Alquerques grabados en la roca.\/ V\u00edctor Gibello.\" width=\"600\" height=\"450\" srcset=\"https:\/\/static-blogs.hoy.es\/wp-content\/uploads\/sites\/65\/2015\/07\/rCF011778r.jpg 600w, https:\/\/static-blogs.hoy.es\/wp-content\/uploads\/sites\/65\/2015\/07\/rCF011778r-300x225.jpg 300w, https:\/\/static-blogs.hoy.es\/wp-content\/uploads\/sites\/65\/2015\/07\/rCF011778r-562x422.jpg 562w\" sizes=\"(max-width: 600px) 100vw, 600px\" \/><\/a><\/dt>\n<dd class=\"wp-caption-dd\">Alquerques grabados en la roca.\/ V\u00edctor Gibello.<\/dd>\n<\/dl>\n<\/div>\n<p>&nbsp;<\/p>\n<p>Me siento a contemplar la puesta de sol sobre los riberos, el canto del cuco de la ma\u00f1ana ha sido sustituido por el de los autillos, que ya atisban la noche. A mis pies se extiende una roca repleta de alquerques grabados en la roca. Imagino a los pobladores del <em>hisn<\/em> de la Villeta entretenidos en este juego ancestral, contemplando tambi\u00e9n las \u00faltimas luces del d\u00eda sobre este paisaje de cuento. <a href=\"http:\/\/www.nilsfrahm.com\" target=\"_blank\">Nils Frahm<\/a> me acompa\u00f1ar\u00e1 en el camino de vuelta, les dejo con su composici\u00f3n <a href=\"https:\/\/www.youtube.com\/watch?v=dIwwjy4slI8\" target=\"_blank\"><em>Say<\/em>s<\/a>.<\/p>\n<div class=\"mceTemp mceIEcenter\" style=\"text-align: center;\">\n<dl id=\"attachment_406\" class=\"wp-caption   aligncenter\" style=\"width: 610px;\">\n<dt class=\"wp-caption-dt\"><a href=\"https:\/\/blogs.hoy.es\/paraisos-olvidados\/2015\/07\/23\/la-villeta-de-azuquen-una-ciudad-olvidada-en-tierras-de-trujillo\/rsin-titulo-1r\/\" rel=\"attachment wp-att-406\"><img loading=\"lazy\" class=\"size-full wp-image-406\" title=\"Cordero reci\u00e9n nacido.\/ Victor Gibello.\" src=\"\/paraisos-olvidados\/wp-content\/uploads\/sites\/65\/2015\/07\/rSin-t\u00edtulo-1r.jpg\" alt=\"Cordero reci\u00e9n nacido.\/ Victor Gibello.\" width=\"600\" height=\"799\" srcset=\"https:\/\/static-blogs.hoy.es\/wp-content\/uploads\/sites\/65\/2015\/07\/rSin-t\u00edtulo-1r.jpg 600w, https:\/\/static-blogs.hoy.es\/wp-content\/uploads\/sites\/65\/2015\/07\/rSin-t\u00edtulo-1r-225x300.jpg 225w, https:\/\/static-blogs.hoy.es\/wp-content\/uploads\/sites\/65\/2015\/07\/rSin-t\u00edtulo-1r-422x562.jpg 422w\" sizes=\"(max-width: 600px) 100vw, 600px\" \/><\/a><\/dt>\n<dd class=\"wp-caption-dd\">Cordero reci\u00e9n nacido.\/ Victor Gibello.<\/dd>\n<\/dl>\n<\/div>\n<!-- AddThis Advanced Settings generic via filter on the_content --><!-- AddThis Share Buttons generic via filter on the_content -->","protected":false},"excerpt":{"rendered":"<p>Villeta sobre el r\u00edo Almonte.\/ V\u00edctor Gibello. VER TODA LA GALER\u00cdA DE FOTOS DE LA VILLETA DE AZUQU\u00c9N\/ Autor: V\u00cdCTOR GIBELLO &nbsp; C\u00e1ceres es una ciudad sin r\u00edo. La carencia de agua para el abastecimiento de una poblaci\u00f3n en crecimiento constante ha sido solventada mediante costosas obras de ingenier\u00eda hidr\u00e1ulica, unas m\u00e1s afortunadas que otras. [&hellip;]<!-- AddThis Advanced Settings generic via filter on get_the_excerpt --><!-- AddThis Share Buttons generic via filter on get_the_excerpt --><\/p>\n","protected":false},"author":71,"featured_media":0,"comment_status":"open","ping_status":"closed","sticky":false,"template":"","format":"standard","meta":[],"categories":[30],"tags":[65,72,116,139,143,166,219,230,319,366,402,415,416,427,441,521,599,624,625,634,643],"_links":{"self":[{"href":"https:\/\/blogs.hoy.es\/paraisos-olvidados\/wp-json\/wp\/v2\/posts\/404"}],"collection":[{"href":"https:\/\/blogs.hoy.es\/paraisos-olvidados\/wp-json\/wp\/v2\/posts"}],"about":[{"href":"https:\/\/blogs.hoy.es\/paraisos-olvidados\/wp-json\/wp\/v2\/types\/post"}],"author":[{"embeddable":true,"href":"https:\/\/blogs.hoy.es\/paraisos-olvidados\/wp-json\/wp\/v2\/users\/71"}],"replies":[{"embeddable":true,"href":"https:\/\/blogs.hoy.es\/paraisos-olvidados\/wp-json\/wp\/v2\/comments?post=404"}],"version-history":[{"count":0,"href":"https:\/\/blogs.hoy.es\/paraisos-olvidados\/wp-json\/wp\/v2\/posts\/404\/revisions"}],"wp:attachment":[{"href":"https:\/\/blogs.hoy.es\/paraisos-olvidados\/wp-json\/wp\/v2\/media?parent=404"}],"wp:term":[{"taxonomy":"category","embeddable":true,"href":"https:\/\/blogs.hoy.es\/paraisos-olvidados\/wp-json\/wp\/v2\/categories?post=404"},{"taxonomy":"post_tag","embeddable":true,"href":"https:\/\/blogs.hoy.es\/paraisos-olvidados\/wp-json\/wp\/v2\/tags?post=404"}],"curies":[{"name":"wp","href":"https:\/\/api.w.org\/{rel}","templated":true}]}}