{"id":41,"date":"2013-01-21T20:43:53","date_gmt":"2013-01-21T20:43:53","guid":{"rendered":"http:\/\/blogs.hoy.es\/paraisos-olvidados\/?p=41"},"modified":"2020-11-16T15:58:00","modified_gmt":"2020-11-16T15:58:00","slug":"el-castillo-de-el-cuerno-a-veces-el-norte-se-encuentra-en-el-sur","status":"publish","type":"post","link":"https:\/\/blogs.hoy.es\/paraisos-olvidados\/2013\/01\/21\/el-castillo-de-el-cuerno-a-veces-el-norte-se-encuentra-en-el-sur\/","title":{"rendered":"El Castillo de El Cuerno: a veces el norte se encuentra en el sur"},"content":{"rendered":"<div id=\"attachment_42\" style=\"width: 624px\" class=\"wp-caption aligncenter\"><a href=\"\/paraisos-olvidados\/wp-content\/uploads\/sites\/65\/2013\/01\/Cuerno1.jpg\"><img aria-describedby=\"caption-attachment-42\" loading=\"lazy\" class=\" wp-image-42 \" title=\"Vistas de la torre y la sierra durante el ascenso al Castillo de El Cuerno. \/ V\u00edctor Gibello\" src=\"\/paraisos-olvidados\/wp-content\/uploads\/sites\/65\/2013\/01\/Cuerno1.jpg\" alt=\"Vistas de la torre y la sierra durante el ascenso al Castillo de El Cuerno. \/ V\u00edctor Gibello\" width=\"614\" height=\"409\" srcset=\"https:\/\/static-blogs.hoy.es\/wp-content\/uploads\/sites\/65\/2013\/01\/Cuerno1.jpg 2916w, https:\/\/static-blogs.hoy.es\/wp-content\/uploads\/sites\/65\/2013\/01\/Cuerno1-300x200.jpg 300w, https:\/\/static-blogs.hoy.es\/wp-content\/uploads\/sites\/65\/2013\/01\/Cuerno1-768x512.jpg 768w, https:\/\/static-blogs.hoy.es\/wp-content\/uploads\/sites\/65\/2013\/01\/Cuerno1-562x375.jpg 562w\" sizes=\"(max-width: 614px) 100vw, 614px\" \/><\/a><p id=\"caption-attachment-42\" class=\"wp-caption-text\">Vistas de la torre y la sierra durante el ascenso al Castillo de El Cuerno. \/ V\u00edctor Gibello<\/p><\/div>\n<p><span style=\"text-decoration: underline;\"><strong>VER TODAS LAS FOTOS <a href=\"http:\/\/www.hoy.es\/multimedia\/fotos\/ultimos\/113584-castillo-cuerno-0.html\" target=\"_blank\" rel=\"noopener\">AQU\u00cd<\/a>.<\/strong><\/span><\/p>\n<p>El <strong>para\u00edso<\/strong> puede estar oculto en el lugar m\u00e1s inesperado. <strong>Encontrarlo es una experiencia dif\u00edcil de olvidar<\/strong>. El deseo de permanecer resulta inevitable, la necesidad de volver, constante.<\/p>\n<p>En el extremo suroriental del t\u00e9rmino de <a href=\"http:\/\/www.fuentesdeleon.es\/\" target=\"_blank\" rel=\"noopener\"><strong>Fuentes de Le\u00f3n<\/strong><\/a>, en el l\u00edmite auton\u00f3mico con Andaluc\u00eda (Badajoz \u2013 Huelva), existe un <strong>ed\u00e9n extraordinario<\/strong>, un <em>locus amoenus<\/em> id\u00edlico, pero real, como el descrito y cantado por los poetas tantas veces desde la antig\u00fcedad.<!--more--><\/p>\n<p>Una <strong>naturaleza exuberante y amable<\/strong> acoge al visitante, sorprendido ante el espect\u00e1culo: suaves montes, vegetaci\u00f3n desbordada, arroyos limpios, generan <strong>un paisaje de otro tiempo<\/strong>, un paisaje ancestral que nos hace vincularlo a los <strong>santuarios naturales<\/strong> de la Pen\u00ednsula previos a la llegada de los romanos.<\/p>\n<p><a href=\"\/paraisos-olvidados\/wp-content\/uploads\/sites\/65\/2013\/01\/cuerno2feten.jpg\"><img loading=\"lazy\" class=\"aligncenter size-full wp-image-43\" title=\"Vistas espectaculares de la zona desde lo alto del Castillo de El Cuerno. \/ V\u00edctor Gibello\" src=\"\/paraisos-olvidados\/wp-content\/uploads\/sites\/65\/2013\/01\/cuerno2feten.jpg\" alt=\"\" width=\"600\" height=\"400\" srcset=\"https:\/\/static-blogs.hoy.es\/wp-content\/uploads\/sites\/65\/2013\/01\/cuerno2feten.jpg 600w, https:\/\/static-blogs.hoy.es\/wp-content\/uploads\/sites\/65\/2013\/01\/cuerno2feten-300x200.jpg 300w, https:\/\/static-blogs.hoy.es\/wp-content\/uploads\/sites\/65\/2013\/01\/cuerno2feten-562x375.jpg 562w\" sizes=\"(max-width: 600px) 100vw, 600px\" \/><\/a><\/p>\n<p>Un antiguo camino, hoy carretera asfaltada, permite un f\u00e1cil acceso al destino que hoy nos hemos marcado: <a href=\"http:\/\/www.fuentesdeleon.es\/castillo%20el%20cuerno.html\" target=\"_blank\" rel=\"noopener\"><strong>el Castillo de El Cuerno<\/strong><\/a>, ubicado en el espacio natural protegido denominado <strong><a href=\"http:\/\/www.fuentesdeleon.es\/cuevas.html\" target=\"_blank\" rel=\"noopener\">Monumento Natural Cuevas de Fuentes de Le\u00f3n<\/a><\/strong>.<\/p>\n<p>La pista transita entre <strong>magn\u00edficos encinares<\/strong>. Fincas cuidadas con mimo dedicadas a la cr\u00eda de ganado, especialmente porcino y vacuno, se sit\u00faan a ambos lados. Los poco m\u00e1s de 8 kil\u00f3metros que separan el pueblo del castillo discurren en un suspiro entre tanta maravilla. Suena una canci\u00f3n de Mogwai muy apropiada: <a href=\"http:\/\/www.youtube.com\/watch?v=oHO6pbjQ9ec\" target=\"_blank\" rel=\"noopener\"><em>Take me somewhere nice<\/em>.<\/a><\/p>\n<p>En el declarado Monumento Natural se conservan <strong>varias grutas<\/strong>. Las principales responden a los nombres de<a href=\"http:\/\/www.youtube.com\/watch?v=-nRHwVeFcVw\" target=\"_blank\" rel=\"noopener\"> <strong>Cueva del Agua, Masero, del Caballo, La Lamparilla, Sima Cochinos y Los Postes<\/strong><\/a>. En ellas pueden <strong>observarse estalactitas<\/strong>, especialmente interesantes por su excepcionalidad son las del tipo \u201c<strong>alas de mariposa\u201d,<\/strong> as\u00ed como estalagmitas y gours. En las simas habitan numerosas <strong>colonias de murci\u00e9lagos<\/strong>, habiendo sido documentadas cuatro especies: com\u00fan, de cueva, ratonero mediano y grande de herradura. Tres de las cavidades (<strong>Los Postes, del Caballo \u2013ambas visitables- y del Agua<\/strong>) presentan restos arqueol\u00f3gicos de diversa cronolog\u00eda.<\/p>\n<p>No nos detendremos en ellas, quiz\u00e1 en otra ocasi\u00f3n volvamos y nos apetezca descender al inframundo, el objetivo de nuestro viaje es otro, se eleva buscando el cielo. Donde se unen las <strong>riveras de Montemayor y de Santa Cruz<\/strong> hay habilitado un aparcamiento en el que dejaremos nuestro medio de transporte.<\/p>\n<div id=\"attachment_46\" style=\"width: 610px\" class=\"wp-caption aligncenter\"><a href=\"\/paraisos-olvidados\/wp-content\/uploads\/sites\/65\/2013\/01\/CUERNO3FETEN2.jpg\"><img aria-describedby=\"caption-attachment-46\" loading=\"lazy\" class=\"size-full wp-image-46\" title=\"Rivera de . \/ V\u00edctor Gibello\" src=\"\/paraisos-olvidados\/wp-content\/uploads\/sites\/65\/2013\/01\/CUERNO3FETEN2.jpg\" alt=\"Rivera de . \/ V\u00edctor Gibello\" width=\"600\" height=\"402\" srcset=\"https:\/\/static-blogs.hoy.es\/wp-content\/uploads\/sites\/65\/2013\/01\/CUERNO3FETEN2.jpg 600w, https:\/\/static-blogs.hoy.es\/wp-content\/uploads\/sites\/65\/2013\/01\/CUERNO3FETEN2-300x201.jpg 300w, https:\/\/static-blogs.hoy.es\/wp-content\/uploads\/sites\/65\/2013\/01\/CUERNO3FETEN2-562x377.jpg 562w\" sizes=\"(max-width: 600px) 100vw, 600px\" \/><\/a><p id=\"caption-attachment-46\" class=\"wp-caption-text\">Rivera de Montemayor, camino del Castillo de El Cuerno. \/ V\u00edctor Gibello<\/p><\/div>\n<p>Desde aqu\u00ed ya podemos contemplar <strong>la Sierra de El Cuerno<\/strong>, sobre la que se alza una torre a modo de faro sobre el mar de encinas. Podemos ascender por varios viejos senderos e incluso por una pista de reciente creaci\u00f3n. Cualquiera de ellos puede ser recorrido sin dificultad, aunque el ascenso sea notable hasta alcanzar la <strong>cota de los 740 metros<\/strong>.<\/p>\n<p>Encinas y alcornoques se alternan con olivos y algunos almendros capaces de crecer en el roquedo calizo. Majuelos, lentiscos, durillos, coscojas, y un <strong>sinf\u00edn de especies se entremezclan para formar un rico, diverso y arm\u00f3nico conjunto vegetal<\/strong>. En primavera el espect\u00e1culo es asombroso, concentraciones de peon\u00edas de color fucsia crecen a la sombra de los \u00e1rboles, y el cantueso comparte espacio con esplendorosos jarales. <strong>Todo all\u00ed parece convocar a la vida<\/strong>.<\/p>\n<p>Llegados a la cima, podemos disfrutar de una panor\u00e1mica singular: <strong>360 grados de esplendido paisaje serrano, uno de los mejores ejemplos de dehesa del pa\u00eds.<\/strong> La espesura de la vegetaci\u00f3n dificulta el reconocimiento de los l\u00edmites del <strong>yacimiento arqueol\u00f3gic<\/strong>o que hemos venido a conocer. Casi sin darnos cuenta, hemos rebasado la <strong>necr\u00f3polis y franqueado la muralla que defend\u00eda el poblado<\/strong>. La cerca, protegida por torres, se adapta al terreno, su planta tiende a una circunferencia irregular, daba cobijo a un <strong>pueblo con una extensi\u00f3n intramuros cercana a la hect\u00e1rea y media<\/strong>.<\/p>\n<p>En la zona m\u00e1s elevada se alza una f<strong>ortificaci\u00f3n de planta cuadrangular<\/strong> de unos 20 metros de lado y tambi\u00e9n torreada. Destaca la <strong>torre-puerta<\/strong>, el basti\u00f3n principal de la construcci\u00f3n, de la que se conservan la <strong>c\u00e1mara superior y el terrado<\/strong> (la coronaci\u00f3n).<\/p>\n<div id=\"attachment_47\" style=\"width: 610px\" class=\"wp-caption aligncenter\"><a href=\"\/paraisos-olvidados\/wp-content\/uploads\/sites\/65\/2013\/01\/cuerno4feten.jpg\"><img aria-describedby=\"caption-attachment-47\" loading=\"lazy\" class=\"size-full wp-image-47\" title=\"La torre-puerta del castillo de El Cuerno, el basti\u00f3n principal de la fortaleza. \/ V\u00edctor Gibello\" src=\"\/paraisos-olvidados\/wp-content\/uploads\/sites\/65\/2013\/01\/cuerno4feten.jpg\" alt=\"La torre-puerta del castillo de El Cuerno, el basti\u00f3n principal de la fortaleza. \/ V\u00edctor Gibello\" width=\"600\" height=\"896\" srcset=\"https:\/\/static-blogs.hoy.es\/wp-content\/uploads\/sites\/65\/2013\/01\/cuerno4feten.jpg 600w, https:\/\/static-blogs.hoy.es\/wp-content\/uploads\/sites\/65\/2013\/01\/cuerno4feten-201x300.jpg 201w, https:\/\/static-blogs.hoy.es\/wp-content\/uploads\/sites\/65\/2013\/01\/cuerno4feten-376x562.jpg 376w\" sizes=\"(max-width: 600px) 100vw, 600px\" \/><\/a><p id=\"caption-attachment-47\" class=\"wp-caption-text\">La torre-puerta del castillo de El Cuerno, el basti\u00f3n principal de la fortaleza. \/ V\u00edctor Gibello<\/p><\/div>\n<p><strong>El poblado est\u00e1 inexplorado,<\/strong> pero en la fortaleza se efectuaron excavaciones arqueol\u00f3gicas entre los a\u00f1os 2007 y 2008, momento en el que tambi\u00e9n se realiz\u00f3 una restauraci\u00f3n de urgencia de la torre-puerta. <strong>Esta construcci\u00f3n ha sido salvada <em>in extremis<\/em> de su desaparici\u00f3n<\/strong>. Todos estos trabajos fueron posibles gracias al proyecto que redact\u00e9 en colaboraci\u00f3n con el arquitecto Luis S\u00e1nchez Barbero para el\u00a0Excmo. Ayuntamiento Fuentes de Le\u00f3n, entidad que obtuvo la financiaci\u00f3n gracias a la ayuda dada por el Ministerio de Fomento.<\/p>\n<p>Los resultados de los trabajos fueron muy satisfactorios, superando con creces las expectativas previas. Espero que en breve puedan continuar los trabajos en el asentamiento, pues la riqueza arqueol\u00f3gica que atesora es m\u00e1s que destacada.<\/p>\n<p>El material arqueol\u00f3gico exhumado informa de la <strong>existencia de un posible monasterio de \u00e9poca visigoda, que a\u00fan no ha sido localizado<\/strong>. Desconocemos si el edificio mon\u00e1stico estuvo aislado o formaba parte de un asentamiento mayor, pero lo que s\u00ed sabemos es que <strong>sus materiales fueron aprovechados para erigir una mezquita en el cerro en tiempos del emirato cordob\u00e9s<\/strong>.<\/p>\n<p>Fue \u00e9ste un hallazgo excepcional al tratarse de la p<strong>rimera mezquita documentada arqueol\u00f3gicamente en Extremadur<\/strong>a. De ella se conservan el<strong> <em>mihrab<\/em>,<\/strong> nicho que marca la orientaci\u00f3n hacia la que los fieles han de dirigir la oraci\u00f3n,<strong> el muro de la <em>qibla<\/em><\/strong>, una de las naves del templo y su pavimento de cal, as\u00ed como otras estructuras.<\/p>\n<p>La <strong>mezquita mayor<\/strong> de la localidad, construida entre los siglos VIII y IX, <strong>fue incorporada a una fortaleza erigida en tiempos de las primeras taifas (siglo XI)<\/strong>. Hay que recordar que el <strong>l\u00edmite entre los reinos isl\u00e1micos de Badajoz y Sevilla<\/strong> estaba pr\u00f3ximo a las actuales demarcaciones territoriales en la<strong> comarca de Tentud\u00eda<\/strong>. Los dos reinos ten\u00edan ansias de ampliar sus territorios a expensas del vecino, por lo que fortificaron sus divisorias.<\/p>\n<div id=\"attachment_48\" style=\"width: 610px\" class=\"wp-caption aligncenter\"><a href=\"\/paraisos-olvidados\/wp-content\/uploads\/sites\/65\/2013\/01\/CUERNO5FETEN.jpg\"><img aria-describedby=\"caption-attachment-48\" loading=\"lazy\" class=\"size-full wp-image-48\" title=\"Vistas desde una de las ventanas del Castillo de El Cuerno. \/ V\u00edctor Gibello\" src=\"\/paraisos-olvidados\/wp-content\/uploads\/sites\/65\/2013\/01\/CUERNO5FETEN.jpg\" alt=\"Vistas desde una de las ventanas del Castillo de El Cuerno. \/ V\u00edctor Gibello\" width=\"600\" height=\"900\" srcset=\"https:\/\/static-blogs.hoy.es\/wp-content\/uploads\/sites\/65\/2013\/01\/CUERNO5FETEN.jpg 600w, https:\/\/static-blogs.hoy.es\/wp-content\/uploads\/sites\/65\/2013\/01\/CUERNO5FETEN-200x300.jpg 200w, https:\/\/static-blogs.hoy.es\/wp-content\/uploads\/sites\/65\/2013\/01\/CUERNO5FETEN-375x562.jpg 375w\" sizes=\"(max-width: 600px) 100vw, 600px\" \/><\/a><p id=\"caption-attachment-48\" class=\"wp-caption-text\">Vistas desde una de las ventanas del Castillo de El Cuerno. \/ V\u00edctor Gibello<\/p><\/div>\n<p>Las luchas entre los <strong>aftas\u00edes (pacenses) y abad\u00edes (sevillanos) fueron muy cruentas.<\/strong> Fruto de este enconado conflicto el castillo de El Cuerno fue parcialmente destruido y abandonado. Ello no supondr\u00e1 el fin de la ocupaci\u00f3n del lugar.<strong> Nuevas luchas har\u00e1n que se reconstruya, ampl\u00ede y mejoren sus defensas.<\/strong> Los reinos cristianos de Le\u00f3n, Castilla y Portugal ejercen m\u00e1s y m\u00e1s presi\u00f3n sobre las fronteras isl\u00e1micas. En un intento por frenar el avance conquistador hacia el sur, los almohades desarrollan una importante pol\u00edtica de construcci\u00f3n y mejora de fortalezas, crean una frontera encastillada que hace sumamente dificultoso el avance. El Castillo de El Cuerno es reconstruido totalmente entre los siglos XII y XIII, buena parte de lo que puede contemplarse en la actualidad es <strong>obra almohade.<\/strong><\/p>\n<p>Aunque los esfuerzos del imperio almohade fueron enormes, su estrategia defensiva no dio los frutos esperados: <strong>la suerte se decant\u00f3 del lado cristiano<\/strong>. El Cuerno fue tomado tras la <strong>conquista de Montemol\u00edn (1246<\/strong>).<\/p>\n<p>La plaza fue abandonada y los moradores desplazados a nuevos asentamientos m\u00e1s f\u00e1cilmente controlables. <strong>El castillo de El Cuerno fue parcialmente desmantelado para impedir su uso;<\/strong> se convirti\u00f3 en simple hito que deslindaba las tierras de las \u00f3rdenes de Santiago y Temple. <strong>Desde entonces, tan solo algunos pastores han ocupado estacionalmente la fortalez<\/strong>a.<\/p>\n<p>Contemplando el yacimiento arqueol\u00f3gico de El Cuerno, e<strong>l que en tiempos de la dominaci\u00f3n isl\u00e1mica se llamara Alquer\u00eda de Benageth<\/strong>, no podemos sino maravillarnos de la enorme cantidad de informaci\u00f3n que atesora su subsuelo,<strong> \u00a1cu\u00e1ntas preguntas podr\u00edan ser respondidas si pudi\u00e9ramos continuar trabajando all\u00ed, claves para comprender una importante parte de nuestra historia a\u00fan no descifrada!<\/strong><\/p>\n<p>Descendemos, pero el ensue\u00f1o contin\u00faa, tambi\u00e9n las ganas de quedarnos.<\/p>\n<p>Mientras tomo el camino de vuelta, <a href=\"http:\/\/es.wikipedia.org\/wiki\/Garcilaso_de_la_Vega\" target=\"_blank\" rel=\"noopener\">r<\/a><strong><a href=\"http:\/\/es.wikipedia.org\/wiki\/Garcilaso_de_la_Vega\" target=\"_blank\" rel=\"noopener\">ecuerdo los versos de la \u00c9gloga I de Garcilaso de la Vega<\/a>:<\/strong><\/p>\n<p><strong><em>Corrientes aguas puras, cristalinas,<\/em><\/strong><\/p>\n<p><strong><em>\u00e1rboles que os est\u00e1is mirando en ellas,<\/em><\/strong><\/p>\n<p><strong><em>verde prado de fresca sombra llena,<\/em><\/strong><\/p>\n<p><strong><em>aves que aqu\u00ed sembr\u00e1is vuestras querellas,<\/em><\/strong><\/p>\n<p><strong><em>hiedra que por los \u00e1rboles caminas,<\/em><\/strong><\/p>\n<p><strong><em>torciendo el paso por su verde seno:<\/em><\/strong><\/p>\n<p><strong><em>yo me vi tan ajeno<\/em><\/strong><\/p>\n<p><strong><em>del grave mal que siento<\/em><\/strong><\/p>\n<p><strong><em>que de puro contento<\/em><\/strong><\/p>\n<p><strong><em>con vuestra soledad me recreaba,<\/em><\/strong><\/p>\n<p><strong><em>donde con dulce sue\u00f1o reposaba,<\/em><\/strong><\/p>\n<p><strong><em>o con el pensamiento discurr\u00eda<\/em><\/strong><\/p>\n<p><strong><em>por donde no hallaba<\/em><\/strong><\/p>\n<p><strong><em>sino memorias llenas de alegr\u00eda.<\/em><\/strong><\/p>\n<div id=\"attachment_49\" style=\"width: 610px\" class=\"wp-caption aligncenter\"><a href=\"\/paraisos-olvidados\/wp-content\/uploads\/sites\/65\/2013\/01\/cuerno6feten.jpg\"><img aria-describedby=\"caption-attachment-49\" loading=\"lazy\" class=\"size-full wp-image-49\" title=\"Dehesa que rodea al Castillo de El Cuerno al amanecer. \/ V\u00edctor Gibello\" src=\"\/paraisos-olvidados\/wp-content\/uploads\/sites\/65\/2013\/01\/cuerno6feten.jpg\" alt=\"Dehesa que rodea al Castillo de El Cuerno al amanecer. \/ V\u00edctor Gibello\" width=\"600\" height=\"400\" srcset=\"https:\/\/static-blogs.hoy.es\/wp-content\/uploads\/sites\/65\/2013\/01\/cuerno6feten.jpg 600w, https:\/\/static-blogs.hoy.es\/wp-content\/uploads\/sites\/65\/2013\/01\/cuerno6feten-300x200.jpg 300w, https:\/\/static-blogs.hoy.es\/wp-content\/uploads\/sites\/65\/2013\/01\/cuerno6feten-562x375.jpg 562w\" sizes=\"(max-width: 600px) 100vw, 600px\" \/><\/a><p id=\"caption-attachment-49\" class=\"wp-caption-text\">Dehesa que rodea al Castillo de El Cuerno al amanecer. \/ V\u00edctor Gibello<\/p><\/div>\n<!-- AddThis Advanced Settings generic via filter on the_content --><!-- AddThis Share Buttons generic via filter on the_content -->","protected":false},"excerpt":{"rendered":"<p>VER TODAS LAS FOTOS AQU\u00cd. El para\u00edso puede estar oculto en el lugar m\u00e1s inesperado. Encontrarlo es una experiencia dif\u00edcil de olvidar. El deseo de permanecer resulta inevitable, la necesidad de volver, constante. En el extremo suroriental del t\u00e9rmino de Fuentes de Le\u00f3n, en el l\u00edmite auton\u00f3mico con Andaluc\u00eda (Badajoz \u2013 Huelva), existe un ed\u00e9n [&hellip;]<!-- AddThis Advanced Settings generic via filter on get_the_excerpt --><!-- AddThis Share Buttons generic via filter on get_the_excerpt --><\/p>\n","protected":false},"author":3,"featured_media":0,"comment_status":"open","ping_status":"closed","sticky":false,"template":"","format":"standard","meta":[],"categories":[30],"tags":[37,43,53,64,67,80,95,97,117,161,195,200,234,250,252,259,268,282,293,294,339,398,401,427,429,437,438,456,457,463,468,487,499,514,515,536,537,545,563,566,576,579,592,616,633],"_links":{"self":[{"href":"https:\/\/blogs.hoy.es\/paraisos-olvidados\/wp-json\/wp\/v2\/posts\/41"}],"collection":[{"href":"https:\/\/blogs.hoy.es\/paraisos-olvidados\/wp-json\/wp\/v2\/posts"}],"about":[{"href":"https:\/\/blogs.hoy.es\/paraisos-olvidados\/wp-json\/wp\/v2\/types\/post"}],"author":[{"embeddable":true,"href":"https:\/\/blogs.hoy.es\/paraisos-olvidados\/wp-json\/wp\/v2\/users\/3"}],"replies":[{"embeddable":true,"href":"https:\/\/blogs.hoy.es\/paraisos-olvidados\/wp-json\/wp\/v2\/comments?post=41"}],"version-history":[{"count":2,"href":"https:\/\/blogs.hoy.es\/paraisos-olvidados\/wp-json\/wp\/v2\/posts\/41\/revisions"}],"predecessor-version":[{"id":630,"href":"https:\/\/blogs.hoy.es\/paraisos-olvidados\/wp-json\/wp\/v2\/posts\/41\/revisions\/630"}],"wp:attachment":[{"href":"https:\/\/blogs.hoy.es\/paraisos-olvidados\/wp-json\/wp\/v2\/media?parent=41"}],"wp:term":[{"taxonomy":"category","embeddable":true,"href":"https:\/\/blogs.hoy.es\/paraisos-olvidados\/wp-json\/wp\/v2\/categories?post=41"},{"taxonomy":"post_tag","embeddable":true,"href":"https:\/\/blogs.hoy.es\/paraisos-olvidados\/wp-json\/wp\/v2\/tags?post=41"}],"curies":[{"name":"wp","href":"https:\/\/api.w.org\/{rel}","templated":true}]}}