{"id":426,"date":"2015-10-27T14:42:34","date_gmt":"2015-10-27T14:42:34","guid":{"rendered":"http:\/\/blogs.hoy.es\/paraisos-olvidados\/?p=426"},"modified":"2015-10-27T14:42:34","modified_gmt":"2015-10-27T14:42:34","slug":"el-almendro-real-patrimonio-vivo-en-valverde-de-leganes","status":"publish","type":"post","link":"https:\/\/blogs.hoy.es\/paraisos-olvidados\/2015\/10\/27\/el-almendro-real-patrimonio-vivo-en-valverde-de-leganes\/","title":{"rendered":"El Almendro Real, Patrimonio vivo en Valverde de Legan\u00e9s"},"content":{"rendered":"<p style=\"text-align: center;\">\u00a0<a style=\"text-align: center;\" href=\"https:\/\/blogs.hoy.es\/paraisos-olvidados\/2015\/10\/27\/el-almendro-real-patrimonio-vivo-en-valverde-de-leganes\/5r-almendro-real-en-plena-floracion\/\" rel=\"attachment wp-att-427\"><img loading=\"lazy\" class=\"size-full wp-image-427\" title=\"Almendro Real en plena floraci\u00f3n. \/ V\u00edctor Gibello\" src=\"\/paraisos-olvidados\/wp-content\/uploads\/sites\/65\/2015\/10\/5r.-Almendro-Real-en-plena-floraci\u00f3n.jpg\" alt=\"Almendro Real en plena floraci\u00f3n. \/ V\u00edctor Gibello\" width=\"600\" height=\"450\" srcset=\"https:\/\/static-blogs.hoy.es\/wp-content\/uploads\/sites\/65\/2015\/10\/5r.-Almendro-Real-en-plena-floraci\u00f3n.jpg 600w, https:\/\/static-blogs.hoy.es\/wp-content\/uploads\/sites\/65\/2015\/10\/5r.-Almendro-Real-en-plena-floraci\u00f3n-300x225.jpg 300w, https:\/\/static-blogs.hoy.es\/wp-content\/uploads\/sites\/65\/2015\/10\/5r.-Almendro-Real-en-plena-floraci\u00f3n-562x422.jpg 562w\" sizes=\"(max-width: 600px) 100vw, 600px\" \/><\/a><\/p>\n<div class=\"mceTemp mceIEcenter\" style=\"text-align: center;\">\n<dl id=\"attachment_427\" class=\"wp-caption aligncenter\" style=\"width: 610px;\">\n<dd class=\"wp-caption-dd\">Almendro Real en plena floraci\u00f3n. \/ V\u00edctor Gibello<\/dd>\n<\/dl>\n<\/div>\n<p style=\"text-align: center;\"><a href=\"http:\/\/www.hoy.es\/fotos\/badajoz\/201510\/26\/almendro-real-valderde-leganes-3012885290223-mm.html\" target=\"_blank\">VER TODA LA GALER\u00cdA DE FOTOS DEL ALMENDRO REAL<strong>\/<\/strong> Autor: V\u00cdCTOR GIBELLO<\/a><\/p>\n<p>Suena <em>F\u00fcr Alina<\/em>, las notas caen suavemente, como si fueran p\u00e9talos de flores de almendro agitados por el viento, ese viento seco, cortante, de finales del invierno que se niega a aceptar la conclusi\u00f3n de la estaci\u00f3n a la que pertenece. Pero lo afirman los almendros, heraldos de la primavera, con sus vestidos nuevos, blanquecinos, ros\u00e1ceos, vestidos que alegran los corazones con su promesa de renacimiento, de fertilidad, de renovaci\u00f3n del ciclo de la vida un a\u00f1o m\u00e1s.<\/p>\n<p>Suena <em><a href=\"https:\/\/www.youtube.com\/watch?v=4NiRh3lUjcY\" target=\"_blank\">F\u00fcr Alina<\/a><\/em> y recuerdo las palabras de <a href=\"http:\/\/www.arvopart.ee\/en\/\" target=\"_blank\">Arvo P\u00e4rt<\/a>, autor de la composici\u00f3n: \u201c<em>podr\u00eda comparar mi m\u00fasica con una luz blanca que contiene todos los colores. Solamente un prisma puede separarlos y hacerlos visibles. Ese prisma podr\u00eda ser la cabeza del oyente<\/em>\u201d.<!--more--><\/p>\n<p>La luz que penetra un prisma es refractada en colores, ya estaban en ella antes del encuentro, pero es la uni\u00f3n de ambos la que los hace perceptibles, reconocibles. El prisma, de alg\u00fan modo, convierte lo intangible en \u201creal\u201d, es el medio a trav\u00e9s del que se expresa un universo acrom\u00e1tico para mostrar su colorida esencia invisible.<\/p>\n<p>El delicado tintineo de <em>F\u00fcr Alina<\/em> repiquetea en mi coraz\u00f3n, el recuerdo del s\u00edmil de P\u00e4rt acompa\u00f1ado de su m\u00fasica me llevan hacia el interior. En ese refugio, comprendo que <strong>los \u00e1rboles son medios que facilitan la conexi\u00f3n entre los mundos fenom\u00e9nico y trascendente, \u201cprismas\u201d que filtran la luz inmanente de lo suprasensible en los \u201ccolores\u201d de lo tangible, puertas que permiten la conexi\u00f3n de dos mundos en teor\u00eda separados, pero perfectamente integrados en una unidad indivisible.<\/strong><\/p>\n<p><strong>Desde la antig\u00fcedad m\u00e1s remota, los \u00e1rboles han sido seres cercanos al hombre por razones que van mucho m\u00e1s all\u00e1 del puro aprovechamiento economicista de sus frutos, su madera o su corteza.<\/strong> Fueron visto como compa\u00f1eros de existencia y v\u00edas de conocimiento, crecimiento y superaci\u00f3n. En muchas culturas se les dot\u00f3 de cualidades divinas, seres venerados y admirados por su caracter\u00edsticas y especial relaci\u00f3n con el medio y el tiempo.<\/p>\n<p><strong>El materialismo, que ha gobernado nuestra existencia durante los \u00faltimos siglos, fue alej\u00e1ndonos de los compa\u00f1eros verdes. Los \u00e1rboles fueron cosificados, considerados como burdos objetos inanimados, insensibles, explotables.<\/strong> La arm\u00f3nica relaci\u00f3n espiritual entre el hombre y el \u00e1rbol se perdi\u00f3; las claves simb\u00f3licas que nos hac\u00edan comprender su verdadera naturaleza fueron olvidadas; la estimaci\u00f3n casi religiosa hacia los hermanos arb\u00f3reos fue analizada con los t\u00edpicos desprecio y superioridad cient\u00edficos, consider\u00e1ndolo como una prueba del primitivismo infantil de gentes animistas, analfabetas.<\/p>\n<p>Sin embargo, l<strong>os hilos sutiles que nos conectan no se han roto del todo<\/strong>, la uni\u00f3n, debilitada en esta sociedad consumista, sigue existiendo. Como dijo <a href=\"https:\/\/en.wikipedia.org\/wiki\/Oren_Lyons\" target=\"_blank\">Oren Lyons<\/a>, \u201c<em>respiramos lo que el \u00e1rbol exhala; el \u00e1rbol respira lo que exhalamos. As\u00ed que tenemos un destino com\u00fan<\/em>\u201d. En la relaci\u00f3n simbi\u00f3tica entre humanos y vegetales residen nuestra supervivencia como especie y la comprensi\u00f3n de la vida como experiencia trascendente. El \u00e1rbol, con su ra\u00edces ancladas al mundo subterr\u00e1neo y su copa alzada al cielo pone en conexi\u00f3n lo terrenal con lo celeste, es un <em>axis mundi<\/em> en el que se a\u00fanan ambos \u00e1mbitos, circunstancia que lo hace tan especial, pues le confiere caracter\u00edsticas de los dos. Reposar junto a un \u00e1rbol, en un bosque o ante un ejemplar aislado, facilita una resintonizaci\u00f3n con nuestra naturaleza verdadera, con la sacralidad del entorno al que pertenecemos indisolublemente. <strong>En su cercan\u00eda, basta centrarse en el momento presente para abrir las puertas de la percepci\u00f3n.<\/strong><\/p>\n<p><a href=\"https:\/\/www.hermann-hesse.de\/es\/biograf%C3%AD\" target=\"_blank\">Herman Hesse<\/a>, en <em>El caminante<\/em>, escribi\u00f3: \u201c<em>Los \u00e1rboles son santuarios. Quien sabe hablar con ellos, quien sabe escucharles, aprende la verdad. No predican doctrinas y recetas; predican indiferentes al detalle, la ley primitiva de la vida.<\/em> (\u2026) <em>Pero cuando aprendemos a escuchar a los \u00e1rboles, la brevedad, la rapidez y apresuramiento infantil de nuestros pensamientos adquieren una alegr\u00eda sin precedentes. Quien ha aprendido a escuchar a los \u00e1rboles, ya no desea ser un \u00e1rbol, no desea ser m\u00e1s que lo que es. Esto es la patria. Esto es la felicidad.<\/em>\u201d<\/p>\n<p>Mientras intentaba desentra\u00f1ar algunos de los <a href=\"https:\/\/blogs.hoy.es\/paraisos-olvidados\/2013\/05\/10\/el-revellao-la-puerta-neolitica-a-un-camino-para-el-alma\/\" target=\"_blank\">secretos arqueol\u00f3gicos del Revellao<\/a>, finca de la <a href=\"http:\/\/fundaciondoloresbas.org\" target=\"_blank\">Fundaci\u00f3n Dolores Bas de Ar\u00fas<\/a> ubicada entre <a href=\"http:\/\/www.valverdedeleganes.es\" target=\"_blank\">Valverde de Legan\u00e9s<\/a> y Badajoz, alguien me habl\u00f3 de un \u00e1rbol excepcional conservado en t\u00e9rmino valverde\u00f1o llamado Almendro Real. Desde ni\u00f1o, los \u00e1rboles son una de mis pasiones, as\u00ed que, deseoso por conocerlo, planifiqu\u00e9 una visita en \u00e9poca de floraci\u00f3n.<\/p>\n<p>Contact\u00e9 con Antonio Torres, propietario de la parcela en la que se encuentra. Se mostr\u00f3 encantado de que quisiera <em>descubrirlo<\/em> y escribir sobre \u00e9l. Sus palabras evidenciaban una relaci\u00f3n de afecto profundo y sincero con el \u00e1rbol, tambi\u00e9n de orgullo por conservar en su propiedad un ejemplar \u00fanico. Antonio, con gran amabilidad, fue inform\u00e1ndome del estado de la floraci\u00f3n desde que dio comienzo. Esperamos a que alcanzara el c\u00e9nit floral para el encuentro.<\/p>\n<p>Llegado el d\u00eda, me desplac\u00e9 a Valverde de Legan\u00e9s. Este pueblo y su entorno atesoran algunas joyas dignas de ser conocidas, valoradas y conservadas. El Almendro Real se encuentra al sur de Valverde, pr\u00f3ximo al casco urbano y a la carretera que conecta la poblaci\u00f3n con T\u00e1liga (BA-V-2031). Una blanca luz destacada sobre el verde del entorno anuncia en la distancia su ubicaci\u00f3n.<\/p>\n<div class=\"mceTemp mceIEcenter\" style=\"text-align: center;\">\n<dl id=\"attachment_429\" class=\"wp-caption aligncenter\" style=\"width: 610px;\">\n<dt class=\"wp-caption-dt\"><a href=\"https:\/\/blogs.hoy.es\/paraisos-olvidados\/2015\/10\/27\/el-almendro-real-patrimonio-vivo-en-valverde-de-leganes\/1r-almedro-real-sobre-los-olivos-y-valverde-de-leganes-al-fondo\/\" rel=\"attachment wp-att-429\"><img loading=\"lazy\" class=\"size-full wp-image-429\" title=\"Almedro Real sobre los olivos y Valverde de Legan\u00e9s al fondo.\/ V\u00edctor Gibello.\" src=\"\/paraisos-olvidados\/wp-content\/uploads\/sites\/65\/2015\/10\/1r.-Almedro-Real-sobre-los-olivos-y-Valverde-de-Legan\u00e9s-al-fondo.jpg\" alt=\"Almedro Real sobre los olivos y Valverde de Legan\u00e9s al fondo.\/ V\u00edctor Gibello.\" width=\"600\" height=\"399\" srcset=\"https:\/\/static-blogs.hoy.es\/wp-content\/uploads\/sites\/65\/2015\/10\/1r.-Almedro-Real-sobre-los-olivos-y-Valverde-de-Legan\u00e9s-al-fondo.jpg 600w, https:\/\/static-blogs.hoy.es\/wp-content\/uploads\/sites\/65\/2015\/10\/1r.-Almedro-Real-sobre-los-olivos-y-Valverde-de-Legan\u00e9s-al-fondo-300x200.jpg 300w, https:\/\/static-blogs.hoy.es\/wp-content\/uploads\/sites\/65\/2015\/10\/1r.-Almedro-Real-sobre-los-olivos-y-Valverde-de-Legan\u00e9s-al-fondo-562x374.jpg 562w\" sizes=\"(max-width: 600px) 100vw, 600px\" \/><\/a><\/dt>\n<dd class=\"wp-caption-dd\">Almedro Real sobre los olivos y Valverde de Legan\u00e9s al fondo.\/ V\u00edctor Gibello<\/dd>\n<\/dl>\n<\/div>\n<p>&nbsp;<\/p>\n<p><strong>Sobre las copas de un cortejo de olivos en formaci\u00f3n se alza, majestuoso, el Almendro Real.<\/strong> Los olivos parecen protegerlo, arroparlo, admirarlo, se percibe una comunicaci\u00f3n \u00edntima entre ellos. Tras el impacto inicial ante la regia presencia, una emoci\u00f3n intensa gu\u00eda el contacto.<\/p>\n<div class=\"mceTemp mceIEcenter\" style=\"text-align: center;\">\n<dl id=\"attachment_431\" class=\"wp-caption aligncenter\" style=\"width: 610px;\">\n<dt class=\"wp-caption-dt\"><a href=\"https:\/\/blogs.hoy.es\/paraisos-olvidados\/2015\/10\/27\/el-almendro-real-patrimonio-vivo-en-valverde-de-leganes\/2r-vista-del-almendro-real-desde-los-olivos\/\" rel=\"attachment wp-att-431\"><img loading=\"lazy\" class=\"size-full wp-image-431\" title=\"Vista del Almendro Real desde los olivos.\/ V\u00edctor Gibello\" src=\"\/paraisos-olvidados\/wp-content\/uploads\/sites\/65\/2015\/10\/2r.-Vista-del-Almendro-Real-desde-los-olivos.jpg\" alt=\"Vista del Almendro Real desde los olivos.\/ V\u00edctor Gibello\" width=\"600\" height=\"450\" srcset=\"https:\/\/static-blogs.hoy.es\/wp-content\/uploads\/sites\/65\/2015\/10\/2r.-Vista-del-Almendro-Real-desde-los-olivos.jpg 600w, https:\/\/static-blogs.hoy.es\/wp-content\/uploads\/sites\/65\/2015\/10\/2r.-Vista-del-Almendro-Real-desde-los-olivos-300x225.jpg 300w, https:\/\/static-blogs.hoy.es\/wp-content\/uploads\/sites\/65\/2015\/10\/2r.-Vista-del-Almendro-Real-desde-los-olivos-562x422.jpg 562w\" sizes=\"(max-width: 600px) 100vw, 600px\" \/><\/a><\/dt>\n<dd class=\"wp-caption-dd\">Vista del Almendro Real desde los olivos.\/ V\u00edctor Gibello<\/dd>\n<\/dl>\n<\/div>\n<p>&nbsp;<\/p>\n<p>El \u00e1rbol, al que se calcula una edad pr\u00f3xima a los tres siglos de vida, cifra m\u00e1s que destacable en su especie, eleva su copa por encima de los 12 metros, copa con un di\u00e1metro que supera los 15,50 metros. Su tronco, a una altura de 1,30, alcanza los 2,70 metros, su per\u00edmetro unos 50 metros. M\u00e1s all\u00e1 de las cifras con las que tratamos de medir, pesar y calcularlo todo, estamos ante un \u00e1rbol excepcional. Su aspecto es arm\u00f3nico, equilibrado, elegante. Desprende vida en cada rama. Su floraci\u00f3n es espectacular; ramos blancos con toques encarnados se despliegan hacia el cielo. Las flores, forrando cada rama, se extienden con uniformidad por toda la copa; es un traje temporal, fugaz, de unos d\u00edas al a\u00f1o, \u00a1pero qu\u00e9 traje!<\/p>\n<div class=\"mceTemp mceIEcenter\" style=\"text-align: center;\">\n<dl id=\"attachment_430\" class=\"wp-caption aligncenter\" style=\"width: 610px;\">\n<dt class=\"wp-caption-dt\"><a href=\"https:\/\/blogs.hoy.es\/paraisos-olvidados\/2015\/10\/27\/el-almendro-real-patrimonio-vivo-en-valverde-de-leganes\/3r-vista-del-almendro-real-en-plena-floracion\/\" rel=\"attachment wp-att-430\"><img loading=\"lazy\" class=\"size-full wp-image-430\" title=\"Vista del Almendro Real en plena floraci\u00f3n.\/ V\u00edctor Gibello\" src=\"\/paraisos-olvidados\/wp-content\/uploads\/sites\/65\/2015\/10\/3r.-Vista-del-Almendro-Real-en-plena-floraci\u00f3n.jpg\" alt=\"Vista del Almendro Real en plena floraci\u00f3n.\/ V\u00edctor Gibello\" width=\"600\" height=\"450\" srcset=\"https:\/\/static-blogs.hoy.es\/wp-content\/uploads\/sites\/65\/2015\/10\/3r.-Vista-del-Almendro-Real-en-plena-floraci\u00f3n.jpg 600w, https:\/\/static-blogs.hoy.es\/wp-content\/uploads\/sites\/65\/2015\/10\/3r.-Vista-del-Almendro-Real-en-plena-floraci\u00f3n-300x225.jpg 300w, https:\/\/static-blogs.hoy.es\/wp-content\/uploads\/sites\/65\/2015\/10\/3r.-Vista-del-Almendro-Real-en-plena-floraci\u00f3n-562x422.jpg 562w\" sizes=\"(max-width: 600px) 100vw, 600px\" \/><\/a><\/dt>\n<dd class=\"wp-caption-dd\">Vista del Almendro Real en plena floraci\u00f3n.\/ V\u00edctor Gibello<\/dd>\n<\/dl>\n<\/div>\n<p>&nbsp;<\/p>\n<p>Lo rodeo con veneraci\u00f3n, despacio. Aprecio las huellas del tiempo en su tronco, heridas, recuerdos de otros tiempos. La vida fluye intensamente por todo este ser magn\u00edfico. Trato de disfrutarlo y comprenderlo antes de fotografiarlo; sin embargo, el \u00e1rbol se muestra esquivo, no se ofrece como esperaba. Probablemente lo que escribo parezca absurdo e incluso c\u00f3mico a ojos de alg\u00fan lector, quiz\u00e1s sea porque nunca antes se ha enfrentado a la experiencia de retratar un \u00e1rbol, un ente vivo que siente, que piensa, que se mueve. Es algo que le ha sucedido a muchos experimentados pintores y fot\u00f3grafos de naturaleza que se acercan al elemento que atrae su atenci\u00f3n con el respeto merecido por un ser animado.<\/p>\n<div class=\"mceTemp mceIEcenter\" style=\"text-align: center;\">\n<dl id=\"attachment_432\" class=\"wp-caption aligncenter\" style=\"width: 610px;\">\n<dt class=\"wp-caption-dt\"><a href=\"https:\/\/blogs.hoy.es\/paraisos-olvidados\/2015\/10\/27\/el-almendro-real-patrimonio-vivo-en-valverde-de-leganes\/4r-vista-general\/\" rel=\"attachment wp-att-432\"><img loading=\"lazy\" class=\"size-full wp-image-432\" title=\"Vista general.\/ V\u00edctor Gibello\" src=\"\/paraisos-olvidados\/wp-content\/uploads\/sites\/65\/2015\/10\/4r.-Vista-general.jpg\" alt=\"Vista general.\/ V\u00edctor Gibello\" width=\"600\" height=\"450\" srcset=\"https:\/\/static-blogs.hoy.es\/wp-content\/uploads\/sites\/65\/2015\/10\/4r.-Vista-general.jpg 600w, https:\/\/static-blogs.hoy.es\/wp-content\/uploads\/sites\/65\/2015\/10\/4r.-Vista-general-300x225.jpg 300w, https:\/\/static-blogs.hoy.es\/wp-content\/uploads\/sites\/65\/2015\/10\/4r.-Vista-general-562x422.jpg 562w\" sizes=\"(max-width: 600px) 100vw, 600px\" \/><\/a><\/dt>\n<dd class=\"wp-caption-dd\">Vista general.\/ V\u00edctor Gibello<\/dd>\n<\/dl>\n<\/div>\n<p>&nbsp;<\/p>\n<p><strong>Recientes estudios cient\u00edficos, especialmente los llevados a cabo por <a href=\"https:\/\/www.youtube.com\/watch?v=y58cm8CgcXo\" target=\"_blank\">Stefano Mancuso<\/a>, afirman que las plantas son seres inteligentes,<\/strong> teor\u00eda confirmada con la evidencia de que el 99% de todo lo que est\u00e1 vivo en el planeta son plantas y si carecieran de inteligencia no habr\u00edan tenido capacidad para prosperar y desarrollarse con tal grado de \u00e9xito. Mancuso sostiene que las ra\u00edces poseen c\u00e9lulas que tienen las mismas funciones que las neuronas de nuestros cerebros, y que las plantas extienden redes de comunicaci\u00f3n capaces de transmitir informaci\u00f3n a grandes distancias. Los interesados pueden leer con detenimiento sus interesantes teor\u00edas en el libro <em>Sensibilidad e inteligencia en el mundo vegetal<\/em>.<\/p>\n<div class=\"mceTemp mceIEcenter\" style=\"text-align: center;\">\n<dl id=\"attachment_440\" class=\"wp-caption aligncenter\" style=\"width: 610px;\">\n<dt class=\"wp-caption-dt\"><a href=\"https:\/\/blogs.hoy.es\/paraisos-olvidados\/2015\/10\/27\/el-almendro-real-patrimonio-vivo-en-valverde-de-leganes\/11r-9-detalle-de-flores-del-almendro-real\/\" rel=\"attachment wp-att-440\"><img loading=\"lazy\" class=\"size-full wp-image-440\" title=\"Detalle de flores del Almendro Real.\/ V\u00edctor Gibello\" src=\"\/paraisos-olvidados\/wp-content\/uploads\/sites\/65\/2015\/10\/11r.-9.-Detalle-de-flores-del-Almendro-Real.jpg\" alt=\"Detalle de flores del Almendro Real.\/ V\u00edctor Gibello\" width=\"600\" height=\"399\" srcset=\"https:\/\/static-blogs.hoy.es\/wp-content\/uploads\/sites\/65\/2015\/10\/11r.-9.-Detalle-de-flores-del-Almendro-Real.jpg 600w, https:\/\/static-blogs.hoy.es\/wp-content\/uploads\/sites\/65\/2015\/10\/11r.-9.-Detalle-de-flores-del-Almendro-Real-300x200.jpg 300w, https:\/\/static-blogs.hoy.es\/wp-content\/uploads\/sites\/65\/2015\/10\/11r.-9.-Detalle-de-flores-del-Almendro-Real-562x374.jpg 562w\" sizes=\"(max-width: 600px) 100vw, 600px\" \/><\/a><\/dt>\n<dd class=\"wp-caption-dd\">Detalle de flores del Almendro Real.\/ V\u00edctor Gibello<\/dd>\n<\/dl>\n<\/div>\n<p>&nbsp;<\/p>\n<p>Guardo el equipo fotogr\u00e1fico para una ocasi\u00f3n m\u00e1s propicia. Espero a que la tarde se lleve sus \u00faltimas luces. Las ramas cambian los tonos c\u00e1lidos por otros fr\u00edos. Las flores azulean a la par que comienzan a brillar las primeras estrellas.<\/p>\n<div class=\"mceTemp mceIEcenter\" style=\"text-align: center;\">\n<dl id=\"attachment_433\" class=\"wp-caption aligncenter\" style=\"width: 610px;\">\n<dt class=\"wp-caption-dt\"><a href=\"https:\/\/blogs.hoy.es\/paraisos-olvidados\/2015\/10\/27\/el-almendro-real-patrimonio-vivo-en-valverde-de-leganes\/6r-detalle-de-la-copa-florida\/\" rel=\"attachment wp-att-433\"><img loading=\"lazy\" class=\"size-full wp-image-433\" title=\"Detalle de la copa florida.\/ V\u00edctor Gibello\" src=\"\/paraisos-olvidados\/wp-content\/uploads\/sites\/65\/2015\/10\/6r.-Detalle-de-la-copa-florida.jpg\" alt=\"Detalle de la copa florida.\/ V\u00edctor Gibello\" width=\"600\" height=\"450\" srcset=\"https:\/\/static-blogs.hoy.es\/wp-content\/uploads\/sites\/65\/2015\/10\/6r.-Detalle-de-la-copa-florida.jpg 600w, https:\/\/static-blogs.hoy.es\/wp-content\/uploads\/sites\/65\/2015\/10\/6r.-Detalle-de-la-copa-florida-300x225.jpg 300w, https:\/\/static-blogs.hoy.es\/wp-content\/uploads\/sites\/65\/2015\/10\/6r.-Detalle-de-la-copa-florida-562x422.jpg 562w\" sizes=\"(max-width: 600px) 100vw, 600px\" \/><\/a><\/dt>\n<dd class=\"wp-caption-dd\">Detalle de la copa florida.\/ V\u00edctor Gibello<\/dd>\n<\/dl>\n<\/div>\n<p>&nbsp;<\/p>\n<p>Me despido del \u00e1rbol con la promesa de volver al d\u00eda siguiente, con la esperanza de vencer su timidez, de ser aceptado, o de ambas cosas.<\/p>\n<p>Esa noche sue\u00f1o con el \u00e1rbol, me veo fotografi\u00e1ndolo. Es un sue\u00f1o agradable. Al despertar tengo la convicci\u00f3n de que el viaje que realizar\u00e9 por la tarde ser\u00e1 fruct\u00edfero. As\u00ed sucede. El Almendro Real se muestra en esta ocasi\u00f3n con todo su esplendor. Se produce una comunicaci\u00f3n especial con el \u00e1rbol, un di\u00e1logo sin palabras en el que le ofrezco respeto y me entrega sus secretos centenarios. Paso la tarde y parte de la noche en su compa\u00f1\u00eda, disfrutando de la maravilla de las estrellas y las flores que bailan juntas, pero en distintos planos f\u00edsicos.<\/p>\n<div class=\"mceTemp mceIEcenter\" style=\"text-align: center;\">\n<dl id=\"attachment_434\" class=\"wp-caption aligncenter\" style=\"width: 610px;\">\n<dt class=\"wp-caption-dt\"><a href=\"https:\/\/blogs.hoy.es\/paraisos-olvidados\/2015\/10\/27\/el-almendro-real-patrimonio-vivo-en-valverde-de-leganes\/8r-detalle-del-ramaje\/\" rel=\"attachment wp-att-434\"><img loading=\"lazy\" class=\"size-full wp-image-434\" title=\"Detalle del ramaje. \/ V\u00edctor Gibello\" src=\"\/paraisos-olvidados\/wp-content\/uploads\/sites\/65\/2015\/10\/8r.-Detalle-del-ramaje.jpg\" alt=\"Detalle del ramaje. \/ V\u00edctor Gibello\" width=\"600\" height=\"450\" srcset=\"https:\/\/static-blogs.hoy.es\/wp-content\/uploads\/sites\/65\/2015\/10\/8r.-Detalle-del-ramaje.jpg 600w, https:\/\/static-blogs.hoy.es\/wp-content\/uploads\/sites\/65\/2015\/10\/8r.-Detalle-del-ramaje-300x225.jpg 300w, https:\/\/static-blogs.hoy.es\/wp-content\/uploads\/sites\/65\/2015\/10\/8r.-Detalle-del-ramaje-562x422.jpg 562w\" sizes=\"(max-width: 600px) 100vw, 600px\" \/><\/a><\/dt>\n<dd class=\"wp-caption-dd\">Detalle del ramaje. \/ V\u00edctor Gibello<\/dd>\n<\/dl>\n<\/div>\n<p>&nbsp;<\/p>\n<p>Me marcho para no interrumpir el sue\u00f1o de esta criatura fascinante. S\u00ed, los \u00e1rboles tambi\u00e9n duermen.<\/p>\n<div class=\"mceTemp mceIEcenter\" style=\"text-align: center;\">\n<dl id=\"attachment_436\" class=\"wp-caption aligncenter\" style=\"width: 610px;\">\n<dt class=\"wp-caption-dt\"><a href=\"https:\/\/blogs.hoy.es\/paraisos-olvidados\/2015\/10\/27\/el-almendro-real-patrimonio-vivo-en-valverde-de-leganes\/15r-vision-del-almendro-real-bajo-la-luz-de-la-luna\/\" rel=\"attachment wp-att-436\"><img loading=\"lazy\" class=\"size-full wp-image-436\" title=\"Visi\u00f3n del Almendro Real bajo la luz de la luna.\/ V\u00edctor Gibello\" src=\"\/paraisos-olvidados\/wp-content\/uploads\/sites\/65\/2015\/10\/15r.-Visi\u00f3n-del-Almendro-Real-bajo-la-luz-de-la-luna.jpg\" alt=\"Visi\u00f3n del Almendro Real bajo la luz de la luna.\/ V\u00edctor Gibello\" width=\"600\" height=\"399\" srcset=\"https:\/\/static-blogs.hoy.es\/wp-content\/uploads\/sites\/65\/2015\/10\/15r.-Visi\u00f3n-del-Almendro-Real-bajo-la-luz-de-la-luna.jpg 600w, https:\/\/static-blogs.hoy.es\/wp-content\/uploads\/sites\/65\/2015\/10\/15r.-Visi\u00f3n-del-Almendro-Real-bajo-la-luz-de-la-luna-300x200.jpg 300w, https:\/\/static-blogs.hoy.es\/wp-content\/uploads\/sites\/65\/2015\/10\/15r.-Visi\u00f3n-del-Almendro-Real-bajo-la-luz-de-la-luna-562x374.jpg 562w\" sizes=\"(max-width: 600px) 100vw, 600px\" \/><\/a><\/dt>\n<dd class=\"wp-caption-dd\">Visi\u00f3n del Almendro Real bajo la luz de la luna.\/ V\u00edctor Gibello<\/dd>\n<\/dl>\n<\/div>\n<p>&nbsp;<\/p>\n<p><strong>El Almendro Real forma parte del grupo de \u00c1rboles Singulares catalogado por la Junta de Extremadura.<\/strong> Quiero saber m\u00e1s de este y de los otros \u00e1rboles que componen este conjunto protegido, as\u00ed que contacto con la Administraci\u00f3n encargada de su tutela, el Servicio de Conservaci\u00f3n de la Naturaleza y \u00c1reas Protegidas de la <a href=\"http:\/\/extremambiente.gobex.es\/index.php\" target=\"_blank\">Direcci\u00f3n General de Medio Ambiente<\/a>. All\u00ed hablo con t\u00e9cnicos del Servicio que me suministran amablemente la informaci\u00f3n requerida. Durante la conversaci\u00f3n percibo en sus ojos el caracter\u00edstico brillo de las personas enamoradas de lo que hacen, en este caso de los \u00e1rboles. Me cuentan que el Almendro Real ha sido recientemente vallado, para impedir el pisoteo de sur ra\u00edces y el da\u00f1ado de su tronco, y, tambi\u00e9n, que ha sido sometido a algunos tratamientos de conservaci\u00f3n y limpieza que permitir\u00e1n mantener la buena salud que goza durante muchos a\u00f1os. <strong>Me tranquiliza saber que nuestros venerables \u201cancianos\u201d est\u00e1n en buenas manos, que est\u00e1n siendo atendidos como el verdadero tesoro que son, con respeto y pasi\u00f3n.<\/strong><\/p>\n<div class=\"mceTemp mceIEcenter\" style=\"text-align: center;\">\n<dl id=\"attachment_437\" class=\"wp-caption aligncenter\" style=\"width: 610px;\">\n<dt class=\"wp-caption-dt\"><a href=\"https:\/\/blogs.hoy.es\/paraisos-olvidados\/2015\/10\/27\/el-almendro-real-patrimonio-vivo-en-valverde-de-leganes\/14r-imagen-nocturna\/\" rel=\"attachment wp-att-437\"><img loading=\"lazy\" class=\"size-full wp-image-437\" title=\"Imagen nocturna.\/ V\u00edctor Gibello\" src=\"\/paraisos-olvidados\/wp-content\/uploads\/sites\/65\/2015\/10\/14r.-Imagen-nocturna.jpg\" alt=\"Imagen nocturna.\/ V\u00edctor Gibello\" width=\"600\" height=\"399\" srcset=\"https:\/\/static-blogs.hoy.es\/wp-content\/uploads\/sites\/65\/2015\/10\/14r.-Imagen-nocturna.jpg 600w, https:\/\/static-blogs.hoy.es\/wp-content\/uploads\/sites\/65\/2015\/10\/14r.-Imagen-nocturna-300x200.jpg 300w, https:\/\/static-blogs.hoy.es\/wp-content\/uploads\/sites\/65\/2015\/10\/14r.-Imagen-nocturna-562x374.jpg 562w\" sizes=\"(max-width: 600px) 100vw, 600px\" \/><\/a><\/dt>\n<dd class=\"wp-caption-dd\">Imagen nocturna.\/ V\u00edctor Gibello<\/dd>\n<\/dl>\n<\/div>\n<p>&nbsp;<\/p>\n<p><strong>Contrastan las atenciones de Antonio Torres y la Direcci\u00f3n General de Medio Ambiente, uno y otra totalmente volcados en el cuidado del Almendro Real, con el tratamiento que otras administraciones y colectivos brindan a \u201csus\u201d \u00e1rboles.<\/strong><\/p>\n<div class=\"mceTemp mceIEcenter\" style=\"text-align: center;\">\n<dl id=\"attachment_438\" class=\"wp-caption aligncenter\" style=\"width: 610px;\">\n<dt class=\"wp-caption-dt\"><a href=\"https:\/\/blogs.hoy.es\/paraisos-olvidados\/2015\/10\/27\/el-almendro-real-patrimonio-vivo-en-valverde-de-leganes\/10r-la-luna-sobre-la-copa-del-almendro\/\" rel=\"attachment wp-att-438\"><img loading=\"lazy\" class=\"size-full wp-image-438\" title=\"La luna sobre la copa del almendro.\/ V\u00edctor Gibello\" src=\"\/paraisos-olvidados\/wp-content\/uploads\/sites\/65\/2015\/10\/10r.-La-luna-sobre-la-copa-del-almendro.jpg\" alt=\"La luna sobre la copa del almendro.\/ V\u00edctor Gibello\" width=\"600\" height=\"450\" srcset=\"https:\/\/static-blogs.hoy.es\/wp-content\/uploads\/sites\/65\/2015\/10\/10r.-La-luna-sobre-la-copa-del-almendro.jpg 600w, https:\/\/static-blogs.hoy.es\/wp-content\/uploads\/sites\/65\/2015\/10\/10r.-La-luna-sobre-la-copa-del-almendro-300x225.jpg 300w, https:\/\/static-blogs.hoy.es\/wp-content\/uploads\/sites\/65\/2015\/10\/10r.-La-luna-sobre-la-copa-del-almendro-562x422.jpg 562w\" sizes=\"(max-width: 600px) 100vw, 600px\" \/><\/a><\/dt>\n<dd class=\"wp-caption-dd\">La luna sobre la copa del almendro.\/ V\u00edctor Gibello<\/dd>\n<\/dl>\n<\/div>\n<p>&nbsp;<\/p>\n<p><strong>Recientemente, en C\u00e1ceres, ha nacido el colectivo <em><a href=\"http:\/\/caceresverde.org\" target=\"_blank\">C\u00e1ceres Verde<\/a><\/em>, una agrupaci\u00f3n ciudadana heterog\u00e9nea compuesta por personas sensibilizadas con la conservaci\u00f3n de los \u00e1rboles y el patrimonio vegetal en general.<\/strong> <em>C\u00e1ceres Verde<\/em> ha nacido como medio para luchar por el mantenimiento de los \u00e1rboles de la ciudad, como v\u00eda de sensibilizaci\u00f3n arb\u00f3rea y plataforma de cr\u00edtica de las actuaciones que se est\u00e1n realizando sobre el conjunto forestal urbano. La agrupaci\u00f3n, que se est\u00e1 configurando como una asociaci\u00f3n con cientos de vecinos, no ahorra esfuerzos en concienciar a instituciones y ciudadanos, adem\u00e1s, reprocha la falta de sensibilidad mostrada por el <a href=\"http:\/\/www.ayto-caceres.es\" target=\"_blank\">Ayuntamiento<\/a> en buena parte de los proyectos acometidos.<\/p>\n<p>En la actualidad se est\u00e1n realizando las obras del Parking de Primo de Rivera, obras que han generado en la ciudad una notable controversia, no ya por la necesidad o no de su construcci\u00f3n, sino por la eliminaci\u00f3n de la arboleda existente en la calle, especialmente del ic\u00f3nico cedro de Hern\u00e1n Cort\u00e9s, al que muchos hemos visto crecer desde ni\u00f1os y que ya no podremos disfrutar m\u00e1s. Me re\u00fano con miembros de <em>C\u00e1ceres Verde<\/em>. Me informan de la falta de sensibilidad municipal, de \u00e1rboles tratados como muebles que pueden ser movidos, cambiados o eliminados seg\u00fan proyectos que, en teor\u00eda, se plantean como mejora urbana. La brutal poda y traslado incorrecto del cedro antes mencionado a otra ubicaci\u00f3n, trabajos realizados en pleno verano, justo cuando las posibilidades de supervivencia para un ejemplar de su tama\u00f1o son menores, ha sido la gota que ha colmado el vaso de la paciencia de los cacere\u00f1os.<\/p>\n<p>Se dice desde el Ayuntamiento que se sembrar\u00e1n otros \u00e1rboles, que incluso su n\u00famero ser\u00e1 mayor. Pero, autoridades, un \u00e1rbol nunca puede sustituir a otro \u00e1rbol aunque ocupe su mismo espacio f\u00edsico, del mismo modo que una persona no puede sustituir la ausencia de otra. <strong>Son seres vivos, pensantes, como antes he afirmado, elementos esenciales de nuestro Patrimonio.<\/strong> Si las actuaciones en las calles San Pedro y Primo de Rivera han sido muy controvertidas desde el punto de vista forestal, en el horizonte pr\u00f3ximo est\u00e1n las intervenciones en las avenidas Virgen de la Monta\u00f1a y Virgen de Guadalupe, en ambas los \u00e1rboles podr\u00edan sufrir las consecuencias de los \u201cdise\u00f1os modernizadores\u201d, del \u201cprogreso\u201d.<\/p>\n<div class=\"mceTemp mceIEcenter\" style=\"text-align: center;\">\n<dl id=\"attachment_439\" class=\"wp-caption aligncenter\" style=\"width: 610px;\">\n<dt class=\"wp-caption-dt\"><a href=\"https:\/\/blogs.hoy.es\/paraisos-olvidados\/2015\/10\/27\/el-almendro-real-patrimonio-vivo-en-valverde-de-leganes\/12r-almendro-real-a-la-caida-de-la-tarde\/\" rel=\"attachment wp-att-439\"><img loading=\"lazy\" class=\"size-full wp-image-439\" title=\"Almendro Real a la ca\u00edda de la tarde\/ V\u00edctor Gibello\" src=\"\/paraisos-olvidados\/wp-content\/uploads\/sites\/65\/2015\/10\/12r.-Almendro-Real-a-la-ca\u00edda-de-la-tarde.jpg\" alt=\"Almendro Real a la ca\u00edda de la tarde\/ V\u00edctor Gibello\" width=\"600\" height=\"450\" srcset=\"https:\/\/static-blogs.hoy.es\/wp-content\/uploads\/sites\/65\/2015\/10\/12r.-Almendro-Real-a-la-ca\u00edda-de-la-tarde.jpg 600w, https:\/\/static-blogs.hoy.es\/wp-content\/uploads\/sites\/65\/2015\/10\/12r.-Almendro-Real-a-la-ca\u00edda-de-la-tarde-300x225.jpg 300w, https:\/\/static-blogs.hoy.es\/wp-content\/uploads\/sites\/65\/2015\/10\/12r.-Almendro-Real-a-la-ca\u00edda-de-la-tarde-562x422.jpg 562w\" sizes=\"(max-width: 600px) 100vw, 600px\" \/><\/a><\/dt>\n<dd class=\"wp-caption-dd\">Almendro Real a la ca\u00edda de la tarde\/ V\u00edctor Gibello<\/dd>\n<\/dl>\n<\/div>\n<p>&nbsp;<\/p>\n<p>Quiero vivir en una ciudad que cuide sus \u00e1rboles, que los mime, pues, no olvidemos, la ciudad es la que reside en el bosque, y \u00a0no al contrario, se ha hecho a su costa, ocupa el espacio que antes le perteneci\u00f3 plenamente.<\/p>\n<p><strong>Los \u00e1rboles son la vida. Si desapareci\u00e9ramos del planeta, las plantas seguir\u00edan prosperando. Si desaparecieran las plantas, nosotros nos extinguir\u00edamos en unas semanas. Nuestro destino est\u00e1 ligado al \u00e1rbol. Los \u00e1rboles son la vida.<\/strong><\/p>\n<div class=\"mceTemp mceIEcenter\" style=\"text-align: center;\">\n<dl id=\"attachment_435\" class=\"wp-caption aligncenter\" style=\"width: 610px;\">\n<dt class=\"wp-caption-dt\"><a href=\"https:\/\/blogs.hoy.es\/paraisos-olvidados\/2015\/10\/27\/el-almendro-real-patrimonio-vivo-en-valverde-de-leganes\/7r-petalos-al-viento\/\" rel=\"attachment wp-att-435\"><img loading=\"lazy\" class=\"size-full wp-image-435\" title=\"P\u00e9talos al viento.\/ V\u00edctor Gibello\" src=\"\/paraisos-olvidados\/wp-content\/uploads\/sites\/65\/2015\/10\/7r.-P\u00e9talos-al-viento.jpg\" alt=\"P\u00e9talos al viento.\/ V\u00edctor Gibello\" width=\"600\" height=\"450\" srcset=\"https:\/\/static-blogs.hoy.es\/wp-content\/uploads\/sites\/65\/2015\/10\/7r.-P\u00e9talos-al-viento.jpg 600w, https:\/\/static-blogs.hoy.es\/wp-content\/uploads\/sites\/65\/2015\/10\/7r.-P\u00e9talos-al-viento-300x225.jpg 300w, https:\/\/static-blogs.hoy.es\/wp-content\/uploads\/sites\/65\/2015\/10\/7r.-P\u00e9talos-al-viento-562x422.jpg 562w\" sizes=\"(max-width: 600px) 100vw, 600px\" \/><\/a><\/dt>\n<dd class=\"wp-caption-dd\">P\u00e9talos al viento.\/ V\u00edctor Gibello<\/dd>\n<\/dl>\n<\/div>\n<p>&nbsp;<\/p>\n<p>Comenc\u00e9 con Arvo P\u00e4rt, concluyo tambi\u00e9n con \u00e9l. Siguen cayendo, como copos de nieve, los p\u00e9talos del Almendro Real, tambi\u00e9n las notas de <em><a href=\"https:\/\/www.youtube.com\/watch?v=RYypmgIYOVQ\" target=\"_blank\">Spiegel im spiegel<\/a><\/em>.<\/p>\n<div class=\"mceTemp mceIEcenter\" style=\"text-align: center;\">\n<dl id=\"attachment_428\" class=\"wp-caption   aligncenter\" style=\"width: 610px;\">\n<dt class=\"wp-caption-dt\"><a href=\"https:\/\/blogs.hoy.es\/paraisos-olvidados\/2015\/10\/27\/el-almendro-real-patrimonio-vivo-en-valverde-de-leganes\/7rr\/\" rel=\"attachment wp-att-428\"><img loading=\"lazy\" class=\"size-full wp-image-428\" title=\"Almendro Real.\/ V\u00edctor Gibello\" src=\"\/paraisos-olvidados\/wp-content\/uploads\/sites\/65\/2015\/10\/7rr.jpg\" alt=\"Almendro Real.\/ V\u00edctor Gibello\" width=\"600\" height=\"521\" srcset=\"https:\/\/static-blogs.hoy.es\/wp-content\/uploads\/sites\/65\/2015\/10\/7rr.jpg 600w, https:\/\/static-blogs.hoy.es\/wp-content\/uploads\/sites\/65\/2015\/10\/7rr-300x261.jpg 300w, https:\/\/static-blogs.hoy.es\/wp-content\/uploads\/sites\/65\/2015\/10\/7rr-562x488.jpg 562w\" sizes=\"(max-width: 600px) 100vw, 600px\" \/><\/a><\/dt>\n<dd class=\"wp-caption-dd\">Almendro Real.\/ V\u00edctor Gibello<\/dd>\n<\/dl>\n<\/div>\n<p>&nbsp;<\/p>\n<!-- AddThis Advanced Settings generic via filter on the_content --><!-- AddThis Share Buttons generic via filter on the_content -->","protected":false},"excerpt":{"rendered":"<p>\u00a0 Almendro Real en plena floraci\u00f3n. \/ V\u00edctor Gibello VER TODA LA GALER\u00cdA DE FOTOS DEL ALMENDRO REAL\/ Autor: V\u00cdCTOR GIBELLO Suena F\u00fcr Alina, las notas caen suavemente, como si fueran p\u00e9talos de flores de almendro agitados por el viento, ese viento seco, cortante, de finales del invierno que se niega a aceptar la conclusi\u00f3n [&hellip;]<!-- AddThis Advanced Settings generic via filter on get_the_excerpt --><!-- AddThis Share Buttons generic via filter on get_the_excerpt --><\/p>\n","protected":false},"author":71,"featured_media":0,"comment_status":"open","ping_status":"closed","sticky":false,"template":"","format":"standard","meta":[],"categories":[30],"tags":[62,63,84,90,92,109,114,139,140,212,314,458,505,574,609],"_links":{"self":[{"href":"https:\/\/blogs.hoy.es\/paraisos-olvidados\/wp-json\/wp\/v2\/posts\/426"}],"collection":[{"href":"https:\/\/blogs.hoy.es\/paraisos-olvidados\/wp-json\/wp\/v2\/posts"}],"about":[{"href":"https:\/\/blogs.hoy.es\/paraisos-olvidados\/wp-json\/wp\/v2\/types\/post"}],"author":[{"embeddable":true,"href":"https:\/\/blogs.hoy.es\/paraisos-olvidados\/wp-json\/wp\/v2\/users\/71"}],"replies":[{"embeddable":true,"href":"https:\/\/blogs.hoy.es\/paraisos-olvidados\/wp-json\/wp\/v2\/comments?post=426"}],"version-history":[{"count":0,"href":"https:\/\/blogs.hoy.es\/paraisos-olvidados\/wp-json\/wp\/v2\/posts\/426\/revisions"}],"wp:attachment":[{"href":"https:\/\/blogs.hoy.es\/paraisos-olvidados\/wp-json\/wp\/v2\/media?parent=426"}],"wp:term":[{"taxonomy":"category","embeddable":true,"href":"https:\/\/blogs.hoy.es\/paraisos-olvidados\/wp-json\/wp\/v2\/categories?post=426"},{"taxonomy":"post_tag","embeddable":true,"href":"https:\/\/blogs.hoy.es\/paraisos-olvidados\/wp-json\/wp\/v2\/tags?post=426"}],"curies":[{"name":"wp","href":"https:\/\/api.w.org\/{rel}","templated":true}]}}