{"id":603,"date":"2020-11-06T13:18:38","date_gmt":"2020-11-06T13:18:38","guid":{"rendered":"http:\/\/blogs.hoy.es\/paraisos-olvidados\/?p=603"},"modified":"2020-11-09T18:26:34","modified_gmt":"2020-11-09T18:26:34","slug":"la-fortaleza-de-montemolin-el-enclave-esencial-de-la-frontera-sur","status":"publish","type":"post","link":"https:\/\/blogs.hoy.es\/paraisos-olvidados\/2020\/11\/06\/la-fortaleza-de-montemolin-el-enclave-esencial-de-la-frontera-sur\/","title":{"rendered":"La fortaleza de Montemol\u00edn, el enclave esencial de la frontera sur"},"content":{"rendered":"<div id=\"attachment_604\" style=\"width: 610px\" class=\"wp-caption aligncenter\"><img aria-describedby=\"caption-attachment-604\" loading=\"lazy\" class=\"size-full wp-image-604\" src=\"https:\/\/static-blogs.hoy.es\/wp-content\/uploads\/sites\/65\/2020\/11\/1-Montemol\u00edn-en-primavera.jpg\" alt=\"Montemol\u00edn en primavera.\/ V\u00edctor Gibello\" width=\"600\" height=\"450\" srcset=\"https:\/\/static-blogs.hoy.es\/wp-content\/uploads\/sites\/65\/2020\/11\/1-Montemol\u00edn-en-primavera.jpg 600w, https:\/\/static-blogs.hoy.es\/wp-content\/uploads\/sites\/65\/2020\/11\/1-Montemol\u00edn-en-primavera-300x225.jpg 300w, https:\/\/static-blogs.hoy.es\/wp-content\/uploads\/sites\/65\/2020\/11\/1-Montemol\u00edn-en-primavera-562x422.jpg 562w\" sizes=\"(max-width: 600px) 100vw, 600px\" \/><p id=\"caption-attachment-604\" class=\"wp-caption-text\">Montemol\u00edn en primavera.\/ V\u00edctor Gibello<\/p><\/div>\n<h4 style=\"text-align: center;\"><a href=\"https:\/\/www.hoy.es\/extremadura\/castillo-montemolin-20201104113617-ga.html?fbclid=IwAR2dY5qnDrWqK2A2ySQ0WzCLY7v9QiAKeIrC1Ea03Tuvx4seymIsmjpGEvk#imagen1\" target=\"_blank\" rel=\"noopener\">VER TODA LA GALER\u00cdA DE FOTOS DEL CASTILLO DE MONTEMOL\u00cdN\/ Autor: V\u00cdCTOR GIBELLO<\/a><\/h4>\n<h4><\/h4>\n<p>&nbsp;<\/p>\n<h4>Repasando viejas notas para elaborar este art\u00edculo encontr\u00e9 entre mis papeles una cita de Ibn Jaldun, redactada en el siglo XIV. No era la que buscaba; sin embargo, sus antiguas palabras resultan tan actuales, que permiten abrir el texto como si hubieran sido escritas ayer. Dec\u00eda Jaldun: \u201c<em>el gobierno previene toda injusticia, salvo la que comete \u00e9l mismo.<\/em>\u201d Sobran los comentarios. Sorprende que pasen los siglos y, lejos de aprender, repitamos una y otra vez\u00a0los mismos errores.\u00a0La manipulaci\u00f3n, el abuso, y la opresi\u00f3n como medios de los que el poder se vale para perpetuarse en sus privilegios sin importar el sufrimiento causado sobre los manipulados, abusados y oprimidos.<\/h4>\n<h4>Ibn Jaldun, nacido en T\u00fanez, descendiente de una familia andalus\u00ed emigrada al norte de \u00c1frica, fue historiador, ge\u00f3grafo, economista, fil\u00f3sofo, estadista y experto en otros tantos saberes. Escribi\u00f3 numerosas obras, entre ellas <em>Kitab al-\u2018ibar<\/em>, donde se encuentra la cita con la que pretend\u00eda iniciar el art\u00edculo. Dice: \u201c<em>Hasim march\u00f3 contra Ibn Marwan al-Yilliqi y lo asedi\u00f3 en la fortaleza de Munt Mulan. Despu\u00e9s desisti\u00f3 e Ibn Marwan atac\u00f3 Sevilla y Laqant, donde se refugi\u00f3 y obtuvo la paz de parte del emir Muhammad y se someti\u00f3 a su obediencia hasta que \u00e9ste falleci\u00f3<\/em>\u201d. La nota es muy breve, pero resulta de gran val\u00eda para adentrarse en el conocimiento de la Historia de Montemol\u00edn, pues corrobora que la localidad exist\u00eda al menos desde el siglo IX y que ya entonces contaba con una fortificaci\u00f3n destacada, capaz de proteger a Marwan del hostigamiento del ejercito emiral. As\u00ed pues, el origen del top\u00f3nimo actual es <em>Munt Mulan<\/em>, nada que ver con otras posibilidades basadas en la pura fantas\u00eda, inconsistentes, aunque se repitan una y otra vez. El t\u00e9rmino \u201cmunt\u201d, de claro origen latino, tambi\u00e9n permite plantear la hip\u00f3tesis de un asentamiento visigodo anterior al isl\u00e1mico, o bien ser fruto de la denominaci\u00f3n de los pobladores cristianos en fundaron el lugar en tiempos de la dominaci\u00f3n isl\u00e1mica.<\/h4>\n<h4>Seg\u00fan confirman las fuentes cristianas, Montemol\u00edn (castillo, villa y tierra) fue ganada por las huestes castellanoleonesas en 1246. Las primeras noticias despu\u00e9s de la conquista sobre Montemol\u00edn se remontan al per\u00edodo en que ostentaba el cargo de maestre de la Orden de Santiago Pelay P\u00e9rez Correa, cuyos huesos reposan en la iglesia del monasterio de Nuestra Se\u00f1ora de Tentud\u00eda, en t\u00e9rmino de Calera de Le\u00f3n. Como indicara Bernab\u00e9 Chaves, cronista de la Orden, las tropas santiaguistas tomaron la villa y fortaleza de Cantillana, que posteriormente cambiaron con la Iglesia de Sevilla por la poblaci\u00f3n de Montemol\u00edn y su fortaleza; el trueque de propiedades, habitual en tiempos medievales, fue realizado en 1248, trueque que valid\u00f3 Fernando III el mismo a\u00f1o.<\/h4>\n<div id=\"attachment_606\" style=\"width: 610px\" class=\"wp-caption aligncenter\"><img aria-describedby=\"caption-attachment-606\" loading=\"lazy\" class=\"size-full wp-image-606\" src=\"https:\/\/static-blogs.hoy.es\/wp-content\/uploads\/sites\/65\/2020\/11\/2-Fortaleza-de-Montemol\u00edn-desde-el-oeste.jpg\" alt=\"Fortaleza de Montemol\u00edn desde el oeste. V\u00edctor Gibello.\" width=\"600\" height=\"450\" srcset=\"https:\/\/static-blogs.hoy.es\/wp-content\/uploads\/sites\/65\/2020\/11\/2-Fortaleza-de-Montemol\u00edn-desde-el-oeste.jpg 600w, https:\/\/static-blogs.hoy.es\/wp-content\/uploads\/sites\/65\/2020\/11\/2-Fortaleza-de-Montemol\u00edn-desde-el-oeste-300x225.jpg 300w, https:\/\/static-blogs.hoy.es\/wp-content\/uploads\/sites\/65\/2020\/11\/2-Fortaleza-de-Montemol\u00edn-desde-el-oeste-562x422.jpg 562w\" sizes=\"(max-width: 600px) 100vw, 600px\" \/><p id=\"caption-attachment-606\" class=\"wp-caption-text\">Fortaleza de Montemol\u00edn desde el oeste. V\u00edctor Gibello.<\/p><\/div>\n<h4>Recorro la amplia planicie de Tierra de Barros camino de Montemol\u00edn, una de las poblaciones m\u00e1s al sur de la Baja Extremadura. La suave voz de <a href=\"https:\/\/www.youtube.com\/watch?v=XDepIDGKC2U\" target=\"_blank\" rel=\"noopener\">Yasmine Hamdan<\/a> me acompa\u00f1a en el trayecto. Tr\u00e1nsito entre vides y olivos incontables. Desde Fuente de Cantos ya se percibe el relieve montuoso de Sierra Morena. En la distancia, a unos 10 kil\u00f3metros, ya puede perciborse un imponente castillo alzado sobre un monte.<\/h4>\n<h4>Siempre que viajo a Montemol\u00edn se apodera de m\u00ed cierta nostalgia. Pas\u00e9 all\u00ed 8 meses realizando trabajos arqueol\u00f3gicos. Mi coraz\u00f3n alberga muchas vivencias hermosos de sus gentes, de sus paisajes\u2026 Recuerdo, especialmente, a Pepi Mar\u00edn y a Sof\u00eda Sauceda. Hace 22 a\u00f1os en Montemol\u00edn no hab\u00eda ning\u00fan lugar donde comer a diario, Pepi me acogi\u00f3 en su casa y me aliment\u00f3; con sus deliciosos guisos y atenciones naci\u00f3 una amistad que se prolonga hasta hoy. Sof\u00eda, amiga y colega desde tiempos universitarios, realiz\u00f3 conmigo la intervenci\u00f3n arqueol\u00f3gica; su dedicaci\u00f3n y su ayuda tuvieron un gran valor, durante algunos a\u00f1os m\u00e1s compartimos incontables aventuras arqueol\u00f3gicas. Es posible que nunca les haya dicho a ninguna de las dos lo importantes que son para m\u00ed y lo mucho que las quiero.<\/h4>\n<h4><\/h4>\n<div id=\"attachment_607\" style=\"width: 610px\" class=\"wp-caption aligncenter\"><img aria-describedby=\"caption-attachment-607\" loading=\"lazy\" class=\"size-full wp-image-607\" src=\"https:\/\/static-blogs.hoy.es\/wp-content\/uploads\/sites\/65\/2020\/11\/Panor\u00e1mica-general-de-Montemol\u00edn.jpg\" alt=\"Panor\u00e1mica general de Montemol\u00edn\/ V\u00edctor Gibello.\" width=\"600\" height=\"400\" srcset=\"https:\/\/static-blogs.hoy.es\/wp-content\/uploads\/sites\/65\/2020\/11\/Panor\u00e1mica-general-de-Montemol\u00edn.jpg 600w, https:\/\/static-blogs.hoy.es\/wp-content\/uploads\/sites\/65\/2020\/11\/Panor\u00e1mica-general-de-Montemol\u00edn-300x200.jpg 300w, https:\/\/static-blogs.hoy.es\/wp-content\/uploads\/sites\/65\/2020\/11\/Panor\u00e1mica-general-de-Montemol\u00edn-562x375.jpg 562w\" sizes=\"(max-width: 600px) 100vw, 600px\" \/><p id=\"caption-attachment-607\" class=\"wp-caption-text\">Panor\u00e1mica general de Montemol\u00edn\/ V\u00edctor Gibello.<\/p><\/div>\n<h4>La rotunda presencia de la fortificaci\u00f3n medieval, de coloraci\u00f3n terrosa, sobresale por encima del blanco caser\u00edo nacido a sus pies. La fortaleza de Montemol\u00edn puede ser considerada como una de las construcciones militares m\u00e1s importantes de Extremadura. Destaca por su dimensi\u00f3n, por la elecci\u00f3n del emplazamiento y por las potentes defensas con que fue construido; pese a ello, su peso en la literatura cient\u00edfica resulta incomprensiblemente escaso, habiendo despertado m\u00e1s inter\u00e9s entre aficionados a la Historia y a la Arqueolog\u00eda que entre investigadores.<\/h4>\n<h4><\/h4>\n<div id=\"attachment_608\" style=\"width: 610px\" class=\"wp-caption aligncenter\"><img aria-describedby=\"caption-attachment-608\" loading=\"lazy\" class=\"size-full wp-image-608\" src=\"https:\/\/static-blogs.hoy.es\/wp-content\/uploads\/sites\/65\/2020\/11\/Imagen-a\u00e9rea-de-la-fortificaci\u00f3n.jpg\" alt=\"Imagen a\u00e9rea de la fortificaci\u00f3n \/ V\u00edctor Gibello.\" width=\"600\" height=\"400\" srcset=\"https:\/\/static-blogs.hoy.es\/wp-content\/uploads\/sites\/65\/2020\/11\/Imagen-a\u00e9rea-de-la-fortificaci\u00f3n.jpg 600w, https:\/\/static-blogs.hoy.es\/wp-content\/uploads\/sites\/65\/2020\/11\/Imagen-a\u00e9rea-de-la-fortificaci\u00f3n-300x200.jpg 300w, https:\/\/static-blogs.hoy.es\/wp-content\/uploads\/sites\/65\/2020\/11\/Imagen-a\u00e9rea-de-la-fortificaci\u00f3n-562x375.jpg 562w\" sizes=\"(max-width: 600px) 100vw, 600px\" \/><p id=\"caption-attachment-608\" class=\"wp-caption-text\">Imagen a\u00e9rea de la fortificaci\u00f3n \/ V\u00edctor Gibello.<\/p><\/div>\n<h4>Para realizar una descripci\u00f3n r\u00e1pida del conjunto fortificado deber\u00eda referirme, en primer lugar, a la irregularidad de la planta con la que se edific\u00f3. El trazado quebrado con el que se configuran sus f\u00e1bricas responde, principalmente, a la topograf\u00eda accidentada del lugar, un cerro que domina visualmente una amplia franja del territorio surextreme\u00f1o; dicho trazado tambi\u00e9n facilita la defensa al generar un sistema en alguno de sus flancos similar al de los muros en cremallera.<\/h4>\n<h4><\/h4>\n<div id=\"attachment_610\" style=\"width: 610px\" class=\"wp-caption aligncenter\"><img aria-describedby=\"caption-attachment-610\" loading=\"lazy\" class=\"size-full wp-image-610\" src=\"https:\/\/static-blogs.hoy.es\/wp-content\/uploads\/sites\/65\/2020\/11\/Torre-esquina-NE.jpg\" alt=\"Torre esquina NE \/ V\u00edctor Gibello\" width=\"600\" height=\"450\" srcset=\"https:\/\/static-blogs.hoy.es\/wp-content\/uploads\/sites\/65\/2020\/11\/Torre-esquina-NE.jpg 600w, https:\/\/static-blogs.hoy.es\/wp-content\/uploads\/sites\/65\/2020\/11\/Torre-esquina-NE-300x225.jpg 300w, https:\/\/static-blogs.hoy.es\/wp-content\/uploads\/sites\/65\/2020\/11\/Torre-esquina-NE-562x422.jpg 562w\" sizes=\"(max-width: 600px) 100vw, 600px\" \/><p id=\"caption-attachment-610\" class=\"wp-caption-text\">Torre esquina NE \/ V\u00edctor Gibello<\/p><\/div>\n<div id=\"attachment_611\" style=\"width: 610px\" class=\"wp-caption aligncenter\"><img aria-describedby=\"caption-attachment-611\" loading=\"lazy\" class=\"size-full wp-image-611\" src=\"https:\/\/static-blogs.hoy.es\/wp-content\/uploads\/sites\/65\/2020\/11\/Torre-semicircular.jpg\" alt=\"Torre semicircular \/ V\u00edctor Gibello\" width=\"600\" height=\"450\" srcset=\"https:\/\/static-blogs.hoy.es\/wp-content\/uploads\/sites\/65\/2020\/11\/Torre-semicircular.jpg 600w, https:\/\/static-blogs.hoy.es\/wp-content\/uploads\/sites\/65\/2020\/11\/Torre-semicircular-300x225.jpg 300w, https:\/\/static-blogs.hoy.es\/wp-content\/uploads\/sites\/65\/2020\/11\/Torre-semicircular-562x422.jpg 562w\" sizes=\"(max-width: 600px) 100vw, 600px\" \/><p id=\"caption-attachment-611\" class=\"wp-caption-text\">Torre semicircular \/ V\u00edctor Gibello<\/p><\/div>\n<h4>La construcci\u00f3n aparece flanqueada por torres prism\u00e1ticas, torres que no se disponen a tramos regulares, sino donde hay necesidad de flanqueo. Su presencia es habitual en posiciones esquineras, donde se encuentran alineaciones de distinta direcci\u00f3n. Tambi\u00e9n existe una torre de planta semicircular situada hacia el Sur que es el resultado de modificaciones bajomedievales, de tiempos santiaguistas, por tanto, del recinto defensivo.<\/h4>\n<h4><\/h4>\n<div id=\"attachment_612\" style=\"width: 610px\" class=\"wp-caption aligncenter\"><img aria-describedby=\"caption-attachment-612\" loading=\"lazy\" class=\"size-full wp-image-612\" src=\"https:\/\/static-blogs.hoy.es\/wp-content\/uploads\/sites\/65\/2020\/11\/Puerta-principal.jpg\" alt=\"Puerta principal \/ V\u00edctor Gibello\" width=\"600\" height=\"400\" srcset=\"https:\/\/static-blogs.hoy.es\/wp-content\/uploads\/sites\/65\/2020\/11\/Puerta-principal.jpg 600w, https:\/\/static-blogs.hoy.es\/wp-content\/uploads\/sites\/65\/2020\/11\/Puerta-principal-300x200.jpg 300w, https:\/\/static-blogs.hoy.es\/wp-content\/uploads\/sites\/65\/2020\/11\/Puerta-principal-562x375.jpg 562w\" sizes=\"(max-width: 600px) 100vw, 600px\" \/><p id=\"caption-attachment-612\" class=\"wp-caption-text\">Puerta principal \/ V\u00edctor Gibello<\/p><\/div>\n<h4>Dos vanos permit\u00edan, y a\u00fan hoy contin\u00faan haci\u00e9ndolo, el acceso al interior. La puerta principal es uno de los elementos m\u00e1s interesantes de la construcci\u00f3n, configur\u00e1ndose como entrada en recodo al disponer de una antepuerta que impide un acceso directo. El vano propiamente dicho, hoy muy alterado tanto por su avanzada ruina, como por obras de factura reciente, parece configurarse mediante un arco de medio punto peraltado, que probablemente debi\u00f3 tender originalmente a la herradura. El vano aparece enmarcado por un alfiz, un falso aparejo de ladrillo sobre el enlucido recubri\u00f3 completamente la portada. Dos hojas de madera que giraban sobre sendas ranguas, todav\u00eda conservadas en su base, cerraban el recinto y lo asilaban del exterior.<\/h4>\n<h4><\/h4>\n<div id=\"attachment_613\" style=\"width: 610px\" class=\"wp-caption aligncenter\"><img aria-describedby=\"caption-attachment-613\" loading=\"lazy\" class=\"size-full wp-image-613\" src=\"https:\/\/static-blogs.hoy.es\/wp-content\/uploads\/sites\/65\/2020\/11\/Poterna-junto-a-torre-del-homenaje.jpg\" alt=\"Poterna junto a torre del homenaje \/ V\u00edctor Gibello\" width=\"600\" height=\"450\" srcset=\"https:\/\/static-blogs.hoy.es\/wp-content\/uploads\/sites\/65\/2020\/11\/Poterna-junto-a-torre-del-homenaje.jpg 600w, https:\/\/static-blogs.hoy.es\/wp-content\/uploads\/sites\/65\/2020\/11\/Poterna-junto-a-torre-del-homenaje-300x225.jpg 300w, https:\/\/static-blogs.hoy.es\/wp-content\/uploads\/sites\/65\/2020\/11\/Poterna-junto-a-torre-del-homenaje-562x422.jpg 562w\" sizes=\"(max-width: 600px) 100vw, 600px\" \/><p id=\"caption-attachment-613\" class=\"wp-caption-text\">Poterna junto a torre del homenaje \/ V\u00edctor Gibello<\/p><\/div>\n<h4>En tiempos de la dominaci\u00f3n isl\u00e1mica debi\u00f3 existir una poterna que a\u00fan no ha sido localizada. Sin embargo, los trabajos arqueol\u00f3gicos s\u00ed permitieron documentar la presencia de una peque\u00f1a puerta abierta tras la conquista cristiana sobre los muros previos, junto a la torre del homenaje, que la protege con su rotunda presencia, formando parte de un complejo defensivo casi independiente del resto del recinto.<\/h4>\n<h4><\/h4>\n<div id=\"attachment_614\" style=\"width: 610px\" class=\"wp-caption aligncenter\"><img aria-describedby=\"caption-attachment-614\" loading=\"lazy\" class=\"size-full wp-image-614\" src=\"https:\/\/static-blogs.hoy.es\/wp-content\/uploads\/sites\/65\/2020\/11\/Mazmorra.jpg\" alt=\"Mazmorra \/ V\u00edctor Gibello\" width=\"600\" height=\"450\" srcset=\"https:\/\/static-blogs.hoy.es\/wp-content\/uploads\/sites\/65\/2020\/11\/Mazmorra.jpg 600w, https:\/\/static-blogs.hoy.es\/wp-content\/uploads\/sites\/65\/2020\/11\/Mazmorra-300x225.jpg 300w, https:\/\/static-blogs.hoy.es\/wp-content\/uploads\/sites\/65\/2020\/11\/Mazmorra-562x422.jpg 562w\" sizes=\"(max-width: 600px) 100vw, 600px\" \/><p id=\"caption-attachment-614\" class=\"wp-caption-text\">Mazmorra \/ V\u00edctor Gibello<\/p><\/div>\n<h4>Si se except\u00faa la torre del homenaje, obra elevada despu\u00e9s de la conquista cristiana, una peque\u00f1a estructura de car\u00e1cter hidr\u00e1ulico afrontada a la puerta principal, y, obviamente, la muralla perimetral, no se ha conservado sobre la actual superficie construcci\u00f3n alguna, circunstancia que refleja el avanzado proceso de ruina del conjunto y de las distintas partes que lo integran.<\/h4>\n<h4>Bajo el subsuelo numerosas estructuras permiten estudiar la dilatada ocupaci\u00f3n del Cerro del Castillo; entre ellas destaca una habitaci\u00f3n semisubterr\u00e1nea excavada en la roca que por sus caracter\u00edsticas ha de vincularse con una erg\u00e1stula, una mazmorra. La estancia, de planta rectangular, muestra una b\u00f3veda de lajas de pizarra de medio ca\u00f1\u00f3n reforzada por un arco faj\u00f3n del que s\u00f3lo queda su impronta; aprovechando el arco se compartiment\u00f3 el espacio en dos habitaciones.<\/h4>\n<h4>Es destacable tambi\u00e9n la presencia de un aljibe construido para recoger el agua de lluvia de las edificaciones existentes a su alrededor, edificaciones ya perdidas.<\/h4>\n<h4><\/h4>\n<div id=\"attachment_615\" style=\"width: 610px\" class=\"wp-caption aligncenter\"><img aria-describedby=\"caption-attachment-615\" loading=\"lazy\" class=\"size-full wp-image-615\" src=\"https:\/\/static-blogs.hoy.es\/wp-content\/uploads\/sites\/65\/2020\/11\/Detalle-materiales-fortificaci\u00f3n.jpg\" alt=\"Detalle materiales fortificaci\u00f3n \/ V\u00edctor Gibello\" width=\"600\" height=\"450\" srcset=\"https:\/\/static-blogs.hoy.es\/wp-content\/uploads\/sites\/65\/2020\/11\/Detalle-materiales-fortificaci\u00f3n.jpg 600w, https:\/\/static-blogs.hoy.es\/wp-content\/uploads\/sites\/65\/2020\/11\/Detalle-materiales-fortificaci\u00f3n-300x225.jpg 300w, https:\/\/static-blogs.hoy.es\/wp-content\/uploads\/sites\/65\/2020\/11\/Detalle-materiales-fortificaci\u00f3n-562x422.jpg 562w\" sizes=\"(max-width: 600px) 100vw, 600px\" \/><p id=\"caption-attachment-615\" class=\"wp-caption-text\">Detalle materiales fortificaci\u00f3n \/ V\u00edctor Gibello<\/p><\/div>\n<h4>Diversos son los sistemas constructivos con los que se construy\u00f3 la fortaleza, sistemas que responden a los sucesivos per\u00edodos hist\u00f3ricos en los que la fortaleza estuvo en uso y durante los cuales se realizaron obras en la misma. Existen f\u00e1bricas de mamposter\u00eda, de ladrillo y de tapia; de entre ellas sobresalen las de tapia en sus muy diversas variantes: hormigonada, calicostrada, de tierra con reducido aporte de cal, etc.<\/h4>\n<h4><\/h4>\n<div id=\"attachment_616\" style=\"width: 610px\" class=\"wp-caption aligncenter\"><img aria-describedby=\"caption-attachment-616\" loading=\"lazy\" class=\"size-full wp-image-616\" src=\"https:\/\/static-blogs.hoy.es\/wp-content\/uploads\/sites\/65\/2020\/11\/Evoluci\u00f3n-f\u00e1bricas-de-la-fortaleza.jpg\" alt=\"Evoluci\u00f3n f\u00e1bricas de la fortaleza \/ V\u00edctor Gibello\" width=\"600\" height=\"450\" srcset=\"https:\/\/static-blogs.hoy.es\/wp-content\/uploads\/sites\/65\/2020\/11\/Evoluci\u00f3n-f\u00e1bricas-de-la-fortaleza.jpg 600w, https:\/\/static-blogs.hoy.es\/wp-content\/uploads\/sites\/65\/2020\/11\/Evoluci\u00f3n-f\u00e1bricas-de-la-fortaleza-300x225.jpg 300w, https:\/\/static-blogs.hoy.es\/wp-content\/uploads\/sites\/65\/2020\/11\/Evoluci\u00f3n-f\u00e1bricas-de-la-fortaleza-562x422.jpg 562w\" sizes=\"(max-width: 600px) 100vw, 600px\" \/><p id=\"caption-attachment-616\" class=\"wp-caption-text\">Evoluci\u00f3n f\u00e1bricas de la fortaleza \/ V\u00edctor Gibello<\/p><\/div>\n<h4>Despu\u00e9s de producirse la conquista cristiana numerosas reformas se efectuaron sobre la fortificaci\u00f3n, reformas que debieron vincularse tanto a la necesidad de mantenimiento de la misma, posiblemente muy maltrecha tras los asedios y asaltos, como al relativo cambio de uso en relaci\u00f3n a nuevas funciones al que fue sometida por sus nuevos propietarios.<\/h4>\n<h4>La intervenci\u00f3n arqueol\u00f3gica en Montemol\u00edn form\u00f3 parte de un proyecto general de restauraci\u00f3n y consolidaci\u00f3n arquitect\u00f3nica. Esta circunstancia condicion\u00f3 sobremanera la planificaci\u00f3n de la excavaci\u00f3n, en tanto que la supeditaci\u00f3n al proyecto arquitect\u00f3nico supuso la elecci\u00f3n de \u00e1reas de trabajo ligadas a necesidades m\u00e1s arquitect\u00f3nicas que arqueol\u00f3gicas. Pese a ello, la informaci\u00f3n arqueol\u00f3gica obtenida en Montemol\u00edn fue singularmente rica, poniendo al descubierto etapas hist\u00f3ricas de ocupaci\u00f3n que no estaban documentadas hasta el momento.<\/h4>\n<h4>Los resultados alteraron muy significativamente las ideas preconcebidas y los planteamientos iniciales de trabajo. Haciendo una labor de s\u00edntesis de la informaci\u00f3n aprehendida se pueden establecer cuatro fases b\u00e1sicas de asentamiento hist\u00f3rico que resumen la ocupaci\u00f3n del cerro del Castillo, cuatro fases que, de forma continuada, tienen lugar entre los siglos VIII &#8211; IX y el XVI.<\/h4>\n<h4><\/h4>\n<h4>La primera de estas fases puede asentarse entre el emirato e inicios del califato. Los elementos estructurales pertenecientes a este momento se resumen en diversos elementos muy arrasados localizados en toda la zona excavada. Su naturaleza es de \u00edndole dom\u00e9stica: numerosos muros que por su grado de deterioro y por la escasa amplitud de las zonas excavadas no permiten configurar una planta coherente de construcci\u00f3n alguna. Algunos hogares y numerosos silos son algunas de las subestructuras reconocibles de este per\u00edodo, cuyos restos est\u00e1n muy transformados por las grandes reformas realizadas en las siguientes etapas.<\/h4>\n<h4><\/h4>\n<div id=\"attachment_619\" style=\"width: 610px\" class=\"wp-caption aligncenter\"><img aria-describedby=\"caption-attachment-619\" loading=\"lazy\" class=\"size-full wp-image-619\" src=\"https:\/\/static-blogs.hoy.es\/wp-content\/uploads\/sites\/65\/2020\/11\/Vista-general.jpg\" alt=\"Vista general \/ V\u00edctor Gibello\" width=\"600\" height=\"400\" srcset=\"https:\/\/static-blogs.hoy.es\/wp-content\/uploads\/sites\/65\/2020\/11\/Vista-general.jpg 600w, https:\/\/static-blogs.hoy.es\/wp-content\/uploads\/sites\/65\/2020\/11\/Vista-general-300x200.jpg 300w, https:\/\/static-blogs.hoy.es\/wp-content\/uploads\/sites\/65\/2020\/11\/Vista-general-562x375.jpg 562w\" sizes=\"(max-width: 600px) 100vw, 600px\" \/><p id=\"caption-attachment-619\" class=\"wp-caption-text\">Vista general \/ V\u00edctor Gibello<\/p><\/div>\n<h4>La segunda etapa cronol\u00f3gicamente se sit\u00faa en el siglo XI, durante este momento se eleva la primera fortificaci\u00f3n de Montemol\u00edn reconocible. Es posible que en la etapa anterior existiera una cerca que englobar\u00eda la totalidad del cerro, cerca de la que no se han registrado restos que permitan definirla. Viene representada por numerosos restos constructivos de notable porte. Son f\u00e1bricas de tapia calicostrada que se alzan sobre un elevado z\u00f3calo de mamposter\u00eda bien careada de la primitiva fortificaci\u00f3n de Montemol\u00edn. Entre estas estructuras destaca un gran lienzo embutido en las f\u00e1bricas de la torre del homenaje, del que nace una torre de planta cuadrada poco sobresaliente con respecto a la l\u00ednea de muralla. En este mismo per\u00edodo puede encuadrarse el conjunto de construcciones que configuran el acceso en recodo a la fortaleza. Esta soluci\u00f3n defensiva es conocida desde la Antig\u00fcedad, pero entonces fue escasamente utilizada. El mundo isl\u00e1mico las generaliz\u00f3 como recurso de defensa de las puertas, las zonas m\u00e1s d\u00e9biles de las fortificaciones. En al-Andalus el sistema fue empleado con profusi\u00f3n, especialmente a partir de las invasiones norteafricanas de almor\u00e1vides y almohades; no obstante, en tiempos anteriores fue una soluci\u00f3n adoptada en algunos espacios fortificados califales. Si la interpretaci\u00f3n planteada es correcta, nos encontrar\u00edamos en Montemol\u00edn con el ejemplo m\u00e1s antiguo conservado de puerta en recodo en el \u00e1rea extreme\u00f1a, aspecto este realmente sugerente, ya que permitir\u00eda apreciar, entre otros elementos dignos de estudio, la aplicaci\u00f3n de novedosas estructuras en la edificaci\u00f3n de fortalezas por parte de la taifa de Badajoz para garantizar la defensa del reino.<\/h4>\n<h4><\/h4>\n<div id=\"attachment_620\" style=\"width: 610px\" class=\"wp-caption aligncenter\"><img aria-describedby=\"caption-attachment-620\" loading=\"lazy\" class=\"size-full wp-image-620\" src=\"https:\/\/static-blogs.hoy.es\/wp-content\/uploads\/sites\/65\/2020\/11\/Cerro-del-castillo.jpg\" alt=\"Cerro del castillo \/ V\u00edctor Gibello\" width=\"600\" height=\"450\" srcset=\"https:\/\/static-blogs.hoy.es\/wp-content\/uploads\/sites\/65\/2020\/11\/Cerro-del-castillo.jpg 600w, https:\/\/static-blogs.hoy.es\/wp-content\/uploads\/sites\/65\/2020\/11\/Cerro-del-castillo-300x225.jpg 300w, https:\/\/static-blogs.hoy.es\/wp-content\/uploads\/sites\/65\/2020\/11\/Cerro-del-castillo-562x422.jpg 562w\" sizes=\"(max-width: 600px) 100vw, 600px\" \/><p id=\"caption-attachment-620\" class=\"wp-caption-text\">Cerro del castillo \/ V\u00edctor Gibello<\/p><\/div>\n<h4>Durante la tercera etapa se realiza el grueso de la fortaleza que hoy contemplamos. Su factura puede ser centrada entre fines del siglo XII e inicios del XIII, tiempo en el que, reaprovechando numerosas f\u00e1bricas pertenecientes a la construcci\u00f3n previa, se erige una impresionante construcci\u00f3n militar vinculada al imperio almohade. Es esta una obra construida mediante s\u00f3lida tapia militar, u hormigonada, que se alza sobre un estrecho z\u00f3calo de mamposter\u00eda cuyos lienzos quebrados se adaptan tanto al terreno como a los restos de la fortificaci\u00f3n previa, que en parte la condiciona; dispone de lienzos que son flanqueados por potentes torres cuadrangulares elevadas con la misma t\u00e9cnica constructiva que las murallas.<\/h4>\n<h4><\/h4>\n<div id=\"attachment_621\" style=\"width: 610px\" class=\"wp-caption aligncenter\"><img aria-describedby=\"caption-attachment-621\" loading=\"lazy\" class=\"size-full wp-image-621\" src=\"https:\/\/static-blogs.hoy.es\/wp-content\/uploads\/sites\/65\/2020\/11\/Montemol\u00edn-desde-el-crucero-de-San-Blas.jpg\" alt=\"Montemol\u00edn desde el crucero de San Blas \/ V\u00edctor Gibello\" width=\"600\" height=\"800\" srcset=\"https:\/\/static-blogs.hoy.es\/wp-content\/uploads\/sites\/65\/2020\/11\/Montemol\u00edn-desde-el-crucero-de-San-Blas.jpg 600w, https:\/\/static-blogs.hoy.es\/wp-content\/uploads\/sites\/65\/2020\/11\/Montemol\u00edn-desde-el-crucero-de-San-Blas-225x300.jpg 225w, https:\/\/static-blogs.hoy.es\/wp-content\/uploads\/sites\/65\/2020\/11\/Montemol\u00edn-desde-el-crucero-de-San-Blas-422x562.jpg 422w\" sizes=\"(max-width: 600px) 100vw, 600px\" \/><p id=\"caption-attachment-621\" class=\"wp-caption-text\">Montemol\u00edn desde el crucero de San Blas \/ V\u00edctor Gibello<\/p><\/div>\n<h4>La cuarta fase comienza tras la conquista cristiana y la donaci\u00f3n a la Orden de Santiago en 1248. La fortaleza fue profundamente transformada para adaptarla a los nuevos usos de los caballeros santiaguistas. Las reformas perduran y se suceden hasta bien entrado el siglo XVI, percibi\u00e9ndose diversas f\u00f3rmulas constructivas con las que la antigua fortaleza es transformada en sede de Casa de la Encomienda.<\/h4>\n<h4><\/h4>\n<h4>Para comprender el significado de la primera construcci\u00f3n militar de Montemol\u00edn hemos de recurrir al estudio de las fronteras y de los territorios de la taifa aftas\u00ed. El l\u00edmite Norte (<em>al-Tagr al-Yawf<\/em>) del reino batalyawsi ha de ser asentado en las zonas de Coimbra, Plasencia y Coria; hacia el Oeste el oc\u00e9ano Atl\u00e1ntico (<em>Bahr al-Muhit<\/em>) se instituye en linde natural del territorio. La <em>kora<\/em> (provincia) de Beja se dispuso como frontera hacia el Suroeste, mientras que hacia el Este ser\u00e1 el \u00e1rea de Campo Ara\u00f1uelo la comarca fronteriza con la taifa de Toledo. Hacia el Sur la sierra de Aroche y las estribaciones extreme\u00f1as de Sierra Morena delimitaron el reino taifa badajocense.<\/h4>\n<h4>La taifa de Badajoz se apoy\u00f3 desde un primer momento en un territorio perfectamente estructurado por enclaves urbanos de diversa entidad y en una frontera jalonada por abundantes construcciones defensivas, unas heredadas de los tiempos del califato y otras elevadas a lo largo del reinado de los aftas\u00edes.<\/h4>\n<h4>El reino aftas\u00ed sufri\u00f3 en sus fronteras una doble presi\u00f3n a lo largo de su corta historia; por una parte, el empuje cristiano (leon\u00e9s, castellano y portugu\u00e9s) min\u00f3 el l\u00edmite norte; por otra, la permanente conflictividad con la taifa sevillana desestabiliz\u00f3 frecuentemente la linde Sur.<\/h4>\n<h4><\/h4>\n<h4>En torno a 1044 la guerra con los Banu \u2018Abbad de Sevilla alcanz\u00f3 altas cotas de hostilidad. El r\u00e9gulo sevillano, Al-Mu\u2019tadid, penetr\u00f3 en las tierras del reino de M\u00e9rtola, atacando poco despu\u00e9s Niebla. El regente de esta solicit\u00f3 ayuda al rey aftas\u00ed, ayuda que concedi\u00f3 con premura, dejando el territorio de Badajoz desguarnecido. Ante estas circunstancias Al-Mu\u2019tadid envi\u00f3 tropas contra los badajocenses, que penetraron en devastadora incursi\u00f3n por todo el territorio aftas\u00ed, haciendo lo propio Al-Muzaffar en tierras sevillanas tras levantar el cerco de Niebla y rechazar a los abbad\u00edes.<\/h4>\n<h4>En 1051 un nuevo conflicto nacido en Niebla volvi\u00f3 a provocar la guerra entre las taifas de Sevilla y Badajoz, esta vez con una clara victoria de los sevillanos. En efecto, Al-Mu\u2019tadid se adentr\u00f3 hasta \u00c9vora desarticulando la caballer\u00eda badajocense en las inmediaciones de la ciudad portuguesa; la derrota fue de tal magnitud que Al-Muzaffar no pudo m\u00e1s que encastillarse en la alcazaba de Badajoz y observar como su enemigo devastaba el territorio. Seg\u00fan los cronistas la derrota provoc\u00f3 una gran crisis en el reino, as\u00ed como la destrucci\u00f3n de numerosas fortalezas cuyos nombres no son conocidos.<\/h4>\n<h4>En este contexto de dura conflictividad entre reinos isl\u00e1micos\u00a0ha de entenderse la primera construcci\u00f3n defensiva de Montemol\u00edn, la consecuencia de estas guerras fueron un extremo debilitamiento militar y econ\u00f3mico aprovechado tanto por los cristianos en la frontera norte, como por los almor\u00e1vides al sur, que acabaron por anexionarse todo el territorio.<\/h4>\n<h4><\/h4>\n<div id=\"attachment_622\" style=\"width: 610px\" class=\"wp-caption aligncenter\"><img aria-describedby=\"caption-attachment-622\" loading=\"lazy\" class=\"size-full wp-image-622\" src=\"https:\/\/static-blogs.hoy.es\/wp-content\/uploads\/sites\/65\/2020\/11\/Montemol\u00edn.jpg\" alt=\"Montemol\u00edn \/ V\u00edctor Gibello\" width=\"600\" height=\"450\" srcset=\"https:\/\/static-blogs.hoy.es\/wp-content\/uploads\/sites\/65\/2020\/11\/Montemol\u00edn.jpg 600w, https:\/\/static-blogs.hoy.es\/wp-content\/uploads\/sites\/65\/2020\/11\/Montemol\u00edn-300x225.jpg 300w, https:\/\/static-blogs.hoy.es\/wp-content\/uploads\/sites\/65\/2020\/11\/Montemol\u00edn-562x422.jpg 562w\" sizes=\"(max-width: 600px) 100vw, 600px\" \/><p id=\"caption-attachment-622\" class=\"wp-caption-text\">Montemol\u00edn \/ V\u00edctor Gibello<\/p><\/div>\n<h4>La necesidad de proteger la frontera sur del reino de Badajoz, \u00e1rea de fricci\u00f3n constante con la expansionista taifa de Sevilla, condujo a los mandatarios aftas\u00edes a organizar una red de fortificaciones que aseguraran la propiedad de la tierra; entre ellas se erigi\u00f3 el primer recinto de Montemol\u00edn, ubicado en las estribaciones extreme\u00f1as de Sierra Morena, en vanguardia, por tanto, de las defensas del reino, y muy pr\u00f3ximo al camino que desde Sevilla enlazaba con M\u00e9rida siguiendo el antiguo trazado de los itinerarios romanos, posiblemente a\u00fan en uso, sino f\u00edsicamente, s\u00ed en cuanto a su traza en el territorio.\u00a0Es por ello, por lo que el castillo montemolin\u00e9s debi\u00f3 sufrir en sus f\u00e1bricas buena parte de los conflictos habidos entre estos dos belicosos reinos: a su posici\u00f3n de vanguardia, como ya he referido, un\u00edase su emplazamiento cercano a un camino principal por el que debieron discurrir buena parte de las expediciones de castigo y devastaci\u00f3n de la tierra realizadas por el rey abbad\u00ed Al-Mu\u2019tadid.<\/h4>\n<h4>Desde un punto de vista arqueol\u00f3gico, el registro no ofrece datos mediante los cuales podamos establecer de forma que no sea hipot\u00e9tica este per\u00edodo de conflictividad interisl\u00e1mica, ello resulta l\u00f3gico si tenemos en cuenta la reutilizaci\u00f3n a posteriori del edificio, con las consiguientes reformas, acondicionamiento y eliminaci\u00f3n de todo rastro de la destrucci\u00f3n sufrida.<\/h4>\n<h4>Siguiendo los textos hist\u00f3ricos legados por los cronistas de la \u00e9poca, es desconocido si Montemol\u00edn fue una de las fortalezas parcialmente arrasadas durante el conflicto de 1051; no obstante, el cuidadoso estudio de los restos arqueol\u00f3gicos y arquitect\u00f3nicos conservados aporta datos de sumo inter\u00e9s gracias a los cuales pueden interpretarse estos hechos.<\/h4>\n<h4>Si se analizan las escasas f\u00e1bricas conservadas y visibles pertenecientes a este primer momento constructivo, se observa que las reformas establecidas en tiempos de la ocupaci\u00f3n almohade asientan en buena medida sobre ellas, ofreciendo estos muros una perceptible irregularidad en cuanto a las alturas se refiere. Este hecho puede ser relacionado con dos explicaciones: de un lado, cabe la posibilidad de que los almohades tomaran una fortificaci\u00f3n abandonada tiempo atr\u00e1s, parcialmente en ruinas por la falta de mantenimiento, las reformas realizadas no pretender\u00edan, entonces, m\u00e1s que acondicionar el recinto, conservando todo lo a\u00fan servible de sus f\u00e1bricas; de otro, puede ser planteada la posibilidad de que la fortaleza fuera parcialmente destruida en los tiempos de m\u00e1s duro conflicto con el reino de Sevilla, siendo su estado fruto de la belicosidad y no del paso del tiempo. Ambas hip\u00f3tesis son coincidentes en cuanto al abandono sufrido por la fortaleza.<\/h4>\n<h4>Puede ser explicado el hecho del abandono del conjunto en tanto que construcci\u00f3n estatal que responde a unas necesidades coyunturales: el reino de Badajoz eleva una serie de fortificaciones tendentes a guarecer la frontera sur de su territorio. Una vez que al-Andalus fue conquistado por los almor\u00e1vides dej\u00f3 de tener sentido su existencia, pues la unificaci\u00f3n de la Espa\u00f1a musulmana bajo el mando de este imperio norteafricano permiti\u00f3 situar las fronteras hacia la l\u00ednea marcada por el r\u00edo Tajo, muy lejos de las tierras bajoextreme\u00f1as en las que se emplaza Montemol\u00edn.<\/h4>\n<h4>No sucede lo mismo en los tiempos de ocupaci\u00f3n almohade. La presi\u00f3n ejercida sobre todo el territorio extreme\u00f1o por los reinos cristianos, que se adentran con relativa\u00a0 frecuencia en el territorio al Sur del Guadiana en devastadoras incursiones de saqueo y conquista, insta a los mandatarios del imperio almohade a fortificar su imperio en al-Andalus, realizando una clara pol\u00edtica militar de corte defensivo en la que no s\u00f3lo se restauran y mejoran numerosas fortalezas (C\u00e1ceres, Badajoz, M\u00e9rida), sino que tambi\u00e9n se edifican ex novo numerosos recintos (entre ellos el de Reina). Montemol\u00edn se corresponde con el primer grupo, siendo un intento evidente de cerrar el paso hacia el Sur, hacia Sevilla, capital almohade en la Pen\u00ednsula, mediante la edificaci\u00f3n de un recinto militar destacado por sus dimensiones y fortaleza.<\/h4>\n<h4><\/h4>\n<div id=\"attachment_624\" style=\"width: 610px\" class=\"wp-caption aligncenter\"><img aria-describedby=\"caption-attachment-624\" loading=\"lazy\" class=\"size-full wp-image-624\" src=\"https:\/\/static-blogs.hoy.es\/wp-content\/uploads\/sites\/65\/2020\/11\/Estructura-hidr\u00e1ulica-frente-a-la-puerta.jpg\" alt=\"Estructura hidr\u00e1ulica frente a la puerta \/ V\u00edctor Gibello\" width=\"600\" height=\"450\" srcset=\"https:\/\/static-blogs.hoy.es\/wp-content\/uploads\/sites\/65\/2020\/11\/Estructura-hidr\u00e1ulica-frente-a-la-puerta.jpg 600w, https:\/\/static-blogs.hoy.es\/wp-content\/uploads\/sites\/65\/2020\/11\/Estructura-hidr\u00e1ulica-frente-a-la-puerta-300x225.jpg 300w, https:\/\/static-blogs.hoy.es\/wp-content\/uploads\/sites\/65\/2020\/11\/Estructura-hidr\u00e1ulica-frente-a-la-puerta-562x422.jpg 562w\" sizes=\"(max-width: 600px) 100vw, 600px\" \/><p id=\"caption-attachment-624\" class=\"wp-caption-text\">Estructura hidr\u00e1ulica frente a la puerta \/ V\u00edctor Gibello<\/p><\/div>\n<h4><\/h4>\n<h4>Tras la conquista cristiana, ante la que se vieron in\u00fatiles las magn\u00edficas construcciones defensivas elevadas por los norteafricanos, la fortaleza de Montemol\u00edn sufri\u00f3 nuevas reformas tendentes a conferir un nuevo uso al inmueble, que si bien sigui\u00f3 teniendo naturaleza militar, tambi\u00e9n se convierti\u00f3 en sede de una de las encomiendas de la Orden de Santiago.<\/h4>\n<h4><\/h4>\n<div id=\"attachment_625\" style=\"width: 610px\" class=\"wp-caption aligncenter\"><img aria-describedby=\"caption-attachment-625\" loading=\"lazy\" class=\"size-full wp-image-625\" src=\"https:\/\/static-blogs.hoy.es\/wp-content\/uploads\/sites\/65\/2020\/11\/Puesta-de-sol-desde-la-fortaleza.jpg\" alt=\"Puesta de sol desde la fortaleza \/ V\u00edctor Gibello\" width=\"600\" height=\"450\" srcset=\"https:\/\/static-blogs.hoy.es\/wp-content\/uploads\/sites\/65\/2020\/11\/Puesta-de-sol-desde-la-fortaleza.jpg 600w, https:\/\/static-blogs.hoy.es\/wp-content\/uploads\/sites\/65\/2020\/11\/Puesta-de-sol-desde-la-fortaleza-300x225.jpg 300w, https:\/\/static-blogs.hoy.es\/wp-content\/uploads\/sites\/65\/2020\/11\/Puesta-de-sol-desde-la-fortaleza-562x422.jpg 562w\" sizes=\"(max-width: 600px) 100vw, 600px\" \/><p id=\"caption-attachment-625\" class=\"wp-caption-text\">Puesta de sol desde la fortaleza \/ V\u00edctor Gibello<\/p><\/div>\n<h4>Como elemento fundamentalmente destacado de este per\u00edodo, se elev\u00f3 la torre del homenaje, elemento ajeno a las construcciones isl\u00e1micas y propio de los sistemas defensivos cristianos. Junto a este elemento, el per\u00edmetro murado debi\u00f3 ser poco transformado, limit\u00e1ndose los santiaguistas a reparar las maltrechas f\u00e1bricas tras los asedios a los que debi\u00f3 ser sometido. Las reformas fundamentales debieron ser efectuadas en el interior, siendo dotado el recinto de elementos de residencia y culto de los que carec\u00eda, entre ellos una iglesia, seg\u00fan manifiestan las fuentes hist\u00f3ricas, cuya ubicaci\u00f3n en el cerro es desconocida.<\/h4>\n<h4><\/h4>\n<h4>Es tiempo de concluir, tambi\u00e9n de marchar. Las estrellas cubren Montemol\u00edn, la Osa Mayor brilla sobre el Cerro del Castillo. Cuesta despedirse cuando el coraz\u00f3n pide permanecer donde es feliz. Dejo que <a href=\"https:\/\/www.youtube.com\/watch?v=jKadgEgyqok\" target=\"_blank\" rel=\"noopener\">Diana Navarro<\/a> diga cantando adi\u00f3s por m\u00ed, ella lo hace maravillosamente bien.<\/h4>\n<div id=\"attachment_617\" style=\"width: 610px\" class=\"wp-caption aligncenter\"><img aria-describedby=\"caption-attachment-617\" loading=\"lazy\" class=\"size-full wp-image-617\" src=\"https:\/\/static-blogs.hoy.es\/wp-content\/uploads\/sites\/65\/2020\/11\/Montemol\u00edn-en-la-noche.jpg\" alt=\"Montemol\u00edn en la noche \/ V\u00edctor Gibello\" width=\"600\" height=\"902\" srcset=\"https:\/\/static-blogs.hoy.es\/wp-content\/uploads\/sites\/65\/2020\/11\/Montemol\u00edn-en-la-noche.jpg 600w, https:\/\/static-blogs.hoy.es\/wp-content\/uploads\/sites\/65\/2020\/11\/Montemol\u00edn-en-la-noche-200x300.jpg 200w, https:\/\/static-blogs.hoy.es\/wp-content\/uploads\/sites\/65\/2020\/11\/Montemol\u00edn-en-la-noche-374x562.jpg 374w\" sizes=\"(max-width: 600px) 100vw, 600px\" \/><p id=\"caption-attachment-617\" class=\"wp-caption-text\">Montemol\u00edn en la noche \/ V\u00edctor Gibello<\/p><\/div>\n<h5><\/h5>\n<!-- AddThis Advanced Settings generic via filter on the_content --><!-- AddThis Share Buttons generic via filter on the_content -->","protected":false},"excerpt":{"rendered":"<p>VER TODA LA GALER\u00cdA DE FOTOS DEL CASTILLO DE MONTEMOL\u00cdN\/ Autor: V\u00cdCTOR GIBELLO &nbsp; Repasando viejas notas para elaborar este art\u00edculo encontr\u00e9 entre mis papeles una cita de Ibn Jaldun, redactada en el siglo XIV. No era la que buscaba; sin embargo, sus antiguas palabras resultan tan actuales, que permiten abrir el texto como si [&hellip;]<!-- AddThis Advanced Settings generic via filter on get_the_excerpt --><!-- AddThis Share Buttons generic via filter on get_the_excerpt --><\/p>\n","protected":false},"author":71,"featured_media":0,"comment_status":"open","ping_status":"closed","sticky":false,"template":"","format":"standard","meta":[],"categories":[1],"tags":[717,43,718,719,117,118,720,160,721,263,268,269,722,723,456,724,563,725,579,726],"_links":{"self":[{"href":"https:\/\/blogs.hoy.es\/paraisos-olvidados\/wp-json\/wp\/v2\/posts\/603"}],"collection":[{"href":"https:\/\/blogs.hoy.es\/paraisos-olvidados\/wp-json\/wp\/v2\/posts"}],"about":[{"href":"https:\/\/blogs.hoy.es\/paraisos-olvidados\/wp-json\/wp\/v2\/types\/post"}],"author":[{"embeddable":true,"href":"https:\/\/blogs.hoy.es\/paraisos-olvidados\/wp-json\/wp\/v2\/users\/71"}],"replies":[{"embeddable":true,"href":"https:\/\/blogs.hoy.es\/paraisos-olvidados\/wp-json\/wp\/v2\/comments?post=603"}],"version-history":[{"count":6,"href":"https:\/\/blogs.hoy.es\/paraisos-olvidados\/wp-json\/wp\/v2\/posts\/603\/revisions"}],"predecessor-version":[{"id":627,"href":"https:\/\/blogs.hoy.es\/paraisos-olvidados\/wp-json\/wp\/v2\/posts\/603\/revisions\/627"}],"wp:attachment":[{"href":"https:\/\/blogs.hoy.es\/paraisos-olvidados\/wp-json\/wp\/v2\/media?parent=603"}],"wp:term":[{"taxonomy":"category","embeddable":true,"href":"https:\/\/blogs.hoy.es\/paraisos-olvidados\/wp-json\/wp\/v2\/categories?post=603"},{"taxonomy":"post_tag","embeddable":true,"href":"https:\/\/blogs.hoy.es\/paraisos-olvidados\/wp-json\/wp\/v2\/tags?post=603"}],"curies":[{"name":"wp","href":"https:\/\/api.w.org\/{rel}","templated":true}]}}