{"id":77,"date":"2013-03-08T11:46:17","date_gmt":"2013-03-08T11:46:17","guid":{"rendered":"http:\/\/blogs.hoy.es\/paraisos-olvidados\/?p=77"},"modified":"2013-03-08T11:46:17","modified_gmt":"2013-03-08T11:46:17","slug":"piedras-labradas-la-montana-sagrada-de-los-vetones","status":"publish","type":"post","link":"https:\/\/blogs.hoy.es\/paraisos-olvidados\/2013\/03\/08\/piedras-labradas-la-montana-sagrada-de-los-vetones\/","title":{"rendered":"Piedras Labradas, la monta\u00f1a sagrada de los vetones"},"content":{"rendered":"<div id=\"attachment_79\" style=\"width: 610px\" class=\"wp-caption aligncenter\"><a href=\"\/paraisos-olvidados\/wp-content\/uploads\/sites\/65\/2013\/03\/Cercado-realizado-con-material-romano.jpg\"><img aria-describedby=\"caption-attachment-79\" loading=\"lazy\" class=\"size-full wp-image-79\" title=\"Cercado realizado con material romano en Piedras Labradas. \/ V\u00edctor Gibello\" src=\"\/paraisos-olvidados\/wp-content\/uploads\/sites\/65\/2013\/03\/Cercado-realizado-con-material-romano.jpg\" alt=\"Cercado realizado con material romano en Piedras Labradas. \/ V\u00edctor Gibello\" width=\"600\" height=\"450\" srcset=\"https:\/\/static-blogs.hoy.es\/wp-content\/uploads\/sites\/65\/2013\/03\/Cercado-realizado-con-material-romano.jpg 600w, https:\/\/static-blogs.hoy.es\/wp-content\/uploads\/sites\/65\/2013\/03\/Cercado-realizado-con-material-romano-300x225.jpg 300w, https:\/\/static-blogs.hoy.es\/wp-content\/uploads\/sites\/65\/2013\/03\/Cercado-realizado-con-material-romano-562x422.jpg 562w\" sizes=\"(max-width: 600px) 100vw, 600px\" \/><\/a><p id=\"caption-attachment-79\" class=\"wp-caption-text\">Cercado realizado con material romano en Piedras Labradas. \/ V\u00edctor Gibello<\/p><\/div>\n<p><strong>VER TODA LA <a href=\"http:\/\/www.hoy.es\/multimedia\/fotos\/ultimos\/116402-piedras-labradas-localidad-cacerena-jarilla-0.html\" target=\"_blank\">GALER\u00cdA DE FOTOS DE PIEDRAS LABRADAS.<\/a> \/ Autor: V\u00cdCTOR GIBELLO<\/strong><\/p>\n<p>&nbsp;<\/p>\n<p><strong>Hay lugares que me llaman<\/strong>, de alg\u00fan modo s\u00e9 que me llaman. Cuando eso sucede, la convocatoria es tan irresistible que tengo que acudir r\u00e1pido al encuentro. En similares t\u00e9rminos se expresa <a href=\"http:\/\/www.battiato.it\/\" target=\"_blank\">Franco Battiato<\/a>, que tantas veces me acompa\u00f1a musicalmente en los viajes, en su canci\u00f3n <a href=\"http:\/\/www.youtube.com\/watch?v=zl2gJ_TQmO0\" target=\"_blank\"><em>Un irresistibile richiamo<\/em><\/a>, incluida en su \u00faltimo trabajo, <a href=\"http:\/\/www.battiato.it\/?page_id=3419\" target=\"_blank\"><em>Apriti Sesamo<\/em><\/a>.<!--more--><\/p>\n<p>Este <em>post<\/em> est\u00e1 dedicado a <strong>un para\u00edso muy olvidado<\/strong> situado en el t\u00e9rmino municipal de <a href=\"http:\/\/www.jarilla.es\/\" target=\"_blank\"><strong>Jarilla<\/strong><\/a>, un <strong>precioso pueblo del norte cacere\u00f1o<\/strong> asentado a los <a href=\"http:\/\/es.wikipedia.org\/wiki\/Trasierra_%28Badajoz%29\" target=\"_blank\"><strong>pies de la Trasierra<\/strong><\/a>.<\/p>\n<p>Conoc\u00ed <a href=\"http:\/\/www.youtube.com\/watch?v=AgY6NxBH4LM\" target=\"_blank\"><strong>Piedras Labradas<\/strong><\/a>, expresivo nombre con el que es denominado el lugar en la localidad, en la primavera del a\u00f1o 2001. Viv\u00ed la mayor parte de aquel a\u00f1o en la comarca, <strong>mientras excavaba el <a href=\"http:\/\/www.hoy.es\/v\/20110305\/sociedad\/descubren-nueva-puerta-caparra-20110305.html\" target=\"_blank\">yacimiento de C\u00e1parra<\/a><\/strong>.<\/p>\n<p>Qui\u00e9n sabe, <strong>quiz\u00e1s alg\u00fan d\u00eda les hable de C\u00e1parra<\/strong>, habr\u00eda tanto que contar\u2026 Desde aquella primera vez he vuelto a Jarilla otras muchas, casi siempre por placer. <strong>Lo he visitado en las cuatro estaciones y a horas diversas,<\/strong> y en cada ocasi\u00f3n ha sido una experiencia fascinante.<\/p>\n<p>Regres\u00e9 hace unos d\u00edas. <strong>Piedras Labradas volv\u00eda a citarme<\/strong>,\u00a0 me \u201cped\u00eda\u201d que lo fotografiara en invierno, que lo diera a conocer, que compartiera con todos ustedes este <strong>tesoro ajeno a la velocidad de nuestro tiempo<\/strong>, anclado a un <strong>mundo que ya no es<\/strong>, pero del que todav\u00eda forma parte.<\/p>\n<div id=\"attachment_78\" style=\"width: 610px\" class=\"wp-caption aligncenter\"><a href=\"\/paraisos-olvidados\/wp-content\/uploads\/sites\/65\/2013\/03\/Camino-hacia-Piedras-Labradas.jpg\"><img aria-describedby=\"caption-attachment-78\" loading=\"lazy\" class=\"size-full wp-image-78\" title=\"Por el camino hacia Piedras Labradas. \/ V\u00edctor Gibello\" src=\"\/paraisos-olvidados\/wp-content\/uploads\/sites\/65\/2013\/03\/Camino-hacia-Piedras-Labradas.jpg\" alt=\"Por el camino hacia Piedras Labradas. \/ V\u00edctor Gibello\" width=\"600\" height=\"450\" srcset=\"https:\/\/static-blogs.hoy.es\/wp-content\/uploads\/sites\/65\/2013\/03\/Camino-hacia-Piedras-Labradas.jpg 600w, https:\/\/static-blogs.hoy.es\/wp-content\/uploads\/sites\/65\/2013\/03\/Camino-hacia-Piedras-Labradas-300x225.jpg 300w, https:\/\/static-blogs.hoy.es\/wp-content\/uploads\/sites\/65\/2013\/03\/Camino-hacia-Piedras-Labradas-562x422.jpg 562w\" sizes=\"(max-width: 600px) 100vw, 600px\" \/><\/a><p id=\"caption-attachment-78\" class=\"wp-caption-text\">Por el camino hacia Piedras Labradas. \/ V\u00edctor Gibello<\/p><\/div>\n<p>Pregunt\u00e9 a un vecino por el camino de subida y su estado, <strong>m\u00e1s por el gusto de charlar<\/strong> que por la necesidad de informaci\u00f3n. Cuando ya marchaba, me llam\u00f3 a voces: \u201cpara. Mira, te vas a llevar a \u00e9ste, que es de fiar y va en tu misma direcci\u00f3n\u201d.<\/p>\n<p>Apareci\u00f3 un joven cargando una guitarra. Se present\u00f3 como <strong>Peter<\/strong>. Su nombre y su acento no permit\u00edan confundirlo con un nativo. Charlamos amigablemente en el trayecto compartido. Me dijo que era <strong>belga<\/strong>, que, despu\u00e9s de vivir alg\u00fan tiempo en Madrid, <strong>hab\u00eda decidido quedarse en <a href=\"http:\/\/www.casasdelmonte.es\/\" target=\"_blank\">Casas del Monte<\/a><\/strong>, donde se ganaba la vida impartiendo clases de ingl\u00e9s.<\/p>\n<p>Le pregunt\u00e9 por su proceso de adaptaci\u00f3n a la zona y por su vida all\u00ed, creo recordar que sus palabras fueron: \u201cestoy muy contento, esto es maravilloso, la gente me trata muy bien. <strong>El \u00fanico problema es que hay pocas mujeres<\/strong>, se marchan a la ciudad\u201d.<\/p>\n<p>Peter se baj\u00f3 en el desv\u00edo del camino hacia Casas del Monte, me agradeci\u00f3 la conversaci\u00f3n y la subida en coche hasta all\u00ed. Continu\u00e9 hacia Piedras Labradas ascendiendo por una pista complicada en algunos tramos. <strong>El encinar del inicio se torna robledal<\/strong> seg\u00fan se asciende. <strong>El espect\u00e1culo en primavera es esplendoroso<\/strong>, robles tupidos dan sombra a manchas de helechos, multitud de flores crean un tapiz de colorido, salpicando con sus tonos el verde intenso de los prados.<\/p>\n<p>Prefiero bajarme del coche y continuar a pie. <strong>La subida a una monta\u00f1a tiene siempre algo m\u00edstico<\/strong>. El ascenso, la b\u00fasqueda de lugares elevados y solitarios alejados del mundo; el esfuerzo de la subida en pos del objetivo marcado, la <strong>renuncia a la comodidad<\/strong>. No quiero deslizarme hacia la met\u00e1fora de la <strong>ascensi\u00f3n espiritual<\/strong>, como ya hiciera <a href=\"http:\/\/es.wikipedia.org\/wiki\/Petrarca#Colecciones_epistolares\" target=\"_blank\">Francesco Petrarca <\/a>en la ep\u00edstola en la que describe su<strong> subida al Monte Ventoso<\/strong>, pero el paisaje y el lugar se prestan a ello plenamente.<\/p>\n<p>Dejo atr\u00e1s un <strong>\u00faltimo bosquecillo de robles dormidos por el invierno<\/strong>, el d\u00eda soleado quiere sacarlos de su letargo estacional, y me adentro en una <strong>formaci\u00f3n geol\u00f3gica singular<\/strong> creada para simular un escenario de otro tiempo: <strong>cientos, miles de rocas gran\u00edticas, que parecieran talladas para simular enormes seres antediluvianos<\/strong>, se disponen por el entorno. Estamos en una <strong>monta\u00f1a m\u00e1gica<\/strong>, cualquier cosa es posible.<\/p>\n<div id=\"attachment_80\" style=\"width: 610px\" class=\"wp-caption aligncenter\"><a href=\"\/paraisos-olvidados\/wp-content\/uploads\/sites\/65\/2013\/03\/Formaciones-rocosas.jpg\"><img aria-describedby=\"caption-attachment-80\" loading=\"lazy\" class=\"size-full wp-image-80\" title=\"Formaciones rocosas en la monta\u00f1a m\u00e1gica. \/ V\u00edctor Gibello\" src=\"\/paraisos-olvidados\/wp-content\/uploads\/sites\/65\/2013\/03\/Formaciones-rocosas.jpg\" alt=\"Formaciones rocosas en la monta\u00f1a m\u00e1gica. \/ V\u00edctor Gibello\" width=\"600\" height=\"450\" srcset=\"https:\/\/static-blogs.hoy.es\/wp-content\/uploads\/sites\/65\/2013\/03\/Formaciones-rocosas.jpg 600w, https:\/\/static-blogs.hoy.es\/wp-content\/uploads\/sites\/65\/2013\/03\/Formaciones-rocosas-300x225.jpg 300w, https:\/\/static-blogs.hoy.es\/wp-content\/uploads\/sites\/65\/2013\/03\/Formaciones-rocosas-562x422.jpg 562w\" sizes=\"(max-width: 600px) 100vw, 600px\" \/><\/a><p id=\"caption-attachment-80\" class=\"wp-caption-text\">Formaciones rocosas en la monta\u00f1a m\u00e1gica. \/ V\u00edctor Gibello<\/p><\/div>\n<p>Buscando entre el roquedo descubro <strong>huellas ancestrales del paso del hombre y del uso del espacio como tierra sagrada<\/strong>. Algunas piedras ofrecen rastros evidentes de su uso como <strong>primitivos altares<\/strong>: escalones, recept\u00e1culos de los sacrificios, cubetas y canalillos tallados en el granito.<\/p>\n<p>Sigo adelante entre <strong>enormes bolos<\/strong> hasta alcanzar una meseta despejada circundada por un <strong>curioso vallado de sillares<\/strong>. La meseta se alza hasta los <strong>1.062 metros de altura<\/strong>. Hacia el Este la protegen cumbres que se elevan por encima de los <strong>1.500 metros<\/strong>. Hacia las restantes direcciones las <strong>panor\u00e1micas del <a href=\"http:\/\/www.valleambroz.org\/\" target=\"_blank\">Valle del Ambroz<\/a> y de <a href=\"http:\/\/www.tierrasdegranadilla.org\/Mancomun\/inicio.htm\" target=\"_blank\">Tierras de Granadilla<\/a> son espectaculares<\/strong>.<\/p>\n<p>En el centro de la planicie, rodeado de una mullida alfombra verde, est\u00e1 un <strong>templo romano abandonado hace siglos<\/strong>. No ha hecho falta una excavaci\u00f3n arqueol\u00f3gica para poder contemplarlo. El edificio se orienta en sentido Este \u2013 Oeste, se configura a modo de nave rectangular, una<strong> <em>cella<\/em> sencilla carente de vest\u00edbulo de entrada<\/strong>, debi\u00f3 ser cerrado con cubierta a dos aguas. Se conservan dos hiladas, la primera, de cimentaci\u00f3n, que sobresale ligeramente con respecto a la cota de suelo actual, y la segunda, de alzado, con una base moldurada.<\/p>\n<div id=\"attachment_81\" style=\"width: 610px\" class=\"wp-caption aligncenter\"><a href=\"\/paraisos-olvidados\/wp-content\/uploads\/sites\/65\/2013\/03\/Detalle-de-basamento-y-alzado-moldurado-del-templo.jpg\"><img aria-describedby=\"caption-attachment-81\" loading=\"lazy\" class=\"size-full wp-image-81\" title=\"Detalle de basamento y alzado moldurado del templo romano. \/ V\u00edctor Gibello\" src=\"\/paraisos-olvidados\/wp-content\/uploads\/sites\/65\/2013\/03\/Detalle-de-basamento-y-alzado-moldurado-del-templo.jpg\" alt=\"Detalle de basamento y alzado moldurado del templo romano. \/ V\u00edctor Gibello\" width=\"600\" height=\"450\" srcset=\"https:\/\/static-blogs.hoy.es\/wp-content\/uploads\/sites\/65\/2013\/03\/Detalle-de-basamento-y-alzado-moldurado-del-templo.jpg 600w, https:\/\/static-blogs.hoy.es\/wp-content\/uploads\/sites\/65\/2013\/03\/Detalle-de-basamento-y-alzado-moldurado-del-templo-300x225.jpg 300w, https:\/\/static-blogs.hoy.es\/wp-content\/uploads\/sites\/65\/2013\/03\/Detalle-de-basamento-y-alzado-moldurado-del-templo-562x422.jpg 562w\" sizes=\"(max-width: 600px) 100vw, 600px\" \/><\/a><p id=\"caption-attachment-81\" class=\"wp-caption-text\">Detalle de basamento y alzado moldurado del templo romano. \/ V\u00edctor Gibello<\/p><\/div>\n<p>En el interior y en el entorno circundante pueden verse <strong>numerosos bloques procedentes de su desmontaje en tiempos hist\u00f3ricos.<\/strong> La cerca a la que me refer\u00eda con anterioridad tambi\u00e9n se hizo con materiales procedentes del templo. Aqu\u00ed aparece un sillar, all\u00ed una pieza del front\u00f3n, all\u00e1 una cornisa con su moldura.<\/p>\n<p><strong>El edificio debi\u00f3 tener unos tres metros de altura<\/strong>. La puerta de entrada, bien visible hacia el Este, tiene 1,4 metros de anchura, en su base se encuentra su imponente dintel monol\u00edtico de algo m\u00e1s de 2 metros de longitud.<\/p>\n<p><strong>Hasta 2007 eran visibles varias aras junto al templo<\/strong>, <strong>la mayor\u00eda de ellas fueron robadas entonces<\/strong>, quiz\u00e1s poco despu\u00e9s de ser trazada una pista que lleva hasta la cumbre. De ello inform\u00f3 el <a href=\"http:\/\/www.hoy.es\/prensa\/20070402\/plasencia\/llevan-diversas-aras-votivas_20070402.html\" target=\"_blank\">Diario Hoy<\/a>. Se desconocen qui\u00e9n perpetr\u00f3 el robo y cu\u00e1l ha sido el destino de estas piezas, <strong>un expolio m\u00e1s de los muchos que sufre nuestro Patrimonio cada d\u00eda<\/strong>.<\/p>\n<p>Templos como el que se levant\u00f3 en Jarilla <strong>se construyeron por todo el imperio<\/strong>. Un ejemplo similar, que nos ayuda a comprender perfectamente el volumen y configuraci\u00f3n de Piedras Labradas, <a href=\"http:\/\/www.paseovirtual.net\/puentedealcantara\/\" target=\"_blank\"><strong>es el templete conservado en Alc\u00e1ntara<\/strong><\/a>, en la cabecera del puente, junto a la margen izquierda del r\u00edo.<\/p>\n<p><span style=\"text-decoration: underline;\"><strong>\u00bfCu\u00e1les son el origen y la funci\u00f3n de este edificio sacro?<\/strong><\/span><\/p>\n<p>Cuando Roma decidi\u00f3 someter <em>manu militari<\/em> la<a href=\"http:\/\/www.google.es\/url?sa=t&#038;rct=j&#038;q=&#038;esrc=s&#038;source=web&#038;cd=1&#038;ved=0CDEQFjAA&#038;url=http%3A%2F%2Fes.wikipedia.org%2Fwiki%2FLusitania&#038;ei=Jbo5UbekMLSQ7AbBioDYDA&#038;usg=AFQjCNGL9cfI_9hfGq--l4idIs91xkJ2-g&#038;sig2=TWG85GmVVSq8LpSk7uPZiw&#038;bvm=bv.43287494,d.ZGU\" target=\"_blank\"> Lusitania<\/a>, el espacio estaba ocupado por varios pueblos organizados en estructuras tribales y cl\u00e1nicas bien definidas. Este sector de la provincia de C\u00e1ceres, junto a tierras de Zamora, Salamanca, \u00c1vila, Badajoz y Tras Os Montes (Portugal) pertenec\u00eda a los <strong>vetones<\/strong>, un <strong><\/strong><strong>pueblo de origen c\u00e9ltico<\/strong> al que se vinculan los <strong>famosos verracos como elementos identitarios<\/strong>.<\/p>\n<div id=\"attachment_82\" style=\"width: 610px\" class=\"wp-caption aligncenter\"><a href=\"\/paraisos-olvidados\/wp-content\/uploads\/sites\/65\/2013\/03\/Altar-veto\u00a6\u00fcn.jpg\"><img aria-describedby=\"caption-attachment-82\" loading=\"lazy\" class=\"size-full wp-image-82\" title=\"Altar vet\u00f3n que se encuentra en Piedras Labradas. \/ V\u00edctor Gibello\" src=\"\/paraisos-olvidados\/wp-content\/uploads\/sites\/65\/2013\/03\/Altar-veto\u00a6\u00fcn.jpg\" alt=\"Altar vet\u00f3n que se encuentra en Piedras Labradas. \/ V\u00edctor Gibello\" width=\"600\" height=\"450\" srcset=\"https:\/\/static-blogs.hoy.es\/wp-content\/uploads\/sites\/65\/2013\/03\/Altar-veto\u00a6\u00fcn.jpg 600w, https:\/\/static-blogs.hoy.es\/wp-content\/uploads\/sites\/65\/2013\/03\/Altar-veto\u00a6\u00fcn-300x225.jpg 300w, https:\/\/static-blogs.hoy.es\/wp-content\/uploads\/sites\/65\/2013\/03\/Altar-veto\u00a6\u00fcn-562x422.jpg 562w\" sizes=\"(max-width: 600px) 100vw, 600px\" \/><\/a><p id=\"caption-attachment-82\" class=\"wp-caption-text\">Altar vet\u00f3n que se encuentra en Piedras Labradas. \/ V\u00edctor Gibello<\/p><\/div>\n<p><strong>Los vetones sufrieron un terrible destino<\/strong> a manos de la <strong>\u201ccivilizada\u201d Roma<\/strong>, fueron sometidos a dos procesos: <strong>uno de genocidio<\/strong>, pues buena parte de la poblaci\u00f3n fue exterminada o esclavizada, y otro de <strong>etnocidio, ya que se aniquil\u00f3 su cultura<\/strong>.<\/p>\n<p><strong>Los terribles sucesos<\/strong> que acabaron con vetones, lusitanos y otros pueblos coet\u00e1neos han dejado <strong>poca huella en nuestra memoria hist\u00f3rica<\/strong>. Tristemente, <strong>tan solo ha pervivido la <em>historia<\/em> que los vencedores quisieron<\/strong> y el conocimiento que poseemos de aquellas gentes, nuestros ancestros, proviene de la propia Roma y de la distorsionada imagen que les interes\u00f3 proyectar.<\/p>\n<p>En nuestros d\u00edas,<strong> el Parlamento regional<\/strong>, eso que llaman la casa de la representaci\u00f3n popular, <strong>aparece presidido por un mosaico romano en lugar de por un verraco<\/strong>, el verdadero signo de identidad regional, \u00bftan poco conocemos nuestra propia historia o perpetuamos la mentalidad de sometidos heredada?<\/p>\n<p>En el entorno de Piedras Labradas <strong>hubo un<\/strong> <em>nemetum<\/em>, un <strong>lugar sagrado<\/strong> para los vetones desde la segunda mitad del primer milenio A. C. All\u00ed, <strong>alrededor de las rocas de misteriosas formas, debi\u00f3 existir un espeso y antiguo bosque consagrado<\/strong> donde se veneraba a divinidades vinculadas a la naturaleza.<\/p>\n<p>En un claro de esta vieja selva, donde a\u00fan hoy nacen varias fuentes,<strong> se reunir\u00edan en fechas se\u00f1aladas del a\u00f1o las gentes de la comarca para realizar sus rituales religiosos y asambleas<\/strong> en las que decidir sobre los principales asuntos de la comunidad. Ning\u00fan lugar mejor para ello que los<strong> \u00e1rboles sagrados<\/strong> con los que se establec\u00edan lazos simb\u00f3licos y sentimentales desde el nacimiento hasta la muerte.<\/p>\n<div id=\"attachment_83\" style=\"width: 610px\" class=\"wp-caption aligncenter\"><a href=\"\/paraisos-olvidados\/wp-content\/uploads\/sites\/65\/2013\/03\/Recuerdo-del-bosque-primitivo.jpg\"><img aria-describedby=\"caption-attachment-83\" loading=\"lazy\" class=\"size-full wp-image-83\" title=\"Recuerdo del bosque primitivo que todav\u00eda se encuentra en Piedras Labradas. \/ V\u00edctor Gibello\" src=\"\/paraisos-olvidados\/wp-content\/uploads\/sites\/65\/2013\/03\/Recuerdo-del-bosque-primitivo.jpg\" alt=\"Recuerdo del bosque primitivo que todav\u00eda se encuentra en Piedras Labradas. \/ V\u00edctor Gibello\" width=\"600\" height=\"450\" srcset=\"https:\/\/static-blogs.hoy.es\/wp-content\/uploads\/sites\/65\/2013\/03\/Recuerdo-del-bosque-primitivo.jpg 600w, https:\/\/static-blogs.hoy.es\/wp-content\/uploads\/sites\/65\/2013\/03\/Recuerdo-del-bosque-primitivo-300x225.jpg 300w, https:\/\/static-blogs.hoy.es\/wp-content\/uploads\/sites\/65\/2013\/03\/Recuerdo-del-bosque-primitivo-562x422.jpg 562w\" sizes=\"(max-width: 600px) 100vw, 600px\" \/><\/a><p id=\"caption-attachment-83\" class=\"wp-caption-text\">Recuerdo del bosque primitivo que todav\u00eda se encuentra en Piedras Labradas. \/ V\u00edctor Gibello<\/p><\/div>\n<p><strong>Tras la conquista, Roma se apropi\u00f3 de todo<\/strong>. Los viejos dioses fueron asimilados a las deidades romanas y los lugares de culto fueron adaptados para ellos. <strong>En el bosque umbroso<\/strong> en que moraban los dioses vetones, en aquel templo natural no necesitado de obra humana para elevar plegarias y realizar sacrificios, <strong>Roma erigi\u00f3 un edificio religioso<\/strong>, sus restos son los que contemplamos, aunque se desconoce a qui\u00e9n estuvo dedicado.<\/p>\n<p>Inicio el descenso del cerro, y <strong>algunos manantiales est\u00e1n todav\u00eda helados<\/strong>. Me asomo a contemplar el valle. Al fondo, <a href=\"http:\/\/www.mancomunidadhurdes.org\/index.php?opcion=localizacion\" target=\"_blank\">las sierras de Las Hurdes<\/a> van adquiriendo ciertos tonos pastel. Por un momento imagino el lugar <strong>2.500 a\u00f1os atr\u00e1s<\/strong>, cierta melancol\u00eda me invade. Casi sin quererlo, me deslizo monte abajo, en mi mente canta <a href=\"http:\/\/www.musicade.net\/videos-de-musica-de-ol%27ga-sergeeva\/\" target=\"_blank\"><strong>Olga Sergeeva<\/strong><\/a> la canci\u00f3n tradicional rusa <a href=\"http:\/\/www.youtube.com\/watch?v=ZH4VKGTnK0E\" target=\"_blank\"><em>Kumushki<\/em><\/a>.<\/p>\n<div id=\"attachment_84\" style=\"width: 610px\" class=\"wp-caption aligncenter\"><a href=\"\/paraisos-olvidados\/wp-content\/uploads\/sites\/65\/2013\/03\/Manantial-helado-en-la-cumbre.jpg\"><img aria-describedby=\"caption-attachment-84\" loading=\"lazy\" class=\"size-full wp-image-84\" title=\"Manantial helado en la cumbre de la monta\u00f1a m\u00e1gica para los vetones. \/ V\u00edctor Gibello\" src=\"\/paraisos-olvidados\/wp-content\/uploads\/sites\/65\/2013\/03\/Manantial-helado-en-la-cumbre.jpg\" alt=\"Manantial helado en la cumbre de la monta\u00f1a m\u00e1gica para los vetones. \/ V\u00edctor Gibello\" width=\"600\" height=\"450\" srcset=\"https:\/\/static-blogs.hoy.es\/wp-content\/uploads\/sites\/65\/2013\/03\/Manantial-helado-en-la-cumbre.jpg 600w, https:\/\/static-blogs.hoy.es\/wp-content\/uploads\/sites\/65\/2013\/03\/Manantial-helado-en-la-cumbre-300x225.jpg 300w, https:\/\/static-blogs.hoy.es\/wp-content\/uploads\/sites\/65\/2013\/03\/Manantial-helado-en-la-cumbre-562x422.jpg 562w\" sizes=\"(max-width: 600px) 100vw, 600px\" \/><\/a><p id=\"caption-attachment-84\" class=\"wp-caption-text\">Manantial helado en la cumbre de la monta\u00f1a m\u00e1gica para los vetones. \/ V\u00edctor Gibello<\/p><\/div>\n<p>&nbsp;<\/p>\n<!-- AddThis Advanced Settings generic via filter on the_content --><!-- AddThis Share Buttons generic via filter on the_content -->","protected":false},"excerpt":{"rendered":"<p>VER TODA LA GALER\u00cdA DE FOTOS DE PIEDRAS LABRADAS. \/ Autor: V\u00cdCTOR GIBELLO &nbsp; Hay lugares que me llaman, de alg\u00fan modo s\u00e9 que me llaman. Cuando eso sucede, la convocatoria es tan irresistible que tengo que acudir r\u00e1pido al encuentro. En similares t\u00e9rminos se expresa Franco Battiato, que tantas veces me acompa\u00f1a musicalmente en [&hellip;]<!-- AddThis Advanced Settings generic via filter on get_the_excerpt --><!-- AddThis Share Buttons generic via filter on get_the_excerpt --><\/p>\n","protected":false},"author":3,"featured_media":0,"comment_status":"open","ping_status":"closed","sticky":false,"template":"","format":"standard","meta":[],"categories":[30],"tags":[51,71,77,83,87,88,95,97,110,125,133,136,139,150,158,163,164,170,233,253,256,257,259,273,275,296,312,321,326,334,342,355,375,383,417,419,422,451,467,474,491,503,538,539,541,543,547,549,569,578,588,589,597,607,611,612,633],"_links":{"self":[{"href":"https:\/\/blogs.hoy.es\/paraisos-olvidados\/wp-json\/wp\/v2\/posts\/77"}],"collection":[{"href":"https:\/\/blogs.hoy.es\/paraisos-olvidados\/wp-json\/wp\/v2\/posts"}],"about":[{"href":"https:\/\/blogs.hoy.es\/paraisos-olvidados\/wp-json\/wp\/v2\/types\/post"}],"author":[{"embeddable":true,"href":"https:\/\/blogs.hoy.es\/paraisos-olvidados\/wp-json\/wp\/v2\/users\/3"}],"replies":[{"embeddable":true,"href":"https:\/\/blogs.hoy.es\/paraisos-olvidados\/wp-json\/wp\/v2\/comments?post=77"}],"version-history":[{"count":0,"href":"https:\/\/blogs.hoy.es\/paraisos-olvidados\/wp-json\/wp\/v2\/posts\/77\/revisions"}],"wp:attachment":[{"href":"https:\/\/blogs.hoy.es\/paraisos-olvidados\/wp-json\/wp\/v2\/media?parent=77"}],"wp:term":[{"taxonomy":"category","embeddable":true,"href":"https:\/\/blogs.hoy.es\/paraisos-olvidados\/wp-json\/wp\/v2\/categories?post=77"},{"taxonomy":"post_tag","embeddable":true,"href":"https:\/\/blogs.hoy.es\/paraisos-olvidados\/wp-json\/wp\/v2\/tags?post=77"}],"curies":[{"name":"wp","href":"https:\/\/api.w.org\/{rel}","templated":true}]}}