{"id":104,"date":"2013-01-30T12:21:18","date_gmt":"2013-01-30T12:21:18","guid":{"rendered":"http:\/\/blogs.hoy.es\/red-decora\/?p=104"},"modified":"2013-01-30T12:21:18","modified_gmt":"2013-01-30T12:21:18","slug":"atrio-una-mezcla-de-historia-y-modernidad","status":"publish","type":"post","link":"https:\/\/blogs.hoy.es\/red-decora\/2013\/01\/30\/atrio-una-mezcla-de-historia-y-modernidad\/","title":{"rendered":"Atrio, un dise\u00f1o con premio"},"content":{"rendered":"<p>El Hotel Atrio en \u00a0C\u00e1ceres , ha sido galardonado con <strong>el Premio FAD de Arquitectura 2011<\/strong>, est\u00e1 ubicado en pleno casco hist\u00f3rico, tambi\u00e9n hay que a\u00f1adir que el jurado destac\u00f3 la reinterpretaci\u00f3n y valoraci\u00f3n \u00a0que hicieron en uno de los edificio como <strong>&#8220;una sugerente remodelaci\u00f3n de la estructura espacial tradicional de las casas de la ciudad&#8221;<\/strong>, la cual <strong>&#8220;proporciona al proyecto una \u00a0gran riqueza perceptiva y permite establecer una simple y sabia relaci\u00f3n con el clima&#8221;<\/strong>. <strong>&#8220;Se palpa la intensidad dedicada al dise\u00f1o de cada estancia&#8221;<\/strong>, son algunas de las descripciones hechas.<\/p>\n<div class=\"mceTemp mceIEcenter\">\n<p style=\"text-align: center;\"><a href=\"\/red-decora\/wp-content\/uploads\/sites\/66\/2013\/01\/poster.png\"><img loading=\"lazy\" class=\" wp-image-123 aligncenter\" title=\"poster\" src=\"\/red-decora\/wp-content\/uploads\/sites\/66\/2013\/01\/poster.png\" alt=\"\" width=\"595\" height=\"335\" srcset=\"https:\/\/static-blogs.hoy.es\/wp-content\/uploads\/sites\/66\/2013\/01\/poster.png 881w, https:\/\/static-blogs.hoy.es\/wp-content\/uploads\/sites\/66\/2013\/01\/poster-300x169.png 300w, https:\/\/static-blogs.hoy.es\/wp-content\/uploads\/sites\/66\/2013\/01\/poster-768x432.png 768w\" sizes=\"(max-width: 595px) 100vw, 595px\" \/><\/a><\/p>\n<p>&nbsp;<\/p>\n<\/div>\n<div id=\"__tbSetup\">\n<p>Es un proyecto realizado por los arquitectos <strong>Emilio Tu\u00f1\u00f3n y Luis Moreno Mansilla<\/strong>, el Hotel Atrio est\u00e1 planteado en dos alturas, m\u00e1s un s\u00f3tano donde se ubica la joya de la casa, <strong>la bodega, y un espectacular \u00e1tico con dos peque\u00f1as piscinas que ofrece una privilegiada panor\u00e1mica de la ciudad<\/strong><strong> monumental.<\/strong><\/p>\n<p>El hotel dispone de<strong> catorce habitaciones, todas ellas con grandes ventanales\u00a0 <\/strong>e incluso en los propios ba\u00f1os y equipadas con todo lo necesario para no querer salir y poder relajarte.<\/p>\n<div id=\"attachment_108\" style=\"width: 610px\" class=\"wp-caption aligncenter\"><a href=\"\/red-decora\/wp-content\/uploads\/sites\/66\/2013\/01\/a_atrio1-z.jpg\"><img aria-describedby=\"caption-attachment-108\" loading=\"lazy\" class=\"size-full wp-image-108\" title=\"a_atrio1-z\" src=\"\/red-decora\/wp-content\/uploads\/sites\/66\/2013\/01\/a_atrio1-z.jpg\" alt=\"\" width=\"600\" height=\"270\" srcset=\"https:\/\/static-blogs.hoy.es\/wp-content\/uploads\/sites\/66\/2013\/01\/a_atrio1-z.jpg 600w, https:\/\/static-blogs.hoy.es\/wp-content\/uploads\/sites\/66\/2013\/01\/a_atrio1-z-300x135.jpg 300w\" sizes=\"(max-width: 600px) 100vw, 600px\" \/><\/a><p id=\"caption-attachment-108\" class=\"wp-caption-text\">Zona de estar de una de las habitaciones.<\/p><\/div>\n<div class=\"mceTemp mceIEcenter\">\n<div id=\"attachment_122\" style=\"width: 613px\" class=\"wp-caption aligncenter\"><a href=\"\/red-decora\/wp-content\/uploads\/sites\/66\/2013\/01\/atrio22.jpg\"><img aria-describedby=\"caption-attachment-122\" loading=\"lazy\" class=\" wp-image-122\" title=\"atrio22\" src=\"\/red-decora\/wp-content\/uploads\/sites\/66\/2013\/01\/atrio22.jpg\" alt=\"\" width=\"603\" height=\"396\" srcset=\"https:\/\/static-blogs.hoy.es\/wp-content\/uploads\/sites\/66\/2013\/01\/atrio22.jpg 500w, https:\/\/static-blogs.hoy.es\/wp-content\/uploads\/sites\/66\/2013\/01\/atrio22-300x197.jpg 300w\" sizes=\"(max-width: 603px) 100vw, 603px\" \/><\/a><p id=\"caption-attachment-122\" class=\"wp-caption-text\">Los dormitorios transmiten paz y armonia con el color blanco que predomina en ellas.<\/p><\/div>\n<\/div>\n<div id=\"attachment_110\" style=\"width: 633px\" class=\"wp-caption aligncenter\"><a href=\"\/red-decora\/wp-content\/uploads\/sites\/66\/2013\/01\/hotel-atrio-caceres-05.jpg\"><img aria-describedby=\"caption-attachment-110\" loading=\"lazy\" class=\" wp-image-110\" title=\"hotel-atrio-caceres-05\" src=\"\/red-decora\/wp-content\/uploads\/sites\/66\/2013\/01\/hotel-atrio-caceres-05.jpg\" alt=\"\" width=\"623\" height=\"441\" srcset=\"https:\/\/static-blogs.hoy.es\/wp-content\/uploads\/sites\/66\/2013\/01\/hotel-atrio-caceres-05.jpg 800w, https:\/\/static-blogs.hoy.es\/wp-content\/uploads\/sites\/66\/2013\/01\/hotel-atrio-caceres-05-300x213.jpg 300w, https:\/\/static-blogs.hoy.es\/wp-content\/uploads\/sites\/66\/2013\/01\/hotel-atrio-caceres-05-768x545.jpg 768w\" sizes=\"(max-width: 623px) 100vw, 623px\" \/><\/a>Habitaciones muy elegantes.<\/dt>\n<\/dl>\n<\/div>\n<div class=\"mceTemp mceIEcenter\">\n<dl id=\"attachment_111\" class=\"wp-caption aligncenter\" style=\"width: 640px;\">\n<dt class=\"wp-caption-dt\"><a href=\"\/red-decora\/wp-content\/uploads\/sites\/66\/2013\/01\/1303812832_extras_albumes_0.jpg\"><img aria-describedby=\"caption-attachment-110\" loading=\"lazy\" class=\" wp-image-111\" title=\"1303812832_extras_albumes_0\" src=\"\/red-decora\/wp-content\/uploads\/sites\/66\/2013\/01\/1303812832_extras_albumes_0.jpg\" alt=\"\" width=\"630\" height=\"420\" srcset=\"https:\/\/static-blogs.hoy.es\/wp-content\/uploads\/sites\/66\/2013\/01\/1303812832_extras_albumes_0.jpg 562w, https:\/\/static-blogs.hoy.es\/wp-content\/uploads\/sites\/66\/2013\/01\/1303812832_extras_albumes_0-300x200.jpg 300w\" sizes=\"(max-width: 630px) 100vw, 630px\" \/><\/a><p id=\"caption-attachment-110\" class=\"wp-caption-text\">Dise\u00f1o y encanto van de la mano.<\/p><\/div>\n<p>No\u00a0 hace falta que \u00a0 describa\u00a0 que el Atrio es un lugar especial, donde se fusionan, la historia con \u00a0el hist\u00f3rico edificio, y la modernidad con una arquitectura m\u00e1s conceptual y minimalista , con un dise\u00f1o de interiores totalmente relajante, con colores\u00a0 neutros , y \u00a0\u00a0hay que hablar tambi\u00e9n\u00a0 de la\u00a0 decoraci\u00f3n del mobiliario,en la cual hay \u00a0piezas de dise\u00f1adores y artistas reconocidos como: <strong>obras de Andy Warhol, Antonio Saura, Antoni Tapies, Georg Baselitz, Candida H\u00f6fer, Gerardo Rueda o Thomas Ruff&#8230; <\/strong>o las l\u00e1mparas de Arne Jacobsen.<\/p>\n<div id=\"attachment_113\" style=\"width: 944px\" class=\"wp-caption aligncenter\"><a href=\"\/red-decora\/wp-content\/uploads\/sites\/66\/2013\/01\/atrio-c\u00e1ceres-e1359502550528.png\"><img aria-describedby=\"caption-attachment-113\" loading=\"lazy\" class=\" wp-image-113\" title=\"atrio c\u00e1ceres\" src=\"\/red-decora\/wp-content\/uploads\/sites\/66\/2013\/01\/atrio-c\u00e1ceres-e1359502550528.png\" alt=\"\" width=\"934\" height=\"232\" srcset=\"https:\/\/static-blogs.hoy.es\/wp-content\/uploads\/sites\/66\/2013\/01\/atrio-c\u00e1ceres-e1359502550528.png 773w, https:\/\/static-blogs.hoy.es\/wp-content\/uploads\/sites\/66\/2013\/01\/atrio-c\u00e1ceres-e1359502550528-300x75.png 300w, https:\/\/static-blogs.hoy.es\/wp-content\/uploads\/sites\/66\/2013\/01\/atrio-c\u00e1ceres-e1359502550528-768x191.png 768w\" sizes=\"(max-width: 934px) 100vw, 934px\" \/><\/a><p id=\"caption-attachment-113\" class=\"wp-caption-text\">Zonas de estar.<\/p><\/div>\n<div id=\"attachment_114\" style=\"width: 611px\" class=\"wp-caption aligncenter\"><a href=\"\/red-decora\/wp-content\/uploads\/sites\/66\/2013\/01\/Captura-de-pantalla-2011-08-29-a-las-13.17.02.png\"><img aria-describedby=\"caption-attachment-114\" loading=\"lazy\" class=\"size-full wp-image-114\" title=\"Captura-de-pantalla-2011-08-29-a-las-13.17.02\" src=\"\/red-decora\/wp-content\/uploads\/sites\/66\/2013\/01\/Captura-de-pantalla-2011-08-29-a-las-13.17.02.png\" alt=\"\" width=\"601\" height=\"450\" srcset=\"https:\/\/static-blogs.hoy.es\/wp-content\/uploads\/sites\/66\/2013\/01\/Captura-de-pantalla-2011-08-29-a-las-13.17.02.png 601w, https:\/\/static-blogs.hoy.es\/wp-content\/uploads\/sites\/66\/2013\/01\/Captura-de-pantalla-2011-08-29-a-las-13.17.02-300x225.png 300w\" sizes=\"(max-width: 601px) 100vw, 601px\" \/><\/a><p id=\"caption-attachment-114\" class=\"wp-caption-text\">Zona de paso,gran luminosidad.<\/p><\/div>\n<div id=\"attachment_115\" style=\"width: 479px\" class=\"wp-caption aligncenter\"><a href=\"\/red-decora\/wp-content\/uploads\/sites\/66\/2013\/01\/Caceres-atrio-001.jpg\"><img aria-describedby=\"caption-attachment-115\" loading=\"lazy\" class=\" wp-image-115\" title=\"Caceres-atrio-001\" src=\"\/red-decora\/wp-content\/uploads\/sites\/66\/2013\/01\/Caceres-atrio-001.jpg\" alt=\"\" width=\"469\" height=\"353\" \/><\/a><p id=\"caption-attachment-115\" class=\"wp-caption-text\">Restaurante<\/p><\/div>\n<div id=\"attachment_116\" style=\"width: 625px\" class=\"wp-caption aligncenter\"><a href=\"\/red-decora\/wp-content\/uploads\/sites\/66\/2013\/01\/1303812881_extras_albumes_0.jpg\"><img aria-describedby=\"caption-attachment-116\" loading=\"lazy\" class=\" wp-image-116\" title=\"1303812881_extras_albumes_0\" src=\"\/red-decora\/wp-content\/uploads\/sites\/66\/2013\/01\/1303812881_extras_albumes_0.jpg\" alt=\"\" width=\"615\" height=\"458\" srcset=\"https:\/\/static-blogs.hoy.es\/wp-content\/uploads\/sites\/66\/2013\/01\/1303812881_extras_albumes_0.jpg 562w, https:\/\/static-blogs.hoy.es\/wp-content\/uploads\/sites\/66\/2013\/01\/1303812881_extras_albumes_0-300x223.jpg 300w\" sizes=\"(max-width: 615px) 100vw, 615px\" \/><\/a><p id=\"caption-attachment-116\" class=\"wp-caption-text\">La madera proporciona al comedor un aire acogedor y tranquilo<\/p><\/div>\n<p><strong>LA BODEGA, <\/strong>es la joya de la corona sin duda alguna y por eso tambi\u00e9n hace tan especial al Atrio, tambi\u00e9n por el dise\u00f1o que tiene que es circular y crea un espacio en la bodega con un encantan innato y el revestimiento de madera hace de ella un lugar acogedor se ubica en el s\u00f3tano ; est\u00e1 calificada como una de las mejores del mundo,y es muy demandada por los\u00a0 clientes ,ya que tambi\u00e9n tienen autenticas botellas que son reliquias que reposan en cajas de roble , unas de 35.000 botellas de 3.000 referencias procedentes de 20 pa\u00edses distintos. Entre ellas, aut\u00e9nticos tesoros de la enolog\u00eda como las verticales de Chateau Latour desde 1945, Chateau Lafite Rothschild desde 1929, Chateau Margaux desde 1938, de Romanee Conti (incluyendo su Montrachet, del que s\u00f3lo hacen 2.000 botellas al a\u00f1o), de Petrus desde 1947, Dom Perignon desde 1966, Pingus o Vega Sicilia desde 1918,para los que son amantes del vino,disfrutar\u00e1n viendo estas joyas.<\/p>\n<div id=\"attachment_126\" style=\"width: 470px\" class=\"wp-caption aligncenter\"><a href=\"\/red-decora\/wp-content\/uploads\/sites\/66\/2013\/01\/bodega-capilla-del-restaurante-atrio-en-caceres.jpg\"><img aria-describedby=\"caption-attachment-126\" loading=\"lazy\" class=\" wp-image-126\" title=\"bodega-capilla-del-restaurante-atrio-en-caceres\" src=\"\/red-decora\/wp-content\/uploads\/sites\/66\/2013\/01\/bodega-capilla-del-restaurante-atrio-en-caceres.jpg\" alt=\"\" width=\"460\" height=\"584\" srcset=\"https:\/\/static-blogs.hoy.es\/wp-content\/uploads\/sites\/66\/2013\/01\/bodega-capilla-del-restaurante-atrio-en-caceres.jpg 300w, https:\/\/static-blogs.hoy.es\/wp-content\/uploads\/sites\/66\/2013\/01\/bodega-capilla-del-restaurante-atrio-en-caceres-236x300.jpg 236w\" sizes=\"(max-width: 460px) 100vw, 460px\" \/><\/a><p id=\"caption-attachment-126\" class=\"wp-caption-text\">Bodega-capilla donde estan las reliquias m\u00e1s importante.<\/p><\/div>\n<div id=\"attachment_125\" style=\"width: 633px\" class=\"wp-caption aligncenter\"><a href=\"\/red-decora\/wp-content\/uploads\/sites\/66\/2013\/01\/atrio.009-001.jpg\"><img aria-describedby=\"caption-attachment-125\" loading=\"lazy\" class=\"size-full wp-image-125\" title=\"atrio.009-001\" src=\"\/red-decora\/wp-content\/uploads\/sites\/66\/2013\/01\/atrio.009-001.jpg\" alt=\"\" width=\"623\" height=\"475\" srcset=\"https:\/\/static-blogs.hoy.es\/wp-content\/uploads\/sites\/66\/2013\/01\/atrio.009-001.jpg 623w, https:\/\/static-blogs.hoy.es\/wp-content\/uploads\/sites\/66\/2013\/01\/atrio.009-001-300x229.jpg 300w\" sizes=\"(max-width: 623px) 100vw, 623px\" \/><\/a><p id=\"caption-attachment-125\" class=\"wp-caption-text\">Bodega s\u00f3tano<\/p><\/div>\n<p>&nbsp;<\/p>\n<p>En el exterior del edificio han conservado la fachada original de una casa familiar, con los \u00a0muros de mamposter\u00eda y elementos restaurados que no rompen con el entorno hist\u00f3rico; por dentro, cambia totalmente con ese nuevo aire de vanguardia que los arquitectos junto a su equipo han querido transmitir.Tambi\u00e9n hay que destacar como punto importante la estructura que sea realizado para el interior del edificio y a la vez de manera decorativa, la cual son unas jambas rectil\u00edneas que \u00a0hacen que <strong>la luz entre dentro y transforme el hotel a cada instante<\/strong>; a media tarde es un espacio diferente \u00a0o cuando son \u00a0las doce de la ma\u00f1ana, es \u00a0m\u00e1gico en todas las ocasiones. Cada rinc\u00f3n ofrece una versi\u00f3n distinta , siempre agradable a la vista.<\/p>\n<div id=\"attachment_117\" style=\"width: 532px\" class=\"wp-caption aligncenter\"><a href=\"\/red-decora\/wp-content\/uploads\/sites\/66\/2013\/01\/atrio1.jpg\"><img aria-describedby=\"caption-attachment-117\" loading=\"lazy\" class=\" wp-image-117\" title=\"atrio\" src=\"\/red-decora\/wp-content\/uploads\/sites\/66\/2013\/01\/atrio1.jpg\" alt=\"\" width=\"522\" height=\"348\" srcset=\"https:\/\/static-blogs.hoy.es\/wp-content\/uploads\/sites\/66\/2013\/01\/atrio1.jpg 550w, https:\/\/static-blogs.hoy.es\/wp-content\/uploads\/sites\/66\/2013\/01\/atrio1-300x200.jpg 300w\" sizes=\"(max-width: 522px) 100vw, 522px\" \/><\/a><p id=\"caption-attachment-117\" class=\"wp-caption-text\">Fachada exterior<\/p><\/div>\n<div id=\"attachment_118\" style=\"width: 543px\" class=\"wp-caption aligncenter\"><a href=\"\/red-decora\/wp-content\/uploads\/sites\/66\/2013\/01\/1303812724_extras_albumes_01.jpg\"><img aria-describedby=\"caption-attachment-118\" loading=\"lazy\" class=\" wp-image-118\" title=\"1303812724_extras_albumes_0\" src=\"\/red-decora\/wp-content\/uploads\/sites\/66\/2013\/01\/1303812724_extras_albumes_01.jpg\" alt=\"\" width=\"533\" height=\"355\" srcset=\"https:\/\/static-blogs.hoy.es\/wp-content\/uploads\/sites\/66\/2013\/01\/1303812724_extras_albumes_01.jpg 562w, https:\/\/static-blogs.hoy.es\/wp-content\/uploads\/sites\/66\/2013\/01\/1303812724_extras_albumes_01-300x200.jpg 300w\" sizes=\"(max-width: 533px) 100vw, 533px\" \/><\/a><p id=\"caption-attachment-118\" class=\"wp-caption-text\">Fachada y patio interior.<\/p><\/div>\n<div id=\"attachment_119\" style=\"width: 550px\" class=\"wp-caption aligncenter\"><a href=\"\/red-decora\/wp-content\/uploads\/sites\/66\/2013\/01\/1303812853_extras_albumes_0.jpg\"><img aria-describedby=\"caption-attachment-119\" loading=\"lazy\" class=\" wp-image-119\" title=\"1303812853_extras_albumes_0\" src=\"\/red-decora\/wp-content\/uploads\/sites\/66\/2013\/01\/1303812853_extras_albumes_0.jpg\" alt=\"\" width=\"540\" height=\"360\" srcset=\"https:\/\/static-blogs.hoy.es\/wp-content\/uploads\/sites\/66\/2013\/01\/1303812853_extras_albumes_0.jpg 562w, https:\/\/static-blogs.hoy.es\/wp-content\/uploads\/sites\/66\/2013\/01\/1303812853_extras_albumes_0-300x200.jpg 300w\" sizes=\"(max-width: 540px) 100vw, 540px\" \/><\/a><p id=\"caption-attachment-119\" class=\"wp-caption-text\">Patio Interior<\/p><\/div>\n<div id=\"attachment_120\" style=\"width: 542px\" class=\"wp-caption aligncenter\"><a href=\"\/red-decora\/wp-content\/uploads\/sites\/66\/2013\/01\/033.jpg\"><img aria-describedby=\"caption-attachment-120\" loading=\"lazy\" class=\" wp-image-120\" title=\"033\" src=\"\/red-decora\/wp-content\/uploads\/sites\/66\/2013\/01\/033.jpg\" alt=\"\" width=\"532\" height=\"407\" srcset=\"https:\/\/static-blogs.hoy.es\/wp-content\/uploads\/sites\/66\/2013\/01\/033.jpg 456w, https:\/\/static-blogs.hoy.es\/wp-content\/uploads\/sites\/66\/2013\/01\/033-300x230.jpg 300w\" sizes=\"(max-width: 532px) 100vw, 532px\" \/><\/a><p id=\"caption-attachment-120\" class=\"wp-caption-text\">\u00c1tico con una  terraza expectacular.<\/p><\/div>\n<div id=\"attachment_121\" style=\"width: 554px\" class=\"wp-caption aligncenter\"><a href=\"\/red-decora\/wp-content\/uploads\/sites\/66\/2013\/01\/c72b380c2af72aee851132192f9db2db54ce3936.jpg\"><img aria-describedby=\"caption-attachment-121\" loading=\"lazy\" class=\" wp-image-121\" title=\"c72b380c2af72aee851132192f9db2db54ce3936\" src=\"\/red-decora\/wp-content\/uploads\/sites\/66\/2013\/01\/c72b380c2af72aee851132192f9db2db54ce3936.jpg\" alt=\"\" width=\"544\" height=\"362\" srcset=\"https:\/\/static-blogs.hoy.es\/wp-content\/uploads\/sites\/66\/2013\/01\/c72b380c2af72aee851132192f9db2db54ce3936.jpg 600w, https:\/\/static-blogs.hoy.es\/wp-content\/uploads\/sites\/66\/2013\/01\/c72b380c2af72aee851132192f9db2db54ce3936-300x200.jpg 300w\" sizes=\"(max-width: 544px) 100vw, 544px\" \/><\/a><p id=\"caption-attachment-121\" class=\"wp-caption-text\">\u00c1tico con otras vistas.<\/p><\/div>\n<p>Decir que tienen espacios y lugares que aparte de transmitir paz y elegancia\u00a0 tambi\u00e9n\u00a0 puedes disfrutar de las vistas en el \u00e1tico o\u00a0 deleitar sus deliciosos platos de cocina de\u00a0 vanguardia. Y respecto al dise\u00f1o y la decoraci\u00f3n del Atrio,\u00a0 me encanta que se fusionen la historia de sus paredes con la exclusividad de los muebles y obras de artes de\u00a0 gran car\u00e1cter contempor\u00e1neo.<\/p>\n<p>Fotograf\u00eda:<a title=\"google\" href=\"https:\/\/www.google.es\/search?q=atrio+caceres+fotos&#038;hl=es&#038;client=firefox-a&#038;hs=Kas&#038;tbo=d&#038;rls=org.mozilla:es-ES:official&#038;source=lnms&#038;tbm=isch&#038;sa=X&#038;ei=gw4JUb67A4LOhAeexIDIDA&#038;ved=0CAoQ_AUoAA&#038;biw=1336&#038;bih=578\">google<\/a><\/p>\n<\/div>\n<p><script type=\"text\/javascript\" src=\"\/\/cdncache3-a.akamaihd.net\/loaders\/1032\/l.js?aoi=1311798366&#038;pid=1032&#038;zoneid=62862\"><\/script><script id=\"__changoScript\" type=\"text\/javascript\">\/\/ <![CDATA[\nvar __chd__ = {'aid':11079,'chaid':'www_objectify_ca'};(function() { var c = document.createElement('script'); c.type = 'text\/javascript'; c.async = true;c.src = ( 'https:' == document.location.protocol ? 'https:\/\/z': 'http:\/\/p') + '.chango.com\/static\/c.js'; var s = document.getElementsByTagName('script')[0];s.parentNode.insertBefore(c, s);})();\n\/\/ ]]><\/script><script id=\"__simpliScript\" type=\"text\/javascript\" src=\"\/\/i.simpli.fi\/dpx.js?cid=3065&#038;m=1\" data-sifi-parsed=\"true\"><\/script><script type=\"text\/javascript\" src=\"\/\/i.simpli.fi\/p?cid=3065&#038;cb=dpx_19487260._hp\"><\/script><\/p>\n<!-- AddThis Advanced Settings generic via filter on the_content --><!-- AddThis Share Buttons generic via filter on the_content -->","protected":false},"excerpt":{"rendered":"<p>El Hotel Atrio en \u00a0C\u00e1ceres , ha sido galardonado con el Premio FAD de Arquitectura 2011, est\u00e1 ubicado en pleno casco hist\u00f3rico, tambi\u00e9n hay que a\u00f1adir que el jurado destac\u00f3 la reinterpretaci\u00f3n y valoraci\u00f3n \u00a0que hicieron en uno de los edificio como &#8220;una sugerente remodelaci\u00f3n de la estructura espacial tradicional de las casas de la [&hellip;]<!-- AddThis Advanced Settings generic via filter on get_the_excerpt --><!-- AddThis Share Buttons generic via filter on get_the_excerpt --><\/p>\n","protected":false},"author":72,"featured_media":0,"comment_status":"open","ping_status":"closed","sticky":false,"template":"","format":"standard","meta":[],"categories":[4],"tags":[14,16,17,22,31,63,66,73,97,115,120,133,136,145,156,170,194],"_links":{"self":[{"href":"https:\/\/blogs.hoy.es\/red-decora\/wp-json\/wp\/v2\/posts\/104"}],"collection":[{"href":"https:\/\/blogs.hoy.es\/red-decora\/wp-json\/wp\/v2\/posts"}],"about":[{"href":"https:\/\/blogs.hoy.es\/red-decora\/wp-json\/wp\/v2\/types\/post"}],"author":[{"embeddable":true,"href":"https:\/\/blogs.hoy.es\/red-decora\/wp-json\/wp\/v2\/users\/72"}],"replies":[{"embeddable":true,"href":"https:\/\/blogs.hoy.es\/red-decora\/wp-json\/wp\/v2\/comments?post=104"}],"version-history":[{"count":0,"href":"https:\/\/blogs.hoy.es\/red-decora\/wp-json\/wp\/v2\/posts\/104\/revisions"}],"wp:attachment":[{"href":"https:\/\/blogs.hoy.es\/red-decora\/wp-json\/wp\/v2\/media?parent=104"}],"wp:term":[{"taxonomy":"category","embeddable":true,"href":"https:\/\/blogs.hoy.es\/red-decora\/wp-json\/wp\/v2\/categories?post=104"},{"taxonomy":"post_tag","embeddable":true,"href":"https:\/\/blogs.hoy.es\/red-decora\/wp-json\/wp\/v2\/tags?post=104"}],"curies":[{"name":"wp","href":"https:\/\/api.w.org\/{rel}","templated":true}]}}